{"id":15526,"date":"2025-01-14T20:21:19","date_gmt":"2025-01-14T23:21:19","guid":{"rendered":"https:\/\/www.radiomanchester.com.br\/fm\/?p=15526"},"modified":"2025-01-14T20:21:22","modified_gmt":"2025-01-14T23:21:22","slug":"agrodefesa-vai-orientar-sanidade-vegetal-na-expedicao-safra-goias","status":"publish","type":"post","link":"https:\/\/www.radiomanchester.com.br\/fm\/agrodefesa-vai-orientar-sanidade-vegetal-na-expedicao-safra-goias\/","title":{"rendered":"Agrodefesa vai orientar sanidade vegetal na Expedi\u00e7\u00e3o Safra Goi\u00e1s"},"content":{"rendered":"\n<p><em><strong>Durante seis dias, o foco \u00e9 visitar \u00e1reas produtoras de soja, coletar materiais para pesquisa, acompanhar o desenvolvimento da cultura e tra\u00e7ar um panorama da safra em Goi\u00e1s.<\/strong><\/em><\/p>\n\n\n\n<hr class=\"wp-block-separator\"\/>\n\n\n\n<p>A Ag\u00eancia Goiana de Defesa Agropecu\u00e1ria (Agrodefesa) participar\u00e1, de 18 a 23 de janeiro, da Expedi\u00e7\u00e3o Safra Goi\u00e1s, evento que vai percorrer quatro mil quil\u00f4metros e passar por 43 munic\u00edpios de todas as regi\u00f5es do estado.<\/p>\n\n\n\n<p>Durante seis dias, o foco \u00e9 visitar \u00e1reas produtoras de soja, coletar materiais para pesquisa, acompanhar o desenvolvimento da cultura e tra\u00e7ar um panorama da safra em Goi\u00e1s. A Expedi\u00e7\u00e3o \u00e9 promovida pela Federa\u00e7\u00e3o da Agricultura e Pecu\u00e1ria de Goi\u00e1s (Faeg), pelo Instituto para o Fortalecimento da Agropecu\u00e1ria de Goi\u00e1s (Ifag) e pelos Sindicatos Rurais, com apoio do Servi\u00e7o Nacional de Aprendizagem Rural (Senar Goi\u00e1s) e do Servi\u00e7o de Apoio \u00e0s Micro e Pequenas Empresas (Sebrae Goi\u00e1s).<\/p>\n\n\n\n<p>Os trabalhos ter\u00e3o in\u00edcio no s\u00e1bado (18), a partir das 6 horas, com sa\u00edda de Posse, na regi\u00e3o Nordeste do estado. Ser\u00e3o tr\u00eas equipes compostas por 21 t\u00e9cnicos, al\u00e9m de outras duas institucionais, com representantes da diretoria da Faeg e da Faeg Mulher.<\/p>\n\n\n\n<p>Parceira do evento, a Agrodefesa estar\u00e1 presente com a participa\u00e7\u00e3o de fiscais estaduais agropecu\u00e1rios, que durante as paradas programadas no trajeto v\u00e3o oferecer orienta\u00e7\u00f5es t\u00e9cnicas voltadas \u00e0 sanidade vegetal, abordando temas como uso correto de agrot\u00f3xicos, manejo no p\u00f3s-colheita e elimina\u00e7\u00e3o de plantas volunt\u00e1rias no per\u00edodo de vazio sanit\u00e1rio, para preven\u00e7\u00e3o da Ferrugem Asi\u00e1tica da Soja, principal praga que pode atingir a cultura.<\/p>\n\n\n\n<p><strong>Expedi\u00e7\u00e3o Safra Goi\u00e1s<br><\/strong>\u201cParticipar da Expedi\u00e7\u00e3o Safra Goi\u00e1s \u00e9 uma oportunidade estrat\u00e9gica de estreitar rela\u00e7\u00f5es com agricultores e promover boas pr\u00e1ticas agr\u00edcolas. A Agrodefesa sempre foi parceira do produtor rural e agora, ao marcar presen\u00e7a no evento, poderemos ampliar esse trabalho de educa\u00e7\u00e3o sanit\u00e1ria, levando mais conhecimento sobre v\u00e1rios assuntos que impactam a sanidade vegetal no Estado\u201d, ressalta o presidente da Agrodefesa, Jos\u00e9 Ricardo Caixeta Ramos.<\/p>\n\n\n\n<p>A gerente de Educa\u00e7\u00e3o Sanit\u00e1ria da Agrodefesa, Telma Gonzaga, complementa que quando o produtor rural compreende as pr\u00e1ticas adequadas de manejo, o uso correto de agrot\u00f3xicos e a necessidade de monitoramento constante, \u00e9 poss\u00edvel fortalecer a defesa agropecu\u00e1ria em Goi\u00e1s.<\/p>\n\n\n\n<p>\u201cDessa forma conseguimos proteger n\u00e3o apenas a lavoura, mas tamb\u00e9m a produtividade e a sustentabilidade do agroneg\u00f3cio em Goi\u00e1s\u201d.<\/p>\n\n\n\n<p>J\u00e1 o coordenador da Unidade Regional Rio Verd\u00e3o da Agrodefesa, Giovani Miranda, \u2013 Rio Verde \u00e9 um dos munic\u00edpios que receber\u00e1 a Expedi\u00e7\u00e3o \u2013 refor\u00e7a que a Ag\u00eancia j\u00e1 acompanha, durante todo o ano, o produtor rural em suas atividades agr\u00edcolas, inclusive por meio de campanhas educativas e orientativas.<\/p>\n\n\n\n<p>\u201cNosso objetivo \u00e9 garantir que o agricultor tenha acesso \u00e0s informa\u00e7\u00f5es necess\u00e1rias para cumprir as normas legais e, ao mesmo tempo, colher bons resultados no campo. Agora, com a Expedi\u00e7\u00e3o, estaremos junto com outras entidades, que tamb\u00e9m atuam no setor, para entender melhor como est\u00e1 a safra de soja em Goi\u00e1s e identificar o que \u00e9 poss\u00edvel fazer para fortalecer essa atividade agr\u00edcola no Estado\u201d, afirma.<\/p>\n\n\n\n<p>Atualmente, Goi\u00e1s \u00e9 destaque na produ\u00e7\u00e3o de soja no Pa\u00eds. O estado ocupa a quarta posi\u00e7\u00e3o no ranking dos maiores produtores nacionais, atr\u00e1s apenas de Mato Grosso, Paran\u00e1 e Rio Grande do Sul. A previs\u00e3o da Companhia Nacional de Abastecimento (Conab) \u00e9 que a safra 2024\/2025 seja 11,7% superior \u00e0 produ\u00e7\u00e3o alcan\u00e7ada no ciclo 2023\/2024 no Estado.<\/p>\n\n\n\n<p>A estimativa \u00e9 de aproximadamente 18,8 milh\u00f5es de toneladas do gr\u00e3o. J\u00e1 a \u00e1rea destinada \u00e0 cultura dever\u00e1 ser de 4,95 milh\u00f5es de hectares (aumento de 2,4% em rela\u00e7\u00e3o ao ciclo anterior) e a produtividade m\u00e9dia de 3.797 quilos por hectare (9,1% maior que o per\u00edodo 2023\/2024).<\/p>\n\n\n\n<p><strong>Din\u00e2mica da Expedi\u00e7\u00e3o<br><\/strong>Com a parceria dos fiscais estaduais agropecu\u00e1rios da Agrodefesa, a Expedi\u00e7\u00e3o Safra Goi\u00e1s deve alcan\u00e7ar at\u00e9 300 lavouras pelo Estado. Em todos os dias, ao final de cada rota di\u00e1ria, ocorrer\u00e1 um evento t\u00e9cnico, no Sindicato Rural das maiores cidades, com o economista Paulo Molinari, abordando as perspectivas de mercado e clima para a safra 2024\/2025.<\/p>\n\n\n\n<p>\u201cEssa \u00e9 a segunda edi\u00e7\u00e3o da iniciativa promovida pelo Sistema Faeg, com parceria das entidades de pesquisa e de informa\u00e7\u00f5es para trazermos um panorama o mais pr\u00f3ximo poss\u00edvel da soja em Goi\u00e1s. Al\u00e9m do material recolhido durante as nossas visitas, esse trabalho tamb\u00e9m ter\u00e1 a contribui\u00e7\u00e3o dos t\u00e9cnicos de campo do Senar Goi\u00e1s. Todas as informa\u00e7\u00f5es que forem coletadas ser\u00e3o enviadas para o App Safra Goi\u00e1s, desenvolvido pelo Campo Lab, o Hub de inova\u00e7\u00e3o do Sistema Faeg, que nos ajudar\u00e1 na conclus\u00e3o dessa an\u00e1lise\u201d, explica o gerente t\u00e9cnico do Ifag, Leonardo Machado.<\/p>\n\n\n\n<p><strong>Previs\u00e3o de Roteiro<br><\/strong>18 de janeiro (s\u00e1bado)<br>06 horas: Sa\u00edda de Posse<br>18h25: Chegada em Goian\u00e9sia<br>Trajeto: Posse, Cabeceiras, Formosa, \u00c1gua Fria, Padre Bernardo, Barro Alto e Goian\u00e9sia<\/p>\n\n\n\n<p>19 de janeiro (domingo)<br>06 horas: Sa\u00edda de Urua\u00e7u<br>18h40: Chegada em Jussara<br>Trajeto: Urua\u00e7u, Campinorte, Porangatu, S\u00e3o Miguel do Araguaia, Nova Crix\u00e1s, Brit\u00e2nia e Jussara<\/p>\n\n\n\n<p>20 de janeiro (segunda-feira)<br>06 horas: Sa\u00edda de Firmin\u00f3polis<br>18h35: Chegada em Rio Verde<br>Trajeto: Firmin\u00f3polis, Para\u00fana, Ipor\u00e1, Caiap\u00f4nia, Mineiros, Jata\u00ed e Rio Verde<\/p>\n\n\n\n<p>21 de janeiro (ter\u00e7a-feira)<br>06 horas: Sa\u00edda de Santa Helena de Goi\u00e1s<br>18h45: Chegada em Morrinhos<br>Trajeto: Santa Helena de Goi\u00e1s, Bom Jesus de Goi\u00e1s, Inaciol\u00e2ndia, Itumbiara, Jovi\u00e2nia, Edeia,<br>Pontalina, Piracanjuba e Morrinhos<\/p>\n\n\n\n<p>22 de janeiro (quarta-feira)<br>06 horas: Sa\u00edda de Ipameri<br>18h20: Chegada em An\u00e1polis}<br>Trajeto: Ipameri, Caldas Novas, Catal\u00e3o, Campo Alegre de Goi\u00e1s, Cristalina, Orizona, Silv\u00e2nia e An\u00e1polis<\/p>\n\n\n\n<p>23 de janeiro (quinta-feira)<br>06 horas: Sa\u00edda de Itau\u00e7u<br>09h30: Chegada em Goi\u00e2nia<br>Trajeto: Itau\u00e7u, Itabera\u00ed, Americano do Brasil, Anicuns e Goi\u00e2nia<\/p>\n\n\n\n<p>PorAgrodefesa Goi\u00e1s<\/p>\n","protected":false},"excerpt":{"rendered":"<p class=\"excerpt\">Durante seis dias, o foco \u00e9 visitar \u00e1reas produtoras de soja, coletar materiais para pesquisa, acompanhar o desenvolvimento da cultura e tra\u00e7ar um panorama da safra em Goi\u00e1s. A Ag\u00eancia Goiana de Defesa Agropecu\u00e1ria (Agrodefesa) participar\u00e1, de 18 a 23 de janeiro, da Expedi\u00e7\u00e3o Safra Goi\u00e1s, evento que vai percorrer quatro mil quil\u00f4metros e passar [&hellip;]<\/p>\n","protected":false},"author":1,"featured_media":0,"comment_status":"open","ping_status":"open","sticky":false,"template":"","format":"standard","meta":[],"categories":[8,17],"tags":[22,24,113,83,92],"yoast_head":"<!-- This site is optimized with the Yoast SEO plugin v18.3 - https:\/\/yoast.com\/wordpress\/plugins\/seo\/ -->\n<title>Agrodefesa vai orientar sanidade vegetal na Expedi\u00e7\u00e3o Safra Goi\u00e1s - Manchester FM 93,3<\/title>\n<meta name=\"robots\" content=\"index, follow, max-snippet:-1, max-image-preview:large, max-video-preview:-1\" \/>\n<link rel=\"canonical\" href=\"https:\/\/www.radiomanchester.com.br\/fm\/agrodefesa-vai-orientar-sanidade-vegetal-na-expedicao-safra-goias\/\" \/>\n<meta property=\"og:locale\" content=\"pt_BR\" \/>\n<meta property=\"og:type\" content=\"article\" \/>\n<meta property=\"og:title\" content=\"Agrodefesa vai orientar sanidade vegetal na Expedi\u00e7\u00e3o Safra Goi\u00e1s - Manchester FM 93,3\" \/>\n<meta property=\"og:description\" content=\"Durante seis dias, o foco \u00e9 visitar \u00e1reas produtoras de soja, coletar materiais para pesquisa, acompanhar o desenvolvimento da cultura e tra\u00e7ar um panorama da safra em Goi\u00e1s. A Ag\u00eancia Goiana de Defesa Agropecu\u00e1ria (Agrodefesa) participar\u00e1, de 18 a 23 de janeiro, da Expedi\u00e7\u00e3o Safra Goi\u00e1s, evento que vai percorrer quatro mil quil\u00f4metros e passar [&hellip;]\" \/>\n<meta property=\"og:url\" content=\"https:\/\/www.radiomanchester.com.br\/fm\/agrodefesa-vai-orientar-sanidade-vegetal-na-expedicao-safra-goias\/\" \/>\n<meta property=\"og:site_name\" content=\"Manchester FM 93,3\" \/>\n<meta property=\"article:published_time\" content=\"2025-01-14T23:21:19+00:00\" \/>\n<meta property=\"article:modified_time\" content=\"2025-01-14T23:21:22+00:00\" \/>\n<meta name=\"twitter:card\" content=\"summary_large_image\" \/>\n<meta name=\"twitter:label1\" content=\"Escrito por\" \/>\n\t<meta name=\"twitter:data1\" content=\"admin\" \/>\n\t<meta name=\"twitter:label2\" content=\"Est. tempo de leitura\" \/>\n\t<meta name=\"twitter:data2\" content=\"5 minutos\" \/>\n<script type=\"application\/ld+json\" class=\"yoast-schema-graph\">{\"@context\":\"https:\/\/schema.org\",\"@graph\":[{\"@type\":\"WebSite\",\"@id\":\"https:\/\/www.radiomanchester.com.br\/fm\/#website\",\"url\":\"https:\/\/www.radiomanchester.com.br\/fm\/\",\"name\":\"Manchester FM 93,3\",\"description\":\"Todo Mundo Ouve!\",\"potentialAction\":[{\"@type\":\"SearchAction\",\"target\":{\"@type\":\"EntryPoint\",\"urlTemplate\":\"https:\/\/www.radiomanchester.com.br\/fm\/?s={search_term_string}\"},\"query-input\":\"required name=search_term_string\"}],\"inLanguage\":\"pt-BR\"},{\"@type\":\"WebPage\",\"@id\":\"https:\/\/www.radiomanchester.com.br\/fm\/agrodefesa-vai-orientar-sanidade-vegetal-na-expedicao-safra-goias\/#webpage\",\"url\":\"https:\/\/www.radiomanchester.com.br\/fm\/agrodefesa-vai-orientar-sanidade-vegetal-na-expedicao-safra-goias\/\",\"name\":\"Agrodefesa vai orientar sanidade vegetal na Expedi\u00e7\u00e3o Safra Goi\u00e1s - Manchester FM 93,3\",\"isPartOf\":{\"@id\":\"https:\/\/www.radiomanchester.com.br\/fm\/#website\"},\"datePublished\":\"2025-01-14T23:21:19+00:00\",\"dateModified\":\"2025-01-14T23:21:22+00:00\",\"author\":{\"@id\":\"https:\/\/www.radiomanchester.com.br\/fm\/#\/schema\/person\/408a7b4d4e32cbebd90e2782852abca3\"},\"breadcrumb\":{\"@id\":\"https:\/\/www.radiomanchester.com.br\/fm\/agrodefesa-vai-orientar-sanidade-vegetal-na-expedicao-safra-goias\/#breadcrumb\"},\"inLanguage\":\"pt-BR\",\"potentialAction\":[{\"@type\":\"ReadAction\",\"target\":[\"https:\/\/www.radiomanchester.com.br\/fm\/agrodefesa-vai-orientar-sanidade-vegetal-na-expedicao-safra-goias\/\"]}]},{\"@type\":\"BreadcrumbList\",\"@id\":\"https:\/\/www.radiomanchester.com.br\/fm\/agrodefesa-vai-orientar-sanidade-vegetal-na-expedicao-safra-goias\/#breadcrumb\",\"itemListElement\":[{\"@type\":\"ListItem\",\"position\":1,\"name\":\"Home\",\"item\":\"https:\/\/www.radiomanchester.com.br\/fm\/\"},{\"@type\":\"ListItem\",\"position\":2,\"name\":\"Agrodefesa vai orientar sanidade vegetal na Expedi\u00e7\u00e3o Safra Goi\u00e1s\"}]},{\"@type\":\"Person\",\"@id\":\"https:\/\/www.radiomanchester.com.br\/fm\/#\/schema\/person\/408a7b4d4e32cbebd90e2782852abca3\",\"name\":\"admin\",\"image\":{\"@type\":\"ImageObject\",\"@id\":\"https:\/\/www.radiomanchester.com.br\/fm\/#personlogo\",\"inLanguage\":\"pt-BR\",\"url\":\"https:\/\/secure.gravatar.com\/avatar\/115a974dba3376872eb3addeb276301c?s=96&d=mm&r=g\",\"contentUrl\":\"https:\/\/secure.gravatar.com\/avatar\/115a974dba3376872eb3addeb276301c?s=96&d=mm&r=g\",\"caption\":\"admin\"},\"url\":\"https:\/\/www.radiomanchester.com.br\/fm\/author\/admin\/\"}]}<\/script>\n<!-- \/ Yoast SEO plugin. -->","yoast_head_json":{"title":"Agrodefesa vai orientar sanidade vegetal na Expedi\u00e7\u00e3o Safra Goi\u00e1s - Manchester FM 93,3","robots":{"index":"index","follow":"follow","max-snippet":"max-snippet:-1","max-image-preview":"max-image-preview:large","max-video-preview":"max-video-preview:-1"},"canonical":"https:\/\/www.radiomanchester.com.br\/fm\/agrodefesa-vai-orientar-sanidade-vegetal-na-expedicao-safra-goias\/","og_locale":"pt_BR","og_type":"article","og_title":"Agrodefesa vai orientar sanidade vegetal na Expedi\u00e7\u00e3o Safra Goi\u00e1s - Manchester FM 93,3","og_description":"Durante seis dias, o foco \u00e9 visitar \u00e1reas produtoras de soja, coletar materiais para pesquisa, acompanhar o desenvolvimento da cultura e tra\u00e7ar um panorama da safra em Goi\u00e1s. A Ag\u00eancia Goiana de Defesa Agropecu\u00e1ria (Agrodefesa) participar\u00e1, de 18 a 23 de janeiro, da Expedi\u00e7\u00e3o Safra Goi\u00e1s, evento que vai percorrer quatro mil quil\u00f4metros e passar [&hellip;]","og_url":"https:\/\/www.radiomanchester.com.br\/fm\/agrodefesa-vai-orientar-sanidade-vegetal-na-expedicao-safra-goias\/","og_site_name":"Manchester FM 93,3","article_published_time":"2025-01-14T23:21:19+00:00","article_modified_time":"2025-01-14T23:21:22+00:00","twitter_card":"summary_large_image","twitter_misc":{"Escrito por":"admin","Est. tempo de leitura":"5 minutos"},"schema":{"@context":"https:\/\/schema.org","@graph":[{"@type":"WebSite","@id":"https:\/\/www.radiomanchester.com.br\/fm\/#website","url":"https:\/\/www.radiomanchester.com.br\/fm\/","name":"Manchester FM 93,3","description":"Todo Mundo Ouve!","potentialAction":[{"@type":"SearchAction","target":{"@type":"EntryPoint","urlTemplate":"https:\/\/www.radiomanchester.com.br\/fm\/?s={search_term_string}"},"query-input":"required name=search_term_string"}],"inLanguage":"pt-BR"},{"@type":"WebPage","@id":"https:\/\/www.radiomanchester.com.br\/fm\/agrodefesa-vai-orientar-sanidade-vegetal-na-expedicao-safra-goias\/#webpage","url":"https:\/\/www.radiomanchester.com.br\/fm\/agrodefesa-vai-orientar-sanidade-vegetal-na-expedicao-safra-goias\/","name":"Agrodefesa vai orientar sanidade vegetal na Expedi\u00e7\u00e3o Safra Goi\u00e1s - Manchester FM 93,3","isPartOf":{"@id":"https:\/\/www.radiomanchester.com.br\/fm\/#website"},"datePublished":"2025-01-14T23:21:19+00:00","dateModified":"2025-01-14T23:21:22+00:00","author":{"@id":"https:\/\/www.radiomanchester.com.br\/fm\/#\/schema\/person\/408a7b4d4e32cbebd90e2782852abca3"},"breadcrumb":{"@id":"https:\/\/www.radiomanchester.com.br\/fm\/agrodefesa-vai-orientar-sanidade-vegetal-na-expedicao-safra-goias\/#breadcrumb"},"inLanguage":"pt-BR","potentialAction":[{"@type":"ReadAction","target":["https:\/\/www.radiomanchester.com.br\/fm\/agrodefesa-vai-orientar-sanidade-vegetal-na-expedicao-safra-goias\/"]}]},{"@type":"BreadcrumbList","@id":"https:\/\/www.radiomanchester.com.br\/fm\/agrodefesa-vai-orientar-sanidade-vegetal-na-expedicao-safra-goias\/#breadcrumb","itemListElement":[{"@type":"ListItem","position":1,"name":"Home","item":"https:\/\/www.radiomanchester.com.br\/fm\/"},{"@type":"ListItem","position":2,"name":"Agrodefesa vai orientar sanidade vegetal na Expedi\u00e7\u00e3o Safra Goi\u00e1s"}]},{"@type":"Person","@id":"https:\/\/www.radiomanchester.com.br\/fm\/#\/schema\/person\/408a7b4d4e32cbebd90e2782852abca3","name":"admin","image":{"@type":"ImageObject","@id":"https:\/\/www.radiomanchester.com.br\/fm\/#personlogo","inLanguage":"pt-BR","url":"https:\/\/secure.gravatar.com\/avatar\/115a974dba3376872eb3addeb276301c?s=96&d=mm&r=g","contentUrl":"https:\/\/secure.gravatar.com\/avatar\/115a974dba3376872eb3addeb276301c?s=96&d=mm&r=g","caption":"admin"},"url":"https:\/\/www.radiomanchester.com.br\/fm\/author\/admin\/"}]}},"_links":{"self":[{"href":"https:\/\/www.radiomanchester.com.br\/fm\/wp-json\/wp\/v2\/posts\/15526"}],"collection":[{"href":"https:\/\/www.radiomanchester.com.br\/fm\/wp-json\/wp\/v2\/posts"}],"about":[{"href":"https:\/\/www.radiomanchester.com.br\/fm\/wp-json\/wp\/v2\/types\/post"}],"author":[{"embeddable":true,"href":"https:\/\/www.radiomanchester.com.br\/fm\/wp-json\/wp\/v2\/users\/1"}],"replies":[{"embeddable":true,"href":"https:\/\/www.radiomanchester.com.br\/fm\/wp-json\/wp\/v2\/comments?post=15526"}],"version-history":[{"count":1,"href":"https:\/\/www.radiomanchester.com.br\/fm\/wp-json\/wp\/v2\/posts\/15526\/revisions"}],"predecessor-version":[{"id":15527,"href":"https:\/\/www.radiomanchester.com.br\/fm\/wp-json\/wp\/v2\/posts\/15526\/revisions\/15527"}],"wp:attachment":[{"href":"https:\/\/www.radiomanchester.com.br\/fm\/wp-json\/wp\/v2\/media?parent=15526"}],"wp:term":[{"taxonomy":"category","embeddable":true,"href":"https:\/\/www.radiomanchester.com.br\/fm\/wp-json\/wp\/v2\/categories?post=15526"},{"taxonomy":"post_tag","embeddable":true,"href":"https:\/\/www.radiomanchester.com.br\/fm\/wp-json\/wp\/v2\/tags?post=15526"}],"curies":[{"name":"wp","href":"https:\/\/api.w.org\/{rel}","templated":true}]}}