{"id":15939,"date":"2025-04-27T10:39:27","date_gmt":"2025-04-27T13:39:27","guid":{"rendered":"https:\/\/www.radiomanchester.com.br\/fm\/?p=15939"},"modified":"2025-04-27T10:39:30","modified_gmt":"2025-04-27T13:39:30","slug":"explosao-em-porto-do-ira-ja-registra-14-mortos-e-mais-de-700-feridos","status":"publish","type":"post","link":"https:\/\/www.radiomanchester.com.br\/fm\/explosao-em-porto-do-ira-ja-registra-14-mortos-e-mais-de-700-feridos\/","title":{"rendered":"Explos\u00e3o em porto do Ir\u00e3 j\u00e1 registra 14 mortos e mais de 700 feridos"},"content":{"rendered":"\n<p><em><strong>Porta-voz acredita que o armazenamento inadequado de produtos qu\u00edmicos teria provocado a explos\u00e3o. Barulho foi ouvido a 26 km do local<\/strong><\/em><\/p>\n\n\n\n<hr class=\"wp-block-separator\"\/>\n\n\n\n<p>A explos\u00e3o que atingiu o porto de Shahid Rafae, na cidade de Bandar Abbas, no Ir\u00e3, neste s\u00e1bado (26\/04), j\u00e1 contabiliza ao menos 14 mortes e mais de 700 feridos, conforme informa\u00e7\u00f5es divulgadas pela m\u00eddia estatal iraniana.<\/p>\n\n\n\n<p>At\u00e9 o momento, n\u00e3o foram divulgados detalhes exatos sobre o que teria provocado o incidente. Hossein Zafari, porta-voz do Ir\u00e3, atribuiu, inicialmente, a explos\u00e3o a um suposto armazenamento inadequado de produtos qu\u00edmicos, mas o caso segue sob investiga\u00e7\u00e3o.<\/p>\n\n\n\n<p>A TV estatal iraniana transmitiu imagens da imensa coluna de fuma\u00e7a que se formou no c\u00e9u da regi\u00e3o. Outros v\u00eddeos registrados no local circulam nas redes sociais.<\/p>\n\n\n\n<p>As atividades no porto foram suspensas. A for\u00e7a da explos\u00e3o quebrou janelas em um raio de quil\u00f4metros, a partir do local exato, e o barulho chegou a ser ouvido na ilha de Qeshm, a 26 km de dist\u00e2ncia.<\/p>\n\n\n\n<p><strong>Nota do Itamaraty<br><\/strong>O governo brasileiro, por meio do Itamaraty, divulgou nota lamentando o ocorrido e expressando condol\u00eancias aos familiares das v\u00edtimas.<\/p>\n\n\n\n<p>\u201cO governo brasileiro tomou conhecimento, com pesar, de explos\u00e3o ocorrida hoje, dia 26, no terminal portu\u00e1rio de Shahid Rajaee, na cidade de Bandar Abbas, no Ir\u00e3. Ao expressar condol\u00eancias \u00e0s fam\u00edlias das v\u00edtimas e votos de plena recupera\u00e7\u00e3o aos feridos, o governo brasileiro presta solidariedade ao povo e ao governo da Rep\u00fablica Isl\u00e2mica do Ir\u00e3\u201d, diz o texto.<\/p>\n\n\n\n<p>porRepMetr0p0les parceiro Manchester<\/p>\n","protected":false},"excerpt":{"rendered":"<p class=\"excerpt\">Porta-voz acredita que o armazenamento inadequado de produtos qu\u00edmicos teria provocado a explos\u00e3o. Barulho foi ouvido a 26 km do local A explos\u00e3o que atingiu o porto de Shahid Rafae, na cidade de Bandar Abbas, no Ir\u00e3, neste s\u00e1bado (26\/04), j\u00e1 contabiliza ao menos 14 mortes e mais de 700 feridos, conforme informa\u00e7\u00f5es divulgadas pela [&hellip;]<\/p>\n","protected":false},"author":1,"featured_media":0,"comment_status":"open","ping_status":"open","sticky":false,"template":"","format":"standard","meta":[],"categories":[8,17],"tags":[22,24,113,83,92],"yoast_head":"<!-- This site is optimized with the Yoast SEO plugin v18.3 - https:\/\/yoast.com\/wordpress\/plugins\/seo\/ -->\n<title>Explos\u00e3o em porto do Ir\u00e3 j\u00e1 registra 14 mortos e mais de 700 feridos - Manchester FM 93,3<\/title>\n<meta name=\"robots\" content=\"index, follow, max-snippet:-1, max-image-preview:large, max-video-preview:-1\" \/>\n<link rel=\"canonical\" href=\"https:\/\/www.radiomanchester.com.br\/fm\/explosao-em-porto-do-ira-ja-registra-14-mortos-e-mais-de-700-feridos\/\" \/>\n<meta property=\"og:locale\" content=\"pt_BR\" \/>\n<meta property=\"og:type\" content=\"article\" \/>\n<meta property=\"og:title\" content=\"Explos\u00e3o em porto do Ir\u00e3 j\u00e1 registra 14 mortos e mais de 700 feridos - Manchester FM 93,3\" \/>\n<meta property=\"og:description\" content=\"Porta-voz acredita que o armazenamento inadequado de produtos qu\u00edmicos teria provocado a explos\u00e3o. Barulho foi ouvido a 26 km do local A explos\u00e3o que atingiu o porto de Shahid Rafae, na cidade de Bandar Abbas, no Ir\u00e3, neste s\u00e1bado (26\/04), j\u00e1 contabiliza ao menos 14 mortes e mais de 700 feridos, conforme informa\u00e7\u00f5es divulgadas pela [&hellip;]\" \/>\n<meta property=\"og:url\" content=\"https:\/\/www.radiomanchester.com.br\/fm\/explosao-em-porto-do-ira-ja-registra-14-mortos-e-mais-de-700-feridos\/\" \/>\n<meta property=\"og:site_name\" content=\"Manchester FM 93,3\" \/>\n<meta property=\"article:published_time\" content=\"2025-04-27T13:39:27+00:00\" \/>\n<meta property=\"article:modified_time\" content=\"2025-04-27T13:39:30+00:00\" \/>\n<meta name=\"twitter:card\" content=\"summary_large_image\" \/>\n<meta name=\"twitter:label1\" content=\"Escrito por\" \/>\n\t<meta name=\"twitter:data1\" content=\"admin\" \/>\n\t<meta name=\"twitter:label2\" content=\"Est. tempo de leitura\" \/>\n\t<meta name=\"twitter:data2\" content=\"2 minutos\" \/>\n<script type=\"application\/ld+json\" class=\"yoast-schema-graph\">{\"@context\":\"https:\/\/schema.org\",\"@graph\":[{\"@type\":\"WebSite\",\"@id\":\"https:\/\/www.radiomanchester.com.br\/fm\/#website\",\"url\":\"https:\/\/www.radiomanchester.com.br\/fm\/\",\"name\":\"Manchester FM 93,3\",\"description\":\"Todo Mundo Ouve!\",\"potentialAction\":[{\"@type\":\"SearchAction\",\"target\":{\"@type\":\"EntryPoint\",\"urlTemplate\":\"https:\/\/www.radiomanchester.com.br\/fm\/?s={search_term_string}\"},\"query-input\":\"required name=search_term_string\"}],\"inLanguage\":\"pt-BR\"},{\"@type\":\"WebPage\",\"@id\":\"https:\/\/www.radiomanchester.com.br\/fm\/explosao-em-porto-do-ira-ja-registra-14-mortos-e-mais-de-700-feridos\/#webpage\",\"url\":\"https:\/\/www.radiomanchester.com.br\/fm\/explosao-em-porto-do-ira-ja-registra-14-mortos-e-mais-de-700-feridos\/\",\"name\":\"Explos\u00e3o em porto do Ir\u00e3 j\u00e1 registra 14 mortos e mais de 700 feridos - Manchester FM 93,3\",\"isPartOf\":{\"@id\":\"https:\/\/www.radiomanchester.com.br\/fm\/#website\"},\"datePublished\":\"2025-04-27T13:39:27+00:00\",\"dateModified\":\"2025-04-27T13:39:30+00:00\",\"author\":{\"@id\":\"https:\/\/www.radiomanchester.com.br\/fm\/#\/schema\/person\/408a7b4d4e32cbebd90e2782852abca3\"},\"breadcrumb\":{\"@id\":\"https:\/\/www.radiomanchester.com.br\/fm\/explosao-em-porto-do-ira-ja-registra-14-mortos-e-mais-de-700-feridos\/#breadcrumb\"},\"inLanguage\":\"pt-BR\",\"potentialAction\":[{\"@type\":\"ReadAction\",\"target\":[\"https:\/\/www.radiomanchester.com.br\/fm\/explosao-em-porto-do-ira-ja-registra-14-mortos-e-mais-de-700-feridos\/\"]}]},{\"@type\":\"BreadcrumbList\",\"@id\":\"https:\/\/www.radiomanchester.com.br\/fm\/explosao-em-porto-do-ira-ja-registra-14-mortos-e-mais-de-700-feridos\/#breadcrumb\",\"itemListElement\":[{\"@type\":\"ListItem\",\"position\":1,\"name\":\"Home\",\"item\":\"https:\/\/www.radiomanchester.com.br\/fm\/\"},{\"@type\":\"ListItem\",\"position\":2,\"name\":\"Explos\u00e3o em porto do Ir\u00e3 j\u00e1 registra 14 mortos e mais de 700 feridos\"}]},{\"@type\":\"Person\",\"@id\":\"https:\/\/www.radiomanchester.com.br\/fm\/#\/schema\/person\/408a7b4d4e32cbebd90e2782852abca3\",\"name\":\"admin\",\"image\":{\"@type\":\"ImageObject\",\"@id\":\"https:\/\/www.radiomanchester.com.br\/fm\/#personlogo\",\"inLanguage\":\"pt-BR\",\"url\":\"https:\/\/secure.gravatar.com\/avatar\/115a974dba3376872eb3addeb276301c?s=96&d=mm&r=g\",\"contentUrl\":\"https:\/\/secure.gravatar.com\/avatar\/115a974dba3376872eb3addeb276301c?s=96&d=mm&r=g\",\"caption\":\"admin\"},\"url\":\"https:\/\/www.radiomanchester.com.br\/fm\/author\/admin\/\"}]}<\/script>\n<!-- \/ Yoast SEO plugin. -->","yoast_head_json":{"title":"Explos\u00e3o em porto do Ir\u00e3 j\u00e1 registra 14 mortos e mais de 700 feridos - Manchester FM 93,3","robots":{"index":"index","follow":"follow","max-snippet":"max-snippet:-1","max-image-preview":"max-image-preview:large","max-video-preview":"max-video-preview:-1"},"canonical":"https:\/\/www.radiomanchester.com.br\/fm\/explosao-em-porto-do-ira-ja-registra-14-mortos-e-mais-de-700-feridos\/","og_locale":"pt_BR","og_type":"article","og_title":"Explos\u00e3o em porto do Ir\u00e3 j\u00e1 registra 14 mortos e mais de 700 feridos - Manchester FM 93,3","og_description":"Porta-voz acredita que o armazenamento inadequado de produtos qu\u00edmicos teria provocado a explos\u00e3o. Barulho foi ouvido a 26 km do local A explos\u00e3o que atingiu o porto de Shahid Rafae, na cidade de Bandar Abbas, no Ir\u00e3, neste s\u00e1bado (26\/04), j\u00e1 contabiliza ao menos 14 mortes e mais de 700 feridos, conforme informa\u00e7\u00f5es divulgadas pela [&hellip;]","og_url":"https:\/\/www.radiomanchester.com.br\/fm\/explosao-em-porto-do-ira-ja-registra-14-mortos-e-mais-de-700-feridos\/","og_site_name":"Manchester FM 93,3","article_published_time":"2025-04-27T13:39:27+00:00","article_modified_time":"2025-04-27T13:39:30+00:00","twitter_card":"summary_large_image","twitter_misc":{"Escrito por":"admin","Est. tempo de leitura":"2 minutos"},"schema":{"@context":"https:\/\/schema.org","@graph":[{"@type":"WebSite","@id":"https:\/\/www.radiomanchester.com.br\/fm\/#website","url":"https:\/\/www.radiomanchester.com.br\/fm\/","name":"Manchester FM 93,3","description":"Todo Mundo Ouve!","potentialAction":[{"@type":"SearchAction","target":{"@type":"EntryPoint","urlTemplate":"https:\/\/www.radiomanchester.com.br\/fm\/?s={search_term_string}"},"query-input":"required name=search_term_string"}],"inLanguage":"pt-BR"},{"@type":"WebPage","@id":"https:\/\/www.radiomanchester.com.br\/fm\/explosao-em-porto-do-ira-ja-registra-14-mortos-e-mais-de-700-feridos\/#webpage","url":"https:\/\/www.radiomanchester.com.br\/fm\/explosao-em-porto-do-ira-ja-registra-14-mortos-e-mais-de-700-feridos\/","name":"Explos\u00e3o em porto do Ir\u00e3 j\u00e1 registra 14 mortos e mais de 700 feridos - Manchester FM 93,3","isPartOf":{"@id":"https:\/\/www.radiomanchester.com.br\/fm\/#website"},"datePublished":"2025-04-27T13:39:27+00:00","dateModified":"2025-04-27T13:39:30+00:00","author":{"@id":"https:\/\/www.radiomanchester.com.br\/fm\/#\/schema\/person\/408a7b4d4e32cbebd90e2782852abca3"},"breadcrumb":{"@id":"https:\/\/www.radiomanchester.com.br\/fm\/explosao-em-porto-do-ira-ja-registra-14-mortos-e-mais-de-700-feridos\/#breadcrumb"},"inLanguage":"pt-BR","potentialAction":[{"@type":"ReadAction","target":["https:\/\/www.radiomanchester.com.br\/fm\/explosao-em-porto-do-ira-ja-registra-14-mortos-e-mais-de-700-feridos\/"]}]},{"@type":"BreadcrumbList","@id":"https:\/\/www.radiomanchester.com.br\/fm\/explosao-em-porto-do-ira-ja-registra-14-mortos-e-mais-de-700-feridos\/#breadcrumb","itemListElement":[{"@type":"ListItem","position":1,"name":"Home","item":"https:\/\/www.radiomanchester.com.br\/fm\/"},{"@type":"ListItem","position":2,"name":"Explos\u00e3o em porto do Ir\u00e3 j\u00e1 registra 14 mortos e mais de 700 feridos"}]},{"@type":"Person","@id":"https:\/\/www.radiomanchester.com.br\/fm\/#\/schema\/person\/408a7b4d4e32cbebd90e2782852abca3","name":"admin","image":{"@type":"ImageObject","@id":"https:\/\/www.radiomanchester.com.br\/fm\/#personlogo","inLanguage":"pt-BR","url":"https:\/\/secure.gravatar.com\/avatar\/115a974dba3376872eb3addeb276301c?s=96&d=mm&r=g","contentUrl":"https:\/\/secure.gravatar.com\/avatar\/115a974dba3376872eb3addeb276301c?s=96&d=mm&r=g","caption":"admin"},"url":"https:\/\/www.radiomanchester.com.br\/fm\/author\/admin\/"}]}},"_links":{"self":[{"href":"https:\/\/www.radiomanchester.com.br\/fm\/wp-json\/wp\/v2\/posts\/15939"}],"collection":[{"href":"https:\/\/www.radiomanchester.com.br\/fm\/wp-json\/wp\/v2\/posts"}],"about":[{"href":"https:\/\/www.radiomanchester.com.br\/fm\/wp-json\/wp\/v2\/types\/post"}],"author":[{"embeddable":true,"href":"https:\/\/www.radiomanchester.com.br\/fm\/wp-json\/wp\/v2\/users\/1"}],"replies":[{"embeddable":true,"href":"https:\/\/www.radiomanchester.com.br\/fm\/wp-json\/wp\/v2\/comments?post=15939"}],"version-history":[{"count":1,"href":"https:\/\/www.radiomanchester.com.br\/fm\/wp-json\/wp\/v2\/posts\/15939\/revisions"}],"predecessor-version":[{"id":15940,"href":"https:\/\/www.radiomanchester.com.br\/fm\/wp-json\/wp\/v2\/posts\/15939\/revisions\/15940"}],"wp:attachment":[{"href":"https:\/\/www.radiomanchester.com.br\/fm\/wp-json\/wp\/v2\/media?parent=15939"}],"wp:term":[{"taxonomy":"category","embeddable":true,"href":"https:\/\/www.radiomanchester.com.br\/fm\/wp-json\/wp\/v2\/categories?post=15939"},{"taxonomy":"post_tag","embeddable":true,"href":"https:\/\/www.radiomanchester.com.br\/fm\/wp-json\/wp\/v2\/tags?post=15939"}],"curies":[{"name":"wp","href":"https:\/\/api.w.org\/{rel}","templated":true}]}}