{"id":16036,"date":"2025-05-22T07:00:00","date_gmt":"2025-05-22T10:00:00","guid":{"rendered":"https:\/\/www.radiomanchester.com.br\/fm\/?p=16036"},"modified":"2025-05-21T20:07:11","modified_gmt":"2025-05-21T23:07:11","slug":"cerca-de-74-dos-idosos-e-87-das-criancas-ainda-nao-buscaram-a-vacina-contra-a-gripe-em-anapolis","status":"publish","type":"post","link":"https:\/\/www.radiomanchester.com.br\/fm\/cerca-de-74-dos-idosos-e-87-das-criancas-ainda-nao-buscaram-a-vacina-contra-a-gripe-em-anapolis\/","title":{"rendered":"Cerca de 74% dos idosos e 87% das crian\u00e7as ainda n\u00e3o buscaram a vacina contra a gripe em An\u00e1polis"},"content":{"rendered":"\n<p><\/p>\n\n\n\n<p>A campanha de vacina\u00e7\u00e3o contra a gripe enfrenta baixa ades\u00e3o em An\u00e1polis, o que tem gerado preocupa\u00e7\u00e3o na Secretaria Municipal de Sa\u00fade. O imunizante est\u00e1 dispon\u00edvel em todas as Unidades B\u00e1sicas de Sa\u00fade (UBSs) do munic\u00edpio, mas a procura segue abaixo do esperado.<\/p>\n\n\n\n<p>De acordo com dados da Ger\u00eancia de Imuniza\u00e7\u00e3o de An\u00e1polis, registrados at\u00e9 nesta ter\u00e7a-feira (20), a procura pela vacina contra a influenza est\u00e1 baixa no munic\u00edpio. Dentre os grupos priorit\u00e1rios, destaca-se a popula\u00e7\u00e3o acima de 60 anos, que apresentou baixa ades\u00e3o. O esperado era que cerca de 61.127 idosos recebessem o imunizante; por\u00e9m, apenas 15.595 foram vacinados, ou seja, cerca de 74,49% deste grupo ainda n\u00e3o recebeu a vacina.<\/p>\n\n\n\n<p>O mesmo acontece com outros grupos priorit\u00e1rios, sendo um deles as crian\u00e7as: a meta de imuniza\u00e7\u00e3o era de 30.272, mas somente 3.874 receberam a vacina, ou seja, cerca de 87,20% ainda n\u00e3o foram imunizados.<\/p>\n\n\n\n<p>A gripe \u00e9 uma infec\u00e7\u00e3o respirat\u00f3ria causada pelo v\u00edrus influenza, que pode apresentar diferentes varia\u00e7\u00f5es. A vacina cont\u00e9m cepas do v\u00edrus, auxiliando na prote\u00e7\u00e3o contra a doen\u00e7a.<\/p>\n\n\n\n<p>De acordo com a Secretaria Municipal de Sa\u00fade, a pouca procura pela vacina representa um risco \u00e0 sa\u00fade p\u00fablica, especialmente entre crian\u00e7as, idosos e pessoas com baixa imunidade. O \u00f3rg\u00e3o refor\u00e7a a necessidade da vacina\u00e7\u00e3o para reduzir o n\u00famero de casos e complica\u00e7\u00f5es relacionadas \u00e0 gripe.<\/p>\n\n\n\n<p>A secret\u00e1ria municipal de Sa\u00fade, Eliane dos Santos, alertou para o impacto da baixa cobertura vacinal.<\/p>\n\n\n\n<p>\u201cAs pessoas n\u00e3o est\u00e3o comparecendo, deixando crian\u00e7as e idosos sem vacinar. Precisamos puxar a orelha da popula\u00e7\u00e3o para que fa\u00e7a a sua parte. Sem a vacina, essas pessoas ficam mais vulner\u00e1veis \u00e0 gripe\u201d, afirmou.<\/p>\n\n\n\n<p>Para receber a vacina, basta ir \u00e0 UBS mais pr\u00f3xima da resid\u00eancia, levando um documento pessoal e o cart\u00e3o de vacina\u00e7\u00e3o.<\/p>\n\n\n\n<p><strong>Confira o cronograma de aplica\u00e7\u00e3o da vacina:<br><\/strong>Das 7h30 at\u00e9 \u00e0s 16 horas, as vacinas ser\u00e3o aplicadas nos seguintes bairros: Abadia Lopes da Fonseca, Adriana Parque, Arco-\u00cdris, Arco Verde, Bandeiras, Calixtol\u00e2ndia, Calixt\u00f3polis, Jardim Esperan\u00e7a, Jardim Guanabara, Jardim Su\u00ed\u00e7o, JK, Jo\u00e3o Luiz de Oliveira, Munir Calixto, Parque dos Pirineus, Santa Maria de Nazareth, Santo Ant\u00f4nio, Santos Dumont, S\u00e3o Carlos, S\u00e3o Louren\u00e7o, Tropical, Fabril, Vila Formosa, Vila Norte e Vivian Parque.<\/p>\n\n\n\n<p>Das 7h30 \u00e0s 21 horas, os imunizantes ser\u00e3o aplicados nas Unidades de Sa\u00fade do Anexo Itamaraty, Parque Iracema, S\u00e3o Jos\u00e9, Filostro Machado, Vila Uni\u00e3o, Recanto do Sol e Bairro de Lourdes.<\/p>\n\n\n\n<p>Somente nas segundas-feiras, das 8h \u00e0s 15h:<br>Unidades de Sa\u00fade Alexandrina, Vila Esperan\u00e7a e Santa Isabel;<\/p>\n\n\n\n<p>Somente nas ter\u00e7as-feiras, das 8h \u00e0s 15h:<br>Unidade de Sa\u00fade Dom Manoel, Maracananzinho e Leblon;<\/p>\n\n\n\n<p>Somente nas quartas-feiras, das 8h \u00e0s 15h:<br>Unidades de Sa\u00fade Jd. Alvorada e Para\u00edso;<\/p>\n\n\n\n<p>Somente nas quintas-feiras, das 8h \u00e0s 15h:<br>Unidades de Sa\u00fade Jardim das Am\u00e9ricas e Maracan\u00e3;<\/p>\n\n\n\n<p>Somente nas sextas-feiras, das 8h \u00e0s 15h:<br>Unidade de Sa\u00fade Jardim das Oliveiras.<\/p>\n","protected":false},"excerpt":{"rendered":"<p class=\"excerpt\">A campanha de vacina\u00e7\u00e3o contra a gripe enfrenta baixa ades\u00e3o em An\u00e1polis, o que tem gerado preocupa\u00e7\u00e3o na Secretaria Municipal de Sa\u00fade. O imunizante est\u00e1 dispon\u00edvel em todas as Unidades B\u00e1sicas de Sa\u00fade (UBSs) do munic\u00edpio, mas a procura segue abaixo do esperado. De acordo com dados da Ger\u00eancia de Imuniza\u00e7\u00e3o de An\u00e1polis, registrados at\u00e9 [&hellip;]<\/p>\n","protected":false},"author":1,"featured_media":0,"comment_status":"open","ping_status":"open","sticky":false,"template":"","format":"standard","meta":[],"categories":[8,17],"tags":[22,24,113,83,129,92],"yoast_head":"<!-- This site is optimized with the Yoast SEO plugin v18.3 - https:\/\/yoast.com\/wordpress\/plugins\/seo\/ -->\n<title>Cerca de 74% dos idosos e 87% das crian\u00e7as ainda n\u00e3o buscaram a vacina contra a gripe em An\u00e1polis - Manchester FM 93,3<\/title>\n<meta name=\"robots\" content=\"index, follow, max-snippet:-1, max-image-preview:large, max-video-preview:-1\" \/>\n<link rel=\"canonical\" href=\"https:\/\/www.radiomanchester.com.br\/fm\/cerca-de-74-dos-idosos-e-87-das-criancas-ainda-nao-buscaram-a-vacina-contra-a-gripe-em-anapolis\/\" \/>\n<meta property=\"og:locale\" content=\"pt_BR\" \/>\n<meta property=\"og:type\" content=\"article\" \/>\n<meta property=\"og:title\" content=\"Cerca de 74% dos idosos e 87% das crian\u00e7as ainda n\u00e3o buscaram a vacina contra a gripe em An\u00e1polis - Manchester FM 93,3\" \/>\n<meta property=\"og:description\" content=\"A campanha de vacina\u00e7\u00e3o contra a gripe enfrenta baixa ades\u00e3o em An\u00e1polis, o que tem gerado preocupa\u00e7\u00e3o na Secretaria Municipal de Sa\u00fade. O imunizante est\u00e1 dispon\u00edvel em todas as Unidades B\u00e1sicas de Sa\u00fade (UBSs) do munic\u00edpio, mas a procura segue abaixo do esperado. De acordo com dados da Ger\u00eancia de Imuniza\u00e7\u00e3o de An\u00e1polis, registrados at\u00e9 [&hellip;]\" \/>\n<meta property=\"og:url\" content=\"https:\/\/www.radiomanchester.com.br\/fm\/cerca-de-74-dos-idosos-e-87-das-criancas-ainda-nao-buscaram-a-vacina-contra-a-gripe-em-anapolis\/\" \/>\n<meta property=\"og:site_name\" content=\"Manchester FM 93,3\" \/>\n<meta property=\"article:published_time\" content=\"2025-05-22T10:00:00+00:00\" \/>\n<meta property=\"article:modified_time\" content=\"2025-05-21T23:07:11+00:00\" \/>\n<meta name=\"twitter:card\" content=\"summary_large_image\" \/>\n<meta name=\"twitter:label1\" content=\"Escrito por\" \/>\n\t<meta name=\"twitter:data1\" content=\"admin\" \/>\n\t<meta name=\"twitter:label2\" content=\"Est. tempo de leitura\" \/>\n\t<meta name=\"twitter:data2\" content=\"3 minutos\" \/>\n<script type=\"application\/ld+json\" class=\"yoast-schema-graph\">{\"@context\":\"https:\/\/schema.org\",\"@graph\":[{\"@type\":\"WebSite\",\"@id\":\"https:\/\/www.radiomanchester.com.br\/fm\/#website\",\"url\":\"https:\/\/www.radiomanchester.com.br\/fm\/\",\"name\":\"Manchester FM 93,3\",\"description\":\"Todo Mundo Ouve!\",\"potentialAction\":[{\"@type\":\"SearchAction\",\"target\":{\"@type\":\"EntryPoint\",\"urlTemplate\":\"https:\/\/www.radiomanchester.com.br\/fm\/?s={search_term_string}\"},\"query-input\":\"required name=search_term_string\"}],\"inLanguage\":\"pt-BR\"},{\"@type\":\"WebPage\",\"@id\":\"https:\/\/www.radiomanchester.com.br\/fm\/cerca-de-74-dos-idosos-e-87-das-criancas-ainda-nao-buscaram-a-vacina-contra-a-gripe-em-anapolis\/#webpage\",\"url\":\"https:\/\/www.radiomanchester.com.br\/fm\/cerca-de-74-dos-idosos-e-87-das-criancas-ainda-nao-buscaram-a-vacina-contra-a-gripe-em-anapolis\/\",\"name\":\"Cerca de 74% dos idosos e 87% das crian\u00e7as ainda n\u00e3o buscaram a vacina contra a gripe em An\u00e1polis - Manchester FM 93,3\",\"isPartOf\":{\"@id\":\"https:\/\/www.radiomanchester.com.br\/fm\/#website\"},\"datePublished\":\"2025-05-22T10:00:00+00:00\",\"dateModified\":\"2025-05-21T23:07:11+00:00\",\"author\":{\"@id\":\"https:\/\/www.radiomanchester.com.br\/fm\/#\/schema\/person\/408a7b4d4e32cbebd90e2782852abca3\"},\"breadcrumb\":{\"@id\":\"https:\/\/www.radiomanchester.com.br\/fm\/cerca-de-74-dos-idosos-e-87-das-criancas-ainda-nao-buscaram-a-vacina-contra-a-gripe-em-anapolis\/#breadcrumb\"},\"inLanguage\":\"pt-BR\",\"potentialAction\":[{\"@type\":\"ReadAction\",\"target\":[\"https:\/\/www.radiomanchester.com.br\/fm\/cerca-de-74-dos-idosos-e-87-das-criancas-ainda-nao-buscaram-a-vacina-contra-a-gripe-em-anapolis\/\"]}]},{\"@type\":\"BreadcrumbList\",\"@id\":\"https:\/\/www.radiomanchester.com.br\/fm\/cerca-de-74-dos-idosos-e-87-das-criancas-ainda-nao-buscaram-a-vacina-contra-a-gripe-em-anapolis\/#breadcrumb\",\"itemListElement\":[{\"@type\":\"ListItem\",\"position\":1,\"name\":\"Home\",\"item\":\"https:\/\/www.radiomanchester.com.br\/fm\/\"},{\"@type\":\"ListItem\",\"position\":2,\"name\":\"Cerca de 74% dos idosos e 87% das crian\u00e7as ainda n\u00e3o buscaram a vacina contra a gripe em An\u00e1polis\"}]},{\"@type\":\"Person\",\"@id\":\"https:\/\/www.radiomanchester.com.br\/fm\/#\/schema\/person\/408a7b4d4e32cbebd90e2782852abca3\",\"name\":\"admin\",\"image\":{\"@type\":\"ImageObject\",\"@id\":\"https:\/\/www.radiomanchester.com.br\/fm\/#personlogo\",\"inLanguage\":\"pt-BR\",\"url\":\"https:\/\/secure.gravatar.com\/avatar\/115a974dba3376872eb3addeb276301c?s=96&d=mm&r=g\",\"contentUrl\":\"https:\/\/secure.gravatar.com\/avatar\/115a974dba3376872eb3addeb276301c?s=96&d=mm&r=g\",\"caption\":\"admin\"},\"url\":\"https:\/\/www.radiomanchester.com.br\/fm\/author\/admin\/\"}]}<\/script>\n<!-- \/ Yoast SEO plugin. -->","yoast_head_json":{"title":"Cerca de 74% dos idosos e 87% das crian\u00e7as ainda n\u00e3o buscaram a vacina contra a gripe em An\u00e1polis - Manchester FM 93,3","robots":{"index":"index","follow":"follow","max-snippet":"max-snippet:-1","max-image-preview":"max-image-preview:large","max-video-preview":"max-video-preview:-1"},"canonical":"https:\/\/www.radiomanchester.com.br\/fm\/cerca-de-74-dos-idosos-e-87-das-criancas-ainda-nao-buscaram-a-vacina-contra-a-gripe-em-anapolis\/","og_locale":"pt_BR","og_type":"article","og_title":"Cerca de 74% dos idosos e 87% das crian\u00e7as ainda n\u00e3o buscaram a vacina contra a gripe em An\u00e1polis - Manchester FM 93,3","og_description":"A campanha de vacina\u00e7\u00e3o contra a gripe enfrenta baixa ades\u00e3o em An\u00e1polis, o que tem gerado preocupa\u00e7\u00e3o na Secretaria Municipal de Sa\u00fade. O imunizante est\u00e1 dispon\u00edvel em todas as Unidades B\u00e1sicas de Sa\u00fade (UBSs) do munic\u00edpio, mas a procura segue abaixo do esperado. De acordo com dados da Ger\u00eancia de Imuniza\u00e7\u00e3o de An\u00e1polis, registrados at\u00e9 [&hellip;]","og_url":"https:\/\/www.radiomanchester.com.br\/fm\/cerca-de-74-dos-idosos-e-87-das-criancas-ainda-nao-buscaram-a-vacina-contra-a-gripe-em-anapolis\/","og_site_name":"Manchester FM 93,3","article_published_time":"2025-05-22T10:00:00+00:00","article_modified_time":"2025-05-21T23:07:11+00:00","twitter_card":"summary_large_image","twitter_misc":{"Escrito por":"admin","Est. tempo de leitura":"3 minutos"},"schema":{"@context":"https:\/\/schema.org","@graph":[{"@type":"WebSite","@id":"https:\/\/www.radiomanchester.com.br\/fm\/#website","url":"https:\/\/www.radiomanchester.com.br\/fm\/","name":"Manchester FM 93,3","description":"Todo Mundo Ouve!","potentialAction":[{"@type":"SearchAction","target":{"@type":"EntryPoint","urlTemplate":"https:\/\/www.radiomanchester.com.br\/fm\/?s={search_term_string}"},"query-input":"required name=search_term_string"}],"inLanguage":"pt-BR"},{"@type":"WebPage","@id":"https:\/\/www.radiomanchester.com.br\/fm\/cerca-de-74-dos-idosos-e-87-das-criancas-ainda-nao-buscaram-a-vacina-contra-a-gripe-em-anapolis\/#webpage","url":"https:\/\/www.radiomanchester.com.br\/fm\/cerca-de-74-dos-idosos-e-87-das-criancas-ainda-nao-buscaram-a-vacina-contra-a-gripe-em-anapolis\/","name":"Cerca de 74% dos idosos e 87% das crian\u00e7as ainda n\u00e3o buscaram a vacina contra a gripe em An\u00e1polis - Manchester FM 93,3","isPartOf":{"@id":"https:\/\/www.radiomanchester.com.br\/fm\/#website"},"datePublished":"2025-05-22T10:00:00+00:00","dateModified":"2025-05-21T23:07:11+00:00","author":{"@id":"https:\/\/www.radiomanchester.com.br\/fm\/#\/schema\/person\/408a7b4d4e32cbebd90e2782852abca3"},"breadcrumb":{"@id":"https:\/\/www.radiomanchester.com.br\/fm\/cerca-de-74-dos-idosos-e-87-das-criancas-ainda-nao-buscaram-a-vacina-contra-a-gripe-em-anapolis\/#breadcrumb"},"inLanguage":"pt-BR","potentialAction":[{"@type":"ReadAction","target":["https:\/\/www.radiomanchester.com.br\/fm\/cerca-de-74-dos-idosos-e-87-das-criancas-ainda-nao-buscaram-a-vacina-contra-a-gripe-em-anapolis\/"]}]},{"@type":"BreadcrumbList","@id":"https:\/\/www.radiomanchester.com.br\/fm\/cerca-de-74-dos-idosos-e-87-das-criancas-ainda-nao-buscaram-a-vacina-contra-a-gripe-em-anapolis\/#breadcrumb","itemListElement":[{"@type":"ListItem","position":1,"name":"Home","item":"https:\/\/www.radiomanchester.com.br\/fm\/"},{"@type":"ListItem","position":2,"name":"Cerca de 74% dos idosos e 87% das crian\u00e7as ainda n\u00e3o buscaram a vacina contra a gripe em An\u00e1polis"}]},{"@type":"Person","@id":"https:\/\/www.radiomanchester.com.br\/fm\/#\/schema\/person\/408a7b4d4e32cbebd90e2782852abca3","name":"admin","image":{"@type":"ImageObject","@id":"https:\/\/www.radiomanchester.com.br\/fm\/#personlogo","inLanguage":"pt-BR","url":"https:\/\/secure.gravatar.com\/avatar\/115a974dba3376872eb3addeb276301c?s=96&d=mm&r=g","contentUrl":"https:\/\/secure.gravatar.com\/avatar\/115a974dba3376872eb3addeb276301c?s=96&d=mm&r=g","caption":"admin"},"url":"https:\/\/www.radiomanchester.com.br\/fm\/author\/admin\/"}]}},"_links":{"self":[{"href":"https:\/\/www.radiomanchester.com.br\/fm\/wp-json\/wp\/v2\/posts\/16036"}],"collection":[{"href":"https:\/\/www.radiomanchester.com.br\/fm\/wp-json\/wp\/v2\/posts"}],"about":[{"href":"https:\/\/www.radiomanchester.com.br\/fm\/wp-json\/wp\/v2\/types\/post"}],"author":[{"embeddable":true,"href":"https:\/\/www.radiomanchester.com.br\/fm\/wp-json\/wp\/v2\/users\/1"}],"replies":[{"embeddable":true,"href":"https:\/\/www.radiomanchester.com.br\/fm\/wp-json\/wp\/v2\/comments?post=16036"}],"version-history":[{"count":1,"href":"https:\/\/www.radiomanchester.com.br\/fm\/wp-json\/wp\/v2\/posts\/16036\/revisions"}],"predecessor-version":[{"id":16037,"href":"https:\/\/www.radiomanchester.com.br\/fm\/wp-json\/wp\/v2\/posts\/16036\/revisions\/16037"}],"wp:attachment":[{"href":"https:\/\/www.radiomanchester.com.br\/fm\/wp-json\/wp\/v2\/media?parent=16036"}],"wp:term":[{"taxonomy":"category","embeddable":true,"href":"https:\/\/www.radiomanchester.com.br\/fm\/wp-json\/wp\/v2\/categories?post=16036"},{"taxonomy":"post_tag","embeddable":true,"href":"https:\/\/www.radiomanchester.com.br\/fm\/wp-json\/wp\/v2\/tags?post=16036"}],"curies":[{"name":"wp","href":"https:\/\/api.w.org\/{rel}","templated":true}]}}