{"id":16132,"date":"2025-06-10T22:18:15","date_gmt":"2025-06-11T01:18:15","guid":{"rendered":"https:\/\/www.radiomanchester.com.br\/fm\/?p=16132"},"modified":"2025-06-10T22:18:16","modified_gmt":"2025-06-11T01:18:16","slug":"bolsonaro-nega-plano-de-golpe-pede-desculpa-ao-stf-e-critica-urnas","status":"publish","type":"post","link":"https:\/\/www.radiomanchester.com.br\/fm\/bolsonaro-nega-plano-de-golpe-pede-desculpa-ao-stf-e-critica-urnas\/","title":{"rendered":"Bolsonaro nega plano de golpe, pede desculpa ao STF e critica urnas"},"content":{"rendered":"\n<p><em><strong>Ex-presidente prestou depoimento ao ministro Moraes nesta ter\u00e7a-feira<\/strong><\/em><\/p>\n\n\n\n<hr class=\"wp-block-separator\"\/>\n\n\n\n<p>O ex-presidente Jair Bolsonaro dep\u00f4s nesta ter\u00e7a-feira (10\/06) na a\u00e7\u00e3o penal da trama golpista. Ele \u00e9 um dos oito r\u00e9us do n\u00facleo 1 da den\u00fancia apresentada pela Procuradoria-Geral da Rep\u00fablica (PGR) contra os acusados de planejar medidas inconstitucionais para tentar reverter o resultado das elei\u00e7\u00f5es de 2022 e impedir a posse do presidente Luiz In\u00e1cio Lula da Silva.<\/p>\n\n\n\n<p>O interrogat\u00f3rio foi conduzido pelo ministro Alexandre de Moraes, que \u00e9 relator da a\u00e7\u00e3o no Supremo Tribunal Federal (STF).<\/p>\n\n\n\n<p>De acordo com a acusa\u00e7\u00e3o da procuradoria, Bolsonaro tinha conhecimento da minuta golpista que previa a decreta\u00e7\u00e3o de medidas de estado de s\u00edtio e pris\u00e3o dos ministros do Supremo Tribunal Federal (STF) e outras autoridades.<\/p>\n\n\n\n<p>Al\u00e9m disso, as acusa\u00e7\u00f5es foram corroboradas pelos depoimentos de dela\u00e7\u00e3o premiada do ex-ajudante de ordens de Bolsonaro, tenente-coronel Mauro Cid.<\/p>\n\n\n\n<p><strong>Plano de golpe de Estado<br><\/strong>O ex-presidente afirmou que a possibilidade de golpe de Estado nunca foi discutida em seu governo, ao ser questionado sobre as acusa\u00e7\u00f5es de que teria planejado medidas inconstitucionais para tentar reverter o resultado das elei\u00e7\u00f5es de 2022 e impedir a posse do presidente Luiz In\u00e1cio Lula da Silva.<\/p>\n\n\n\n<p>Segundo ele, a medida seria danosa para o Brasil.<\/p>\n\n\n\n<p>&#8220;Da minha parte, nunca se falou em golpe. Golpe \u00e9 abomin\u00e1vel. O golpe at\u00e9 seria f\u00e1cil come\u00e7ar. O afterday \u00e9 imprevis\u00edvel e danoso para todo mundo. O Brasil n\u00e3o poderia passar por uma experi\u00eancia dessa. N\u00e3o foi sequer cogitada essa hip\u00f3tese de golpe no meu governo&#8221;, disse.<\/p>\n\n\n\n<p><strong>Minuta do golpe<br><\/strong>Bolsonaro tamb\u00e9m negou ter feito uma minuta de golpe para justificar a interven\u00e7\u00e3o militar ap\u00f3s as elei\u00e7\u00f5es de 2022.<\/p>\n\n\n\n<p>Nesta segunda-feira (9), o ex-ajudante de ordens de Bolsonaro, tenente-coronel Mauro Cid, foi interrogado por Moraes na condi\u00e7\u00e3o de delator e disse que o ex-presidente presenciou a apresenta\u00e7\u00e3o do documento golpista, enxugou o texto original e prop\u00f4s altera\u00e7\u00f5es para constar a possibilidade de pris\u00e3o de ministros, entre eles de Moraes.<\/p>\n\n\n\n<p>&#8220;N\u00e3o procede o enxugamento. As informa\u00e7\u00f5es que eu tenho \u00e9 de que n\u00e3o tem cabe\u00e7alho nem o fecho [parte final]&#8221;, comentou. &#8220;Da minha parte, eu sempre tive o lado da Constitui\u00e7\u00e3o. Refuto qualquer possibilidade de falar em minuta de golpe e uma minuta que n\u00e3o esteja enquadrada na Constitui\u00e7\u00e3o&#8221;, completou.<\/p>\n\n\n\n<p><strong>Tropas da Marinha<br><\/strong>Perguntado pelo ministro Moraes se o ex-comandante da Marinha Almir Garnier colocou as tropas \u00e0 disposi\u00e7\u00e3o para executar medidas golpistas, Bolsonaro afirmou que a informa\u00e7\u00e3o n\u00e3o procede.<\/p>\n\n\n\n<p>&#8220;Em hip\u00f3tese alguma. N\u00e3o existe isso. Se n\u00f3s fossemos prosseguir em um estado de s\u00edtio e de defesa, as medidas seriam outras. N\u00e3o tinha clima, n\u00e3o tinha oportunidade e n\u00e3o tinha uma base minimamente s\u00f3lida para fazer qualquer coisa&#8221;, afirmou.<\/p>\n\n\n\n<p>De acordo com a investiga\u00e7\u00e3o da Pol\u00edcia Federal, o almirante teria colocado suas tropas \u00e0 disposi\u00e7\u00e3o de Bolsonaro durante uma reuni\u00e3o em 2022 com os comandantes das For\u00e7as Armadas. Durante o encontro, Bolsonaro apresentou estudos para decreta\u00e7\u00e3o de medidas de estado de s\u00edtio e de decreta\u00e7\u00e3o de opera\u00e7\u00e3o de Garantia da Lei e da Ordem (GLO) para impedir a posse de Lula.<\/p>\n\n\n\n<p><strong>Pedido de desculpas<br><\/strong>O ex-presidente tamb\u00e9m &#8220;pediu desculpas&#8221; ap\u00f3s ser questionado sobre declara\u00e7\u00f5es nas quais afirmou, sem provas, que ministros do STF estariam &#8220;levando dinheiro&#8221; para fraudar o processo eleitoral.<\/p>\n\n\n\n<p>&#8220;N\u00e3o tem ind\u00edcio nenhum. Me desculpe, n\u00e3o tinha essa inten\u00e7\u00e3o de acusar qualquer desvio de conduta&#8221;, disse.<\/p>\n\n\n\n<p><strong>Urnas eletr\u00f4nicas<br><\/strong>Em outro momento do depoimento, Bolsonaro foi questionado por Moraes sobre falas nas quais o ex-presidente deslegitimou o processo eleitoral e insinuou que h\u00e1 fraudes na urna eletr\u00f4nica.<\/p>\n\n\n\n<p>Em resposta ao ministro, o ex-presidente afirmou que sempre teve uma ret\u00f3rica a favor do voto impresso, mas nunca tomou nenhuma medida inconstitucional.<\/p>\n\n\n\n<p>&#8220;Em nenhum momento eu agi contra a Constitui\u00e7\u00e3o. Joguei dentro das quatro linhas o tempo todo, muitas vezes me revoltava, falava palavr\u00e3o, falava o que n\u00e3o deveria falar. No meu entender, fiz aquilo que tinha quer ser feito&#8221;, afirmou.<\/p>\n\n\n\n<p>De acordo com Bolsonaro, n\u00e3o houve press\u00e3o ao ex-ministro da Defesa Paulo Sergio Nogueira para apresentar um relat\u00f3rio ao Tribunal Superior Eleitoral (TSE) para insinuar que n\u00e3o \u00e9 poss\u00edvel descartar fraudes nas urnas eletr\u00f4nicas.<\/p>\n\n\n\n<p>&#8220;Jamais eu pressionei. N\u00e3o houve press\u00e3o em cima dele para fazer isso ou aquilo&#8221;, declarou.<\/p>\n\n\n\n<p><strong>Voz de pris\u00e3o<br><\/strong>Bolsonaro disse n\u00e3o ter recebido voz de pris\u00e3o do ex-comandante do Ex\u00e9rcito Freire Gomes durante reuni\u00e3o com os comandantes das For\u00e7as Armadas para ades\u00e3o das tropas \u00e0 tentativa de golpe, em 2022.<\/p>\n\n\n\n<p>&#8220;As For\u00e7as Armadas sempre primaram pela disciplina e hierarquia. Aquilo falado pelo brigadeiro Baptista J\u00fanior n\u00e3o procede, tanto \u00e9 que foi desmentido pelo pr\u00f3prio comandante do Ex\u00e9rcito. Se dependesse de algu\u00e9m diferente para levar avante um plano rid\u00edculo desse, eu teria trocado o comandante da Aeron\u00e1utica&#8221;, afirmou.<\/p>\n\n\n\n<p>A declara\u00e7\u00e3o contradiz o ex-comandante da Aeron\u00e1utica Baptista J\u00fanior, que estava no encontro, e afirmou em depoimento \u00e0 Pol\u00edcia Federal que a amea\u00e7a de pris\u00e3o de Bolsonaro ocorreu durante a reuni\u00e3o.<\/p>\n\n\n\n<p><strong>Depoimentos<br><\/strong>Em dois dias seguidos de audi\u00eancia, os oito r\u00e9us acusados de participar do &#8220;n\u00facleo crucial&#8221; de uma trama golpista foram interrogados. S\u00e3o eles:<\/p>\n\n\n\n<ul><li>Mauro Cid, delator e ex-ajudante de ordens de Bolsonaro;<\/li><li>Alexandre Ramagem, ex-diretor da Ag\u00eancia Brasileira de Intelig\u00eancia (Abin);<\/li><li>Almir Garnier, ex-comandante da Marinha;<\/li><li>Anderson Torres, ex-ministro da Justi\u00e7a e ex-secret\u00e1rio de seguran\u00e7a do Distrito Federal e<\/li><li>Augusto Heleno, ex-ministro do Gabinete de Seguran\u00e7a Institucional (GSI).<\/li><li>Jair Bolsonaro, ex-presidente da Rep\u00fablica;<\/li><li>Paulo S\u00e9rgio Nogueira, ex-ministro da Defesa;<\/li><li>Walter Braga Netto, ex-ministro da Defesa e da Casa Civil e candidato a vice na chapa de Bolsonaro em 2022.<br><br>O interrogat\u00f3rio dos r\u00e9us \u00e9 uma das \u00faltimas fases da a\u00e7\u00e3o penal.<\/li><\/ul>\n\n\n\n<p>A expectativa \u00e9 que o julgamento que vai decidir pela condena\u00e7\u00e3o ou absolvi\u00e7\u00e3o do ex-presidente e dos demais r\u00e9us ocorra no segundo semestre deste ano.<\/p>\n\n\n\n<p>porAg\u00eancia Brasil<\/p>\n","protected":false},"excerpt":{"rendered":"<p class=\"excerpt\">Ex-presidente prestou depoimento ao ministro Moraes nesta ter\u00e7a-feira O ex-presidente Jair Bolsonaro dep\u00f4s nesta ter\u00e7a-feira (10\/06) na a\u00e7\u00e3o penal da trama golpista. Ele \u00e9 um dos oito r\u00e9us do n\u00facleo 1 da den\u00fancia apresentada pela Procuradoria-Geral da Rep\u00fablica (PGR) contra os acusados de planejar medidas inconstitucionais para tentar reverter o resultado das elei\u00e7\u00f5es de 2022 [&hellip;]<\/p>\n","protected":false},"author":1,"featured_media":0,"comment_status":"open","ping_status":"open","sticky":false,"template":"","format":"standard","meta":[],"categories":[8,17],"tags":[22,24,113,83,92],"yoast_head":"<!-- This site is optimized with the Yoast SEO plugin v18.3 - https:\/\/yoast.com\/wordpress\/plugins\/seo\/ -->\n<title>Bolsonaro nega plano de golpe, pede desculpa ao STF e critica urnas - Manchester FM 93,3<\/title>\n<meta name=\"robots\" content=\"index, follow, max-snippet:-1, max-image-preview:large, max-video-preview:-1\" \/>\n<link rel=\"canonical\" href=\"https:\/\/www.radiomanchester.com.br\/fm\/bolsonaro-nega-plano-de-golpe-pede-desculpa-ao-stf-e-critica-urnas\/\" \/>\n<meta property=\"og:locale\" content=\"pt_BR\" \/>\n<meta property=\"og:type\" content=\"article\" \/>\n<meta property=\"og:title\" content=\"Bolsonaro nega plano de golpe, pede desculpa ao STF e critica urnas - Manchester FM 93,3\" \/>\n<meta property=\"og:description\" content=\"Ex-presidente prestou depoimento ao ministro Moraes nesta ter\u00e7a-feira O ex-presidente Jair Bolsonaro dep\u00f4s nesta ter\u00e7a-feira (10\/06) na a\u00e7\u00e3o penal da trama golpista. Ele \u00e9 um dos oito r\u00e9us do n\u00facleo 1 da den\u00fancia apresentada pela Procuradoria-Geral da Rep\u00fablica (PGR) contra os acusados de planejar medidas inconstitucionais para tentar reverter o resultado das elei\u00e7\u00f5es de 2022 [&hellip;]\" \/>\n<meta property=\"og:url\" content=\"https:\/\/www.radiomanchester.com.br\/fm\/bolsonaro-nega-plano-de-golpe-pede-desculpa-ao-stf-e-critica-urnas\/\" \/>\n<meta property=\"og:site_name\" content=\"Manchester FM 93,3\" \/>\n<meta property=\"article:published_time\" content=\"2025-06-11T01:18:15+00:00\" \/>\n<meta property=\"article:modified_time\" content=\"2025-06-11T01:18:16+00:00\" \/>\n<meta name=\"twitter:card\" content=\"summary_large_image\" \/>\n<meta name=\"twitter:label1\" content=\"Escrito por\" \/>\n\t<meta name=\"twitter:data1\" content=\"admin\" \/>\n\t<meta name=\"twitter:label2\" content=\"Est. tempo de leitura\" \/>\n\t<meta name=\"twitter:data2\" content=\"6 minutos\" \/>\n<script type=\"application\/ld+json\" class=\"yoast-schema-graph\">{\"@context\":\"https:\/\/schema.org\",\"@graph\":[{\"@type\":\"WebSite\",\"@id\":\"https:\/\/www.radiomanchester.com.br\/fm\/#website\",\"url\":\"https:\/\/www.radiomanchester.com.br\/fm\/\",\"name\":\"Manchester FM 93,3\",\"description\":\"Todo Mundo Ouve!\",\"potentialAction\":[{\"@type\":\"SearchAction\",\"target\":{\"@type\":\"EntryPoint\",\"urlTemplate\":\"https:\/\/www.radiomanchester.com.br\/fm\/?s={search_term_string}\"},\"query-input\":\"required name=search_term_string\"}],\"inLanguage\":\"pt-BR\"},{\"@type\":\"WebPage\",\"@id\":\"https:\/\/www.radiomanchester.com.br\/fm\/bolsonaro-nega-plano-de-golpe-pede-desculpa-ao-stf-e-critica-urnas\/#webpage\",\"url\":\"https:\/\/www.radiomanchester.com.br\/fm\/bolsonaro-nega-plano-de-golpe-pede-desculpa-ao-stf-e-critica-urnas\/\",\"name\":\"Bolsonaro nega plano de golpe, pede desculpa ao STF e critica urnas - Manchester FM 93,3\",\"isPartOf\":{\"@id\":\"https:\/\/www.radiomanchester.com.br\/fm\/#website\"},\"datePublished\":\"2025-06-11T01:18:15+00:00\",\"dateModified\":\"2025-06-11T01:18:16+00:00\",\"author\":{\"@id\":\"https:\/\/www.radiomanchester.com.br\/fm\/#\/schema\/person\/408a7b4d4e32cbebd90e2782852abca3\"},\"breadcrumb\":{\"@id\":\"https:\/\/www.radiomanchester.com.br\/fm\/bolsonaro-nega-plano-de-golpe-pede-desculpa-ao-stf-e-critica-urnas\/#breadcrumb\"},\"inLanguage\":\"pt-BR\",\"potentialAction\":[{\"@type\":\"ReadAction\",\"target\":[\"https:\/\/www.radiomanchester.com.br\/fm\/bolsonaro-nega-plano-de-golpe-pede-desculpa-ao-stf-e-critica-urnas\/\"]}]},{\"@type\":\"BreadcrumbList\",\"@id\":\"https:\/\/www.radiomanchester.com.br\/fm\/bolsonaro-nega-plano-de-golpe-pede-desculpa-ao-stf-e-critica-urnas\/#breadcrumb\",\"itemListElement\":[{\"@type\":\"ListItem\",\"position\":1,\"name\":\"Home\",\"item\":\"https:\/\/www.radiomanchester.com.br\/fm\/\"},{\"@type\":\"ListItem\",\"position\":2,\"name\":\"Bolsonaro nega plano de golpe, pede desculpa ao STF e critica urnas\"}]},{\"@type\":\"Person\",\"@id\":\"https:\/\/www.radiomanchester.com.br\/fm\/#\/schema\/person\/408a7b4d4e32cbebd90e2782852abca3\",\"name\":\"admin\",\"image\":{\"@type\":\"ImageObject\",\"@id\":\"https:\/\/www.radiomanchester.com.br\/fm\/#personlogo\",\"inLanguage\":\"pt-BR\",\"url\":\"https:\/\/secure.gravatar.com\/avatar\/115a974dba3376872eb3addeb276301c?s=96&d=mm&r=g\",\"contentUrl\":\"https:\/\/secure.gravatar.com\/avatar\/115a974dba3376872eb3addeb276301c?s=96&d=mm&r=g\",\"caption\":\"admin\"},\"url\":\"https:\/\/www.radiomanchester.com.br\/fm\/author\/admin\/\"}]}<\/script>\n<!-- \/ Yoast SEO plugin. -->","yoast_head_json":{"title":"Bolsonaro nega plano de golpe, pede desculpa ao STF e critica urnas - Manchester FM 93,3","robots":{"index":"index","follow":"follow","max-snippet":"max-snippet:-1","max-image-preview":"max-image-preview:large","max-video-preview":"max-video-preview:-1"},"canonical":"https:\/\/www.radiomanchester.com.br\/fm\/bolsonaro-nega-plano-de-golpe-pede-desculpa-ao-stf-e-critica-urnas\/","og_locale":"pt_BR","og_type":"article","og_title":"Bolsonaro nega plano de golpe, pede desculpa ao STF e critica urnas - Manchester FM 93,3","og_description":"Ex-presidente prestou depoimento ao ministro Moraes nesta ter\u00e7a-feira O ex-presidente Jair Bolsonaro dep\u00f4s nesta ter\u00e7a-feira (10\/06) na a\u00e7\u00e3o penal da trama golpista. Ele \u00e9 um dos oito r\u00e9us do n\u00facleo 1 da den\u00fancia apresentada pela Procuradoria-Geral da Rep\u00fablica (PGR) contra os acusados de planejar medidas inconstitucionais para tentar reverter o resultado das elei\u00e7\u00f5es de 2022 [&hellip;]","og_url":"https:\/\/www.radiomanchester.com.br\/fm\/bolsonaro-nega-plano-de-golpe-pede-desculpa-ao-stf-e-critica-urnas\/","og_site_name":"Manchester FM 93,3","article_published_time":"2025-06-11T01:18:15+00:00","article_modified_time":"2025-06-11T01:18:16+00:00","twitter_card":"summary_large_image","twitter_misc":{"Escrito por":"admin","Est. tempo de leitura":"6 minutos"},"schema":{"@context":"https:\/\/schema.org","@graph":[{"@type":"WebSite","@id":"https:\/\/www.radiomanchester.com.br\/fm\/#website","url":"https:\/\/www.radiomanchester.com.br\/fm\/","name":"Manchester FM 93,3","description":"Todo Mundo Ouve!","potentialAction":[{"@type":"SearchAction","target":{"@type":"EntryPoint","urlTemplate":"https:\/\/www.radiomanchester.com.br\/fm\/?s={search_term_string}"},"query-input":"required name=search_term_string"}],"inLanguage":"pt-BR"},{"@type":"WebPage","@id":"https:\/\/www.radiomanchester.com.br\/fm\/bolsonaro-nega-plano-de-golpe-pede-desculpa-ao-stf-e-critica-urnas\/#webpage","url":"https:\/\/www.radiomanchester.com.br\/fm\/bolsonaro-nega-plano-de-golpe-pede-desculpa-ao-stf-e-critica-urnas\/","name":"Bolsonaro nega plano de golpe, pede desculpa ao STF e critica urnas - Manchester FM 93,3","isPartOf":{"@id":"https:\/\/www.radiomanchester.com.br\/fm\/#website"},"datePublished":"2025-06-11T01:18:15+00:00","dateModified":"2025-06-11T01:18:16+00:00","author":{"@id":"https:\/\/www.radiomanchester.com.br\/fm\/#\/schema\/person\/408a7b4d4e32cbebd90e2782852abca3"},"breadcrumb":{"@id":"https:\/\/www.radiomanchester.com.br\/fm\/bolsonaro-nega-plano-de-golpe-pede-desculpa-ao-stf-e-critica-urnas\/#breadcrumb"},"inLanguage":"pt-BR","potentialAction":[{"@type":"ReadAction","target":["https:\/\/www.radiomanchester.com.br\/fm\/bolsonaro-nega-plano-de-golpe-pede-desculpa-ao-stf-e-critica-urnas\/"]}]},{"@type":"BreadcrumbList","@id":"https:\/\/www.radiomanchester.com.br\/fm\/bolsonaro-nega-plano-de-golpe-pede-desculpa-ao-stf-e-critica-urnas\/#breadcrumb","itemListElement":[{"@type":"ListItem","position":1,"name":"Home","item":"https:\/\/www.radiomanchester.com.br\/fm\/"},{"@type":"ListItem","position":2,"name":"Bolsonaro nega plano de golpe, pede desculpa ao STF e critica urnas"}]},{"@type":"Person","@id":"https:\/\/www.radiomanchester.com.br\/fm\/#\/schema\/person\/408a7b4d4e32cbebd90e2782852abca3","name":"admin","image":{"@type":"ImageObject","@id":"https:\/\/www.radiomanchester.com.br\/fm\/#personlogo","inLanguage":"pt-BR","url":"https:\/\/secure.gravatar.com\/avatar\/115a974dba3376872eb3addeb276301c?s=96&d=mm&r=g","contentUrl":"https:\/\/secure.gravatar.com\/avatar\/115a974dba3376872eb3addeb276301c?s=96&d=mm&r=g","caption":"admin"},"url":"https:\/\/www.radiomanchester.com.br\/fm\/author\/admin\/"}]}},"_links":{"self":[{"href":"https:\/\/www.radiomanchester.com.br\/fm\/wp-json\/wp\/v2\/posts\/16132"}],"collection":[{"href":"https:\/\/www.radiomanchester.com.br\/fm\/wp-json\/wp\/v2\/posts"}],"about":[{"href":"https:\/\/www.radiomanchester.com.br\/fm\/wp-json\/wp\/v2\/types\/post"}],"author":[{"embeddable":true,"href":"https:\/\/www.radiomanchester.com.br\/fm\/wp-json\/wp\/v2\/users\/1"}],"replies":[{"embeddable":true,"href":"https:\/\/www.radiomanchester.com.br\/fm\/wp-json\/wp\/v2\/comments?post=16132"}],"version-history":[{"count":1,"href":"https:\/\/www.radiomanchester.com.br\/fm\/wp-json\/wp\/v2\/posts\/16132\/revisions"}],"predecessor-version":[{"id":16133,"href":"https:\/\/www.radiomanchester.com.br\/fm\/wp-json\/wp\/v2\/posts\/16132\/revisions\/16133"}],"wp:attachment":[{"href":"https:\/\/www.radiomanchester.com.br\/fm\/wp-json\/wp\/v2\/media?parent=16132"}],"wp:term":[{"taxonomy":"category","embeddable":true,"href":"https:\/\/www.radiomanchester.com.br\/fm\/wp-json\/wp\/v2\/categories?post=16132"},{"taxonomy":"post_tag","embeddable":true,"href":"https:\/\/www.radiomanchester.com.br\/fm\/wp-json\/wp\/v2\/tags?post=16132"}],"curies":[{"name":"wp","href":"https:\/\/api.w.org\/{rel}","templated":true}]}}