{"id":16134,"date":"2025-06-11T07:00:00","date_gmt":"2025-06-11T10:00:00","guid":{"rendered":"https:\/\/www.radiomanchester.com.br\/fm\/?p=16134"},"modified":"2025-06-10T22:34:40","modified_gmt":"2025-06-11T01:34:40","slug":"atualizados-os-pontos-de-doacao-da-campanha-do-agasalho-2025","status":"publish","type":"post","link":"https:\/\/www.radiomanchester.com.br\/fm\/atualizados-os-pontos-de-doacao-da-campanha-do-agasalho-2025\/","title":{"rendered":"Atualizados os pontos de doa\u00e7\u00e3o da Campanha do Agasalho 2025"},"content":{"rendered":"\n<p>A Prefeitura de An\u00e1polis por meio da Secretaria Municipal de Assist\u00eancia e Pol\u00edticas Sociais iniciou neste m\u00eas a Campanha do Agasalho 2025 com o tema: \u201cAn\u00e1polis Abra\u00e7a: Aque\u00e7a um Cora\u00e7\u00e3o\u201d. A a\u00e7\u00e3o teve in\u00edcio com a entrega de 2 mil cobertores nos Centros de Refer\u00eancia em Assist\u00eancia Social (CRAS) e a arrecada\u00e7\u00e3o ser\u00e1 feita at\u00e9 o dia 20 de agosto, com pontos espalhados por toda a cidade.<\/p>\n\n\n\n<p>A popula\u00e7\u00e3o pode contribuir com doa\u00e7\u00f5es de agasalhos, cobertores e cal\u00e7ados em bom estado em diversos pontos de coleta espalhados por An\u00e1polis.<\/p>\n\n\n\n<p>Em cada local haver\u00e1 um banner e caixas para as doa\u00e7\u00f5es. Os hor\u00e1rios para entrega dos itens seguem o hor\u00e1rio de funcionamento de cada estabelecimento.<\/p>\n\n\n\n<p>As doa\u00e7\u00f5es ser\u00e3o destinadas a fam\u00edlias em situa\u00e7\u00e3o de vulnerabilidade social durante o inverno.<\/p>\n\n\n\n<p>Ao longo da campanha, as pe\u00e7as arrecadadas passar\u00e3o por triagem e higieniza\u00e7\u00e3o antes de serem entregues \u00e0s fam\u00edlias cadastradas nos programas sociais do munic\u00edpio.<\/p>\n\n\n\n<p><strong>Confira os locais de arrecada\u00e7\u00e3o:<br><\/strong>-Associa\u00e7\u00e3o Comercial e Industrial de An\u00e1polis (ACIA);<br>-Universidade Estadual de Goi\u00e1s (UEG), no Jundia\u00ed;<br>-Genesis Office;<br>-C\u00e2mara dos Dirigentes Lojistas de An\u00e1polis (CDL);<br>-UniEvang\u00e9lica;<br>-Faculdade Metropolitana de An\u00e1polis (Fama);<br>-Base A\u00e9rea;<br>-Corpo de Bombeiro;<br>-Escola Sesi, no Jundia\u00ed;<br>-Faculdade SENAI Roberto Mange;<br>-Anashopping;<br>-C\u00e2mara Municipal de An\u00e1polis;<br>-Prefeitura de An\u00e1polis;<br>-Secretarias Municipais;<br>-Centro de Empreendedorismo, Inova\u00e7\u00e3o e Tecnologia de An\u00e1polis (Ceitec);<br>-Hospital Estadual de An\u00e1polis Dr. Henrique Santillo (HEANA);<br>-Hospital Evang\u00e9lico Goiano (HEG) e em outros locais parceiros da campanha.<\/p>\n","protected":false},"excerpt":{"rendered":"<p class=\"excerpt\">A Prefeitura de An\u00e1polis por meio da Secretaria Municipal de Assist\u00eancia e Pol\u00edticas Sociais iniciou neste m\u00eas a Campanha do Agasalho 2025 com o tema: \u201cAn\u00e1polis Abra\u00e7a: Aque\u00e7a um Cora\u00e7\u00e3o\u201d. A a\u00e7\u00e3o teve in\u00edcio com a entrega de 2 mil cobertores nos Centros de Refer\u00eancia em Assist\u00eancia Social (CRAS) e a arrecada\u00e7\u00e3o ser\u00e1 feita at\u00e9 [&hellip;]<\/p>\n","protected":false},"author":1,"featured_media":0,"comment_status":"open","ping_status":"open","sticky":false,"template":"","format":"standard","meta":[],"categories":[8,17],"tags":[22,24,113,83,129,92],"yoast_head":"<!-- This site is optimized with the Yoast SEO plugin v18.3 - https:\/\/yoast.com\/wordpress\/plugins\/seo\/ -->\n<title>Atualizados os pontos de doa\u00e7\u00e3o da Campanha do Agasalho 2025 - Manchester FM 93,3<\/title>\n<meta name=\"robots\" content=\"index, follow, max-snippet:-1, max-image-preview:large, max-video-preview:-1\" \/>\n<link rel=\"canonical\" href=\"https:\/\/www.radiomanchester.com.br\/fm\/atualizados-os-pontos-de-doacao-da-campanha-do-agasalho-2025\/\" \/>\n<meta property=\"og:locale\" content=\"pt_BR\" \/>\n<meta property=\"og:type\" content=\"article\" \/>\n<meta property=\"og:title\" content=\"Atualizados os pontos de doa\u00e7\u00e3o da Campanha do Agasalho 2025 - Manchester FM 93,3\" \/>\n<meta property=\"og:description\" content=\"A Prefeitura de An\u00e1polis por meio da Secretaria Municipal de Assist\u00eancia e Pol\u00edticas Sociais iniciou neste m\u00eas a Campanha do Agasalho 2025 com o tema: \u201cAn\u00e1polis Abra\u00e7a: Aque\u00e7a um Cora\u00e7\u00e3o\u201d. A a\u00e7\u00e3o teve in\u00edcio com a entrega de 2 mil cobertores nos Centros de Refer\u00eancia em Assist\u00eancia Social (CRAS) e a arrecada\u00e7\u00e3o ser\u00e1 feita at\u00e9 [&hellip;]\" \/>\n<meta property=\"og:url\" content=\"https:\/\/www.radiomanchester.com.br\/fm\/atualizados-os-pontos-de-doacao-da-campanha-do-agasalho-2025\/\" \/>\n<meta property=\"og:site_name\" content=\"Manchester FM 93,3\" \/>\n<meta property=\"article:published_time\" content=\"2025-06-11T10:00:00+00:00\" \/>\n<meta property=\"article:modified_time\" content=\"2025-06-11T01:34:40+00:00\" \/>\n<meta name=\"twitter:card\" content=\"summary_large_image\" \/>\n<meta name=\"twitter:label1\" content=\"Escrito por\" \/>\n\t<meta name=\"twitter:data1\" content=\"admin\" \/>\n\t<meta name=\"twitter:label2\" content=\"Est. tempo de leitura\" \/>\n\t<meta name=\"twitter:data2\" content=\"2 minutos\" \/>\n<script type=\"application\/ld+json\" class=\"yoast-schema-graph\">{\"@context\":\"https:\/\/schema.org\",\"@graph\":[{\"@type\":\"WebSite\",\"@id\":\"https:\/\/www.radiomanchester.com.br\/fm\/#website\",\"url\":\"https:\/\/www.radiomanchester.com.br\/fm\/\",\"name\":\"Manchester FM 93,3\",\"description\":\"Todo Mundo Ouve!\",\"potentialAction\":[{\"@type\":\"SearchAction\",\"target\":{\"@type\":\"EntryPoint\",\"urlTemplate\":\"https:\/\/www.radiomanchester.com.br\/fm\/?s={search_term_string}\"},\"query-input\":\"required name=search_term_string\"}],\"inLanguage\":\"pt-BR\"},{\"@type\":\"WebPage\",\"@id\":\"https:\/\/www.radiomanchester.com.br\/fm\/atualizados-os-pontos-de-doacao-da-campanha-do-agasalho-2025\/#webpage\",\"url\":\"https:\/\/www.radiomanchester.com.br\/fm\/atualizados-os-pontos-de-doacao-da-campanha-do-agasalho-2025\/\",\"name\":\"Atualizados os pontos de doa\u00e7\u00e3o da Campanha do Agasalho 2025 - Manchester FM 93,3\",\"isPartOf\":{\"@id\":\"https:\/\/www.radiomanchester.com.br\/fm\/#website\"},\"datePublished\":\"2025-06-11T10:00:00+00:00\",\"dateModified\":\"2025-06-11T01:34:40+00:00\",\"author\":{\"@id\":\"https:\/\/www.radiomanchester.com.br\/fm\/#\/schema\/person\/408a7b4d4e32cbebd90e2782852abca3\"},\"breadcrumb\":{\"@id\":\"https:\/\/www.radiomanchester.com.br\/fm\/atualizados-os-pontos-de-doacao-da-campanha-do-agasalho-2025\/#breadcrumb\"},\"inLanguage\":\"pt-BR\",\"potentialAction\":[{\"@type\":\"ReadAction\",\"target\":[\"https:\/\/www.radiomanchester.com.br\/fm\/atualizados-os-pontos-de-doacao-da-campanha-do-agasalho-2025\/\"]}]},{\"@type\":\"BreadcrumbList\",\"@id\":\"https:\/\/www.radiomanchester.com.br\/fm\/atualizados-os-pontos-de-doacao-da-campanha-do-agasalho-2025\/#breadcrumb\",\"itemListElement\":[{\"@type\":\"ListItem\",\"position\":1,\"name\":\"Home\",\"item\":\"https:\/\/www.radiomanchester.com.br\/fm\/\"},{\"@type\":\"ListItem\",\"position\":2,\"name\":\"Atualizados os pontos de doa\u00e7\u00e3o da Campanha do Agasalho 2025\"}]},{\"@type\":\"Person\",\"@id\":\"https:\/\/www.radiomanchester.com.br\/fm\/#\/schema\/person\/408a7b4d4e32cbebd90e2782852abca3\",\"name\":\"admin\",\"image\":{\"@type\":\"ImageObject\",\"@id\":\"https:\/\/www.radiomanchester.com.br\/fm\/#personlogo\",\"inLanguage\":\"pt-BR\",\"url\":\"https:\/\/secure.gravatar.com\/avatar\/115a974dba3376872eb3addeb276301c?s=96&d=mm&r=g\",\"contentUrl\":\"https:\/\/secure.gravatar.com\/avatar\/115a974dba3376872eb3addeb276301c?s=96&d=mm&r=g\",\"caption\":\"admin\"},\"url\":\"https:\/\/www.radiomanchester.com.br\/fm\/author\/admin\/\"}]}<\/script>\n<!-- \/ Yoast SEO plugin. -->","yoast_head_json":{"title":"Atualizados os pontos de doa\u00e7\u00e3o da Campanha do Agasalho 2025 - Manchester FM 93,3","robots":{"index":"index","follow":"follow","max-snippet":"max-snippet:-1","max-image-preview":"max-image-preview:large","max-video-preview":"max-video-preview:-1"},"canonical":"https:\/\/www.radiomanchester.com.br\/fm\/atualizados-os-pontos-de-doacao-da-campanha-do-agasalho-2025\/","og_locale":"pt_BR","og_type":"article","og_title":"Atualizados os pontos de doa\u00e7\u00e3o da Campanha do Agasalho 2025 - Manchester FM 93,3","og_description":"A Prefeitura de An\u00e1polis por meio da Secretaria Municipal de Assist\u00eancia e Pol\u00edticas Sociais iniciou neste m\u00eas a Campanha do Agasalho 2025 com o tema: \u201cAn\u00e1polis Abra\u00e7a: Aque\u00e7a um Cora\u00e7\u00e3o\u201d. A a\u00e7\u00e3o teve in\u00edcio com a entrega de 2 mil cobertores nos Centros de Refer\u00eancia em Assist\u00eancia Social (CRAS) e a arrecada\u00e7\u00e3o ser\u00e1 feita at\u00e9 [&hellip;]","og_url":"https:\/\/www.radiomanchester.com.br\/fm\/atualizados-os-pontos-de-doacao-da-campanha-do-agasalho-2025\/","og_site_name":"Manchester FM 93,3","article_published_time":"2025-06-11T10:00:00+00:00","article_modified_time":"2025-06-11T01:34:40+00:00","twitter_card":"summary_large_image","twitter_misc":{"Escrito por":"admin","Est. tempo de leitura":"2 minutos"},"schema":{"@context":"https:\/\/schema.org","@graph":[{"@type":"WebSite","@id":"https:\/\/www.radiomanchester.com.br\/fm\/#website","url":"https:\/\/www.radiomanchester.com.br\/fm\/","name":"Manchester FM 93,3","description":"Todo Mundo Ouve!","potentialAction":[{"@type":"SearchAction","target":{"@type":"EntryPoint","urlTemplate":"https:\/\/www.radiomanchester.com.br\/fm\/?s={search_term_string}"},"query-input":"required name=search_term_string"}],"inLanguage":"pt-BR"},{"@type":"WebPage","@id":"https:\/\/www.radiomanchester.com.br\/fm\/atualizados-os-pontos-de-doacao-da-campanha-do-agasalho-2025\/#webpage","url":"https:\/\/www.radiomanchester.com.br\/fm\/atualizados-os-pontos-de-doacao-da-campanha-do-agasalho-2025\/","name":"Atualizados os pontos de doa\u00e7\u00e3o da Campanha do Agasalho 2025 - Manchester FM 93,3","isPartOf":{"@id":"https:\/\/www.radiomanchester.com.br\/fm\/#website"},"datePublished":"2025-06-11T10:00:00+00:00","dateModified":"2025-06-11T01:34:40+00:00","author":{"@id":"https:\/\/www.radiomanchester.com.br\/fm\/#\/schema\/person\/408a7b4d4e32cbebd90e2782852abca3"},"breadcrumb":{"@id":"https:\/\/www.radiomanchester.com.br\/fm\/atualizados-os-pontos-de-doacao-da-campanha-do-agasalho-2025\/#breadcrumb"},"inLanguage":"pt-BR","potentialAction":[{"@type":"ReadAction","target":["https:\/\/www.radiomanchester.com.br\/fm\/atualizados-os-pontos-de-doacao-da-campanha-do-agasalho-2025\/"]}]},{"@type":"BreadcrumbList","@id":"https:\/\/www.radiomanchester.com.br\/fm\/atualizados-os-pontos-de-doacao-da-campanha-do-agasalho-2025\/#breadcrumb","itemListElement":[{"@type":"ListItem","position":1,"name":"Home","item":"https:\/\/www.radiomanchester.com.br\/fm\/"},{"@type":"ListItem","position":2,"name":"Atualizados os pontos de doa\u00e7\u00e3o da Campanha do Agasalho 2025"}]},{"@type":"Person","@id":"https:\/\/www.radiomanchester.com.br\/fm\/#\/schema\/person\/408a7b4d4e32cbebd90e2782852abca3","name":"admin","image":{"@type":"ImageObject","@id":"https:\/\/www.radiomanchester.com.br\/fm\/#personlogo","inLanguage":"pt-BR","url":"https:\/\/secure.gravatar.com\/avatar\/115a974dba3376872eb3addeb276301c?s=96&d=mm&r=g","contentUrl":"https:\/\/secure.gravatar.com\/avatar\/115a974dba3376872eb3addeb276301c?s=96&d=mm&r=g","caption":"admin"},"url":"https:\/\/www.radiomanchester.com.br\/fm\/author\/admin\/"}]}},"_links":{"self":[{"href":"https:\/\/www.radiomanchester.com.br\/fm\/wp-json\/wp\/v2\/posts\/16134"}],"collection":[{"href":"https:\/\/www.radiomanchester.com.br\/fm\/wp-json\/wp\/v2\/posts"}],"about":[{"href":"https:\/\/www.radiomanchester.com.br\/fm\/wp-json\/wp\/v2\/types\/post"}],"author":[{"embeddable":true,"href":"https:\/\/www.radiomanchester.com.br\/fm\/wp-json\/wp\/v2\/users\/1"}],"replies":[{"embeddable":true,"href":"https:\/\/www.radiomanchester.com.br\/fm\/wp-json\/wp\/v2\/comments?post=16134"}],"version-history":[{"count":1,"href":"https:\/\/www.radiomanchester.com.br\/fm\/wp-json\/wp\/v2\/posts\/16134\/revisions"}],"predecessor-version":[{"id":16135,"href":"https:\/\/www.radiomanchester.com.br\/fm\/wp-json\/wp\/v2\/posts\/16134\/revisions\/16135"}],"wp:attachment":[{"href":"https:\/\/www.radiomanchester.com.br\/fm\/wp-json\/wp\/v2\/media?parent=16134"}],"wp:term":[{"taxonomy":"category","embeddable":true,"href":"https:\/\/www.radiomanchester.com.br\/fm\/wp-json\/wp\/v2\/categories?post=16134"},{"taxonomy":"post_tag","embeddable":true,"href":"https:\/\/www.radiomanchester.com.br\/fm\/wp-json\/wp\/v2\/tags?post=16134"}],"curies":[{"name":"wp","href":"https:\/\/api.w.org\/{rel}","templated":true}]}}