{"id":16185,"date":"2025-06-22T20:57:07","date_gmt":"2025-06-22T23:57:07","guid":{"rendered":"https:\/\/www.radiomanchester.com.br\/fm\/?p=16185"},"modified":"2025-06-22T20:57:10","modified_gmt":"2025-06-22T23:57:10","slug":"apos-tragedia-governo-quer-avancar-em-regulamentacao-do-balonismo","status":"publish","type":"post","link":"https:\/\/www.radiomanchester.com.br\/fm\/apos-tragedia-governo-quer-avancar-em-regulamentacao-do-balonismo\/","title":{"rendered":"Ap\u00f3s trag\u00e9dia, governo quer avan\u00e7ar em regulamenta\u00e7\u00e3o do balonismo"},"content":{"rendered":"\n<p><em><strong>Minist\u00e9rio do Turismo se reunir\u00e1 com entidades interessadas no assunto<\/strong><\/em><\/p>\n\n\n\n<hr class=\"wp-block-separator\"\/>\n\n\n\n<p>O Minist\u00e9rio do Turismo informou por meio de nota que pretende avan\u00e7ar nesta semana, em reuni\u00e3o com entidades interessadas, na regulamenta\u00e7\u00e3o da explora\u00e7\u00e3o do balonismo para fins tur\u00edsticos no pa\u00eds.<\/p>\n\n\n\n<p>A pasta lamentou a queda de um bal\u00e3o que pegou fogo no ar e caiu no s\u00e1bado (21) enquanto realizava um passeio tur\u00edstico com 21 pessoas a bordo na cidade de Praia Grande, em Santa Catarina. Oito pessoas morreram na trag\u00e9dia, carbonizadas ou ao pular para fugir das chamas.<\/p>\n\n\n\n<p>\u201cA expectativa \u00e9 que, j\u00e1 na pr\u00f3xima semana, haja um avan\u00e7o significativo nesse processo, em decorr\u00eancia de uma reuni\u00e3o com as entidades envolvidas no tema\u201d, informou a pasta, que disse discutir o assunto desde o in\u00edcio do ano.<\/p>\n\n\n\n<p>Hoje, o balonismo \u00e9 praticado no Brasil como \u201catividade aerodesportiva\u201d, esclareceu no s\u00e1bado (21) a Ag\u00eancia Nacional de Avia\u00e7\u00e3o Civil (Anac). Portanto, os voos de bal\u00e3o s\u00e3o feitos \u201cpor conta e risco dos envolvidos\u201d.<\/p>\n\n\n\n<p>N\u00e3o existe no pa\u00eds, por exemplo, nenhuma habilita\u00e7\u00e3o t\u00e9cnica para pilotos de bal\u00e3o de ar quente nem certifica\u00e7\u00e3o para atestar a seguran\u00e7a das aeronaves.<\/p>\n\n\n\n<p>Segundo o minist\u00e9rio, o objetivo do governo \u00e9 fazer com que o pa\u00eds \u201cpossua uma regulamenta\u00e7\u00e3o espec\u00edfica e clara para a opera\u00e7\u00e3o de voos de bal\u00e3o em atividades tur\u00edsticas, visando garantir a seguran\u00e7a dos praticantes e impulsionar o desenvolvimento desse segmento no Brasil\u201d.<\/p>\n\n\n\n<p>O Servi\u00e7o Brasileiro de Apoio \u00e0s Micro e Pequenas Empresas (Sebrae) est\u00e1 envolvido nas discuss\u00f5es para regulamentar o balonismo de turismo no pa\u00eds.<\/p>\n\n\n\n<p>As prefeituras de Praia Grande (SC) e da vizinha Torres (RS), reconhecida como capital brasileira do balonismo, dizem buscar h\u00e1 anos uma regulamenta\u00e7\u00e3o e maior profissionaliza\u00e7\u00e3o da atividade, diante do aumento da pr\u00e1tica e do impacto dos passeios tur\u00edsticos sobre a economia regional nos \u00faltimos anos.<\/p>\n\n\n\n<p>As duas cidades ficam numa regi\u00e3o com c\u00e2nions de grande beleza c\u00eanica, como os localizados nos parques nacionais de Aparados da Serra e da Serra Geral, al\u00e9m de terem condi\u00e7\u00f5es geogr\u00e1ficas e meteorol\u00f3gicas prop\u00edcias para o balonismo.<\/p>\n\n\n\n<p>Ainda no s\u00e1bado, a Confedera\u00e7\u00e3o Brasileira de Balonismo divulgou nota em que esclarece ter como objetivo fomentar a pr\u00e1tica esportiva do balonismo, mas sem possuir qualquer compet\u00eancia para regular ou fiscalizar passeios tur\u00edsticos em bal\u00f5es de ar quente.<\/p>\n\n\n\n<p>&#8220;Neste instante delicado, nos unimos em respeito e sentimento \u00e0s fam\u00edlias enlutadas. Que encontrem for\u00e7a para atravessar este momento irrepar\u00e1vel. Seguiremos atentos aos desdobramentos do caso e dispon\u00edveis para apoiar no que estiver ao nosso alcance, dentro das atribui\u00e7\u00f5es que nos cabem legalmente&#8221;, diz o texto assinado pelo presidente da confedera\u00e7\u00e3o, por Johny Alvarez.<\/p>\n\n\n\n<p>porAg\u00eancia Brasil<\/p>\n","protected":false},"excerpt":{"rendered":"<p class=\"excerpt\">Minist\u00e9rio do Turismo se reunir\u00e1 com entidades interessadas no assunto O Minist\u00e9rio do Turismo informou por meio de nota que pretende avan\u00e7ar nesta semana, em reuni\u00e3o com entidades interessadas, na regulamenta\u00e7\u00e3o da explora\u00e7\u00e3o do balonismo para fins tur\u00edsticos no pa\u00eds. A pasta lamentou a queda de um bal\u00e3o que pegou fogo no ar e caiu [&hellip;]<\/p>\n","protected":false},"author":1,"featured_media":0,"comment_status":"open","ping_status":"open","sticky":false,"template":"","format":"standard","meta":[],"categories":[8,17],"tags":[22,24,113,83,92],"yoast_head":"<!-- This site is optimized with the Yoast SEO plugin v18.3 - https:\/\/yoast.com\/wordpress\/plugins\/seo\/ -->\n<title>Ap\u00f3s trag\u00e9dia, governo quer avan\u00e7ar em regulamenta\u00e7\u00e3o do balonismo - Manchester FM 93,3<\/title>\n<meta name=\"robots\" content=\"index, follow, max-snippet:-1, max-image-preview:large, max-video-preview:-1\" \/>\n<link rel=\"canonical\" href=\"https:\/\/www.radiomanchester.com.br\/fm\/apos-tragedia-governo-quer-avancar-em-regulamentacao-do-balonismo\/\" \/>\n<meta property=\"og:locale\" content=\"pt_BR\" \/>\n<meta property=\"og:type\" content=\"article\" \/>\n<meta property=\"og:title\" content=\"Ap\u00f3s trag\u00e9dia, governo quer avan\u00e7ar em regulamenta\u00e7\u00e3o do balonismo - Manchester FM 93,3\" \/>\n<meta property=\"og:description\" content=\"Minist\u00e9rio do Turismo se reunir\u00e1 com entidades interessadas no assunto O Minist\u00e9rio do Turismo informou por meio de nota que pretende avan\u00e7ar nesta semana, em reuni\u00e3o com entidades interessadas, na regulamenta\u00e7\u00e3o da explora\u00e7\u00e3o do balonismo para fins tur\u00edsticos no pa\u00eds. A pasta lamentou a queda de um bal\u00e3o que pegou fogo no ar e caiu [&hellip;]\" \/>\n<meta property=\"og:url\" content=\"https:\/\/www.radiomanchester.com.br\/fm\/apos-tragedia-governo-quer-avancar-em-regulamentacao-do-balonismo\/\" \/>\n<meta property=\"og:site_name\" content=\"Manchester FM 93,3\" \/>\n<meta property=\"article:published_time\" content=\"2025-06-22T23:57:07+00:00\" \/>\n<meta property=\"article:modified_time\" content=\"2025-06-22T23:57:10+00:00\" \/>\n<meta name=\"twitter:card\" content=\"summary_large_image\" \/>\n<meta name=\"twitter:label1\" content=\"Escrito por\" \/>\n\t<meta name=\"twitter:data1\" content=\"admin\" \/>\n\t<meta name=\"twitter:label2\" content=\"Est. tempo de leitura\" \/>\n\t<meta name=\"twitter:data2\" content=\"3 minutos\" \/>\n<script type=\"application\/ld+json\" class=\"yoast-schema-graph\">{\"@context\":\"https:\/\/schema.org\",\"@graph\":[{\"@type\":\"WebSite\",\"@id\":\"https:\/\/www.radiomanchester.com.br\/fm\/#website\",\"url\":\"https:\/\/www.radiomanchester.com.br\/fm\/\",\"name\":\"Manchester FM 93,3\",\"description\":\"Todo Mundo Ouve!\",\"potentialAction\":[{\"@type\":\"SearchAction\",\"target\":{\"@type\":\"EntryPoint\",\"urlTemplate\":\"https:\/\/www.radiomanchester.com.br\/fm\/?s={search_term_string}\"},\"query-input\":\"required name=search_term_string\"}],\"inLanguage\":\"pt-BR\"},{\"@type\":\"WebPage\",\"@id\":\"https:\/\/www.radiomanchester.com.br\/fm\/apos-tragedia-governo-quer-avancar-em-regulamentacao-do-balonismo\/#webpage\",\"url\":\"https:\/\/www.radiomanchester.com.br\/fm\/apos-tragedia-governo-quer-avancar-em-regulamentacao-do-balonismo\/\",\"name\":\"Ap\u00f3s trag\u00e9dia, governo quer avan\u00e7ar em regulamenta\u00e7\u00e3o do balonismo - Manchester FM 93,3\",\"isPartOf\":{\"@id\":\"https:\/\/www.radiomanchester.com.br\/fm\/#website\"},\"datePublished\":\"2025-06-22T23:57:07+00:00\",\"dateModified\":\"2025-06-22T23:57:10+00:00\",\"author\":{\"@id\":\"https:\/\/www.radiomanchester.com.br\/fm\/#\/schema\/person\/408a7b4d4e32cbebd90e2782852abca3\"},\"breadcrumb\":{\"@id\":\"https:\/\/www.radiomanchester.com.br\/fm\/apos-tragedia-governo-quer-avancar-em-regulamentacao-do-balonismo\/#breadcrumb\"},\"inLanguage\":\"pt-BR\",\"potentialAction\":[{\"@type\":\"ReadAction\",\"target\":[\"https:\/\/www.radiomanchester.com.br\/fm\/apos-tragedia-governo-quer-avancar-em-regulamentacao-do-balonismo\/\"]}]},{\"@type\":\"BreadcrumbList\",\"@id\":\"https:\/\/www.radiomanchester.com.br\/fm\/apos-tragedia-governo-quer-avancar-em-regulamentacao-do-balonismo\/#breadcrumb\",\"itemListElement\":[{\"@type\":\"ListItem\",\"position\":1,\"name\":\"Home\",\"item\":\"https:\/\/www.radiomanchester.com.br\/fm\/\"},{\"@type\":\"ListItem\",\"position\":2,\"name\":\"Ap\u00f3s trag\u00e9dia, governo quer avan\u00e7ar em regulamenta\u00e7\u00e3o do balonismo\"}]},{\"@type\":\"Person\",\"@id\":\"https:\/\/www.radiomanchester.com.br\/fm\/#\/schema\/person\/408a7b4d4e32cbebd90e2782852abca3\",\"name\":\"admin\",\"image\":{\"@type\":\"ImageObject\",\"@id\":\"https:\/\/www.radiomanchester.com.br\/fm\/#personlogo\",\"inLanguage\":\"pt-BR\",\"url\":\"https:\/\/secure.gravatar.com\/avatar\/115a974dba3376872eb3addeb276301c?s=96&d=mm&r=g\",\"contentUrl\":\"https:\/\/secure.gravatar.com\/avatar\/115a974dba3376872eb3addeb276301c?s=96&d=mm&r=g\",\"caption\":\"admin\"},\"url\":\"https:\/\/www.radiomanchester.com.br\/fm\/author\/admin\/\"}]}<\/script>\n<!-- \/ Yoast SEO plugin. -->","yoast_head_json":{"title":"Ap\u00f3s trag\u00e9dia, governo quer avan\u00e7ar em regulamenta\u00e7\u00e3o do balonismo - Manchester FM 93,3","robots":{"index":"index","follow":"follow","max-snippet":"max-snippet:-1","max-image-preview":"max-image-preview:large","max-video-preview":"max-video-preview:-1"},"canonical":"https:\/\/www.radiomanchester.com.br\/fm\/apos-tragedia-governo-quer-avancar-em-regulamentacao-do-balonismo\/","og_locale":"pt_BR","og_type":"article","og_title":"Ap\u00f3s trag\u00e9dia, governo quer avan\u00e7ar em regulamenta\u00e7\u00e3o do balonismo - Manchester FM 93,3","og_description":"Minist\u00e9rio do Turismo se reunir\u00e1 com entidades interessadas no assunto O Minist\u00e9rio do Turismo informou por meio de nota que pretende avan\u00e7ar nesta semana, em reuni\u00e3o com entidades interessadas, na regulamenta\u00e7\u00e3o da explora\u00e7\u00e3o do balonismo para fins tur\u00edsticos no pa\u00eds. A pasta lamentou a queda de um bal\u00e3o que pegou fogo no ar e caiu [&hellip;]","og_url":"https:\/\/www.radiomanchester.com.br\/fm\/apos-tragedia-governo-quer-avancar-em-regulamentacao-do-balonismo\/","og_site_name":"Manchester FM 93,3","article_published_time":"2025-06-22T23:57:07+00:00","article_modified_time":"2025-06-22T23:57:10+00:00","twitter_card":"summary_large_image","twitter_misc":{"Escrito por":"admin","Est. tempo de leitura":"3 minutos"},"schema":{"@context":"https:\/\/schema.org","@graph":[{"@type":"WebSite","@id":"https:\/\/www.radiomanchester.com.br\/fm\/#website","url":"https:\/\/www.radiomanchester.com.br\/fm\/","name":"Manchester FM 93,3","description":"Todo Mundo Ouve!","potentialAction":[{"@type":"SearchAction","target":{"@type":"EntryPoint","urlTemplate":"https:\/\/www.radiomanchester.com.br\/fm\/?s={search_term_string}"},"query-input":"required name=search_term_string"}],"inLanguage":"pt-BR"},{"@type":"WebPage","@id":"https:\/\/www.radiomanchester.com.br\/fm\/apos-tragedia-governo-quer-avancar-em-regulamentacao-do-balonismo\/#webpage","url":"https:\/\/www.radiomanchester.com.br\/fm\/apos-tragedia-governo-quer-avancar-em-regulamentacao-do-balonismo\/","name":"Ap\u00f3s trag\u00e9dia, governo quer avan\u00e7ar em regulamenta\u00e7\u00e3o do balonismo - Manchester FM 93,3","isPartOf":{"@id":"https:\/\/www.radiomanchester.com.br\/fm\/#website"},"datePublished":"2025-06-22T23:57:07+00:00","dateModified":"2025-06-22T23:57:10+00:00","author":{"@id":"https:\/\/www.radiomanchester.com.br\/fm\/#\/schema\/person\/408a7b4d4e32cbebd90e2782852abca3"},"breadcrumb":{"@id":"https:\/\/www.radiomanchester.com.br\/fm\/apos-tragedia-governo-quer-avancar-em-regulamentacao-do-balonismo\/#breadcrumb"},"inLanguage":"pt-BR","potentialAction":[{"@type":"ReadAction","target":["https:\/\/www.radiomanchester.com.br\/fm\/apos-tragedia-governo-quer-avancar-em-regulamentacao-do-balonismo\/"]}]},{"@type":"BreadcrumbList","@id":"https:\/\/www.radiomanchester.com.br\/fm\/apos-tragedia-governo-quer-avancar-em-regulamentacao-do-balonismo\/#breadcrumb","itemListElement":[{"@type":"ListItem","position":1,"name":"Home","item":"https:\/\/www.radiomanchester.com.br\/fm\/"},{"@type":"ListItem","position":2,"name":"Ap\u00f3s trag\u00e9dia, governo quer avan\u00e7ar em regulamenta\u00e7\u00e3o do balonismo"}]},{"@type":"Person","@id":"https:\/\/www.radiomanchester.com.br\/fm\/#\/schema\/person\/408a7b4d4e32cbebd90e2782852abca3","name":"admin","image":{"@type":"ImageObject","@id":"https:\/\/www.radiomanchester.com.br\/fm\/#personlogo","inLanguage":"pt-BR","url":"https:\/\/secure.gravatar.com\/avatar\/115a974dba3376872eb3addeb276301c?s=96&d=mm&r=g","contentUrl":"https:\/\/secure.gravatar.com\/avatar\/115a974dba3376872eb3addeb276301c?s=96&d=mm&r=g","caption":"admin"},"url":"https:\/\/www.radiomanchester.com.br\/fm\/author\/admin\/"}]}},"_links":{"self":[{"href":"https:\/\/www.radiomanchester.com.br\/fm\/wp-json\/wp\/v2\/posts\/16185"}],"collection":[{"href":"https:\/\/www.radiomanchester.com.br\/fm\/wp-json\/wp\/v2\/posts"}],"about":[{"href":"https:\/\/www.radiomanchester.com.br\/fm\/wp-json\/wp\/v2\/types\/post"}],"author":[{"embeddable":true,"href":"https:\/\/www.radiomanchester.com.br\/fm\/wp-json\/wp\/v2\/users\/1"}],"replies":[{"embeddable":true,"href":"https:\/\/www.radiomanchester.com.br\/fm\/wp-json\/wp\/v2\/comments?post=16185"}],"version-history":[{"count":1,"href":"https:\/\/www.radiomanchester.com.br\/fm\/wp-json\/wp\/v2\/posts\/16185\/revisions"}],"predecessor-version":[{"id":16186,"href":"https:\/\/www.radiomanchester.com.br\/fm\/wp-json\/wp\/v2\/posts\/16185\/revisions\/16186"}],"wp:attachment":[{"href":"https:\/\/www.radiomanchester.com.br\/fm\/wp-json\/wp\/v2\/media?parent=16185"}],"wp:term":[{"taxonomy":"category","embeddable":true,"href":"https:\/\/www.radiomanchester.com.br\/fm\/wp-json\/wp\/v2\/categories?post=16185"},{"taxonomy":"post_tag","embeddable":true,"href":"https:\/\/www.radiomanchester.com.br\/fm\/wp-json\/wp\/v2\/tags?post=16185"}],"curies":[{"name":"wp","href":"https:\/\/api.w.org\/{rel}","templated":true}]}}