{"id":16187,"date":"2025-06-22T21:30:43","date_gmt":"2025-06-23T00:30:43","guid":{"rendered":"https:\/\/www.radiomanchester.com.br\/fm\/?p=16187"},"modified":"2025-06-22T21:34:31","modified_gmt":"2025-06-23T00:34:31","slug":"transito-violento-passageiro-adolescente-morre-e-posteriormente-condutor-do-veiculo-perde-a-vida","status":"publish","type":"post","link":"https:\/\/www.radiomanchester.com.br\/fm\/transito-violento-passageiro-adolescente-morre-e-posteriormente-condutor-do-veiculo-perde-a-vida\/","title":{"rendered":"Tr\u00e2nsito violento: passageiro adolescente morre e posteriormente, condutor do ve\u00edculo perde a vida"},"content":{"rendered":"\n<p><\/p>\n\n\n\n<p><em><strong>O motorista do carro foi socorrido e levado ao hospital em estado grave, mas infelizmente morreu neste domingo<\/strong><\/em><\/p>\n\n\n\n<hr class=\"wp-block-separator\"\/>\n\n\n\n<p>Um adolescente de 14 anos morreu na madrugada deste domingo (22\/06), em um acidente de carro no viaduto Nelson Mandela, em An\u00e1polis. O carro em que ele estava colidiu com a mureta de prote\u00e7\u00e3o do acesso ao viaduto, segundo a pol\u00edcia. \u00cdcaro Gabriel Rodrigues Cunha morreu no local.<\/p>\n\n\n\n<p>Segundo o Corpo de Bombeiros, o corpo do adolescente ficou preso \u00e0s ferragens do carro, uma Fiat Strada. J\u00e1 o motorista do ve\u00edculo, ainda n\u00e3o identificado pela pol\u00edcia, foi resgatado pelo Servi\u00e7o de Atendimento M\u00f3vel de Urg\u00eancia (Samu) e encaminhado para o Hospital Estadual de Urg\u00eancias Dr. Henrique Santillo (Heana), em estado grave. O motorista do carro, que ficou em estado grav\u00edssimo, mas tamb\u00e9m veio a falecer horas depois. Ele n\u00e3o portava documentos no momento do acidente e sua identidade ainda n\u00e3o foi oficialmente divulgada.<\/p>\n\n\n\n<p>A causa do acidente n\u00e3o foi explicada pelas autoridades. Um v\u00eddeo, gravado por uma pessoa que passou pelo local no momento do acidente mostra o carro completamente destru\u00eddo. O caso deve ser investigado pela Delegacia Especializada de Crimes de Tr\u00e2nsito (Dict) de An\u00e1polis.<\/p>\n\n\n\n<p><strong>Homenagens<br><\/strong>Amigos e familiares do adolescente usaram as redes sociais para prestar homenagens e se despedirem de \u00cdcaro. \u201cAt\u00e9 agora sem acreditar que voc\u00ea se foi, meu mano. Sempre estar\u00e1 na minha mem\u00f3ria, irm\u00e3o. Vai deixar saudades\u201d, escreveu um colega.<\/p>\n\n\n\n<p>\u201cEu sempre vou lembrar de voc\u00ea, \u00cdcaro. Voc\u00ea foi muito importante para mim, com suas risadas, brincadeiras, etc. Fico me perguntando como isso foi acontecer com voc\u00ea, logo com voc\u00ea. Cuida de n\u00f3s a\u00ed de cima, t\u00e1? Vou sentir sua falta\u201d, escreveu uma amiga.<\/p>\n\n\n\n<p>por reprodu\u00e7\u00e3o Jornal Op\u00e7\u00e3o<\/p>\n","protected":false},"excerpt":{"rendered":"<p class=\"excerpt\">O motorista do carro foi socorrido e levado ao hospital em estado grave, mas infelizmente morreu neste domingo Um adolescente de 14 anos morreu na madrugada deste domingo (22\/06), em um acidente de carro no viaduto Nelson Mandela, em An\u00e1polis. O carro em que ele estava colidiu com a mureta de prote\u00e7\u00e3o do acesso ao [&hellip;]<\/p>\n","protected":false},"author":1,"featured_media":0,"comment_status":"open","ping_status":"open","sticky":false,"template":"","format":"standard","meta":[],"categories":[8,17],"tags":[22,24,113,83,92],"yoast_head":"<!-- This site is optimized with the Yoast SEO plugin v18.3 - https:\/\/yoast.com\/wordpress\/plugins\/seo\/ -->\n<title>Tr\u00e2nsito violento: passageiro adolescente morre e posteriormente, condutor do ve\u00edculo perde a vida - Manchester FM 93,3<\/title>\n<meta name=\"robots\" content=\"index, follow, max-snippet:-1, max-image-preview:large, max-video-preview:-1\" \/>\n<link rel=\"canonical\" href=\"https:\/\/www.radiomanchester.com.br\/fm\/transito-violento-passageiro-adolescente-morre-e-posteriormente-condutor-do-veiculo-perde-a-vida\/\" \/>\n<meta property=\"og:locale\" content=\"pt_BR\" \/>\n<meta property=\"og:type\" content=\"article\" \/>\n<meta property=\"og:title\" content=\"Tr\u00e2nsito violento: passageiro adolescente morre e posteriormente, condutor do ve\u00edculo perde a vida - Manchester FM 93,3\" \/>\n<meta property=\"og:description\" content=\"O motorista do carro foi socorrido e levado ao hospital em estado grave, mas infelizmente morreu neste domingo Um adolescente de 14 anos morreu na madrugada deste domingo (22\/06), em um acidente de carro no viaduto Nelson Mandela, em An\u00e1polis. O carro em que ele estava colidiu com a mureta de prote\u00e7\u00e3o do acesso ao [&hellip;]\" \/>\n<meta property=\"og:url\" content=\"https:\/\/www.radiomanchester.com.br\/fm\/transito-violento-passageiro-adolescente-morre-e-posteriormente-condutor-do-veiculo-perde-a-vida\/\" \/>\n<meta property=\"og:site_name\" content=\"Manchester FM 93,3\" \/>\n<meta property=\"article:published_time\" content=\"2025-06-23T00:30:43+00:00\" \/>\n<meta property=\"article:modified_time\" content=\"2025-06-23T00:34:31+00:00\" \/>\n<meta name=\"twitter:card\" content=\"summary_large_image\" \/>\n<meta name=\"twitter:label1\" content=\"Escrito por\" \/>\n\t<meta name=\"twitter:data1\" content=\"admin\" \/>\n\t<meta name=\"twitter:label2\" content=\"Est. tempo de leitura\" \/>\n\t<meta name=\"twitter:data2\" content=\"2 minutos\" \/>\n<script type=\"application\/ld+json\" class=\"yoast-schema-graph\">{\"@context\":\"https:\/\/schema.org\",\"@graph\":[{\"@type\":\"WebSite\",\"@id\":\"https:\/\/www.radiomanchester.com.br\/fm\/#website\",\"url\":\"https:\/\/www.radiomanchester.com.br\/fm\/\",\"name\":\"Manchester FM 93,3\",\"description\":\"Todo Mundo Ouve!\",\"potentialAction\":[{\"@type\":\"SearchAction\",\"target\":{\"@type\":\"EntryPoint\",\"urlTemplate\":\"https:\/\/www.radiomanchester.com.br\/fm\/?s={search_term_string}\"},\"query-input\":\"required name=search_term_string\"}],\"inLanguage\":\"pt-BR\"},{\"@type\":\"WebPage\",\"@id\":\"https:\/\/www.radiomanchester.com.br\/fm\/transito-violento-passageiro-adolescente-morre-e-posteriormente-condutor-do-veiculo-perde-a-vida\/#webpage\",\"url\":\"https:\/\/www.radiomanchester.com.br\/fm\/transito-violento-passageiro-adolescente-morre-e-posteriormente-condutor-do-veiculo-perde-a-vida\/\",\"name\":\"Tr\u00e2nsito violento: passageiro adolescente morre e posteriormente, condutor do ve\u00edculo perde a vida - Manchester FM 93,3\",\"isPartOf\":{\"@id\":\"https:\/\/www.radiomanchester.com.br\/fm\/#website\"},\"datePublished\":\"2025-06-23T00:30:43+00:00\",\"dateModified\":\"2025-06-23T00:34:31+00:00\",\"author\":{\"@id\":\"https:\/\/www.radiomanchester.com.br\/fm\/#\/schema\/person\/408a7b4d4e32cbebd90e2782852abca3\"},\"breadcrumb\":{\"@id\":\"https:\/\/www.radiomanchester.com.br\/fm\/transito-violento-passageiro-adolescente-morre-e-posteriormente-condutor-do-veiculo-perde-a-vida\/#breadcrumb\"},\"inLanguage\":\"pt-BR\",\"potentialAction\":[{\"@type\":\"ReadAction\",\"target\":[\"https:\/\/www.radiomanchester.com.br\/fm\/transito-violento-passageiro-adolescente-morre-e-posteriormente-condutor-do-veiculo-perde-a-vida\/\"]}]},{\"@type\":\"BreadcrumbList\",\"@id\":\"https:\/\/www.radiomanchester.com.br\/fm\/transito-violento-passageiro-adolescente-morre-e-posteriormente-condutor-do-veiculo-perde-a-vida\/#breadcrumb\",\"itemListElement\":[{\"@type\":\"ListItem\",\"position\":1,\"name\":\"Home\",\"item\":\"https:\/\/www.radiomanchester.com.br\/fm\/\"},{\"@type\":\"ListItem\",\"position\":2,\"name\":\"Tr\u00e2nsito violento: passageiro adolescente morre e posteriormente, condutor do ve\u00edculo perde a vida\"}]},{\"@type\":\"Person\",\"@id\":\"https:\/\/www.radiomanchester.com.br\/fm\/#\/schema\/person\/408a7b4d4e32cbebd90e2782852abca3\",\"name\":\"admin\",\"image\":{\"@type\":\"ImageObject\",\"@id\":\"https:\/\/www.radiomanchester.com.br\/fm\/#personlogo\",\"inLanguage\":\"pt-BR\",\"url\":\"https:\/\/secure.gravatar.com\/avatar\/115a974dba3376872eb3addeb276301c?s=96&d=mm&r=g\",\"contentUrl\":\"https:\/\/secure.gravatar.com\/avatar\/115a974dba3376872eb3addeb276301c?s=96&d=mm&r=g\",\"caption\":\"admin\"},\"url\":\"https:\/\/www.radiomanchester.com.br\/fm\/author\/admin\/\"}]}<\/script>\n<!-- \/ Yoast SEO plugin. -->","yoast_head_json":{"title":"Tr\u00e2nsito violento: passageiro adolescente morre e posteriormente, condutor do ve\u00edculo perde a vida - Manchester FM 93,3","robots":{"index":"index","follow":"follow","max-snippet":"max-snippet:-1","max-image-preview":"max-image-preview:large","max-video-preview":"max-video-preview:-1"},"canonical":"https:\/\/www.radiomanchester.com.br\/fm\/transito-violento-passageiro-adolescente-morre-e-posteriormente-condutor-do-veiculo-perde-a-vida\/","og_locale":"pt_BR","og_type":"article","og_title":"Tr\u00e2nsito violento: passageiro adolescente morre e posteriormente, condutor do ve\u00edculo perde a vida - Manchester FM 93,3","og_description":"O motorista do carro foi socorrido e levado ao hospital em estado grave, mas infelizmente morreu neste domingo Um adolescente de 14 anos morreu na madrugada deste domingo (22\/06), em um acidente de carro no viaduto Nelson Mandela, em An\u00e1polis. O carro em que ele estava colidiu com a mureta de prote\u00e7\u00e3o do acesso ao [&hellip;]","og_url":"https:\/\/www.radiomanchester.com.br\/fm\/transito-violento-passageiro-adolescente-morre-e-posteriormente-condutor-do-veiculo-perde-a-vida\/","og_site_name":"Manchester FM 93,3","article_published_time":"2025-06-23T00:30:43+00:00","article_modified_time":"2025-06-23T00:34:31+00:00","twitter_card":"summary_large_image","twitter_misc":{"Escrito por":"admin","Est. tempo de leitura":"2 minutos"},"schema":{"@context":"https:\/\/schema.org","@graph":[{"@type":"WebSite","@id":"https:\/\/www.radiomanchester.com.br\/fm\/#website","url":"https:\/\/www.radiomanchester.com.br\/fm\/","name":"Manchester FM 93,3","description":"Todo Mundo Ouve!","potentialAction":[{"@type":"SearchAction","target":{"@type":"EntryPoint","urlTemplate":"https:\/\/www.radiomanchester.com.br\/fm\/?s={search_term_string}"},"query-input":"required name=search_term_string"}],"inLanguage":"pt-BR"},{"@type":"WebPage","@id":"https:\/\/www.radiomanchester.com.br\/fm\/transito-violento-passageiro-adolescente-morre-e-posteriormente-condutor-do-veiculo-perde-a-vida\/#webpage","url":"https:\/\/www.radiomanchester.com.br\/fm\/transito-violento-passageiro-adolescente-morre-e-posteriormente-condutor-do-veiculo-perde-a-vida\/","name":"Tr\u00e2nsito violento: passageiro adolescente morre e posteriormente, condutor do ve\u00edculo perde a vida - Manchester FM 93,3","isPartOf":{"@id":"https:\/\/www.radiomanchester.com.br\/fm\/#website"},"datePublished":"2025-06-23T00:30:43+00:00","dateModified":"2025-06-23T00:34:31+00:00","author":{"@id":"https:\/\/www.radiomanchester.com.br\/fm\/#\/schema\/person\/408a7b4d4e32cbebd90e2782852abca3"},"breadcrumb":{"@id":"https:\/\/www.radiomanchester.com.br\/fm\/transito-violento-passageiro-adolescente-morre-e-posteriormente-condutor-do-veiculo-perde-a-vida\/#breadcrumb"},"inLanguage":"pt-BR","potentialAction":[{"@type":"ReadAction","target":["https:\/\/www.radiomanchester.com.br\/fm\/transito-violento-passageiro-adolescente-morre-e-posteriormente-condutor-do-veiculo-perde-a-vida\/"]}]},{"@type":"BreadcrumbList","@id":"https:\/\/www.radiomanchester.com.br\/fm\/transito-violento-passageiro-adolescente-morre-e-posteriormente-condutor-do-veiculo-perde-a-vida\/#breadcrumb","itemListElement":[{"@type":"ListItem","position":1,"name":"Home","item":"https:\/\/www.radiomanchester.com.br\/fm\/"},{"@type":"ListItem","position":2,"name":"Tr\u00e2nsito violento: passageiro adolescente morre e posteriormente, condutor do ve\u00edculo perde a vida"}]},{"@type":"Person","@id":"https:\/\/www.radiomanchester.com.br\/fm\/#\/schema\/person\/408a7b4d4e32cbebd90e2782852abca3","name":"admin","image":{"@type":"ImageObject","@id":"https:\/\/www.radiomanchester.com.br\/fm\/#personlogo","inLanguage":"pt-BR","url":"https:\/\/secure.gravatar.com\/avatar\/115a974dba3376872eb3addeb276301c?s=96&d=mm&r=g","contentUrl":"https:\/\/secure.gravatar.com\/avatar\/115a974dba3376872eb3addeb276301c?s=96&d=mm&r=g","caption":"admin"},"url":"https:\/\/www.radiomanchester.com.br\/fm\/author\/admin\/"}]}},"_links":{"self":[{"href":"https:\/\/www.radiomanchester.com.br\/fm\/wp-json\/wp\/v2\/posts\/16187"}],"collection":[{"href":"https:\/\/www.radiomanchester.com.br\/fm\/wp-json\/wp\/v2\/posts"}],"about":[{"href":"https:\/\/www.radiomanchester.com.br\/fm\/wp-json\/wp\/v2\/types\/post"}],"author":[{"embeddable":true,"href":"https:\/\/www.radiomanchester.com.br\/fm\/wp-json\/wp\/v2\/users\/1"}],"replies":[{"embeddable":true,"href":"https:\/\/www.radiomanchester.com.br\/fm\/wp-json\/wp\/v2\/comments?post=16187"}],"version-history":[{"count":2,"href":"https:\/\/www.radiomanchester.com.br\/fm\/wp-json\/wp\/v2\/posts\/16187\/revisions"}],"predecessor-version":[{"id":16189,"href":"https:\/\/www.radiomanchester.com.br\/fm\/wp-json\/wp\/v2\/posts\/16187\/revisions\/16189"}],"wp:attachment":[{"href":"https:\/\/www.radiomanchester.com.br\/fm\/wp-json\/wp\/v2\/media?parent=16187"}],"wp:term":[{"taxonomy":"category","embeddable":true,"href":"https:\/\/www.radiomanchester.com.br\/fm\/wp-json\/wp\/v2\/categories?post=16187"},{"taxonomy":"post_tag","embeddable":true,"href":"https:\/\/www.radiomanchester.com.br\/fm\/wp-json\/wp\/v2\/tags?post=16187"}],"curies":[{"name":"wp","href":"https:\/\/api.w.org\/{rel}","templated":true}]}}