{"id":16194,"date":"2025-06-23T21:41:50","date_gmt":"2025-06-24T00:41:50","guid":{"rendered":"https:\/\/www.radiomanchester.com.br\/fm\/?p=16194"},"modified":"2025-06-23T21:41:53","modified_gmt":"2025-06-24T00:41:53","slug":"trump-anuncia-cessar-fogo-entre-israel-e-ira","status":"publish","type":"post","link":"https:\/\/www.radiomanchester.com.br\/fm\/trump-anuncia-cessar-fogo-entre-israel-e-ira\/","title":{"rendered":"Trump anuncia cessar-fogo entre Israel e Ir\u00e3"},"content":{"rendered":"\n<p><em><strong>Presidente dos EUA diz que acordo entrar\u00e1 em vigor dentro de 6 horas<\/strong><\/em><\/p>\n\n\n\n<hr class=\"wp-block-separator\"\/>\n\n\n\n<p>O presidente dos Estados Unidos, Donald Trump, anunciou que foi acertado um cessar-fogo &#8220;completo e total&#8221; no conflito entre Israel e Ir\u00e3. De acordo com postagem de Trump na rede Truth Social, o acordo entrar\u00e1 em vigor dentro de seis horas.<\/p>\n\n\n\n<p>Trump pareceu sugerir que Israel e o Ir\u00e3 teriam algum tempo para concluir quaisquer miss\u00f5es que estejam em andamento, momento em que o cessar-fogo come\u00e7aria em um processo escalonado.<\/p>\n\n\n\n<p>&#8220;Oficialmente, o Ir\u00e3 iniciar\u00e1 o CESSAR-FOGO e, na 12\u00aa hora, Israel iniciar\u00e1 o CESSAR-FOGO e, na 24\u00aa hora, o FIM Oficial da GUERRA DE 12 DIAS ser\u00e1 saudado pelo mundo. Durante cada CESSAR-FOGO, o outro lado permanecer\u00e1 PAC\u00cdFICO e RESPEITOSO. Partindo do princ\u00edpio de que tudo funcionar\u00e1 como deveria, o que funcionar\u00e1&#8221;, diz o presidente dos Estados Unidos.<\/p>\n\n\n\n<p>Na mensagem, Trump parabeniza os dois pa\u00edses por terem &#8220;resist\u00eancia, coragem e intelig\u00eancia&#8221; para chegar ao acordo ap\u00f3s 12 dias de conflito.<\/p>\n\n\n\n<p>&#8220;Esta \u00e9 uma guerra que poderia ter durado anos e destru\u00eddo todo o Oriente M\u00e9dio, mas n\u00e3o destruiu e nunca destruir\u00e1! Deus aben\u00e7oe Israel, Deus aben\u00e7oe o Ir\u00e3, Deus aben\u00e7oe o Oriente M\u00e9dio, Deus aben\u00e7oe os Estados Unidos da Am\u00e9rica e DEUS ABEN\u00c7OE O MUNDO!&#8221;, encerra.<\/p>\n\n\n\n<p>Mais cedo, Trump disse que incentivaria Israel a prosseguir em dire\u00e7\u00e3o \u00e0 paz, depois de minimizar o ataque do Ir\u00e3 a uma base a\u00e9rea norte-americana que n\u00e3o causou feridos e agradecer a Teer\u00e3 pelo aviso pr\u00e9vio.<\/p>\n\n\n\n<p>As For\u00e7as Armadas do Ir\u00e3 atacaram nesta segunda-feira (23) a base militar dos Estados Unidos (EUA) Al-Udeid, no Catar, pa\u00eds do Oriente M\u00e9dio. O ataque foi a resposta do governo iraniano aos bombardeios dos EUA contra tr\u00eas instala\u00e7\u00f5es nucleares iranianas no s\u00e1bado (21).<\/p>\n\n\n\n<p>Segundo comunicado do Conselho Supremo de Seguran\u00e7a Nacional do Ir\u00e3, o n\u00famero de m\u00edsseis usados teria sido o mesmo n\u00famero de bombas que os EUA usaram no ataque \u00e0s instala\u00e7\u00f5es nucleares do Ir\u00e3. O alvo ficava longe das instala\u00e7\u00f5es urbanas do Catar.<\/p>\n\n\n\n<p>A Al Udeid \u00e9 a maior base militar dos EUA no Oriente M\u00e9dio, fundada em 1996. Estima-se que a base abrigue 10 mil funcion\u00e1rios, entre civis e militares.<\/p>\n\n\n\n<p><strong>Entenda o conflito<br><\/strong>Acusando o Ir\u00e3 de estar pr\u00f3ximo de desenvolver uma arma nuclear, Israel lan\u00e7ou um ataque surpresa contra o pa\u00eds no \u00faltimo dia 13, expandindo a guerra no Oriente M\u00e9dio.<\/p>\n\n\n\n<p>Neste s\u00e1bado (21), os Estados Unidos atacaram tr\u00eas usinas nucleares iranianas: Fordow, Natanz e Esfahan.<\/p>\n\n\n\n<p>O Ir\u00e3 afirma que seu programa nuclear \u00e9 apenas para fins pac\u00edficos e que estava no meio de uma negocia\u00e7\u00e3o com os Estados Unidos para estabelecer acordos que garantissem o cumprimento do Tratado de N\u00e3o Prolifera\u00e7\u00e3o de Armas Nucleares, do qual \u00e9 signat\u00e1rio.<\/p>\n\n\n\n<p>No entanto, a AIEA vinha acusando o Ir\u00e3 de n\u00e3o cumprir todas suas obriga\u00e7\u00f5es, apesar de reconhecer que n\u00e3o tem provas de que o pa\u00eds estaria construindo uma bomba at\u00f4mica. O Ir\u00e3 acusa a ag\u00eancia de agir \u201cpoliticamente motivada\u201d e dirigida pelas pot\u00eancias ocidentais, como EUA, Fran\u00e7a e Gr\u00e3-Bretanha, que t\u00eam apoiado Israel na guerra contra Teer\u00e3.<\/p>\n\n\n\n<p>Em mar\u00e7o, o setor de Intelig\u00eancia dos Estados Unidos afirmou que o Ir\u00e3 n\u00e3o estava construindo armas nucleares, informa\u00e7\u00e3o que agora \u00e9 questionada pelo pr\u00f3prio presidente Donald Trump.<\/p>\n\n\n\n<p>Apesar de Israel n\u00e3o aceitar que Teer\u00e3 tenha armas nucleares, diversas fontes ao longo da hist\u00f3ria indicaram que o pa\u00eds mant\u00e9m um amplo programa nuclear secreto desde a d\u00e9cada de 1950. Tal projeto teria desenvolvido pelo menos 90 ogivas at\u00f4micas.<\/p>\n\n\n\n<p>porAg\u00eancia Brasil<\/p>\n","protected":false},"excerpt":{"rendered":"<p class=\"excerpt\">Presidente dos EUA diz que acordo entrar\u00e1 em vigor dentro de 6 horas O presidente dos Estados Unidos, Donald Trump, anunciou que foi acertado um cessar-fogo &#8220;completo e total&#8221; no conflito entre Israel e Ir\u00e3. De acordo com postagem de Trump na rede Truth Social, o acordo entrar\u00e1 em vigor dentro de seis horas. Trump [&hellip;]<\/p>\n","protected":false},"author":1,"featured_media":0,"comment_status":"open","ping_status":"open","sticky":false,"template":"","format":"standard","meta":[],"categories":[8,17],"tags":[22,24,113,83,92],"yoast_head":"<!-- This site is optimized with the Yoast SEO plugin v18.3 - https:\/\/yoast.com\/wordpress\/plugins\/seo\/ -->\n<title>Trump anuncia cessar-fogo entre Israel e Ir\u00e3 - Manchester FM 93,3<\/title>\n<meta name=\"robots\" content=\"index, follow, max-snippet:-1, max-image-preview:large, max-video-preview:-1\" \/>\n<link rel=\"canonical\" href=\"https:\/\/www.radiomanchester.com.br\/fm\/trump-anuncia-cessar-fogo-entre-israel-e-ira\/\" \/>\n<meta property=\"og:locale\" content=\"pt_BR\" \/>\n<meta property=\"og:type\" content=\"article\" \/>\n<meta property=\"og:title\" content=\"Trump anuncia cessar-fogo entre Israel e Ir\u00e3 - Manchester FM 93,3\" \/>\n<meta property=\"og:description\" content=\"Presidente dos EUA diz que acordo entrar\u00e1 em vigor dentro de 6 horas O presidente dos Estados Unidos, Donald Trump, anunciou que foi acertado um cessar-fogo &#8220;completo e total&#8221; no conflito entre Israel e Ir\u00e3. De acordo com postagem de Trump na rede Truth Social, o acordo entrar\u00e1 em vigor dentro de seis horas. Trump [&hellip;]\" \/>\n<meta property=\"og:url\" content=\"https:\/\/www.radiomanchester.com.br\/fm\/trump-anuncia-cessar-fogo-entre-israel-e-ira\/\" \/>\n<meta property=\"og:site_name\" content=\"Manchester FM 93,3\" \/>\n<meta property=\"article:published_time\" content=\"2025-06-24T00:41:50+00:00\" \/>\n<meta property=\"article:modified_time\" content=\"2025-06-24T00:41:53+00:00\" \/>\n<meta name=\"twitter:card\" content=\"summary_large_image\" \/>\n<meta name=\"twitter:label1\" content=\"Escrito por\" \/>\n\t<meta name=\"twitter:data1\" content=\"admin\" \/>\n\t<meta name=\"twitter:label2\" content=\"Est. tempo de leitura\" \/>\n\t<meta name=\"twitter:data2\" content=\"4 minutos\" \/>\n<script type=\"application\/ld+json\" class=\"yoast-schema-graph\">{\"@context\":\"https:\/\/schema.org\",\"@graph\":[{\"@type\":\"WebSite\",\"@id\":\"https:\/\/www.radiomanchester.com.br\/fm\/#website\",\"url\":\"https:\/\/www.radiomanchester.com.br\/fm\/\",\"name\":\"Manchester FM 93,3\",\"description\":\"Todo Mundo Ouve!\",\"potentialAction\":[{\"@type\":\"SearchAction\",\"target\":{\"@type\":\"EntryPoint\",\"urlTemplate\":\"https:\/\/www.radiomanchester.com.br\/fm\/?s={search_term_string}\"},\"query-input\":\"required name=search_term_string\"}],\"inLanguage\":\"pt-BR\"},{\"@type\":\"WebPage\",\"@id\":\"https:\/\/www.radiomanchester.com.br\/fm\/trump-anuncia-cessar-fogo-entre-israel-e-ira\/#webpage\",\"url\":\"https:\/\/www.radiomanchester.com.br\/fm\/trump-anuncia-cessar-fogo-entre-israel-e-ira\/\",\"name\":\"Trump anuncia cessar-fogo entre Israel e Ir\u00e3 - Manchester FM 93,3\",\"isPartOf\":{\"@id\":\"https:\/\/www.radiomanchester.com.br\/fm\/#website\"},\"datePublished\":\"2025-06-24T00:41:50+00:00\",\"dateModified\":\"2025-06-24T00:41:53+00:00\",\"author\":{\"@id\":\"https:\/\/www.radiomanchester.com.br\/fm\/#\/schema\/person\/408a7b4d4e32cbebd90e2782852abca3\"},\"breadcrumb\":{\"@id\":\"https:\/\/www.radiomanchester.com.br\/fm\/trump-anuncia-cessar-fogo-entre-israel-e-ira\/#breadcrumb\"},\"inLanguage\":\"pt-BR\",\"potentialAction\":[{\"@type\":\"ReadAction\",\"target\":[\"https:\/\/www.radiomanchester.com.br\/fm\/trump-anuncia-cessar-fogo-entre-israel-e-ira\/\"]}]},{\"@type\":\"BreadcrumbList\",\"@id\":\"https:\/\/www.radiomanchester.com.br\/fm\/trump-anuncia-cessar-fogo-entre-israel-e-ira\/#breadcrumb\",\"itemListElement\":[{\"@type\":\"ListItem\",\"position\":1,\"name\":\"Home\",\"item\":\"https:\/\/www.radiomanchester.com.br\/fm\/\"},{\"@type\":\"ListItem\",\"position\":2,\"name\":\"Trump anuncia cessar-fogo entre Israel e Ir\u00e3\"}]},{\"@type\":\"Person\",\"@id\":\"https:\/\/www.radiomanchester.com.br\/fm\/#\/schema\/person\/408a7b4d4e32cbebd90e2782852abca3\",\"name\":\"admin\",\"image\":{\"@type\":\"ImageObject\",\"@id\":\"https:\/\/www.radiomanchester.com.br\/fm\/#personlogo\",\"inLanguage\":\"pt-BR\",\"url\":\"https:\/\/secure.gravatar.com\/avatar\/115a974dba3376872eb3addeb276301c?s=96&d=mm&r=g\",\"contentUrl\":\"https:\/\/secure.gravatar.com\/avatar\/115a974dba3376872eb3addeb276301c?s=96&d=mm&r=g\",\"caption\":\"admin\"},\"url\":\"https:\/\/www.radiomanchester.com.br\/fm\/author\/admin\/\"}]}<\/script>\n<!-- \/ Yoast SEO plugin. -->","yoast_head_json":{"title":"Trump anuncia cessar-fogo entre Israel e Ir\u00e3 - Manchester FM 93,3","robots":{"index":"index","follow":"follow","max-snippet":"max-snippet:-1","max-image-preview":"max-image-preview:large","max-video-preview":"max-video-preview:-1"},"canonical":"https:\/\/www.radiomanchester.com.br\/fm\/trump-anuncia-cessar-fogo-entre-israel-e-ira\/","og_locale":"pt_BR","og_type":"article","og_title":"Trump anuncia cessar-fogo entre Israel e Ir\u00e3 - Manchester FM 93,3","og_description":"Presidente dos EUA diz que acordo entrar\u00e1 em vigor dentro de 6 horas O presidente dos Estados Unidos, Donald Trump, anunciou que foi acertado um cessar-fogo &#8220;completo e total&#8221; no conflito entre Israel e Ir\u00e3. De acordo com postagem de Trump na rede Truth Social, o acordo entrar\u00e1 em vigor dentro de seis horas. Trump [&hellip;]","og_url":"https:\/\/www.radiomanchester.com.br\/fm\/trump-anuncia-cessar-fogo-entre-israel-e-ira\/","og_site_name":"Manchester FM 93,3","article_published_time":"2025-06-24T00:41:50+00:00","article_modified_time":"2025-06-24T00:41:53+00:00","twitter_card":"summary_large_image","twitter_misc":{"Escrito por":"admin","Est. tempo de leitura":"4 minutos"},"schema":{"@context":"https:\/\/schema.org","@graph":[{"@type":"WebSite","@id":"https:\/\/www.radiomanchester.com.br\/fm\/#website","url":"https:\/\/www.radiomanchester.com.br\/fm\/","name":"Manchester FM 93,3","description":"Todo Mundo Ouve!","potentialAction":[{"@type":"SearchAction","target":{"@type":"EntryPoint","urlTemplate":"https:\/\/www.radiomanchester.com.br\/fm\/?s={search_term_string}"},"query-input":"required name=search_term_string"}],"inLanguage":"pt-BR"},{"@type":"WebPage","@id":"https:\/\/www.radiomanchester.com.br\/fm\/trump-anuncia-cessar-fogo-entre-israel-e-ira\/#webpage","url":"https:\/\/www.radiomanchester.com.br\/fm\/trump-anuncia-cessar-fogo-entre-israel-e-ira\/","name":"Trump anuncia cessar-fogo entre Israel e Ir\u00e3 - Manchester FM 93,3","isPartOf":{"@id":"https:\/\/www.radiomanchester.com.br\/fm\/#website"},"datePublished":"2025-06-24T00:41:50+00:00","dateModified":"2025-06-24T00:41:53+00:00","author":{"@id":"https:\/\/www.radiomanchester.com.br\/fm\/#\/schema\/person\/408a7b4d4e32cbebd90e2782852abca3"},"breadcrumb":{"@id":"https:\/\/www.radiomanchester.com.br\/fm\/trump-anuncia-cessar-fogo-entre-israel-e-ira\/#breadcrumb"},"inLanguage":"pt-BR","potentialAction":[{"@type":"ReadAction","target":["https:\/\/www.radiomanchester.com.br\/fm\/trump-anuncia-cessar-fogo-entre-israel-e-ira\/"]}]},{"@type":"BreadcrumbList","@id":"https:\/\/www.radiomanchester.com.br\/fm\/trump-anuncia-cessar-fogo-entre-israel-e-ira\/#breadcrumb","itemListElement":[{"@type":"ListItem","position":1,"name":"Home","item":"https:\/\/www.radiomanchester.com.br\/fm\/"},{"@type":"ListItem","position":2,"name":"Trump anuncia cessar-fogo entre Israel e Ir\u00e3"}]},{"@type":"Person","@id":"https:\/\/www.radiomanchester.com.br\/fm\/#\/schema\/person\/408a7b4d4e32cbebd90e2782852abca3","name":"admin","image":{"@type":"ImageObject","@id":"https:\/\/www.radiomanchester.com.br\/fm\/#personlogo","inLanguage":"pt-BR","url":"https:\/\/secure.gravatar.com\/avatar\/115a974dba3376872eb3addeb276301c?s=96&d=mm&r=g","contentUrl":"https:\/\/secure.gravatar.com\/avatar\/115a974dba3376872eb3addeb276301c?s=96&d=mm&r=g","caption":"admin"},"url":"https:\/\/www.radiomanchester.com.br\/fm\/author\/admin\/"}]}},"_links":{"self":[{"href":"https:\/\/www.radiomanchester.com.br\/fm\/wp-json\/wp\/v2\/posts\/16194"}],"collection":[{"href":"https:\/\/www.radiomanchester.com.br\/fm\/wp-json\/wp\/v2\/posts"}],"about":[{"href":"https:\/\/www.radiomanchester.com.br\/fm\/wp-json\/wp\/v2\/types\/post"}],"author":[{"embeddable":true,"href":"https:\/\/www.radiomanchester.com.br\/fm\/wp-json\/wp\/v2\/users\/1"}],"replies":[{"embeddable":true,"href":"https:\/\/www.radiomanchester.com.br\/fm\/wp-json\/wp\/v2\/comments?post=16194"}],"version-history":[{"count":1,"href":"https:\/\/www.radiomanchester.com.br\/fm\/wp-json\/wp\/v2\/posts\/16194\/revisions"}],"predecessor-version":[{"id":16195,"href":"https:\/\/www.radiomanchester.com.br\/fm\/wp-json\/wp\/v2\/posts\/16194\/revisions\/16195"}],"wp:attachment":[{"href":"https:\/\/www.radiomanchester.com.br\/fm\/wp-json\/wp\/v2\/media?parent=16194"}],"wp:term":[{"taxonomy":"category","embeddable":true,"href":"https:\/\/www.radiomanchester.com.br\/fm\/wp-json\/wp\/v2\/categories?post=16194"},{"taxonomy":"post_tag","embeddable":true,"href":"https:\/\/www.radiomanchester.com.br\/fm\/wp-json\/wp\/v2\/tags?post=16194"}],"curies":[{"name":"wp","href":"https:\/\/api.w.org\/{rel}","templated":true}]}}