{"id":16217,"date":"2025-06-27T20:50:34","date_gmt":"2025-06-27T23:50:34","guid":{"rendered":"https:\/\/www.radiomanchester.com.br\/fm\/?p=16217"},"modified":"2025-06-27T20:50:36","modified_gmt":"2025-06-27T23:50:36","slug":"contas-de-luz-permanecem-com-bandeira-tarifaria-vermelha-em-julho","status":"publish","type":"post","link":"https:\/\/www.radiomanchester.com.br\/fm\/contas-de-luz-permanecem-com-bandeira-tarifaria-vermelha-em-julho\/","title":{"rendered":"Contas de luz permanecem com bandeira tarif\u00e1ria vermelha em julho"},"content":{"rendered":"\n<p><strong><em>Adicional \u00e9 de R$ 4,46 a cada 100 kW\/h consumidos<\/em><\/strong><\/p>\n\n\n\n<hr class=\"wp-block-separator\"\/>\n\n\n\n<p>A bandeira tarif\u00e1ria para o m\u00eas de julho permanece vermelha patamar 1, a mesma sinaliza\u00e7\u00e3o que ocorreu em junho. Com isso, as contas de energia el\u00e9trica continuar\u00e3o recebendo adicional de R$ 4,46 para cada 100 quilowatts-hora (kWh) consumidos.<\/p>\n\n\n\n<p>Segundo a Ag\u00eancia Nacional de Energia El\u00e9trica (Aneel), a continuidade do cen\u00e1rio de chuvas abaixo da m\u00e9dia em todo o pa\u00eds reduz a gera\u00e7\u00e3o de energia por hidrel\u00e9tricas.<\/p>\n\n\n\n<p>\u201cEsse quadro tende a elevar os custos de gera\u00e7\u00e3o de energia, devido \u00e0 necessidade de acionamento de fontes mais onerosas para gera\u00e7\u00e3o, como as usinas termel\u00e9tricas\u201d, explicou a Ag\u00eancia, em nota.<\/p>\n\n\n\n<p><strong>Bandeiras Tarif\u00e1rias<br><\/strong>Criado em 2015 pela Aneel, o sistema de bandeiras tarif\u00e1rias reflete os custos vari\u00e1veis da gera\u00e7\u00e3o de energia el\u00e9trica. Divididas em n\u00edveis, as bandeiras indicam quanto est\u00e1 custando para o Sistema Interligado Nacional (SIN) gerar a energia usada nas resid\u00eancias, em estabelecimentos comerciais e nas ind\u00fastrias.<\/p>\n\n\n\n<p>Quando a conta de luz \u00e9 calculada pela bandeira verde, n\u00e3o h\u00e1 nenhum acr\u00e9scimo. Quando s\u00e3o aplicadas as bandeiras vermelha ou amarela, a conta sofre acr\u00e9scimos a cada 100 quilowatts-hora (kWh) consumidos.<\/p>\n\n\n\n<p>\u201cCom o acionamento da bandeira vermelha patamar 1, a Aneel refor\u00e7a a import\u00e2ncia da conscientiza\u00e7\u00e3o e do uso respons\u00e1vel da energia el\u00e9trica. A economia de energia tamb\u00e9m contribui para a preserva\u00e7\u00e3o dos recursos naturais e para a sustentabilidade do setor el\u00e9trico como um todo\u201d, diz a Aneel.<\/p>\n\n\n\n<p>porAg\u00eancia Brasil<\/p>\n","protected":false},"excerpt":{"rendered":"<p class=\"excerpt\">Adicional \u00e9 de R$ 4,46 a cada 100 kW\/h consumidos A bandeira tarif\u00e1ria para o m\u00eas de julho permanece vermelha patamar 1, a mesma sinaliza\u00e7\u00e3o que ocorreu em junho. Com isso, as contas de energia el\u00e9trica continuar\u00e3o recebendo adicional de R$ 4,46 para cada 100 quilowatts-hora (kWh) consumidos. Segundo a Ag\u00eancia Nacional de Energia El\u00e9trica [&hellip;]<\/p>\n","protected":false},"author":1,"featured_media":0,"comment_status":"open","ping_status":"open","sticky":false,"template":"","format":"standard","meta":[],"categories":[8,17],"tags":[22,24,113,83,92],"yoast_head":"<!-- This site is optimized with the Yoast SEO plugin v18.3 - https:\/\/yoast.com\/wordpress\/plugins\/seo\/ -->\n<title>Contas de luz permanecem com bandeira tarif\u00e1ria vermelha em julho - Manchester FM 93,3<\/title>\n<meta name=\"robots\" content=\"index, follow, max-snippet:-1, max-image-preview:large, max-video-preview:-1\" \/>\n<link rel=\"canonical\" href=\"https:\/\/www.radiomanchester.com.br\/fm\/contas-de-luz-permanecem-com-bandeira-tarifaria-vermelha-em-julho\/\" \/>\n<meta property=\"og:locale\" content=\"pt_BR\" \/>\n<meta property=\"og:type\" content=\"article\" \/>\n<meta property=\"og:title\" content=\"Contas de luz permanecem com bandeira tarif\u00e1ria vermelha em julho - Manchester FM 93,3\" \/>\n<meta property=\"og:description\" content=\"Adicional \u00e9 de R$ 4,46 a cada 100 kW\/h consumidos A bandeira tarif\u00e1ria para o m\u00eas de julho permanece vermelha patamar 1, a mesma sinaliza\u00e7\u00e3o que ocorreu em junho. Com isso, as contas de energia el\u00e9trica continuar\u00e3o recebendo adicional de R$ 4,46 para cada 100 quilowatts-hora (kWh) consumidos. Segundo a Ag\u00eancia Nacional de Energia El\u00e9trica [&hellip;]\" \/>\n<meta property=\"og:url\" content=\"https:\/\/www.radiomanchester.com.br\/fm\/contas-de-luz-permanecem-com-bandeira-tarifaria-vermelha-em-julho\/\" \/>\n<meta property=\"og:site_name\" content=\"Manchester FM 93,3\" \/>\n<meta property=\"article:published_time\" content=\"2025-06-27T23:50:34+00:00\" \/>\n<meta property=\"article:modified_time\" content=\"2025-06-27T23:50:36+00:00\" \/>\n<meta name=\"twitter:card\" content=\"summary_large_image\" \/>\n<meta name=\"twitter:label1\" content=\"Escrito por\" \/>\n\t<meta name=\"twitter:data1\" content=\"admin\" \/>\n\t<meta name=\"twitter:label2\" content=\"Est. tempo de leitura\" \/>\n\t<meta name=\"twitter:data2\" content=\"2 minutos\" \/>\n<script type=\"application\/ld+json\" class=\"yoast-schema-graph\">{\"@context\":\"https:\/\/schema.org\",\"@graph\":[{\"@type\":\"WebSite\",\"@id\":\"https:\/\/www.radiomanchester.com.br\/fm\/#website\",\"url\":\"https:\/\/www.radiomanchester.com.br\/fm\/\",\"name\":\"Manchester FM 93,3\",\"description\":\"Todo Mundo Ouve!\",\"potentialAction\":[{\"@type\":\"SearchAction\",\"target\":{\"@type\":\"EntryPoint\",\"urlTemplate\":\"https:\/\/www.radiomanchester.com.br\/fm\/?s={search_term_string}\"},\"query-input\":\"required name=search_term_string\"}],\"inLanguage\":\"pt-BR\"},{\"@type\":\"WebPage\",\"@id\":\"https:\/\/www.radiomanchester.com.br\/fm\/contas-de-luz-permanecem-com-bandeira-tarifaria-vermelha-em-julho\/#webpage\",\"url\":\"https:\/\/www.radiomanchester.com.br\/fm\/contas-de-luz-permanecem-com-bandeira-tarifaria-vermelha-em-julho\/\",\"name\":\"Contas de luz permanecem com bandeira tarif\u00e1ria vermelha em julho - Manchester FM 93,3\",\"isPartOf\":{\"@id\":\"https:\/\/www.radiomanchester.com.br\/fm\/#website\"},\"datePublished\":\"2025-06-27T23:50:34+00:00\",\"dateModified\":\"2025-06-27T23:50:36+00:00\",\"author\":{\"@id\":\"https:\/\/www.radiomanchester.com.br\/fm\/#\/schema\/person\/408a7b4d4e32cbebd90e2782852abca3\"},\"breadcrumb\":{\"@id\":\"https:\/\/www.radiomanchester.com.br\/fm\/contas-de-luz-permanecem-com-bandeira-tarifaria-vermelha-em-julho\/#breadcrumb\"},\"inLanguage\":\"pt-BR\",\"potentialAction\":[{\"@type\":\"ReadAction\",\"target\":[\"https:\/\/www.radiomanchester.com.br\/fm\/contas-de-luz-permanecem-com-bandeira-tarifaria-vermelha-em-julho\/\"]}]},{\"@type\":\"BreadcrumbList\",\"@id\":\"https:\/\/www.radiomanchester.com.br\/fm\/contas-de-luz-permanecem-com-bandeira-tarifaria-vermelha-em-julho\/#breadcrumb\",\"itemListElement\":[{\"@type\":\"ListItem\",\"position\":1,\"name\":\"Home\",\"item\":\"https:\/\/www.radiomanchester.com.br\/fm\/\"},{\"@type\":\"ListItem\",\"position\":2,\"name\":\"Contas de luz permanecem com bandeira tarif\u00e1ria vermelha em julho\"}]},{\"@type\":\"Person\",\"@id\":\"https:\/\/www.radiomanchester.com.br\/fm\/#\/schema\/person\/408a7b4d4e32cbebd90e2782852abca3\",\"name\":\"admin\",\"image\":{\"@type\":\"ImageObject\",\"@id\":\"https:\/\/www.radiomanchester.com.br\/fm\/#personlogo\",\"inLanguage\":\"pt-BR\",\"url\":\"https:\/\/secure.gravatar.com\/avatar\/115a974dba3376872eb3addeb276301c?s=96&d=mm&r=g\",\"contentUrl\":\"https:\/\/secure.gravatar.com\/avatar\/115a974dba3376872eb3addeb276301c?s=96&d=mm&r=g\",\"caption\":\"admin\"},\"url\":\"https:\/\/www.radiomanchester.com.br\/fm\/author\/admin\/\"}]}<\/script>\n<!-- \/ Yoast SEO plugin. -->","yoast_head_json":{"title":"Contas de luz permanecem com bandeira tarif\u00e1ria vermelha em julho - Manchester FM 93,3","robots":{"index":"index","follow":"follow","max-snippet":"max-snippet:-1","max-image-preview":"max-image-preview:large","max-video-preview":"max-video-preview:-1"},"canonical":"https:\/\/www.radiomanchester.com.br\/fm\/contas-de-luz-permanecem-com-bandeira-tarifaria-vermelha-em-julho\/","og_locale":"pt_BR","og_type":"article","og_title":"Contas de luz permanecem com bandeira tarif\u00e1ria vermelha em julho - Manchester FM 93,3","og_description":"Adicional \u00e9 de R$ 4,46 a cada 100 kW\/h consumidos A bandeira tarif\u00e1ria para o m\u00eas de julho permanece vermelha patamar 1, a mesma sinaliza\u00e7\u00e3o que ocorreu em junho. Com isso, as contas de energia el\u00e9trica continuar\u00e3o recebendo adicional de R$ 4,46 para cada 100 quilowatts-hora (kWh) consumidos. Segundo a Ag\u00eancia Nacional de Energia El\u00e9trica [&hellip;]","og_url":"https:\/\/www.radiomanchester.com.br\/fm\/contas-de-luz-permanecem-com-bandeira-tarifaria-vermelha-em-julho\/","og_site_name":"Manchester FM 93,3","article_published_time":"2025-06-27T23:50:34+00:00","article_modified_time":"2025-06-27T23:50:36+00:00","twitter_card":"summary_large_image","twitter_misc":{"Escrito por":"admin","Est. tempo de leitura":"2 minutos"},"schema":{"@context":"https:\/\/schema.org","@graph":[{"@type":"WebSite","@id":"https:\/\/www.radiomanchester.com.br\/fm\/#website","url":"https:\/\/www.radiomanchester.com.br\/fm\/","name":"Manchester FM 93,3","description":"Todo Mundo Ouve!","potentialAction":[{"@type":"SearchAction","target":{"@type":"EntryPoint","urlTemplate":"https:\/\/www.radiomanchester.com.br\/fm\/?s={search_term_string}"},"query-input":"required name=search_term_string"}],"inLanguage":"pt-BR"},{"@type":"WebPage","@id":"https:\/\/www.radiomanchester.com.br\/fm\/contas-de-luz-permanecem-com-bandeira-tarifaria-vermelha-em-julho\/#webpage","url":"https:\/\/www.radiomanchester.com.br\/fm\/contas-de-luz-permanecem-com-bandeira-tarifaria-vermelha-em-julho\/","name":"Contas de luz permanecem com bandeira tarif\u00e1ria vermelha em julho - Manchester FM 93,3","isPartOf":{"@id":"https:\/\/www.radiomanchester.com.br\/fm\/#website"},"datePublished":"2025-06-27T23:50:34+00:00","dateModified":"2025-06-27T23:50:36+00:00","author":{"@id":"https:\/\/www.radiomanchester.com.br\/fm\/#\/schema\/person\/408a7b4d4e32cbebd90e2782852abca3"},"breadcrumb":{"@id":"https:\/\/www.radiomanchester.com.br\/fm\/contas-de-luz-permanecem-com-bandeira-tarifaria-vermelha-em-julho\/#breadcrumb"},"inLanguage":"pt-BR","potentialAction":[{"@type":"ReadAction","target":["https:\/\/www.radiomanchester.com.br\/fm\/contas-de-luz-permanecem-com-bandeira-tarifaria-vermelha-em-julho\/"]}]},{"@type":"BreadcrumbList","@id":"https:\/\/www.radiomanchester.com.br\/fm\/contas-de-luz-permanecem-com-bandeira-tarifaria-vermelha-em-julho\/#breadcrumb","itemListElement":[{"@type":"ListItem","position":1,"name":"Home","item":"https:\/\/www.radiomanchester.com.br\/fm\/"},{"@type":"ListItem","position":2,"name":"Contas de luz permanecem com bandeira tarif\u00e1ria vermelha em julho"}]},{"@type":"Person","@id":"https:\/\/www.radiomanchester.com.br\/fm\/#\/schema\/person\/408a7b4d4e32cbebd90e2782852abca3","name":"admin","image":{"@type":"ImageObject","@id":"https:\/\/www.radiomanchester.com.br\/fm\/#personlogo","inLanguage":"pt-BR","url":"https:\/\/secure.gravatar.com\/avatar\/115a974dba3376872eb3addeb276301c?s=96&d=mm&r=g","contentUrl":"https:\/\/secure.gravatar.com\/avatar\/115a974dba3376872eb3addeb276301c?s=96&d=mm&r=g","caption":"admin"},"url":"https:\/\/www.radiomanchester.com.br\/fm\/author\/admin\/"}]}},"_links":{"self":[{"href":"https:\/\/www.radiomanchester.com.br\/fm\/wp-json\/wp\/v2\/posts\/16217"}],"collection":[{"href":"https:\/\/www.radiomanchester.com.br\/fm\/wp-json\/wp\/v2\/posts"}],"about":[{"href":"https:\/\/www.radiomanchester.com.br\/fm\/wp-json\/wp\/v2\/types\/post"}],"author":[{"embeddable":true,"href":"https:\/\/www.radiomanchester.com.br\/fm\/wp-json\/wp\/v2\/users\/1"}],"replies":[{"embeddable":true,"href":"https:\/\/www.radiomanchester.com.br\/fm\/wp-json\/wp\/v2\/comments?post=16217"}],"version-history":[{"count":1,"href":"https:\/\/www.radiomanchester.com.br\/fm\/wp-json\/wp\/v2\/posts\/16217\/revisions"}],"predecessor-version":[{"id":16218,"href":"https:\/\/www.radiomanchester.com.br\/fm\/wp-json\/wp\/v2\/posts\/16217\/revisions\/16218"}],"wp:attachment":[{"href":"https:\/\/www.radiomanchester.com.br\/fm\/wp-json\/wp\/v2\/media?parent=16217"}],"wp:term":[{"taxonomy":"category","embeddable":true,"href":"https:\/\/www.radiomanchester.com.br\/fm\/wp-json\/wp\/v2\/categories?post=16217"},{"taxonomy":"post_tag","embeddable":true,"href":"https:\/\/www.radiomanchester.com.br\/fm\/wp-json\/wp\/v2\/tags?post=16217"}],"curies":[{"name":"wp","href":"https:\/\/api.w.org\/{rel}","templated":true}]}}