{"id":16222,"date":"2025-06-29T19:10:35","date_gmt":"2025-06-29T22:10:35","guid":{"rendered":"https:\/\/www.radiomanchester.com.br\/fm\/?p=16222"},"modified":"2025-06-29T19:10:37","modified_gmt":"2025-06-29T22:10:37","slug":"obra-no-viaduto-ayrton-senna-comeca-nesta-segunda-para-melhorar-fluidez-no-transito","status":"publish","type":"post","link":"https:\/\/www.radiomanchester.com.br\/fm\/obra-no-viaduto-ayrton-senna-comeca-nesta-segunda-para-melhorar-fluidez-no-transito\/","title":{"rendered":"Obra no viaduto Ayrton Senna come\u00e7a nesta segunda para melhorar fluidez no tr\u00e2nsito"},"content":{"rendered":"\n<p><\/p>\n\n\n\n<p>A partir de amanh\u00e3 segunda-feira (30\/06), motoristas que passam pelo viaduto Ayrton Senna, em An\u00e1polis, devem redobrar a aten\u00e7\u00e3o. A Prefeitura inicia uma interven\u00e7\u00e3o na parte inferior do viaduto, como parte de uma estrat\u00e9gia para melhorar o fluxo de ve\u00edculos na regi\u00e3o.<\/p>\n\n\n\n<p>Segundo a Secretaria de Obras, Habita\u00e7\u00e3o, Planejamento Urbano e Meio Ambiente, n\u00e3o haver\u00e1 interdi\u00e7\u00e3o total da via, mas o trecho passar\u00e1 por estreitamento de pista, especialmente na \u00e1rea marcada em vermelho no projeto t\u00e9cnico (disponibilizado logo abaixo).<\/p>\n\n\n\n<p>A a\u00e7\u00e3o ser\u00e1 realizada fora dos hor\u00e1rios de pico, para minimizar impactos ao tr\u00e2nsito.<\/p>\n\n\n\n<p>Durante a execu\u00e7\u00e3o dos trabalhos, o tr\u00e1fego continuar\u00e1 fluindo, ainda que com meia pista liberada. No entanto, interrup\u00e7\u00f5es moment\u00e2neas n\u00e3o est\u00e3o descartadas, principalmente para movimenta\u00e7\u00e3o de caminh\u00f5es e maquin\u00e1rio no acesso \u00e0 rotat\u00f3ria sob o viaduto.<\/p>\n\n\n\n<p>O servi\u00e7o contar\u00e1 com acompanhamento da CMTT, respons\u00e1vel pela fiscaliza\u00e7\u00e3o e apoio no ordenamento do tr\u00e2nsito.<\/p>\n\n\n\n<p>A previs\u00e3o \u00e9 de que a interven\u00e7\u00e3o ocorra de forma gradual e com o menor impacto poss\u00edvel \u00e0 rotina dos condutores.<\/p>\n\n\n\n<p>A orienta\u00e7\u00e3o \u00e9 que os motoristas fiquem atentos \u00e0 sinaliza\u00e7\u00e3o e, se poss\u00edvel, busquem rotas alternativas durante os hor\u00e1rios em que as equipes estiverem\u00a0em\u00a0atua\u00e7\u00e3o.<\/p>\n\n\n\n<div class=\"wp-block-file\"><object class=\"wp-block-file__embed\" data=\"https:\/\/www.radiomanchester.com.br\/fm\/wp-content\/uploads\/2025\/06\/VIADUTO-27-06-25-Layout1.pdf\" type=\"application\/pdf\" style=\"width:100%;height:600px\" aria-label=\"Incorporado de VIADUTO-27-06-25-Layout1.\"><\/object><a id=\"wp-block-file--media-f81fe7ea-5ac8-4d6b-9702-55d050dc0cc8\" href=\"https:\/\/www.radiomanchester.com.br\/fm\/wp-content\/uploads\/2025\/06\/VIADUTO-27-06-25-Layout1.pdf\">VIADUTO-27-06-25-Layout1<\/a><a href=\"https:\/\/www.radiomanchester.com.br\/fm\/wp-content\/uploads\/2025\/06\/VIADUTO-27-06-25-Layout1.pdf\" class=\"wp-block-file__button\" download aria-describedby=\"wp-block-file--media-f81fe7ea-5ac8-4d6b-9702-55d050dc0cc8\">Baixar<\/a><\/div>\n","protected":false},"excerpt":{"rendered":"<p class=\"excerpt\">A partir de amanh\u00e3 segunda-feira (30\/06), motoristas que passam pelo viaduto Ayrton Senna, em An\u00e1polis, devem redobrar a aten\u00e7\u00e3o. A Prefeitura inicia uma interven\u00e7\u00e3o na parte inferior do viaduto, como parte de uma estrat\u00e9gia para melhorar o fluxo de ve\u00edculos na regi\u00e3o. Segundo a Secretaria de Obras, Habita\u00e7\u00e3o, Planejamento Urbano e Meio Ambiente, n\u00e3o haver\u00e1 [&hellip;]<\/p>\n","protected":false},"author":1,"featured_media":0,"comment_status":"open","ping_status":"open","sticky":false,"template":"","format":"standard","meta":[],"categories":[8,17],"tags":[22,24,113,83,129,92],"yoast_head":"<!-- This site is optimized with the Yoast SEO plugin v18.3 - https:\/\/yoast.com\/wordpress\/plugins\/seo\/ -->\n<title>Obra no viaduto Ayrton Senna come\u00e7a nesta segunda para melhorar fluidez no tr\u00e2nsito - Manchester FM 93,3<\/title>\n<meta name=\"robots\" content=\"index, follow, max-snippet:-1, max-image-preview:large, max-video-preview:-1\" \/>\n<link rel=\"canonical\" href=\"https:\/\/www.radiomanchester.com.br\/fm\/obra-no-viaduto-ayrton-senna-comeca-nesta-segunda-para-melhorar-fluidez-no-transito\/\" \/>\n<meta property=\"og:locale\" content=\"pt_BR\" \/>\n<meta property=\"og:type\" content=\"article\" \/>\n<meta property=\"og:title\" content=\"Obra no viaduto Ayrton Senna come\u00e7a nesta segunda para melhorar fluidez no tr\u00e2nsito - Manchester FM 93,3\" \/>\n<meta property=\"og:description\" content=\"A partir de amanh\u00e3 segunda-feira (30\/06), motoristas que passam pelo viaduto Ayrton Senna, em An\u00e1polis, devem redobrar a aten\u00e7\u00e3o. A Prefeitura inicia uma interven\u00e7\u00e3o na parte inferior do viaduto, como parte de uma estrat\u00e9gia para melhorar o fluxo de ve\u00edculos na regi\u00e3o. Segundo a Secretaria de Obras, Habita\u00e7\u00e3o, Planejamento Urbano e Meio Ambiente, n\u00e3o haver\u00e1 [&hellip;]\" \/>\n<meta property=\"og:url\" content=\"https:\/\/www.radiomanchester.com.br\/fm\/obra-no-viaduto-ayrton-senna-comeca-nesta-segunda-para-melhorar-fluidez-no-transito\/\" \/>\n<meta property=\"og:site_name\" content=\"Manchester FM 93,3\" \/>\n<meta property=\"article:published_time\" content=\"2025-06-29T22:10:35+00:00\" \/>\n<meta property=\"article:modified_time\" content=\"2025-06-29T22:10:37+00:00\" \/>\n<meta name=\"twitter:card\" content=\"summary_large_image\" \/>\n<meta name=\"twitter:label1\" content=\"Escrito por\" \/>\n\t<meta name=\"twitter:data1\" content=\"admin\" \/>\n\t<meta name=\"twitter:label2\" content=\"Est. tempo de leitura\" \/>\n\t<meta name=\"twitter:data2\" content=\"2 minutos\" \/>\n<script type=\"application\/ld+json\" class=\"yoast-schema-graph\">{\"@context\":\"https:\/\/schema.org\",\"@graph\":[{\"@type\":\"WebSite\",\"@id\":\"https:\/\/www.radiomanchester.com.br\/fm\/#website\",\"url\":\"https:\/\/www.radiomanchester.com.br\/fm\/\",\"name\":\"Manchester FM 93,3\",\"description\":\"Todo Mundo Ouve!\",\"potentialAction\":[{\"@type\":\"SearchAction\",\"target\":{\"@type\":\"EntryPoint\",\"urlTemplate\":\"https:\/\/www.radiomanchester.com.br\/fm\/?s={search_term_string}\"},\"query-input\":\"required name=search_term_string\"}],\"inLanguage\":\"pt-BR\"},{\"@type\":\"WebPage\",\"@id\":\"https:\/\/www.radiomanchester.com.br\/fm\/obra-no-viaduto-ayrton-senna-comeca-nesta-segunda-para-melhorar-fluidez-no-transito\/#webpage\",\"url\":\"https:\/\/www.radiomanchester.com.br\/fm\/obra-no-viaduto-ayrton-senna-comeca-nesta-segunda-para-melhorar-fluidez-no-transito\/\",\"name\":\"Obra no viaduto Ayrton Senna come\u00e7a nesta segunda para melhorar fluidez no tr\u00e2nsito - Manchester FM 93,3\",\"isPartOf\":{\"@id\":\"https:\/\/www.radiomanchester.com.br\/fm\/#website\"},\"datePublished\":\"2025-06-29T22:10:35+00:00\",\"dateModified\":\"2025-06-29T22:10:37+00:00\",\"author\":{\"@id\":\"https:\/\/www.radiomanchester.com.br\/fm\/#\/schema\/person\/408a7b4d4e32cbebd90e2782852abca3\"},\"breadcrumb\":{\"@id\":\"https:\/\/www.radiomanchester.com.br\/fm\/obra-no-viaduto-ayrton-senna-comeca-nesta-segunda-para-melhorar-fluidez-no-transito\/#breadcrumb\"},\"inLanguage\":\"pt-BR\",\"potentialAction\":[{\"@type\":\"ReadAction\",\"target\":[\"https:\/\/www.radiomanchester.com.br\/fm\/obra-no-viaduto-ayrton-senna-comeca-nesta-segunda-para-melhorar-fluidez-no-transito\/\"]}]},{\"@type\":\"BreadcrumbList\",\"@id\":\"https:\/\/www.radiomanchester.com.br\/fm\/obra-no-viaduto-ayrton-senna-comeca-nesta-segunda-para-melhorar-fluidez-no-transito\/#breadcrumb\",\"itemListElement\":[{\"@type\":\"ListItem\",\"position\":1,\"name\":\"Home\",\"item\":\"https:\/\/www.radiomanchester.com.br\/fm\/\"},{\"@type\":\"ListItem\",\"position\":2,\"name\":\"Obra no viaduto Ayrton Senna come\u00e7a nesta segunda para melhorar fluidez no tr\u00e2nsito\"}]},{\"@type\":\"Person\",\"@id\":\"https:\/\/www.radiomanchester.com.br\/fm\/#\/schema\/person\/408a7b4d4e32cbebd90e2782852abca3\",\"name\":\"admin\",\"image\":{\"@type\":\"ImageObject\",\"@id\":\"https:\/\/www.radiomanchester.com.br\/fm\/#personlogo\",\"inLanguage\":\"pt-BR\",\"url\":\"https:\/\/secure.gravatar.com\/avatar\/115a974dba3376872eb3addeb276301c?s=96&d=mm&r=g\",\"contentUrl\":\"https:\/\/secure.gravatar.com\/avatar\/115a974dba3376872eb3addeb276301c?s=96&d=mm&r=g\",\"caption\":\"admin\"},\"url\":\"https:\/\/www.radiomanchester.com.br\/fm\/author\/admin\/\"}]}<\/script>\n<!-- \/ Yoast SEO plugin. -->","yoast_head_json":{"title":"Obra no viaduto Ayrton Senna come\u00e7a nesta segunda para melhorar fluidez no tr\u00e2nsito - Manchester FM 93,3","robots":{"index":"index","follow":"follow","max-snippet":"max-snippet:-1","max-image-preview":"max-image-preview:large","max-video-preview":"max-video-preview:-1"},"canonical":"https:\/\/www.radiomanchester.com.br\/fm\/obra-no-viaduto-ayrton-senna-comeca-nesta-segunda-para-melhorar-fluidez-no-transito\/","og_locale":"pt_BR","og_type":"article","og_title":"Obra no viaduto Ayrton Senna come\u00e7a nesta segunda para melhorar fluidez no tr\u00e2nsito - Manchester FM 93,3","og_description":"A partir de amanh\u00e3 segunda-feira (30\/06), motoristas que passam pelo viaduto Ayrton Senna, em An\u00e1polis, devem redobrar a aten\u00e7\u00e3o. A Prefeitura inicia uma interven\u00e7\u00e3o na parte inferior do viaduto, como parte de uma estrat\u00e9gia para melhorar o fluxo de ve\u00edculos na regi\u00e3o. Segundo a Secretaria de Obras, Habita\u00e7\u00e3o, Planejamento Urbano e Meio Ambiente, n\u00e3o haver\u00e1 [&hellip;]","og_url":"https:\/\/www.radiomanchester.com.br\/fm\/obra-no-viaduto-ayrton-senna-comeca-nesta-segunda-para-melhorar-fluidez-no-transito\/","og_site_name":"Manchester FM 93,3","article_published_time":"2025-06-29T22:10:35+00:00","article_modified_time":"2025-06-29T22:10:37+00:00","twitter_card":"summary_large_image","twitter_misc":{"Escrito por":"admin","Est. tempo de leitura":"2 minutos"},"schema":{"@context":"https:\/\/schema.org","@graph":[{"@type":"WebSite","@id":"https:\/\/www.radiomanchester.com.br\/fm\/#website","url":"https:\/\/www.radiomanchester.com.br\/fm\/","name":"Manchester FM 93,3","description":"Todo Mundo Ouve!","potentialAction":[{"@type":"SearchAction","target":{"@type":"EntryPoint","urlTemplate":"https:\/\/www.radiomanchester.com.br\/fm\/?s={search_term_string}"},"query-input":"required name=search_term_string"}],"inLanguage":"pt-BR"},{"@type":"WebPage","@id":"https:\/\/www.radiomanchester.com.br\/fm\/obra-no-viaduto-ayrton-senna-comeca-nesta-segunda-para-melhorar-fluidez-no-transito\/#webpage","url":"https:\/\/www.radiomanchester.com.br\/fm\/obra-no-viaduto-ayrton-senna-comeca-nesta-segunda-para-melhorar-fluidez-no-transito\/","name":"Obra no viaduto Ayrton Senna come\u00e7a nesta segunda para melhorar fluidez no tr\u00e2nsito - Manchester FM 93,3","isPartOf":{"@id":"https:\/\/www.radiomanchester.com.br\/fm\/#website"},"datePublished":"2025-06-29T22:10:35+00:00","dateModified":"2025-06-29T22:10:37+00:00","author":{"@id":"https:\/\/www.radiomanchester.com.br\/fm\/#\/schema\/person\/408a7b4d4e32cbebd90e2782852abca3"},"breadcrumb":{"@id":"https:\/\/www.radiomanchester.com.br\/fm\/obra-no-viaduto-ayrton-senna-comeca-nesta-segunda-para-melhorar-fluidez-no-transito\/#breadcrumb"},"inLanguage":"pt-BR","potentialAction":[{"@type":"ReadAction","target":["https:\/\/www.radiomanchester.com.br\/fm\/obra-no-viaduto-ayrton-senna-comeca-nesta-segunda-para-melhorar-fluidez-no-transito\/"]}]},{"@type":"BreadcrumbList","@id":"https:\/\/www.radiomanchester.com.br\/fm\/obra-no-viaduto-ayrton-senna-comeca-nesta-segunda-para-melhorar-fluidez-no-transito\/#breadcrumb","itemListElement":[{"@type":"ListItem","position":1,"name":"Home","item":"https:\/\/www.radiomanchester.com.br\/fm\/"},{"@type":"ListItem","position":2,"name":"Obra no viaduto Ayrton Senna come\u00e7a nesta segunda para melhorar fluidez no tr\u00e2nsito"}]},{"@type":"Person","@id":"https:\/\/www.radiomanchester.com.br\/fm\/#\/schema\/person\/408a7b4d4e32cbebd90e2782852abca3","name":"admin","image":{"@type":"ImageObject","@id":"https:\/\/www.radiomanchester.com.br\/fm\/#personlogo","inLanguage":"pt-BR","url":"https:\/\/secure.gravatar.com\/avatar\/115a974dba3376872eb3addeb276301c?s=96&d=mm&r=g","contentUrl":"https:\/\/secure.gravatar.com\/avatar\/115a974dba3376872eb3addeb276301c?s=96&d=mm&r=g","caption":"admin"},"url":"https:\/\/www.radiomanchester.com.br\/fm\/author\/admin\/"}]}},"_links":{"self":[{"href":"https:\/\/www.radiomanchester.com.br\/fm\/wp-json\/wp\/v2\/posts\/16222"}],"collection":[{"href":"https:\/\/www.radiomanchester.com.br\/fm\/wp-json\/wp\/v2\/posts"}],"about":[{"href":"https:\/\/www.radiomanchester.com.br\/fm\/wp-json\/wp\/v2\/types\/post"}],"author":[{"embeddable":true,"href":"https:\/\/www.radiomanchester.com.br\/fm\/wp-json\/wp\/v2\/users\/1"}],"replies":[{"embeddable":true,"href":"https:\/\/www.radiomanchester.com.br\/fm\/wp-json\/wp\/v2\/comments?post=16222"}],"version-history":[{"count":1,"href":"https:\/\/www.radiomanchester.com.br\/fm\/wp-json\/wp\/v2\/posts\/16222\/revisions"}],"predecessor-version":[{"id":16224,"href":"https:\/\/www.radiomanchester.com.br\/fm\/wp-json\/wp\/v2\/posts\/16222\/revisions\/16224"}],"wp:attachment":[{"href":"https:\/\/www.radiomanchester.com.br\/fm\/wp-json\/wp\/v2\/media?parent=16222"}],"wp:term":[{"taxonomy":"category","embeddable":true,"href":"https:\/\/www.radiomanchester.com.br\/fm\/wp-json\/wp\/v2\/categories?post=16222"},{"taxonomy":"post_tag","embeddable":true,"href":"https:\/\/www.radiomanchester.com.br\/fm\/wp-json\/wp\/v2\/tags?post=16222"}],"curies":[{"name":"wp","href":"https:\/\/api.w.org\/{rel}","templated":true}]}}