{"id":16225,"date":"2025-06-30T07:00:00","date_gmt":"2025-06-30T10:00:00","guid":{"rendered":"https:\/\/www.radiomanchester.com.br\/fm\/?p=16225"},"modified":"2025-06-29T19:52:22","modified_gmt":"2025-06-29T22:52:22","slug":"taxa-governo-federal-cobra-r-500-para-acampar-no-rio-araguaia","status":"publish","type":"post","link":"https:\/\/www.radiomanchester.com.br\/fm\/taxa-governo-federal-cobra-r-500-para-acampar-no-rio-araguaia\/","title":{"rendered":"Taxa: Governo Federal cobra R$ 500 para acampar no Rio Araguaia"},"content":{"rendered":"\n<p><strong><em>A partir de julho de 2025, quem montar acampamento \u00e0s margens do Rio Araguaia, por mais de 30 dias, dever\u00e1 pagar a taxa<\/em><\/strong><\/p>\n\n\n\n<hr class=\"wp-block-separator\"\/>\n\n\n\n<p>Todas as pessoas que queiram montar acampamento \u00e0s margens do Rio Araguaia, a partir de julho de 2025, com estrutura fixa ou perman\u00eancia superior a 30 dias, precisar\u00e3o pagar uma taxa de R$?500. Tamb\u00e9m \u00e9 necess\u00e1rio obter a autoriza\u00e7\u00e3o da Superintend\u00eancia do Patrim\u00f4nio da Uni\u00e3o (SPU). O uso segue gratuito para banhos de rio, pesca e acampamentos de curto prazo, al\u00e9m do acesso di\u00e1rio \u00e0s praias.<\/p>\n\n\n\n<p>O rio \u00e9 muito procurado no m\u00eas de julho em cidades de Goi\u00e1s, do Tocantins, de Mato Grosso e do Par\u00e1. S\u00e3o muito comuns os acampamentos de m\u00e9dia e longa dura\u00e7\u00e3o nas praias do Araguaia.<\/p>\n\n\n\n<p>Conforme Edy C\u00e9sar, superintendente do Patrim\u00f4nio da Uni\u00e3o no Tocantins, n\u00e3o h\u00e1 cobran\u00e7a para acesso \u00e0s praias ou para acampamentos de curta dura\u00e7\u00e3o. \u201cA taxa \u00e9 para quem passa 30, 40 dias na ilha. E essa cobran\u00e7a \u00e9 \u00ednfima, imagina se nossas ilhas e praias fossem privadas. Agora, o nosso papel na Superintend\u00eancia do Patrim\u00f4nio da Uni\u00e3o \u00e9 garantir acesso \u00e0 popula\u00e7\u00e3o, \u00e0 preserva\u00e7\u00e3o ambiental e o controle das nossas praias\u201d, destacou, em postagem nas redes sociais.<\/p>\n\n\n\n<p>A superintend\u00eancia destaca que a nova regra foi criada para proteger o entorno imediato do rio, at\u00e9 15?metros da calha. Especialistas afirmam que o objetivo \u00e9 evitar degrada\u00e7\u00e3o ambiental e organizar o uso p\u00fablico.<\/p>\n\n\n\n<p><strong>O pagamento da taxa n\u00e3o \u00e9 necess\u00e1rio para visitantes, mas, sim, para:<\/strong><\/p>\n\n\n\n<ul><li>Campistas com estruturas fixas (ranchos, decks, plataformas).<\/li><li>Pessoas que fiquem por um per\u00edodo maior que 30 dias.<\/li><li>Eventos recreativos, culturais, religiosos ou comerciais que ocupem espa\u00e7o por prazo prolongado.<\/li><li>Para solicitar a autoriza\u00e7\u00e3o, \u00e9 preciso acessar o site oficial da SPU: Sistema Patrim\u00f4nio de Todos, fazer o cadastro via <a href=\"http:\/\/Gov.br\">Gov.br<\/a>, e gerar a Guia de Recolhimento da Uni\u00e3o (GRU).<\/li><\/ul>\n\n\n\n<p>Em 2025, a SPU firmou parceria com prefeituras dos munic\u00edpios de Aruan\u00e3 (GO), Aragar\u00e7as (GO), Brit\u00e2nia (GO), S\u00e3o Miguel do Araguaia (GO) e outros. Fica sob responsabilidade da SPU a fiscaliza\u00e7\u00e3o, enquanto os munic\u00edpios coordenam a organiza\u00e7\u00e3o de pontos de apoio, servi\u00e7os de apoio e campanhas educativas.<\/p>\n\n\n\n<p>porR3pMetr0p0les parceiro Manchester<\/p>\n","protected":false},"excerpt":{"rendered":"<p class=\"excerpt\">A partir de julho de 2025, quem montar acampamento \u00e0s margens do Rio Araguaia, por mais de 30 dias, dever\u00e1 pagar a taxa Todas as pessoas que queiram montar acampamento \u00e0s margens do Rio Araguaia, a partir de julho de 2025, com estrutura fixa ou perman\u00eancia superior a 30 dias, precisar\u00e3o pagar uma taxa de [&hellip;]<\/p>\n","protected":false},"author":1,"featured_media":0,"comment_status":"open","ping_status":"open","sticky":false,"template":"","format":"standard","meta":[],"categories":[8,17],"tags":[22,24,113,83,92],"yoast_head":"<!-- This site is optimized with the Yoast SEO plugin v18.3 - https:\/\/yoast.com\/wordpress\/plugins\/seo\/ -->\n<title>Taxa: Governo Federal cobra R$ 500 para acampar no Rio Araguaia - Manchester FM 93,3<\/title>\n<meta name=\"robots\" content=\"index, follow, max-snippet:-1, max-image-preview:large, max-video-preview:-1\" \/>\n<link rel=\"canonical\" href=\"https:\/\/www.radiomanchester.com.br\/fm\/taxa-governo-federal-cobra-r-500-para-acampar-no-rio-araguaia\/\" \/>\n<meta property=\"og:locale\" content=\"pt_BR\" \/>\n<meta property=\"og:type\" content=\"article\" \/>\n<meta property=\"og:title\" content=\"Taxa: Governo Federal cobra R$ 500 para acampar no Rio Araguaia - Manchester FM 93,3\" \/>\n<meta property=\"og:description\" content=\"A partir de julho de 2025, quem montar acampamento \u00e0s margens do Rio Araguaia, por mais de 30 dias, dever\u00e1 pagar a taxa Todas as pessoas que queiram montar acampamento \u00e0s margens do Rio Araguaia, a partir de julho de 2025, com estrutura fixa ou perman\u00eancia superior a 30 dias, precisar\u00e3o pagar uma taxa de [&hellip;]\" \/>\n<meta property=\"og:url\" content=\"https:\/\/www.radiomanchester.com.br\/fm\/taxa-governo-federal-cobra-r-500-para-acampar-no-rio-araguaia\/\" \/>\n<meta property=\"og:site_name\" content=\"Manchester FM 93,3\" \/>\n<meta property=\"article:published_time\" content=\"2025-06-30T10:00:00+00:00\" \/>\n<meta property=\"article:modified_time\" content=\"2025-06-29T22:52:22+00:00\" \/>\n<meta name=\"twitter:card\" content=\"summary_large_image\" \/>\n<meta name=\"twitter:label1\" content=\"Escrito por\" \/>\n\t<meta name=\"twitter:data1\" content=\"admin\" \/>\n\t<meta name=\"twitter:label2\" content=\"Est. tempo de leitura\" \/>\n\t<meta name=\"twitter:data2\" content=\"2 minutos\" \/>\n<script type=\"application\/ld+json\" class=\"yoast-schema-graph\">{\"@context\":\"https:\/\/schema.org\",\"@graph\":[{\"@type\":\"WebSite\",\"@id\":\"https:\/\/www.radiomanchester.com.br\/fm\/#website\",\"url\":\"https:\/\/www.radiomanchester.com.br\/fm\/\",\"name\":\"Manchester FM 93,3\",\"description\":\"Todo Mundo Ouve!\",\"potentialAction\":[{\"@type\":\"SearchAction\",\"target\":{\"@type\":\"EntryPoint\",\"urlTemplate\":\"https:\/\/www.radiomanchester.com.br\/fm\/?s={search_term_string}\"},\"query-input\":\"required name=search_term_string\"}],\"inLanguage\":\"pt-BR\"},{\"@type\":\"WebPage\",\"@id\":\"https:\/\/www.radiomanchester.com.br\/fm\/taxa-governo-federal-cobra-r-500-para-acampar-no-rio-araguaia\/#webpage\",\"url\":\"https:\/\/www.radiomanchester.com.br\/fm\/taxa-governo-federal-cobra-r-500-para-acampar-no-rio-araguaia\/\",\"name\":\"Taxa: Governo Federal cobra R$ 500 para acampar no Rio Araguaia - Manchester FM 93,3\",\"isPartOf\":{\"@id\":\"https:\/\/www.radiomanchester.com.br\/fm\/#website\"},\"datePublished\":\"2025-06-30T10:00:00+00:00\",\"dateModified\":\"2025-06-29T22:52:22+00:00\",\"author\":{\"@id\":\"https:\/\/www.radiomanchester.com.br\/fm\/#\/schema\/person\/408a7b4d4e32cbebd90e2782852abca3\"},\"breadcrumb\":{\"@id\":\"https:\/\/www.radiomanchester.com.br\/fm\/taxa-governo-federal-cobra-r-500-para-acampar-no-rio-araguaia\/#breadcrumb\"},\"inLanguage\":\"pt-BR\",\"potentialAction\":[{\"@type\":\"ReadAction\",\"target\":[\"https:\/\/www.radiomanchester.com.br\/fm\/taxa-governo-federal-cobra-r-500-para-acampar-no-rio-araguaia\/\"]}]},{\"@type\":\"BreadcrumbList\",\"@id\":\"https:\/\/www.radiomanchester.com.br\/fm\/taxa-governo-federal-cobra-r-500-para-acampar-no-rio-araguaia\/#breadcrumb\",\"itemListElement\":[{\"@type\":\"ListItem\",\"position\":1,\"name\":\"Home\",\"item\":\"https:\/\/www.radiomanchester.com.br\/fm\/\"},{\"@type\":\"ListItem\",\"position\":2,\"name\":\"Taxa: Governo Federal cobra R$ 500 para acampar no Rio Araguaia\"}]},{\"@type\":\"Person\",\"@id\":\"https:\/\/www.radiomanchester.com.br\/fm\/#\/schema\/person\/408a7b4d4e32cbebd90e2782852abca3\",\"name\":\"admin\",\"image\":{\"@type\":\"ImageObject\",\"@id\":\"https:\/\/www.radiomanchester.com.br\/fm\/#personlogo\",\"inLanguage\":\"pt-BR\",\"url\":\"https:\/\/secure.gravatar.com\/avatar\/115a974dba3376872eb3addeb276301c?s=96&d=mm&r=g\",\"contentUrl\":\"https:\/\/secure.gravatar.com\/avatar\/115a974dba3376872eb3addeb276301c?s=96&d=mm&r=g\",\"caption\":\"admin\"},\"url\":\"https:\/\/www.radiomanchester.com.br\/fm\/author\/admin\/\"}]}<\/script>\n<!-- \/ Yoast SEO plugin. -->","yoast_head_json":{"title":"Taxa: Governo Federal cobra R$ 500 para acampar no Rio Araguaia - Manchester FM 93,3","robots":{"index":"index","follow":"follow","max-snippet":"max-snippet:-1","max-image-preview":"max-image-preview:large","max-video-preview":"max-video-preview:-1"},"canonical":"https:\/\/www.radiomanchester.com.br\/fm\/taxa-governo-federal-cobra-r-500-para-acampar-no-rio-araguaia\/","og_locale":"pt_BR","og_type":"article","og_title":"Taxa: Governo Federal cobra R$ 500 para acampar no Rio Araguaia - Manchester FM 93,3","og_description":"A partir de julho de 2025, quem montar acampamento \u00e0s margens do Rio Araguaia, por mais de 30 dias, dever\u00e1 pagar a taxa Todas as pessoas que queiram montar acampamento \u00e0s margens do Rio Araguaia, a partir de julho de 2025, com estrutura fixa ou perman\u00eancia superior a 30 dias, precisar\u00e3o pagar uma taxa de [&hellip;]","og_url":"https:\/\/www.radiomanchester.com.br\/fm\/taxa-governo-federal-cobra-r-500-para-acampar-no-rio-araguaia\/","og_site_name":"Manchester FM 93,3","article_published_time":"2025-06-30T10:00:00+00:00","article_modified_time":"2025-06-29T22:52:22+00:00","twitter_card":"summary_large_image","twitter_misc":{"Escrito por":"admin","Est. tempo de leitura":"2 minutos"},"schema":{"@context":"https:\/\/schema.org","@graph":[{"@type":"WebSite","@id":"https:\/\/www.radiomanchester.com.br\/fm\/#website","url":"https:\/\/www.radiomanchester.com.br\/fm\/","name":"Manchester FM 93,3","description":"Todo Mundo Ouve!","potentialAction":[{"@type":"SearchAction","target":{"@type":"EntryPoint","urlTemplate":"https:\/\/www.radiomanchester.com.br\/fm\/?s={search_term_string}"},"query-input":"required name=search_term_string"}],"inLanguage":"pt-BR"},{"@type":"WebPage","@id":"https:\/\/www.radiomanchester.com.br\/fm\/taxa-governo-federal-cobra-r-500-para-acampar-no-rio-araguaia\/#webpage","url":"https:\/\/www.radiomanchester.com.br\/fm\/taxa-governo-federal-cobra-r-500-para-acampar-no-rio-araguaia\/","name":"Taxa: Governo Federal cobra R$ 500 para acampar no Rio Araguaia - Manchester FM 93,3","isPartOf":{"@id":"https:\/\/www.radiomanchester.com.br\/fm\/#website"},"datePublished":"2025-06-30T10:00:00+00:00","dateModified":"2025-06-29T22:52:22+00:00","author":{"@id":"https:\/\/www.radiomanchester.com.br\/fm\/#\/schema\/person\/408a7b4d4e32cbebd90e2782852abca3"},"breadcrumb":{"@id":"https:\/\/www.radiomanchester.com.br\/fm\/taxa-governo-federal-cobra-r-500-para-acampar-no-rio-araguaia\/#breadcrumb"},"inLanguage":"pt-BR","potentialAction":[{"@type":"ReadAction","target":["https:\/\/www.radiomanchester.com.br\/fm\/taxa-governo-federal-cobra-r-500-para-acampar-no-rio-araguaia\/"]}]},{"@type":"BreadcrumbList","@id":"https:\/\/www.radiomanchester.com.br\/fm\/taxa-governo-federal-cobra-r-500-para-acampar-no-rio-araguaia\/#breadcrumb","itemListElement":[{"@type":"ListItem","position":1,"name":"Home","item":"https:\/\/www.radiomanchester.com.br\/fm\/"},{"@type":"ListItem","position":2,"name":"Taxa: Governo Federal cobra R$ 500 para acampar no Rio Araguaia"}]},{"@type":"Person","@id":"https:\/\/www.radiomanchester.com.br\/fm\/#\/schema\/person\/408a7b4d4e32cbebd90e2782852abca3","name":"admin","image":{"@type":"ImageObject","@id":"https:\/\/www.radiomanchester.com.br\/fm\/#personlogo","inLanguage":"pt-BR","url":"https:\/\/secure.gravatar.com\/avatar\/115a974dba3376872eb3addeb276301c?s=96&d=mm&r=g","contentUrl":"https:\/\/secure.gravatar.com\/avatar\/115a974dba3376872eb3addeb276301c?s=96&d=mm&r=g","caption":"admin"},"url":"https:\/\/www.radiomanchester.com.br\/fm\/author\/admin\/"}]}},"_links":{"self":[{"href":"https:\/\/www.radiomanchester.com.br\/fm\/wp-json\/wp\/v2\/posts\/16225"}],"collection":[{"href":"https:\/\/www.radiomanchester.com.br\/fm\/wp-json\/wp\/v2\/posts"}],"about":[{"href":"https:\/\/www.radiomanchester.com.br\/fm\/wp-json\/wp\/v2\/types\/post"}],"author":[{"embeddable":true,"href":"https:\/\/www.radiomanchester.com.br\/fm\/wp-json\/wp\/v2\/users\/1"}],"replies":[{"embeddable":true,"href":"https:\/\/www.radiomanchester.com.br\/fm\/wp-json\/wp\/v2\/comments?post=16225"}],"version-history":[{"count":1,"href":"https:\/\/www.radiomanchester.com.br\/fm\/wp-json\/wp\/v2\/posts\/16225\/revisions"}],"predecessor-version":[{"id":16226,"href":"https:\/\/www.radiomanchester.com.br\/fm\/wp-json\/wp\/v2\/posts\/16225\/revisions\/16226"}],"wp:attachment":[{"href":"https:\/\/www.radiomanchester.com.br\/fm\/wp-json\/wp\/v2\/media?parent=16225"}],"wp:term":[{"taxonomy":"category","embeddable":true,"href":"https:\/\/www.radiomanchester.com.br\/fm\/wp-json\/wp\/v2\/categories?post=16225"},{"taxonomy":"post_tag","embeddable":true,"href":"https:\/\/www.radiomanchester.com.br\/fm\/wp-json\/wp\/v2\/tags?post=16225"}],"curies":[{"name":"wp","href":"https:\/\/api.w.org\/{rel}","templated":true}]}}