{"id":16258,"date":"2025-07-06T20:02:13","date_gmt":"2025-07-06T23:02:13","guid":{"rendered":"https:\/\/www.radiomanchester.com.br\/fm\/?p=16258"},"modified":"2025-07-06T20:02:16","modified_gmt":"2025-07-06T23:02:16","slug":"edu-guedes-passa-por-cirurgia-de-emergencia-saiba-como-ele-descobriu-cancer-no-pancreas","status":"publish","type":"post","link":"https:\/\/www.radiomanchester.com.br\/fm\/edu-guedes-passa-por-cirurgia-de-emergencia-saiba-como-ele-descobriu-cancer-no-pancreas\/","title":{"rendered":"Edu Guedes passa por cirurgia de emerg\u00eancia; saiba como ele descobriu c\u00e2ncer no p\u00e2ncreas"},"content":{"rendered":"\n<p><\/p>\n\n\n\n<p>No \u00faltimo s\u00e1bado (5\/07), Edu Guedes passou por uma cirurgia de emerg\u00eancia para a retirada de um tumor no p\u00e2ncreas. O chef de cozinha est\u00e1 internado no Hospital Israelita Albert Einstein, em S\u00e3o Paulo, e descobriu o problema ap\u00f3s procurar atendimento m\u00e9dico por quest\u00f5es renais.<\/p>\n\n\n\n<p>De acordo com informa\u00e7\u00f5es divulgadas pela assessoria de imprensa do apresentador, o famoso buscou um especialista ap\u00f3s passar mal por conta de uma infec\u00e7\u00e3o causada por uma crise renal. Em decorr\u00eancia disso, ele foi submetido a mais de um procedimento devido ao comprometimento dos rins.<\/p>\n\n\n\n<p>Foi durante uma bateria de exames mais detalhados que os m\u00e9dicos identificaram um n\u00f3dulo no p\u00e2ncreas de Edu Guedes, fazendo uma avalia\u00e7\u00e3o e decidindo pela remo\u00e7\u00e3o cir\u00fargica imediata da les\u00e3o.<\/p>\n\n\n\n<p>O veterano, de 50 anos, segue em recupera\u00e7\u00e3o e deve continuar internado pelos pr\u00f3ximos dias, em observa\u00e7\u00e3o. Ainda n\u00e3o foram divulgadas informa\u00e7\u00f5es oficiais sobre o tipo de tumor ou de quando ele voltar\u00e1 para casa.<\/p>\n\n\n\n<p><strong>Edu Guedes recebeu mensagens de apoio de f\u00e3s<br><\/strong>Desde que a informa\u00e7\u00e3o sobre Edu Guedes ter sido diagnosticado com um tumor no p\u00e2ncreas veio \u00e0 tona, f\u00e3s encheram as redes sociais de mensagens positivas para o apresentador, cujo romance com Ana Hickmann vai de vento em popa.<\/p>\n\n\n\n<p>&#8220;Deus te aben\u00e7oe com a cura, sua f\u00e9, juntamente com as energias positivas de cura pra voc\u00ea e para todos que est\u00e3o com a enfermidade&#8221;, escreveu Elisa Santos, no X\/Twitter. &#8220;Um dos tipos de c\u00e2ncer mais agressivos, que ele consiga se curar, que o amor ven\u00e7a\u2026 for\u00e7a pra voc\u00eas, toda energia positiva e amor seja direcionado a voc\u00eas nesse momento dif\u00edcil&#8221;, desejou Phaty.<\/p>\n\n\n\n<p>J\u00e1 Carla Calmon, compartilhou um relato: &#8220;Sa\u00fade pra ele. \u00c9 um c\u00e2ncer bastante grave, mas tenho uma grande amiga de inf\u00e2ncia que h\u00e1 dez anos teve, operou, fez o tratamento adequado e ficou curada. Deixo o relato pra quem passa por problema igual, tenha em mente, para Deus, ci\u00eancia, nada \u00e9 imposs\u00edvel&#8221;.<\/p>\n\n\n\n<p>porN4telinha<\/p>\n","protected":false},"excerpt":{"rendered":"<p class=\"excerpt\">No \u00faltimo s\u00e1bado (5\/07), Edu Guedes passou por uma cirurgia de emerg\u00eancia para a retirada de um tumor no p\u00e2ncreas. O chef de cozinha est\u00e1 internado no Hospital Israelita Albert Einstein, em S\u00e3o Paulo, e descobriu o problema ap\u00f3s procurar atendimento m\u00e9dico por quest\u00f5es renais. De acordo com informa\u00e7\u00f5es divulgadas pela assessoria de imprensa do [&hellip;]<\/p>\n","protected":false},"author":1,"featured_media":0,"comment_status":"open","ping_status":"open","sticky":false,"template":"","format":"standard","meta":[],"categories":[8,17],"tags":[22,137,24,113,83,92],"yoast_head":"<!-- This site is optimized with the Yoast SEO plugin v18.3 - https:\/\/yoast.com\/wordpress\/plugins\/seo\/ -->\n<title>Edu Guedes passa por cirurgia de emerg\u00eancia; saiba como ele descobriu c\u00e2ncer no p\u00e2ncreas - Manchester FM 93,3<\/title>\n<meta name=\"robots\" content=\"index, follow, max-snippet:-1, max-image-preview:large, max-video-preview:-1\" \/>\n<link rel=\"canonical\" href=\"https:\/\/www.radiomanchester.com.br\/fm\/edu-guedes-passa-por-cirurgia-de-emergencia-saiba-como-ele-descobriu-cancer-no-pancreas\/\" \/>\n<meta property=\"og:locale\" content=\"pt_BR\" \/>\n<meta property=\"og:type\" content=\"article\" \/>\n<meta property=\"og:title\" content=\"Edu Guedes passa por cirurgia de emerg\u00eancia; saiba como ele descobriu c\u00e2ncer no p\u00e2ncreas - Manchester FM 93,3\" \/>\n<meta property=\"og:description\" content=\"No \u00faltimo s\u00e1bado (5\/07), Edu Guedes passou por uma cirurgia de emerg\u00eancia para a retirada de um tumor no p\u00e2ncreas. O chef de cozinha est\u00e1 internado no Hospital Israelita Albert Einstein, em S\u00e3o Paulo, e descobriu o problema ap\u00f3s procurar atendimento m\u00e9dico por quest\u00f5es renais. De acordo com informa\u00e7\u00f5es divulgadas pela assessoria de imprensa do [&hellip;]\" \/>\n<meta property=\"og:url\" content=\"https:\/\/www.radiomanchester.com.br\/fm\/edu-guedes-passa-por-cirurgia-de-emergencia-saiba-como-ele-descobriu-cancer-no-pancreas\/\" \/>\n<meta property=\"og:site_name\" content=\"Manchester FM 93,3\" \/>\n<meta property=\"article:published_time\" content=\"2025-07-06T23:02:13+00:00\" \/>\n<meta property=\"article:modified_time\" content=\"2025-07-06T23:02:16+00:00\" \/>\n<meta name=\"twitter:card\" content=\"summary_large_image\" \/>\n<meta name=\"twitter:label1\" content=\"Escrito por\" \/>\n\t<meta name=\"twitter:data1\" content=\"admin\" \/>\n\t<meta name=\"twitter:label2\" content=\"Est. tempo de leitura\" \/>\n\t<meta name=\"twitter:data2\" content=\"2 minutos\" \/>\n<script type=\"application\/ld+json\" class=\"yoast-schema-graph\">{\"@context\":\"https:\/\/schema.org\",\"@graph\":[{\"@type\":\"WebSite\",\"@id\":\"https:\/\/www.radiomanchester.com.br\/fm\/#website\",\"url\":\"https:\/\/www.radiomanchester.com.br\/fm\/\",\"name\":\"Manchester FM 93,3\",\"description\":\"Todo Mundo Ouve!\",\"potentialAction\":[{\"@type\":\"SearchAction\",\"target\":{\"@type\":\"EntryPoint\",\"urlTemplate\":\"https:\/\/www.radiomanchester.com.br\/fm\/?s={search_term_string}\"},\"query-input\":\"required name=search_term_string\"}],\"inLanguage\":\"pt-BR\"},{\"@type\":\"WebPage\",\"@id\":\"https:\/\/www.radiomanchester.com.br\/fm\/edu-guedes-passa-por-cirurgia-de-emergencia-saiba-como-ele-descobriu-cancer-no-pancreas\/#webpage\",\"url\":\"https:\/\/www.radiomanchester.com.br\/fm\/edu-guedes-passa-por-cirurgia-de-emergencia-saiba-como-ele-descobriu-cancer-no-pancreas\/\",\"name\":\"Edu Guedes passa por cirurgia de emerg\u00eancia; saiba como ele descobriu c\u00e2ncer no p\u00e2ncreas - Manchester FM 93,3\",\"isPartOf\":{\"@id\":\"https:\/\/www.radiomanchester.com.br\/fm\/#website\"},\"datePublished\":\"2025-07-06T23:02:13+00:00\",\"dateModified\":\"2025-07-06T23:02:16+00:00\",\"author\":{\"@id\":\"https:\/\/www.radiomanchester.com.br\/fm\/#\/schema\/person\/408a7b4d4e32cbebd90e2782852abca3\"},\"breadcrumb\":{\"@id\":\"https:\/\/www.radiomanchester.com.br\/fm\/edu-guedes-passa-por-cirurgia-de-emergencia-saiba-como-ele-descobriu-cancer-no-pancreas\/#breadcrumb\"},\"inLanguage\":\"pt-BR\",\"potentialAction\":[{\"@type\":\"ReadAction\",\"target\":[\"https:\/\/www.radiomanchester.com.br\/fm\/edu-guedes-passa-por-cirurgia-de-emergencia-saiba-como-ele-descobriu-cancer-no-pancreas\/\"]}]},{\"@type\":\"BreadcrumbList\",\"@id\":\"https:\/\/www.radiomanchester.com.br\/fm\/edu-guedes-passa-por-cirurgia-de-emergencia-saiba-como-ele-descobriu-cancer-no-pancreas\/#breadcrumb\",\"itemListElement\":[{\"@type\":\"ListItem\",\"position\":1,\"name\":\"Home\",\"item\":\"https:\/\/www.radiomanchester.com.br\/fm\/\"},{\"@type\":\"ListItem\",\"position\":2,\"name\":\"Edu Guedes passa por cirurgia de emerg\u00eancia; saiba como ele descobriu c\u00e2ncer no p\u00e2ncreas\"}]},{\"@type\":\"Person\",\"@id\":\"https:\/\/www.radiomanchester.com.br\/fm\/#\/schema\/person\/408a7b4d4e32cbebd90e2782852abca3\",\"name\":\"admin\",\"image\":{\"@type\":\"ImageObject\",\"@id\":\"https:\/\/www.radiomanchester.com.br\/fm\/#personlogo\",\"inLanguage\":\"pt-BR\",\"url\":\"https:\/\/secure.gravatar.com\/avatar\/115a974dba3376872eb3addeb276301c?s=96&d=mm&r=g\",\"contentUrl\":\"https:\/\/secure.gravatar.com\/avatar\/115a974dba3376872eb3addeb276301c?s=96&d=mm&r=g\",\"caption\":\"admin\"},\"url\":\"https:\/\/www.radiomanchester.com.br\/fm\/author\/admin\/\"}]}<\/script>\n<!-- \/ Yoast SEO plugin. -->","yoast_head_json":{"title":"Edu Guedes passa por cirurgia de emerg\u00eancia; saiba como ele descobriu c\u00e2ncer no p\u00e2ncreas - Manchester FM 93,3","robots":{"index":"index","follow":"follow","max-snippet":"max-snippet:-1","max-image-preview":"max-image-preview:large","max-video-preview":"max-video-preview:-1"},"canonical":"https:\/\/www.radiomanchester.com.br\/fm\/edu-guedes-passa-por-cirurgia-de-emergencia-saiba-como-ele-descobriu-cancer-no-pancreas\/","og_locale":"pt_BR","og_type":"article","og_title":"Edu Guedes passa por cirurgia de emerg\u00eancia; saiba como ele descobriu c\u00e2ncer no p\u00e2ncreas - Manchester FM 93,3","og_description":"No \u00faltimo s\u00e1bado (5\/07), Edu Guedes passou por uma cirurgia de emerg\u00eancia para a retirada de um tumor no p\u00e2ncreas. O chef de cozinha est\u00e1 internado no Hospital Israelita Albert Einstein, em S\u00e3o Paulo, e descobriu o problema ap\u00f3s procurar atendimento m\u00e9dico por quest\u00f5es renais. De acordo com informa\u00e7\u00f5es divulgadas pela assessoria de imprensa do [&hellip;]","og_url":"https:\/\/www.radiomanchester.com.br\/fm\/edu-guedes-passa-por-cirurgia-de-emergencia-saiba-como-ele-descobriu-cancer-no-pancreas\/","og_site_name":"Manchester FM 93,3","article_published_time":"2025-07-06T23:02:13+00:00","article_modified_time":"2025-07-06T23:02:16+00:00","twitter_card":"summary_large_image","twitter_misc":{"Escrito por":"admin","Est. tempo de leitura":"2 minutos"},"schema":{"@context":"https:\/\/schema.org","@graph":[{"@type":"WebSite","@id":"https:\/\/www.radiomanchester.com.br\/fm\/#website","url":"https:\/\/www.radiomanchester.com.br\/fm\/","name":"Manchester FM 93,3","description":"Todo Mundo Ouve!","potentialAction":[{"@type":"SearchAction","target":{"@type":"EntryPoint","urlTemplate":"https:\/\/www.radiomanchester.com.br\/fm\/?s={search_term_string}"},"query-input":"required name=search_term_string"}],"inLanguage":"pt-BR"},{"@type":"WebPage","@id":"https:\/\/www.radiomanchester.com.br\/fm\/edu-guedes-passa-por-cirurgia-de-emergencia-saiba-como-ele-descobriu-cancer-no-pancreas\/#webpage","url":"https:\/\/www.radiomanchester.com.br\/fm\/edu-guedes-passa-por-cirurgia-de-emergencia-saiba-como-ele-descobriu-cancer-no-pancreas\/","name":"Edu Guedes passa por cirurgia de emerg\u00eancia; saiba como ele descobriu c\u00e2ncer no p\u00e2ncreas - Manchester FM 93,3","isPartOf":{"@id":"https:\/\/www.radiomanchester.com.br\/fm\/#website"},"datePublished":"2025-07-06T23:02:13+00:00","dateModified":"2025-07-06T23:02:16+00:00","author":{"@id":"https:\/\/www.radiomanchester.com.br\/fm\/#\/schema\/person\/408a7b4d4e32cbebd90e2782852abca3"},"breadcrumb":{"@id":"https:\/\/www.radiomanchester.com.br\/fm\/edu-guedes-passa-por-cirurgia-de-emergencia-saiba-como-ele-descobriu-cancer-no-pancreas\/#breadcrumb"},"inLanguage":"pt-BR","potentialAction":[{"@type":"ReadAction","target":["https:\/\/www.radiomanchester.com.br\/fm\/edu-guedes-passa-por-cirurgia-de-emergencia-saiba-como-ele-descobriu-cancer-no-pancreas\/"]}]},{"@type":"BreadcrumbList","@id":"https:\/\/www.radiomanchester.com.br\/fm\/edu-guedes-passa-por-cirurgia-de-emergencia-saiba-como-ele-descobriu-cancer-no-pancreas\/#breadcrumb","itemListElement":[{"@type":"ListItem","position":1,"name":"Home","item":"https:\/\/www.radiomanchester.com.br\/fm\/"},{"@type":"ListItem","position":2,"name":"Edu Guedes passa por cirurgia de emerg\u00eancia; saiba como ele descobriu c\u00e2ncer no p\u00e2ncreas"}]},{"@type":"Person","@id":"https:\/\/www.radiomanchester.com.br\/fm\/#\/schema\/person\/408a7b4d4e32cbebd90e2782852abca3","name":"admin","image":{"@type":"ImageObject","@id":"https:\/\/www.radiomanchester.com.br\/fm\/#personlogo","inLanguage":"pt-BR","url":"https:\/\/secure.gravatar.com\/avatar\/115a974dba3376872eb3addeb276301c?s=96&d=mm&r=g","contentUrl":"https:\/\/secure.gravatar.com\/avatar\/115a974dba3376872eb3addeb276301c?s=96&d=mm&r=g","caption":"admin"},"url":"https:\/\/www.radiomanchester.com.br\/fm\/author\/admin\/"}]}},"_links":{"self":[{"href":"https:\/\/www.radiomanchester.com.br\/fm\/wp-json\/wp\/v2\/posts\/16258"}],"collection":[{"href":"https:\/\/www.radiomanchester.com.br\/fm\/wp-json\/wp\/v2\/posts"}],"about":[{"href":"https:\/\/www.radiomanchester.com.br\/fm\/wp-json\/wp\/v2\/types\/post"}],"author":[{"embeddable":true,"href":"https:\/\/www.radiomanchester.com.br\/fm\/wp-json\/wp\/v2\/users\/1"}],"replies":[{"embeddable":true,"href":"https:\/\/www.radiomanchester.com.br\/fm\/wp-json\/wp\/v2\/comments?post=16258"}],"version-history":[{"count":1,"href":"https:\/\/www.radiomanchester.com.br\/fm\/wp-json\/wp\/v2\/posts\/16258\/revisions"}],"predecessor-version":[{"id":16259,"href":"https:\/\/www.radiomanchester.com.br\/fm\/wp-json\/wp\/v2\/posts\/16258\/revisions\/16259"}],"wp:attachment":[{"href":"https:\/\/www.radiomanchester.com.br\/fm\/wp-json\/wp\/v2\/media?parent=16258"}],"wp:term":[{"taxonomy":"category","embeddable":true,"href":"https:\/\/www.radiomanchester.com.br\/fm\/wp-json\/wp\/v2\/categories?post=16258"},{"taxonomy":"post_tag","embeddable":true,"href":"https:\/\/www.radiomanchester.com.br\/fm\/wp-json\/wp\/v2\/tags?post=16258"}],"curies":[{"name":"wp","href":"https:\/\/api.w.org\/{rel}","templated":true}]}}