{"id":16326,"date":"2025-07-23T07:00:00","date_gmt":"2025-07-23T10:00:00","guid":{"rendered":"https:\/\/www.radiomanchester.com.br\/fm\/?p=16326"},"modified":"2025-07-22T22:21:49","modified_gmt":"2025-07-23T01:21:49","slug":"bolsonaro-promete-silencio-ate-resposta-de-moraes-sobre-cautelares","status":"publish","type":"post","link":"https:\/\/www.radiomanchester.com.br\/fm\/bolsonaro-promete-silencio-ate-resposta-de-moraes-sobre-cautelares\/","title":{"rendered":"Bolsonaro promete sil\u00eancio at\u00e9 resposta de Moraes sobre cautelares"},"content":{"rendered":"\n<p><em><strong>Defesa de Bolsonaro nega descumprimento de restri\u00e7\u00f5es e pede ao STF que defina limites sobre entrevistas e redes sociais<\/strong><\/em><\/p>\n\n\n\n<hr class=\"wp-block-separator\"\/>\n\n\n\n<p>A defesa do ex-presidente Jair Bolsonaro (PL) informou, nesta ter\u00e7a-feira (22\/07), que ele n\u00e3o far\u00e1 qualquer manifesta\u00e7\u00e3o at\u00e9 que o Supremo Tribunal Federal (STF) esclare\u00e7a os limites das medidas cautelares que o pro\u00edbem de usar redes sociais, direta ou indiretamente. O posicionamento foi enviado em manifesta\u00e7\u00e3o ao ministro Alexandre de Moraes, relator do caso.<\/p>\n\n\n\n<p>\u201cDe toda forma, em sinal de respeito absoluto \u00e0 r. decis\u00e3o da Suprema Corte, o Embargante n\u00e3o far\u00e1 qualquer manifesta\u00e7\u00e3o at\u00e9 que haja o esclarecimento apontado nos presentes Embargos\u201d, diz trecho do documento.<\/p>\n\n\n\n<p>A resposta da defesa foi apresentado ap\u00f3s Moraes intimar os advogados de Bolsonaro a prestar esclarecimentos sobre um v\u00eddeo divulgado em redes sociais no qual o ex-presidente aparece exibindo a tornozeleira eletr\u00f4nica e fazendo declara\u00e7\u00f5es durante visita \u00e0 C\u00e2mara dos Deputados nessa segunda-feira (21\/07).<\/p>\n\n\n\n<p>No texto, os advogados Celso Vilardi e Paulo Amador da Cunha Bueno negaram que Bolsonaro tenha descumprido as determina\u00e7\u00f5es judiciais. \u201cO Embargante n\u00e3o postou, n\u00e3o acessou suas redes sociais nem pediu para que terceiros o fizessem por si\u201d, afirmam.<\/p>\n\n\n\n<p>A defesa tamb\u00e9m destacou que o ex-presidente interrompeu o uso de suas contas e determinou que terceiros n\u00e3o acessem ou publiquem conte\u00fados em seu nome.<\/p>\n\n\n\n<p><strong>Pedido de esclarecimento sobre entrevistas<br><\/strong>Os advogados argumentaram que a decis\u00e3o de Moraes, protocolada na \u00faltima sexta-feira (18\/07), n\u00e3o proibia Bolsonaro de conceder entrevistas, mesmo que essas falas fossem posteriormente reproduzidas por ve\u00edculos de imprensa em redes sociais.<\/p>\n\n\n\n<p><strong>Confira as medidas determinadas contra Bolsonaro<\/strong><\/p>\n\n\n\n<ul><li>Uso de tornozeleira eletr\u00f4nica;<\/li><li>Recolhimento domiciliar noturno entre 19h e 6h, de segunda a sexta-feira, e integral nos fins de semana e feriados;<\/li><li>Proibi\u00e7\u00e3o de aproxima\u00e7\u00e3o e de acesso a embaixadas e consulados de pa\u00edses estrangeiros;<\/li><li>Proibi\u00e7\u00e3o de manter contato com embaixadores ou autoridades estrangeiras;<\/li><li>Proibi\u00e7\u00e3o de manter contato com Eduardo Bolsonaro e investigados dos quatro n\u00facleos da trama golpista;<\/li><li>Proibi\u00e7\u00e3o de utilizar redes sociais, diretamente ou por interm\u00e9dio de terceiros, incluindo transmiss\u00f5es, retransmiss\u00f5es ou veicula\u00e7\u00e3o de \u00e1udios, v\u00eddeos ou transcri\u00e7\u00f5es de entrevistas em qualquer das plataformas de redes sociais de terceiros.<\/li><\/ul>\n\n\n\n<p>\u201cJamais cogitou que estava proibido de conceder entrevistas, que podem ser replicadas em redes sociais\u201d, refor\u00e7aram.<\/p>\n\n\n\n<p>O despacho de Moraes detalhando as restri\u00e7\u00f5es ao ex-presidente foi publicado, nessa segunda-feira, ap\u00f3s questionamento do Metr\u00f3poles sobre o temor manifestado por Bolsonaro de que conceder entrevista poderia lev\u00e1-lo \u00e0 pris\u00e3o.<\/p>\n\n\n\n<p>Diante disso, a defesa solicitou que o STF defina com clareza o alcance da proibi\u00e7\u00e3o, a fim de evitar novas d\u00favidas. \u201cRequer que a decis\u00e3o seja esclarecida, a fim de precisar os exatos termos da proibi\u00e7\u00e3o\u201d, diz o documento.<\/p>\n\n\n\n<p>porR3pMetr0p0les parceiro Manchester<\/p>\n","protected":false},"excerpt":{"rendered":"<p class=\"excerpt\">Defesa de Bolsonaro nega descumprimento de restri\u00e7\u00f5es e pede ao STF que defina limites sobre entrevistas e redes sociais A defesa do ex-presidente Jair Bolsonaro (PL) informou, nesta ter\u00e7a-feira (22\/07), que ele n\u00e3o far\u00e1 qualquer manifesta\u00e7\u00e3o at\u00e9 que o Supremo Tribunal Federal (STF) esclare\u00e7a os limites das medidas cautelares que o pro\u00edbem de usar redes [&hellip;]<\/p>\n","protected":false},"author":1,"featured_media":0,"comment_status":"open","ping_status":"open","sticky":false,"template":"","format":"standard","meta":[],"categories":[8,17],"tags":[22,24,113,83,92],"yoast_head":"<!-- This site is optimized with the Yoast SEO plugin v18.3 - https:\/\/yoast.com\/wordpress\/plugins\/seo\/ -->\n<title>Bolsonaro promete sil\u00eancio at\u00e9 resposta de Moraes sobre cautelares - Manchester FM 93,3<\/title>\n<meta name=\"robots\" content=\"index, follow, max-snippet:-1, max-image-preview:large, max-video-preview:-1\" \/>\n<link rel=\"canonical\" href=\"https:\/\/www.radiomanchester.com.br\/fm\/bolsonaro-promete-silencio-ate-resposta-de-moraes-sobre-cautelares\/\" \/>\n<meta property=\"og:locale\" content=\"pt_BR\" \/>\n<meta property=\"og:type\" content=\"article\" \/>\n<meta property=\"og:title\" content=\"Bolsonaro promete sil\u00eancio at\u00e9 resposta de Moraes sobre cautelares - Manchester FM 93,3\" \/>\n<meta property=\"og:description\" content=\"Defesa de Bolsonaro nega descumprimento de restri\u00e7\u00f5es e pede ao STF que defina limites sobre entrevistas e redes sociais A defesa do ex-presidente Jair Bolsonaro (PL) informou, nesta ter\u00e7a-feira (22\/07), que ele n\u00e3o far\u00e1 qualquer manifesta\u00e7\u00e3o at\u00e9 que o Supremo Tribunal Federal (STF) esclare\u00e7a os limites das medidas cautelares que o pro\u00edbem de usar redes [&hellip;]\" \/>\n<meta property=\"og:url\" content=\"https:\/\/www.radiomanchester.com.br\/fm\/bolsonaro-promete-silencio-ate-resposta-de-moraes-sobre-cautelares\/\" \/>\n<meta property=\"og:site_name\" content=\"Manchester FM 93,3\" \/>\n<meta property=\"article:published_time\" content=\"2025-07-23T10:00:00+00:00\" \/>\n<meta property=\"article:modified_time\" content=\"2025-07-23T01:21:49+00:00\" \/>\n<meta name=\"twitter:card\" content=\"summary_large_image\" \/>\n<meta name=\"twitter:label1\" content=\"Escrito por\" \/>\n\t<meta name=\"twitter:data1\" content=\"admin\" \/>\n\t<meta name=\"twitter:label2\" content=\"Est. tempo de leitura\" \/>\n\t<meta name=\"twitter:data2\" content=\"3 minutos\" \/>\n<script type=\"application\/ld+json\" class=\"yoast-schema-graph\">{\"@context\":\"https:\/\/schema.org\",\"@graph\":[{\"@type\":\"WebSite\",\"@id\":\"https:\/\/www.radiomanchester.com.br\/fm\/#website\",\"url\":\"https:\/\/www.radiomanchester.com.br\/fm\/\",\"name\":\"Manchester FM 93,3\",\"description\":\"Todo Mundo Ouve!\",\"potentialAction\":[{\"@type\":\"SearchAction\",\"target\":{\"@type\":\"EntryPoint\",\"urlTemplate\":\"https:\/\/www.radiomanchester.com.br\/fm\/?s={search_term_string}\"},\"query-input\":\"required name=search_term_string\"}],\"inLanguage\":\"pt-BR\"},{\"@type\":\"WebPage\",\"@id\":\"https:\/\/www.radiomanchester.com.br\/fm\/bolsonaro-promete-silencio-ate-resposta-de-moraes-sobre-cautelares\/#webpage\",\"url\":\"https:\/\/www.radiomanchester.com.br\/fm\/bolsonaro-promete-silencio-ate-resposta-de-moraes-sobre-cautelares\/\",\"name\":\"Bolsonaro promete sil\u00eancio at\u00e9 resposta de Moraes sobre cautelares - Manchester FM 93,3\",\"isPartOf\":{\"@id\":\"https:\/\/www.radiomanchester.com.br\/fm\/#website\"},\"datePublished\":\"2025-07-23T10:00:00+00:00\",\"dateModified\":\"2025-07-23T01:21:49+00:00\",\"author\":{\"@id\":\"https:\/\/www.radiomanchester.com.br\/fm\/#\/schema\/person\/408a7b4d4e32cbebd90e2782852abca3\"},\"breadcrumb\":{\"@id\":\"https:\/\/www.radiomanchester.com.br\/fm\/bolsonaro-promete-silencio-ate-resposta-de-moraes-sobre-cautelares\/#breadcrumb\"},\"inLanguage\":\"pt-BR\",\"potentialAction\":[{\"@type\":\"ReadAction\",\"target\":[\"https:\/\/www.radiomanchester.com.br\/fm\/bolsonaro-promete-silencio-ate-resposta-de-moraes-sobre-cautelares\/\"]}]},{\"@type\":\"BreadcrumbList\",\"@id\":\"https:\/\/www.radiomanchester.com.br\/fm\/bolsonaro-promete-silencio-ate-resposta-de-moraes-sobre-cautelares\/#breadcrumb\",\"itemListElement\":[{\"@type\":\"ListItem\",\"position\":1,\"name\":\"Home\",\"item\":\"https:\/\/www.radiomanchester.com.br\/fm\/\"},{\"@type\":\"ListItem\",\"position\":2,\"name\":\"Bolsonaro promete sil\u00eancio at\u00e9 resposta de Moraes sobre cautelares\"}]},{\"@type\":\"Person\",\"@id\":\"https:\/\/www.radiomanchester.com.br\/fm\/#\/schema\/person\/408a7b4d4e32cbebd90e2782852abca3\",\"name\":\"admin\",\"image\":{\"@type\":\"ImageObject\",\"@id\":\"https:\/\/www.radiomanchester.com.br\/fm\/#personlogo\",\"inLanguage\":\"pt-BR\",\"url\":\"https:\/\/secure.gravatar.com\/avatar\/115a974dba3376872eb3addeb276301c?s=96&d=mm&r=g\",\"contentUrl\":\"https:\/\/secure.gravatar.com\/avatar\/115a974dba3376872eb3addeb276301c?s=96&d=mm&r=g\",\"caption\":\"admin\"},\"url\":\"https:\/\/www.radiomanchester.com.br\/fm\/author\/admin\/\"}]}<\/script>\n<!-- \/ Yoast SEO plugin. -->","yoast_head_json":{"title":"Bolsonaro promete sil\u00eancio at\u00e9 resposta de Moraes sobre cautelares - Manchester FM 93,3","robots":{"index":"index","follow":"follow","max-snippet":"max-snippet:-1","max-image-preview":"max-image-preview:large","max-video-preview":"max-video-preview:-1"},"canonical":"https:\/\/www.radiomanchester.com.br\/fm\/bolsonaro-promete-silencio-ate-resposta-de-moraes-sobre-cautelares\/","og_locale":"pt_BR","og_type":"article","og_title":"Bolsonaro promete sil\u00eancio at\u00e9 resposta de Moraes sobre cautelares - Manchester FM 93,3","og_description":"Defesa de Bolsonaro nega descumprimento de restri\u00e7\u00f5es e pede ao STF que defina limites sobre entrevistas e redes sociais A defesa do ex-presidente Jair Bolsonaro (PL) informou, nesta ter\u00e7a-feira (22\/07), que ele n\u00e3o far\u00e1 qualquer manifesta\u00e7\u00e3o at\u00e9 que o Supremo Tribunal Federal (STF) esclare\u00e7a os limites das medidas cautelares que o pro\u00edbem de usar redes [&hellip;]","og_url":"https:\/\/www.radiomanchester.com.br\/fm\/bolsonaro-promete-silencio-ate-resposta-de-moraes-sobre-cautelares\/","og_site_name":"Manchester FM 93,3","article_published_time":"2025-07-23T10:00:00+00:00","article_modified_time":"2025-07-23T01:21:49+00:00","twitter_card":"summary_large_image","twitter_misc":{"Escrito por":"admin","Est. tempo de leitura":"3 minutos"},"schema":{"@context":"https:\/\/schema.org","@graph":[{"@type":"WebSite","@id":"https:\/\/www.radiomanchester.com.br\/fm\/#website","url":"https:\/\/www.radiomanchester.com.br\/fm\/","name":"Manchester FM 93,3","description":"Todo Mundo Ouve!","potentialAction":[{"@type":"SearchAction","target":{"@type":"EntryPoint","urlTemplate":"https:\/\/www.radiomanchester.com.br\/fm\/?s={search_term_string}"},"query-input":"required name=search_term_string"}],"inLanguage":"pt-BR"},{"@type":"WebPage","@id":"https:\/\/www.radiomanchester.com.br\/fm\/bolsonaro-promete-silencio-ate-resposta-de-moraes-sobre-cautelares\/#webpage","url":"https:\/\/www.radiomanchester.com.br\/fm\/bolsonaro-promete-silencio-ate-resposta-de-moraes-sobre-cautelares\/","name":"Bolsonaro promete sil\u00eancio at\u00e9 resposta de Moraes sobre cautelares - Manchester FM 93,3","isPartOf":{"@id":"https:\/\/www.radiomanchester.com.br\/fm\/#website"},"datePublished":"2025-07-23T10:00:00+00:00","dateModified":"2025-07-23T01:21:49+00:00","author":{"@id":"https:\/\/www.radiomanchester.com.br\/fm\/#\/schema\/person\/408a7b4d4e32cbebd90e2782852abca3"},"breadcrumb":{"@id":"https:\/\/www.radiomanchester.com.br\/fm\/bolsonaro-promete-silencio-ate-resposta-de-moraes-sobre-cautelares\/#breadcrumb"},"inLanguage":"pt-BR","potentialAction":[{"@type":"ReadAction","target":["https:\/\/www.radiomanchester.com.br\/fm\/bolsonaro-promete-silencio-ate-resposta-de-moraes-sobre-cautelares\/"]}]},{"@type":"BreadcrumbList","@id":"https:\/\/www.radiomanchester.com.br\/fm\/bolsonaro-promete-silencio-ate-resposta-de-moraes-sobre-cautelares\/#breadcrumb","itemListElement":[{"@type":"ListItem","position":1,"name":"Home","item":"https:\/\/www.radiomanchester.com.br\/fm\/"},{"@type":"ListItem","position":2,"name":"Bolsonaro promete sil\u00eancio at\u00e9 resposta de Moraes sobre cautelares"}]},{"@type":"Person","@id":"https:\/\/www.radiomanchester.com.br\/fm\/#\/schema\/person\/408a7b4d4e32cbebd90e2782852abca3","name":"admin","image":{"@type":"ImageObject","@id":"https:\/\/www.radiomanchester.com.br\/fm\/#personlogo","inLanguage":"pt-BR","url":"https:\/\/secure.gravatar.com\/avatar\/115a974dba3376872eb3addeb276301c?s=96&d=mm&r=g","contentUrl":"https:\/\/secure.gravatar.com\/avatar\/115a974dba3376872eb3addeb276301c?s=96&d=mm&r=g","caption":"admin"},"url":"https:\/\/www.radiomanchester.com.br\/fm\/author\/admin\/"}]}},"_links":{"self":[{"href":"https:\/\/www.radiomanchester.com.br\/fm\/wp-json\/wp\/v2\/posts\/16326"}],"collection":[{"href":"https:\/\/www.radiomanchester.com.br\/fm\/wp-json\/wp\/v2\/posts"}],"about":[{"href":"https:\/\/www.radiomanchester.com.br\/fm\/wp-json\/wp\/v2\/types\/post"}],"author":[{"embeddable":true,"href":"https:\/\/www.radiomanchester.com.br\/fm\/wp-json\/wp\/v2\/users\/1"}],"replies":[{"embeddable":true,"href":"https:\/\/www.radiomanchester.com.br\/fm\/wp-json\/wp\/v2\/comments?post=16326"}],"version-history":[{"count":1,"href":"https:\/\/www.radiomanchester.com.br\/fm\/wp-json\/wp\/v2\/posts\/16326\/revisions"}],"predecessor-version":[{"id":16327,"href":"https:\/\/www.radiomanchester.com.br\/fm\/wp-json\/wp\/v2\/posts\/16326\/revisions\/16327"}],"wp:attachment":[{"href":"https:\/\/www.radiomanchester.com.br\/fm\/wp-json\/wp\/v2\/media?parent=16326"}],"wp:term":[{"taxonomy":"category","embeddable":true,"href":"https:\/\/www.radiomanchester.com.br\/fm\/wp-json\/wp\/v2\/categories?post=16326"},{"taxonomy":"post_tag","embeddable":true,"href":"https:\/\/www.radiomanchester.com.br\/fm\/wp-json\/wp\/v2\/tags?post=16326"}],"curies":[{"name":"wp","href":"https:\/\/api.w.org\/{rel}","templated":true}]}}