{"id":16328,"date":"2025-07-23T15:46:11","date_gmt":"2025-07-23T18:46:11","guid":{"rendered":"https:\/\/www.radiomanchester.com.br\/fm\/?p=16328"},"modified":"2025-07-23T15:46:14","modified_gmt":"2025-07-23T18:46:14","slug":"aviao-ultraleve-cai-em-rodovia-e-deixa-2-mortos-na-italia","status":"publish","type":"post","link":"https:\/\/www.radiomanchester.com.br\/fm\/aviao-ultraleve-cai-em-rodovia-e-deixa-2-mortos-na-italia\/","title":{"rendered":"Avi\u00e3o ultraleve cai em rodovia e deixa 2 mortos na It\u00e1lia"},"content":{"rendered":"\n<p><em><strong>Pessoas que testemunharam a cena, relataram ouvir forte estrondo e ver uma bola de fogo<\/strong><\/em><\/p>\n\n\n\n<hr class=\"wp-block-separator\"\/>\n\n\n\n<p>Um avi\u00e3o ultraleve caiu no meio de uma rodovia e causou a morte de duas pessoas na prov\u00edncia de Brescia, na It\u00e1lia, nessa ter\u00e7a-feira (22\/07). O impacto da aeronave com o solo provocou uma explos\u00e3o e alastrou fogo pela pista em um trecho da via em Azzano Mella, por onde trafegavam ve\u00edculos no momento. Um v\u00eddeo registrou o incidente.<\/p>\n\n\n\n<p>Na imagem, \u00e9 poss\u00edvel ver o ultraleve despencando verticalmente, enquanto ve\u00edculos trafegam. Segundo o jornal italiano Il Giorno, as v\u00edtimas foram identificadas como Sergio Ravaglia, um advogado de 75 anos de Mil\u00e3o, e sua esposa, Anna Maria De Stefano, de 60 anos. O casal morreu carbonizado.<\/p>\n\n\n\n<p>Ap\u00f3s a colis\u00e3o da aeronave com o asfalto, seguido de fogo, alguns ve\u00edculos foram afetados. Entre eles, um motorista saiu ileso e o outro foi levado ao hospital com ferimentos leves. Pessoas que testemunharam a cena relataram ouvir forte estrondo e ver uma bola de fogo.<\/p>\n\n\n\n<p>Outros moradores tamb\u00e9m relataram a presen\u00e7a de um paraquedas no solo, um poss\u00edvel ind\u00edcio de uma tentativa desesperada de resgate. A hip\u00f3tese levantada \u00e9 que o piloto perdeu o controle, possivelmente na tentativa de pouso de emerg\u00eancia.<\/p>\n\n\n\n<p>O Minist\u00e9rio P\u00fablico de Brescia passou a investiga\u00e7\u00e3o \u00e0 pol\u00edcia a\u00e9rea. O acidente no local causou interrup\u00e7\u00f5es no tr\u00e2nsito. Desde 2010, diversos acidentes fatais envolvendo ultraleves ocorreram na prov\u00edncia de Brescia.<\/p>\n\n\n\n<p>Um ultraleve \u00e9 uma aeronave leve e pequena, utilizada em opera\u00e7\u00f5es a\u00e9reas privadas ou para voos recreativos e desportivos, com capacidade para um ou dois ocupantes. S\u00e3o conhecidos pela agilidade, facilidade de pilotagem e baixo custo. A categoria inclui tanto aeronaves motorizadas (ULM) quanto n\u00e3o motorizadas (UL).<\/p>\n\n\n\n<p>Segundo o jornal italiano GeoPop. It, a aeronave do incidente se trata de um ultraleve Promecc Freccia, um biplace com 7,249 metros de comprimento, 2,553 metros de altura e envergadura de 8,777 metros. Esta aeronave pode atingir uma velocidade m\u00e1xima de aproximadamente 280 km por hora e uma velocidade de estol de 65 km por hora.<\/p>\n\n\n\n<p>Em geral, os ultraleves voam a uma altitude de no m\u00e1ximo 330 metros (cerca de 1.000 p\u00e9s). Durante o voo, o piloto \u00e9 respons\u00e1vel por sua seguran\u00e7a e do passageiro e, tamb\u00e9m, por manter a separa\u00e7\u00e3o de outras aeronaves.<\/p>\n\n\n\n<p>porR3pMetr0p0les parceria Manchester<\/p>\n","protected":false},"excerpt":{"rendered":"<p class=\"excerpt\">Pessoas que testemunharam a cena, relataram ouvir forte estrondo e ver uma bola de fogo Um avi\u00e3o ultraleve caiu no meio de uma rodovia e causou a morte de duas pessoas na prov\u00edncia de Brescia, na It\u00e1lia, nessa ter\u00e7a-feira (22\/07). O impacto da aeronave com o solo provocou uma explos\u00e3o e alastrou fogo pela pista [&hellip;]<\/p>\n","protected":false},"author":1,"featured_media":0,"comment_status":"open","ping_status":"open","sticky":false,"template":"","format":"standard","meta":[],"categories":[8,17],"tags":[22,24,113,83,92],"yoast_head":"<!-- This site is optimized with the Yoast SEO plugin v18.3 - https:\/\/yoast.com\/wordpress\/plugins\/seo\/ -->\n<title>Avi\u00e3o ultraleve cai em rodovia e deixa 2 mortos na It\u00e1lia - Manchester FM 93,3<\/title>\n<meta name=\"robots\" content=\"index, follow, max-snippet:-1, max-image-preview:large, max-video-preview:-1\" \/>\n<link rel=\"canonical\" href=\"https:\/\/www.radiomanchester.com.br\/fm\/aviao-ultraleve-cai-em-rodovia-e-deixa-2-mortos-na-italia\/\" \/>\n<meta property=\"og:locale\" content=\"pt_BR\" \/>\n<meta property=\"og:type\" content=\"article\" \/>\n<meta property=\"og:title\" content=\"Avi\u00e3o ultraleve cai em rodovia e deixa 2 mortos na It\u00e1lia - Manchester FM 93,3\" \/>\n<meta property=\"og:description\" content=\"Pessoas que testemunharam a cena, relataram ouvir forte estrondo e ver uma bola de fogo Um avi\u00e3o ultraleve caiu no meio de uma rodovia e causou a morte de duas pessoas na prov\u00edncia de Brescia, na It\u00e1lia, nessa ter\u00e7a-feira (22\/07). O impacto da aeronave com o solo provocou uma explos\u00e3o e alastrou fogo pela pista [&hellip;]\" \/>\n<meta property=\"og:url\" content=\"https:\/\/www.radiomanchester.com.br\/fm\/aviao-ultraleve-cai-em-rodovia-e-deixa-2-mortos-na-italia\/\" \/>\n<meta property=\"og:site_name\" content=\"Manchester FM 93,3\" \/>\n<meta property=\"article:published_time\" content=\"2025-07-23T18:46:11+00:00\" \/>\n<meta property=\"article:modified_time\" content=\"2025-07-23T18:46:14+00:00\" \/>\n<meta name=\"twitter:card\" content=\"summary_large_image\" \/>\n<meta name=\"twitter:label1\" content=\"Escrito por\" \/>\n\t<meta name=\"twitter:data1\" content=\"admin\" \/>\n\t<meta name=\"twitter:label2\" content=\"Est. tempo de leitura\" \/>\n\t<meta name=\"twitter:data2\" content=\"3 minutos\" \/>\n<script type=\"application\/ld+json\" class=\"yoast-schema-graph\">{\"@context\":\"https:\/\/schema.org\",\"@graph\":[{\"@type\":\"WebSite\",\"@id\":\"https:\/\/www.radiomanchester.com.br\/fm\/#website\",\"url\":\"https:\/\/www.radiomanchester.com.br\/fm\/\",\"name\":\"Manchester FM 93,3\",\"description\":\"Todo Mundo Ouve!\",\"potentialAction\":[{\"@type\":\"SearchAction\",\"target\":{\"@type\":\"EntryPoint\",\"urlTemplate\":\"https:\/\/www.radiomanchester.com.br\/fm\/?s={search_term_string}\"},\"query-input\":\"required name=search_term_string\"}],\"inLanguage\":\"pt-BR\"},{\"@type\":\"WebPage\",\"@id\":\"https:\/\/www.radiomanchester.com.br\/fm\/aviao-ultraleve-cai-em-rodovia-e-deixa-2-mortos-na-italia\/#webpage\",\"url\":\"https:\/\/www.radiomanchester.com.br\/fm\/aviao-ultraleve-cai-em-rodovia-e-deixa-2-mortos-na-italia\/\",\"name\":\"Avi\u00e3o ultraleve cai em rodovia e deixa 2 mortos na It\u00e1lia - Manchester FM 93,3\",\"isPartOf\":{\"@id\":\"https:\/\/www.radiomanchester.com.br\/fm\/#website\"},\"datePublished\":\"2025-07-23T18:46:11+00:00\",\"dateModified\":\"2025-07-23T18:46:14+00:00\",\"author\":{\"@id\":\"https:\/\/www.radiomanchester.com.br\/fm\/#\/schema\/person\/408a7b4d4e32cbebd90e2782852abca3\"},\"breadcrumb\":{\"@id\":\"https:\/\/www.radiomanchester.com.br\/fm\/aviao-ultraleve-cai-em-rodovia-e-deixa-2-mortos-na-italia\/#breadcrumb\"},\"inLanguage\":\"pt-BR\",\"potentialAction\":[{\"@type\":\"ReadAction\",\"target\":[\"https:\/\/www.radiomanchester.com.br\/fm\/aviao-ultraleve-cai-em-rodovia-e-deixa-2-mortos-na-italia\/\"]}]},{\"@type\":\"BreadcrumbList\",\"@id\":\"https:\/\/www.radiomanchester.com.br\/fm\/aviao-ultraleve-cai-em-rodovia-e-deixa-2-mortos-na-italia\/#breadcrumb\",\"itemListElement\":[{\"@type\":\"ListItem\",\"position\":1,\"name\":\"Home\",\"item\":\"https:\/\/www.radiomanchester.com.br\/fm\/\"},{\"@type\":\"ListItem\",\"position\":2,\"name\":\"Avi\u00e3o ultraleve cai em rodovia e deixa 2 mortos na It\u00e1lia\"}]},{\"@type\":\"Person\",\"@id\":\"https:\/\/www.radiomanchester.com.br\/fm\/#\/schema\/person\/408a7b4d4e32cbebd90e2782852abca3\",\"name\":\"admin\",\"image\":{\"@type\":\"ImageObject\",\"@id\":\"https:\/\/www.radiomanchester.com.br\/fm\/#personlogo\",\"inLanguage\":\"pt-BR\",\"url\":\"https:\/\/secure.gravatar.com\/avatar\/115a974dba3376872eb3addeb276301c?s=96&d=mm&r=g\",\"contentUrl\":\"https:\/\/secure.gravatar.com\/avatar\/115a974dba3376872eb3addeb276301c?s=96&d=mm&r=g\",\"caption\":\"admin\"},\"url\":\"https:\/\/www.radiomanchester.com.br\/fm\/author\/admin\/\"}]}<\/script>\n<!-- \/ Yoast SEO plugin. -->","yoast_head_json":{"title":"Avi\u00e3o ultraleve cai em rodovia e deixa 2 mortos na It\u00e1lia - Manchester FM 93,3","robots":{"index":"index","follow":"follow","max-snippet":"max-snippet:-1","max-image-preview":"max-image-preview:large","max-video-preview":"max-video-preview:-1"},"canonical":"https:\/\/www.radiomanchester.com.br\/fm\/aviao-ultraleve-cai-em-rodovia-e-deixa-2-mortos-na-italia\/","og_locale":"pt_BR","og_type":"article","og_title":"Avi\u00e3o ultraleve cai em rodovia e deixa 2 mortos na It\u00e1lia - Manchester FM 93,3","og_description":"Pessoas que testemunharam a cena, relataram ouvir forte estrondo e ver uma bola de fogo Um avi\u00e3o ultraleve caiu no meio de uma rodovia e causou a morte de duas pessoas na prov\u00edncia de Brescia, na It\u00e1lia, nessa ter\u00e7a-feira (22\/07). O impacto da aeronave com o solo provocou uma explos\u00e3o e alastrou fogo pela pista [&hellip;]","og_url":"https:\/\/www.radiomanchester.com.br\/fm\/aviao-ultraleve-cai-em-rodovia-e-deixa-2-mortos-na-italia\/","og_site_name":"Manchester FM 93,3","article_published_time":"2025-07-23T18:46:11+00:00","article_modified_time":"2025-07-23T18:46:14+00:00","twitter_card":"summary_large_image","twitter_misc":{"Escrito por":"admin","Est. tempo de leitura":"3 minutos"},"schema":{"@context":"https:\/\/schema.org","@graph":[{"@type":"WebSite","@id":"https:\/\/www.radiomanchester.com.br\/fm\/#website","url":"https:\/\/www.radiomanchester.com.br\/fm\/","name":"Manchester FM 93,3","description":"Todo Mundo Ouve!","potentialAction":[{"@type":"SearchAction","target":{"@type":"EntryPoint","urlTemplate":"https:\/\/www.radiomanchester.com.br\/fm\/?s={search_term_string}"},"query-input":"required name=search_term_string"}],"inLanguage":"pt-BR"},{"@type":"WebPage","@id":"https:\/\/www.radiomanchester.com.br\/fm\/aviao-ultraleve-cai-em-rodovia-e-deixa-2-mortos-na-italia\/#webpage","url":"https:\/\/www.radiomanchester.com.br\/fm\/aviao-ultraleve-cai-em-rodovia-e-deixa-2-mortos-na-italia\/","name":"Avi\u00e3o ultraleve cai em rodovia e deixa 2 mortos na It\u00e1lia - Manchester FM 93,3","isPartOf":{"@id":"https:\/\/www.radiomanchester.com.br\/fm\/#website"},"datePublished":"2025-07-23T18:46:11+00:00","dateModified":"2025-07-23T18:46:14+00:00","author":{"@id":"https:\/\/www.radiomanchester.com.br\/fm\/#\/schema\/person\/408a7b4d4e32cbebd90e2782852abca3"},"breadcrumb":{"@id":"https:\/\/www.radiomanchester.com.br\/fm\/aviao-ultraleve-cai-em-rodovia-e-deixa-2-mortos-na-italia\/#breadcrumb"},"inLanguage":"pt-BR","potentialAction":[{"@type":"ReadAction","target":["https:\/\/www.radiomanchester.com.br\/fm\/aviao-ultraleve-cai-em-rodovia-e-deixa-2-mortos-na-italia\/"]}]},{"@type":"BreadcrumbList","@id":"https:\/\/www.radiomanchester.com.br\/fm\/aviao-ultraleve-cai-em-rodovia-e-deixa-2-mortos-na-italia\/#breadcrumb","itemListElement":[{"@type":"ListItem","position":1,"name":"Home","item":"https:\/\/www.radiomanchester.com.br\/fm\/"},{"@type":"ListItem","position":2,"name":"Avi\u00e3o ultraleve cai em rodovia e deixa 2 mortos na It\u00e1lia"}]},{"@type":"Person","@id":"https:\/\/www.radiomanchester.com.br\/fm\/#\/schema\/person\/408a7b4d4e32cbebd90e2782852abca3","name":"admin","image":{"@type":"ImageObject","@id":"https:\/\/www.radiomanchester.com.br\/fm\/#personlogo","inLanguage":"pt-BR","url":"https:\/\/secure.gravatar.com\/avatar\/115a974dba3376872eb3addeb276301c?s=96&d=mm&r=g","contentUrl":"https:\/\/secure.gravatar.com\/avatar\/115a974dba3376872eb3addeb276301c?s=96&d=mm&r=g","caption":"admin"},"url":"https:\/\/www.radiomanchester.com.br\/fm\/author\/admin\/"}]}},"_links":{"self":[{"href":"https:\/\/www.radiomanchester.com.br\/fm\/wp-json\/wp\/v2\/posts\/16328"}],"collection":[{"href":"https:\/\/www.radiomanchester.com.br\/fm\/wp-json\/wp\/v2\/posts"}],"about":[{"href":"https:\/\/www.radiomanchester.com.br\/fm\/wp-json\/wp\/v2\/types\/post"}],"author":[{"embeddable":true,"href":"https:\/\/www.radiomanchester.com.br\/fm\/wp-json\/wp\/v2\/users\/1"}],"replies":[{"embeddable":true,"href":"https:\/\/www.radiomanchester.com.br\/fm\/wp-json\/wp\/v2\/comments?post=16328"}],"version-history":[{"count":1,"href":"https:\/\/www.radiomanchester.com.br\/fm\/wp-json\/wp\/v2\/posts\/16328\/revisions"}],"predecessor-version":[{"id":16329,"href":"https:\/\/www.radiomanchester.com.br\/fm\/wp-json\/wp\/v2\/posts\/16328\/revisions\/16329"}],"wp:attachment":[{"href":"https:\/\/www.radiomanchester.com.br\/fm\/wp-json\/wp\/v2\/media?parent=16328"}],"wp:term":[{"taxonomy":"category","embeddable":true,"href":"https:\/\/www.radiomanchester.com.br\/fm\/wp-json\/wp\/v2\/categories?post=16328"},{"taxonomy":"post_tag","embeddable":true,"href":"https:\/\/www.radiomanchester.com.br\/fm\/wp-json\/wp\/v2\/tags?post=16328"}],"curies":[{"name":"wp","href":"https:\/\/api.w.org\/{rel}","templated":true}]}}