{"id":16331,"date":"2025-07-23T20:15:05","date_gmt":"2025-07-23T23:15:05","guid":{"rendered":"https:\/\/www.radiomanchester.com.br\/fm\/?p=16331"},"modified":"2025-07-23T20:15:08","modified_gmt":"2025-07-23T23:15:08","slug":"prefeitura-de-anapolis-reinaugura-escola-em-interlandia-e-lanca-programa-merenda-nota-10","status":"publish","type":"post","link":"https:\/\/www.radiomanchester.com.br\/fm\/prefeitura-de-anapolis-reinaugura-escola-em-interlandia-e-lanca-programa-merenda-nota-10\/","title":{"rendered":"Prefeitura de An\u00e1polis reinaugura escola em Interl\u00e2ndia e lan\u00e7a Programa Merenda Nota 10"},"content":{"rendered":"\n<p><\/p>\n\n\n\n<p>A Escola Municipal In\u00e1cio Sardinha foi reinaugurada nesta quarta-feira (23), com melhorias significativas para os estudantes da regi\u00e3o do distrito de Interl\u00e2ndia. A a\u00e7\u00e3o foi realizada pela Prefeitura de An\u00e1polis, por meio da Secretaria Municipal de Educa\u00e7\u00e3o, que tamb\u00e9m lan\u00e7ou o Programa Merenda Nota 10, iniciativa que busca garantir melhorias na alimenta\u00e7\u00e3o oferecida nas unidades de ensino do munic\u00edpio.<\/p>\n\n\n\n<p>A entrega da obra foi realizada em parceria com a Secretaria Municipal de Obras, Habita\u00e7\u00e3o, Planejamento Urbano e Meio Ambiente, que, por meio de sua equipe t\u00e9cnica, avaliou as condi\u00e7\u00f5es da unidade escolar e identificou as necessidades de reforma para assegurar mais qualidade aos estudantes locais.<\/p>\n\n\n\n<p>Para a gestora da unidade, Rosilda Alves, que tamb\u00e9m j\u00e1 foi aluna da escola, a reinaugura\u00e7\u00e3o representa hist\u00f3ria e gratid\u00e3o.<\/p>\n\n\n\n<p>&#8220;Eu estudei aqui e, hoje, como gestora, lutamos muito por essa reforma. Estou muito grata. Se eu chorar um pouquinho, voc\u00eas v\u00e3o me perdoar, porque \u00e9 uma b\u00ean\u00e7\u00e3o muito grande poder entrar por aquele port\u00e3o e ver essa escola linda. Oferecer essa estrutura para os nossos alunos \u00e9 uma verdadeira b\u00ean\u00e7\u00e3o&#8221;, afirmou Rosilda.<\/p>\n\n\n\n<p>Dario Sardinha Lisboa, filho de um dos pioneiros da educa\u00e7\u00e3o formal na regi\u00e3o, tamb\u00e9m destacou com emo\u00e7\u00e3o a import\u00e2ncia da reforma para a comunidade local.<\/p>\n\n\n\n<p>&#8220;Meu apre\u00e7o por essa escola n\u00e3o se limita ao nome do meu pai. Todos aqueles que por aqui passaram e passam, mesmo que n\u00e3o tenham v\u00ednculo de parentesco, t\u00eam alguma liga\u00e7\u00e3o com os antigos alunos que aqui estudaram. Por isso, eu at\u00e9 me emociono com uma reforma como essa. \u00c9 algo maravilhoso, um momento de gratid\u00e3o&#8221;, comentou Dario.<\/p>\n\n\n\n<p>Segundo a secret\u00e1ria municipal de Educa\u00e7\u00e3o, Adriana Vilela Arantes, a parceria entre os profissionais e todos os envolvidos foi fundamental para que as mudan\u00e7as fossem concretizadas.<\/p>\n\n\n\n<p>&#8220;Corremos atr\u00e1s, e aqui estamos hoje. Nestes \u00faltimos meses, choramos juntos, rimos juntos, pedimos juntos, e agora estamos celebrando juntos. A cada inaugura\u00e7\u00e3o, fico realmente emocionada, pois acompanhamos de perto toda a luta. Isso \u00e9 compromisso de quem valoriza a educa\u00e7\u00e3o. Agrade\u00e7o a toda a equipe que, mesmo diante das dificuldades, permaneceu unida&#8221;, declarou Adriana.<\/p>\n\n\n\n<p><strong>Merenda Nota 10<br><\/strong>O Programa Merenda Nota 10 \u00e9 uma das principais mudan\u00e7as apresentadas pela Secretaria Municipal de Educa\u00e7\u00e3o para o pr\u00f3ximo semestre. A proposta prev\u00ea a readequa\u00e7\u00e3o do card\u00e1pio, com alinhamento nutricional que garanta seguran\u00e7a alimentar. Al\u00e9m disso, as cozinhas escolares passar\u00e3o por manuten\u00e7\u00e3o, e as unidades contar\u00e3o com acompanhamento semanal feito por nutricionistas.<\/p>\n\n\n\n<p>De acordo com o prefeito M\u00e1rcio Corr\u00eaa (PL), a medida visa promover mais sa\u00fade nas escolas e zelar pela alimenta\u00e7\u00e3o dos estudantes.<\/p>\n\n\n\n<p>&#8220;Essa merenda chegar\u00e1 aos quatro cantos da cidade no primeiro dia de aula. Teremos uma merenda que atende ao Plano Nacional de Alimenta\u00e7\u00e3o Escolar, com todas as exig\u00eancias nutricionais e sanit\u00e1rias, incluindo dietas adaptadas para aqueles com restri\u00e7\u00f5es alimentares&#8221;, afirmou o prefeito.<\/p>\n\n\n\n<p>A nutricionista Estefani Batista, que integra a equipe respons\u00e1vel pela alimenta\u00e7\u00e3o nas escolas, destacou que o novo programa busca adotar todas as medidas necess\u00e1rias para garantir a qualidade nutricional da merenda.<\/p>\n\n\n\n<p>&#8220;Estamos conseguindo implantar algo que, para quem \u00e9 da equipe t\u00e9cnica, \u00e9 um sonho: utilizar corretamente o valor nutricional na merenda escolar de An\u00e1polis. Vamos trabalhar com equipamentos adequados para manter a temperatura dos alimentos e aplicar tudo o que \u00e9 exigido pelo PNAE, colocando em pr\u00e1tica o melhor que podemos oferecer na alimenta\u00e7\u00e3o das nossas crian\u00e7as&#8221;, explicou a&nbsp;nutricionista.<\/p>\n","protected":false},"excerpt":{"rendered":"<p class=\"excerpt\">A Escola Municipal In\u00e1cio Sardinha foi reinaugurada nesta quarta-feira (23), com melhorias significativas para os estudantes da regi\u00e3o do distrito de Interl\u00e2ndia. A a\u00e7\u00e3o foi realizada pela Prefeitura de An\u00e1polis, por meio da Secretaria Municipal de Educa\u00e7\u00e3o, que tamb\u00e9m lan\u00e7ou o Programa Merenda Nota 10, iniciativa que busca garantir melhorias na alimenta\u00e7\u00e3o oferecida nas unidades [&hellip;]<\/p>\n","protected":false},"author":1,"featured_media":0,"comment_status":"open","ping_status":"open","sticky":false,"template":"","format":"standard","meta":[],"categories":[8,17],"tags":[22,24,113,83,129,92],"yoast_head":"<!-- This site is optimized with the Yoast SEO plugin v18.3 - https:\/\/yoast.com\/wordpress\/plugins\/seo\/ -->\n<title>Prefeitura de An\u00e1polis reinaugura escola em Interl\u00e2ndia e lan\u00e7a Programa Merenda Nota 10 - Manchester FM 93,3<\/title>\n<meta name=\"robots\" content=\"index, follow, max-snippet:-1, max-image-preview:large, max-video-preview:-1\" \/>\n<link rel=\"canonical\" href=\"https:\/\/www.radiomanchester.com.br\/fm\/prefeitura-de-anapolis-reinaugura-escola-em-interlandia-e-lanca-programa-merenda-nota-10\/\" \/>\n<meta property=\"og:locale\" content=\"pt_BR\" \/>\n<meta property=\"og:type\" content=\"article\" \/>\n<meta property=\"og:title\" content=\"Prefeitura de An\u00e1polis reinaugura escola em Interl\u00e2ndia e lan\u00e7a Programa Merenda Nota 10 - Manchester FM 93,3\" \/>\n<meta property=\"og:description\" content=\"A Escola Municipal In\u00e1cio Sardinha foi reinaugurada nesta quarta-feira (23), com melhorias significativas para os estudantes da regi\u00e3o do distrito de Interl\u00e2ndia. A a\u00e7\u00e3o foi realizada pela Prefeitura de An\u00e1polis, por meio da Secretaria Municipal de Educa\u00e7\u00e3o, que tamb\u00e9m lan\u00e7ou o Programa Merenda Nota 10, iniciativa que busca garantir melhorias na alimenta\u00e7\u00e3o oferecida nas unidades [&hellip;]\" \/>\n<meta property=\"og:url\" content=\"https:\/\/www.radiomanchester.com.br\/fm\/prefeitura-de-anapolis-reinaugura-escola-em-interlandia-e-lanca-programa-merenda-nota-10\/\" \/>\n<meta property=\"og:site_name\" content=\"Manchester FM 93,3\" \/>\n<meta property=\"article:published_time\" content=\"2025-07-23T23:15:05+00:00\" \/>\n<meta property=\"article:modified_time\" content=\"2025-07-23T23:15:08+00:00\" \/>\n<meta name=\"twitter:card\" content=\"summary_large_image\" \/>\n<meta name=\"twitter:label1\" content=\"Escrito por\" \/>\n\t<meta name=\"twitter:data1\" content=\"admin\" \/>\n\t<meta name=\"twitter:label2\" content=\"Est. tempo de leitura\" \/>\n\t<meta name=\"twitter:data2\" content=\"4 minutos\" \/>\n<script type=\"application\/ld+json\" class=\"yoast-schema-graph\">{\"@context\":\"https:\/\/schema.org\",\"@graph\":[{\"@type\":\"WebSite\",\"@id\":\"https:\/\/www.radiomanchester.com.br\/fm\/#website\",\"url\":\"https:\/\/www.radiomanchester.com.br\/fm\/\",\"name\":\"Manchester FM 93,3\",\"description\":\"Todo Mundo Ouve!\",\"potentialAction\":[{\"@type\":\"SearchAction\",\"target\":{\"@type\":\"EntryPoint\",\"urlTemplate\":\"https:\/\/www.radiomanchester.com.br\/fm\/?s={search_term_string}\"},\"query-input\":\"required name=search_term_string\"}],\"inLanguage\":\"pt-BR\"},{\"@type\":\"WebPage\",\"@id\":\"https:\/\/www.radiomanchester.com.br\/fm\/prefeitura-de-anapolis-reinaugura-escola-em-interlandia-e-lanca-programa-merenda-nota-10\/#webpage\",\"url\":\"https:\/\/www.radiomanchester.com.br\/fm\/prefeitura-de-anapolis-reinaugura-escola-em-interlandia-e-lanca-programa-merenda-nota-10\/\",\"name\":\"Prefeitura de An\u00e1polis reinaugura escola em Interl\u00e2ndia e lan\u00e7a Programa Merenda Nota 10 - Manchester FM 93,3\",\"isPartOf\":{\"@id\":\"https:\/\/www.radiomanchester.com.br\/fm\/#website\"},\"datePublished\":\"2025-07-23T23:15:05+00:00\",\"dateModified\":\"2025-07-23T23:15:08+00:00\",\"author\":{\"@id\":\"https:\/\/www.radiomanchester.com.br\/fm\/#\/schema\/person\/408a7b4d4e32cbebd90e2782852abca3\"},\"breadcrumb\":{\"@id\":\"https:\/\/www.radiomanchester.com.br\/fm\/prefeitura-de-anapolis-reinaugura-escola-em-interlandia-e-lanca-programa-merenda-nota-10\/#breadcrumb\"},\"inLanguage\":\"pt-BR\",\"potentialAction\":[{\"@type\":\"ReadAction\",\"target\":[\"https:\/\/www.radiomanchester.com.br\/fm\/prefeitura-de-anapolis-reinaugura-escola-em-interlandia-e-lanca-programa-merenda-nota-10\/\"]}]},{\"@type\":\"BreadcrumbList\",\"@id\":\"https:\/\/www.radiomanchester.com.br\/fm\/prefeitura-de-anapolis-reinaugura-escola-em-interlandia-e-lanca-programa-merenda-nota-10\/#breadcrumb\",\"itemListElement\":[{\"@type\":\"ListItem\",\"position\":1,\"name\":\"Home\",\"item\":\"https:\/\/www.radiomanchester.com.br\/fm\/\"},{\"@type\":\"ListItem\",\"position\":2,\"name\":\"Prefeitura de An\u00e1polis reinaugura escola em Interl\u00e2ndia e lan\u00e7a Programa Merenda Nota 10\"}]},{\"@type\":\"Person\",\"@id\":\"https:\/\/www.radiomanchester.com.br\/fm\/#\/schema\/person\/408a7b4d4e32cbebd90e2782852abca3\",\"name\":\"admin\",\"image\":{\"@type\":\"ImageObject\",\"@id\":\"https:\/\/www.radiomanchester.com.br\/fm\/#personlogo\",\"inLanguage\":\"pt-BR\",\"url\":\"https:\/\/secure.gravatar.com\/avatar\/115a974dba3376872eb3addeb276301c?s=96&d=mm&r=g\",\"contentUrl\":\"https:\/\/secure.gravatar.com\/avatar\/115a974dba3376872eb3addeb276301c?s=96&d=mm&r=g\",\"caption\":\"admin\"},\"url\":\"https:\/\/www.radiomanchester.com.br\/fm\/author\/admin\/\"}]}<\/script>\n<!-- \/ Yoast SEO plugin. -->","yoast_head_json":{"title":"Prefeitura de An\u00e1polis reinaugura escola em Interl\u00e2ndia e lan\u00e7a Programa Merenda Nota 10 - Manchester FM 93,3","robots":{"index":"index","follow":"follow","max-snippet":"max-snippet:-1","max-image-preview":"max-image-preview:large","max-video-preview":"max-video-preview:-1"},"canonical":"https:\/\/www.radiomanchester.com.br\/fm\/prefeitura-de-anapolis-reinaugura-escola-em-interlandia-e-lanca-programa-merenda-nota-10\/","og_locale":"pt_BR","og_type":"article","og_title":"Prefeitura de An\u00e1polis reinaugura escola em Interl\u00e2ndia e lan\u00e7a Programa Merenda Nota 10 - Manchester FM 93,3","og_description":"A Escola Municipal In\u00e1cio Sardinha foi reinaugurada nesta quarta-feira (23), com melhorias significativas para os estudantes da regi\u00e3o do distrito de Interl\u00e2ndia. A a\u00e7\u00e3o foi realizada pela Prefeitura de An\u00e1polis, por meio da Secretaria Municipal de Educa\u00e7\u00e3o, que tamb\u00e9m lan\u00e7ou o Programa Merenda Nota 10, iniciativa que busca garantir melhorias na alimenta\u00e7\u00e3o oferecida nas unidades [&hellip;]","og_url":"https:\/\/www.radiomanchester.com.br\/fm\/prefeitura-de-anapolis-reinaugura-escola-em-interlandia-e-lanca-programa-merenda-nota-10\/","og_site_name":"Manchester FM 93,3","article_published_time":"2025-07-23T23:15:05+00:00","article_modified_time":"2025-07-23T23:15:08+00:00","twitter_card":"summary_large_image","twitter_misc":{"Escrito por":"admin","Est. tempo de leitura":"4 minutos"},"schema":{"@context":"https:\/\/schema.org","@graph":[{"@type":"WebSite","@id":"https:\/\/www.radiomanchester.com.br\/fm\/#website","url":"https:\/\/www.radiomanchester.com.br\/fm\/","name":"Manchester FM 93,3","description":"Todo Mundo Ouve!","potentialAction":[{"@type":"SearchAction","target":{"@type":"EntryPoint","urlTemplate":"https:\/\/www.radiomanchester.com.br\/fm\/?s={search_term_string}"},"query-input":"required name=search_term_string"}],"inLanguage":"pt-BR"},{"@type":"WebPage","@id":"https:\/\/www.radiomanchester.com.br\/fm\/prefeitura-de-anapolis-reinaugura-escola-em-interlandia-e-lanca-programa-merenda-nota-10\/#webpage","url":"https:\/\/www.radiomanchester.com.br\/fm\/prefeitura-de-anapolis-reinaugura-escola-em-interlandia-e-lanca-programa-merenda-nota-10\/","name":"Prefeitura de An\u00e1polis reinaugura escola em Interl\u00e2ndia e lan\u00e7a Programa Merenda Nota 10 - Manchester FM 93,3","isPartOf":{"@id":"https:\/\/www.radiomanchester.com.br\/fm\/#website"},"datePublished":"2025-07-23T23:15:05+00:00","dateModified":"2025-07-23T23:15:08+00:00","author":{"@id":"https:\/\/www.radiomanchester.com.br\/fm\/#\/schema\/person\/408a7b4d4e32cbebd90e2782852abca3"},"breadcrumb":{"@id":"https:\/\/www.radiomanchester.com.br\/fm\/prefeitura-de-anapolis-reinaugura-escola-em-interlandia-e-lanca-programa-merenda-nota-10\/#breadcrumb"},"inLanguage":"pt-BR","potentialAction":[{"@type":"ReadAction","target":["https:\/\/www.radiomanchester.com.br\/fm\/prefeitura-de-anapolis-reinaugura-escola-em-interlandia-e-lanca-programa-merenda-nota-10\/"]}]},{"@type":"BreadcrumbList","@id":"https:\/\/www.radiomanchester.com.br\/fm\/prefeitura-de-anapolis-reinaugura-escola-em-interlandia-e-lanca-programa-merenda-nota-10\/#breadcrumb","itemListElement":[{"@type":"ListItem","position":1,"name":"Home","item":"https:\/\/www.radiomanchester.com.br\/fm\/"},{"@type":"ListItem","position":2,"name":"Prefeitura de An\u00e1polis reinaugura escola em Interl\u00e2ndia e lan\u00e7a Programa Merenda Nota 10"}]},{"@type":"Person","@id":"https:\/\/www.radiomanchester.com.br\/fm\/#\/schema\/person\/408a7b4d4e32cbebd90e2782852abca3","name":"admin","image":{"@type":"ImageObject","@id":"https:\/\/www.radiomanchester.com.br\/fm\/#personlogo","inLanguage":"pt-BR","url":"https:\/\/secure.gravatar.com\/avatar\/115a974dba3376872eb3addeb276301c?s=96&d=mm&r=g","contentUrl":"https:\/\/secure.gravatar.com\/avatar\/115a974dba3376872eb3addeb276301c?s=96&d=mm&r=g","caption":"admin"},"url":"https:\/\/www.radiomanchester.com.br\/fm\/author\/admin\/"}]}},"_links":{"self":[{"href":"https:\/\/www.radiomanchester.com.br\/fm\/wp-json\/wp\/v2\/posts\/16331"}],"collection":[{"href":"https:\/\/www.radiomanchester.com.br\/fm\/wp-json\/wp\/v2\/posts"}],"about":[{"href":"https:\/\/www.radiomanchester.com.br\/fm\/wp-json\/wp\/v2\/types\/post"}],"author":[{"embeddable":true,"href":"https:\/\/www.radiomanchester.com.br\/fm\/wp-json\/wp\/v2\/users\/1"}],"replies":[{"embeddable":true,"href":"https:\/\/www.radiomanchester.com.br\/fm\/wp-json\/wp\/v2\/comments?post=16331"}],"version-history":[{"count":1,"href":"https:\/\/www.radiomanchester.com.br\/fm\/wp-json\/wp\/v2\/posts\/16331\/revisions"}],"predecessor-version":[{"id":16332,"href":"https:\/\/www.radiomanchester.com.br\/fm\/wp-json\/wp\/v2\/posts\/16331\/revisions\/16332"}],"wp:attachment":[{"href":"https:\/\/www.radiomanchester.com.br\/fm\/wp-json\/wp\/v2\/media?parent=16331"}],"wp:term":[{"taxonomy":"category","embeddable":true,"href":"https:\/\/www.radiomanchester.com.br\/fm\/wp-json\/wp\/v2\/categories?post=16331"},{"taxonomy":"post_tag","embeddable":true,"href":"https:\/\/www.radiomanchester.com.br\/fm\/wp-json\/wp\/v2\/tags?post=16331"}],"curies":[{"name":"wp","href":"https:\/\/api.w.org\/{rel}","templated":true}]}}