{"id":16333,"date":"2025-07-24T07:00:00","date_gmt":"2025-07-24T10:00:00","guid":{"rendered":"https:\/\/www.radiomanchester.com.br\/fm\/?p=16333"},"modified":"2025-07-23T20:40:22","modified_gmt":"2025-07-23T23:40:22","slug":"cantor-joao-gomes-revela-que-parou-de-beber-apos-problemas-de-saude","status":"publish","type":"post","link":"https:\/\/www.radiomanchester.com.br\/fm\/cantor-joao-gomes-revela-que-parou-de-beber-apos-problemas-de-saude\/","title":{"rendered":"Cantor Jo\u00e3o Gomes revela que parou de beber ap\u00f3s problemas de sa\u00fade"},"content":{"rendered":"\n<p><em><strong>O cantor decidiu parar de beber ap\u00f3s receber um diagn\u00f3stico m\u00e9dico, mas relatou que n\u00e3o foi f\u00e1cil se afastar das bebidas alco\u00f3licas<\/strong><\/em><\/p>\n\n\n\n<hr class=\"wp-block-separator\"\/>\n\n\n\n<p>Jo\u00e3o Gomes revelou que decidiu parar de beber ap\u00f3s ser diagnosticado com ac\u00famulo de gordura no f\u00edgado. Segundo o cantor, a decis\u00e3o foi tomada por iniciativa pr\u00f3pria e os primeiros dias longe do \u00e1lcool foram dif\u00edceis.<\/p>\n\n\n\n<p>Em conversa com o influenciador Emersonyslley, o artista descreveu os sintomas enfrentados nas primeiras semanas de abstin\u00eancia.<\/p>\n\n\n\n<p>\u201cAs primeiras semanas s\u00e3o terr\u00edveis. Voc\u00ea come\u00e7a a ter alucina\u00e7\u00f5es, ficar estressado. Hoje em dia, tem no camarim [bebidas], por causa das visitas\u201d, contou.<\/p>\n\n\n\n<p>Jo\u00e3o tamb\u00e9m afirmou que costumava tomar duas doses de cacha\u00e7a antes de subir ao palco. Vale lembrar que o cantor realiza, em m\u00e9dia, 37 shows por m\u00eas. O artista disse que pretende voltar a beber quando estiver em melhores condi\u00e7\u00f5es de sa\u00fade.<\/p>\n\n\n\n<p>\u201cQuando eu estiver melhor da sa\u00fade, eu volto a beber. Enquanto tem que se cuidar, tem que ser desse jeito\u201d, declarou.<\/p>\n\n\n\n<p>porR3pMetr0p0les parceiro Manchester<\/p>\n","protected":false},"excerpt":{"rendered":"<p class=\"excerpt\">O cantor decidiu parar de beber ap\u00f3s receber um diagn\u00f3stico m\u00e9dico, mas relatou que n\u00e3o foi f\u00e1cil se afastar das bebidas alco\u00f3licas Jo\u00e3o Gomes revelou que decidiu parar de beber ap\u00f3s ser diagnosticado com ac\u00famulo de gordura no f\u00edgado. Segundo o cantor, a decis\u00e3o foi tomada por iniciativa pr\u00f3pria e os primeiros dias longe do [&hellip;]<\/p>\n","protected":false},"author":1,"featured_media":0,"comment_status":"open","ping_status":"open","sticky":false,"template":"","format":"standard","meta":[],"categories":[8,17],"tags":[22,137,24,113,83,92],"yoast_head":"<!-- This site is optimized with the Yoast SEO plugin v18.3 - https:\/\/yoast.com\/wordpress\/plugins\/seo\/ -->\n<title>Cantor Jo\u00e3o Gomes revela que parou de beber ap\u00f3s problemas de sa\u00fade - Manchester FM 93,3<\/title>\n<meta name=\"robots\" content=\"index, follow, max-snippet:-1, max-image-preview:large, max-video-preview:-1\" \/>\n<link rel=\"canonical\" href=\"https:\/\/www.radiomanchester.com.br\/fm\/cantor-joao-gomes-revela-que-parou-de-beber-apos-problemas-de-saude\/\" \/>\n<meta property=\"og:locale\" content=\"pt_BR\" \/>\n<meta property=\"og:type\" content=\"article\" \/>\n<meta property=\"og:title\" content=\"Cantor Jo\u00e3o Gomes revela que parou de beber ap\u00f3s problemas de sa\u00fade - Manchester FM 93,3\" \/>\n<meta property=\"og:description\" content=\"O cantor decidiu parar de beber ap\u00f3s receber um diagn\u00f3stico m\u00e9dico, mas relatou que n\u00e3o foi f\u00e1cil se afastar das bebidas alco\u00f3licas Jo\u00e3o Gomes revelou que decidiu parar de beber ap\u00f3s ser diagnosticado com ac\u00famulo de gordura no f\u00edgado. Segundo o cantor, a decis\u00e3o foi tomada por iniciativa pr\u00f3pria e os primeiros dias longe do [&hellip;]\" \/>\n<meta property=\"og:url\" content=\"https:\/\/www.radiomanchester.com.br\/fm\/cantor-joao-gomes-revela-que-parou-de-beber-apos-problemas-de-saude\/\" \/>\n<meta property=\"og:site_name\" content=\"Manchester FM 93,3\" \/>\n<meta property=\"article:published_time\" content=\"2025-07-24T10:00:00+00:00\" \/>\n<meta property=\"article:modified_time\" content=\"2025-07-23T23:40:22+00:00\" \/>\n<meta name=\"twitter:card\" content=\"summary_large_image\" \/>\n<meta name=\"twitter:label1\" content=\"Escrito por\" \/>\n\t<meta name=\"twitter:data1\" content=\"admin\" \/>\n\t<meta name=\"twitter:label2\" content=\"Est. tempo de leitura\" \/>\n\t<meta name=\"twitter:data2\" content=\"1 minuto\" \/>\n<script type=\"application\/ld+json\" class=\"yoast-schema-graph\">{\"@context\":\"https:\/\/schema.org\",\"@graph\":[{\"@type\":\"WebSite\",\"@id\":\"https:\/\/www.radiomanchester.com.br\/fm\/#website\",\"url\":\"https:\/\/www.radiomanchester.com.br\/fm\/\",\"name\":\"Manchester FM 93,3\",\"description\":\"Todo Mundo Ouve!\",\"potentialAction\":[{\"@type\":\"SearchAction\",\"target\":{\"@type\":\"EntryPoint\",\"urlTemplate\":\"https:\/\/www.radiomanchester.com.br\/fm\/?s={search_term_string}\"},\"query-input\":\"required name=search_term_string\"}],\"inLanguage\":\"pt-BR\"},{\"@type\":\"WebPage\",\"@id\":\"https:\/\/www.radiomanchester.com.br\/fm\/cantor-joao-gomes-revela-que-parou-de-beber-apos-problemas-de-saude\/#webpage\",\"url\":\"https:\/\/www.radiomanchester.com.br\/fm\/cantor-joao-gomes-revela-que-parou-de-beber-apos-problemas-de-saude\/\",\"name\":\"Cantor Jo\u00e3o Gomes revela que parou de beber ap\u00f3s problemas de sa\u00fade - Manchester FM 93,3\",\"isPartOf\":{\"@id\":\"https:\/\/www.radiomanchester.com.br\/fm\/#website\"},\"datePublished\":\"2025-07-24T10:00:00+00:00\",\"dateModified\":\"2025-07-23T23:40:22+00:00\",\"author\":{\"@id\":\"https:\/\/www.radiomanchester.com.br\/fm\/#\/schema\/person\/408a7b4d4e32cbebd90e2782852abca3\"},\"breadcrumb\":{\"@id\":\"https:\/\/www.radiomanchester.com.br\/fm\/cantor-joao-gomes-revela-que-parou-de-beber-apos-problemas-de-saude\/#breadcrumb\"},\"inLanguage\":\"pt-BR\",\"potentialAction\":[{\"@type\":\"ReadAction\",\"target\":[\"https:\/\/www.radiomanchester.com.br\/fm\/cantor-joao-gomes-revela-que-parou-de-beber-apos-problemas-de-saude\/\"]}]},{\"@type\":\"BreadcrumbList\",\"@id\":\"https:\/\/www.radiomanchester.com.br\/fm\/cantor-joao-gomes-revela-que-parou-de-beber-apos-problemas-de-saude\/#breadcrumb\",\"itemListElement\":[{\"@type\":\"ListItem\",\"position\":1,\"name\":\"Home\",\"item\":\"https:\/\/www.radiomanchester.com.br\/fm\/\"},{\"@type\":\"ListItem\",\"position\":2,\"name\":\"Cantor Jo\u00e3o Gomes revela que parou de beber ap\u00f3s problemas de sa\u00fade\"}]},{\"@type\":\"Person\",\"@id\":\"https:\/\/www.radiomanchester.com.br\/fm\/#\/schema\/person\/408a7b4d4e32cbebd90e2782852abca3\",\"name\":\"admin\",\"image\":{\"@type\":\"ImageObject\",\"@id\":\"https:\/\/www.radiomanchester.com.br\/fm\/#personlogo\",\"inLanguage\":\"pt-BR\",\"url\":\"https:\/\/secure.gravatar.com\/avatar\/115a974dba3376872eb3addeb276301c?s=96&d=mm&r=g\",\"contentUrl\":\"https:\/\/secure.gravatar.com\/avatar\/115a974dba3376872eb3addeb276301c?s=96&d=mm&r=g\",\"caption\":\"admin\"},\"url\":\"https:\/\/www.radiomanchester.com.br\/fm\/author\/admin\/\"}]}<\/script>\n<!-- \/ Yoast SEO plugin. -->","yoast_head_json":{"title":"Cantor Jo\u00e3o Gomes revela que parou de beber ap\u00f3s problemas de sa\u00fade - Manchester FM 93,3","robots":{"index":"index","follow":"follow","max-snippet":"max-snippet:-1","max-image-preview":"max-image-preview:large","max-video-preview":"max-video-preview:-1"},"canonical":"https:\/\/www.radiomanchester.com.br\/fm\/cantor-joao-gomes-revela-que-parou-de-beber-apos-problemas-de-saude\/","og_locale":"pt_BR","og_type":"article","og_title":"Cantor Jo\u00e3o Gomes revela que parou de beber ap\u00f3s problemas de sa\u00fade - Manchester FM 93,3","og_description":"O cantor decidiu parar de beber ap\u00f3s receber um diagn\u00f3stico m\u00e9dico, mas relatou que n\u00e3o foi f\u00e1cil se afastar das bebidas alco\u00f3licas Jo\u00e3o Gomes revelou que decidiu parar de beber ap\u00f3s ser diagnosticado com ac\u00famulo de gordura no f\u00edgado. Segundo o cantor, a decis\u00e3o foi tomada por iniciativa pr\u00f3pria e os primeiros dias longe do [&hellip;]","og_url":"https:\/\/www.radiomanchester.com.br\/fm\/cantor-joao-gomes-revela-que-parou-de-beber-apos-problemas-de-saude\/","og_site_name":"Manchester FM 93,3","article_published_time":"2025-07-24T10:00:00+00:00","article_modified_time":"2025-07-23T23:40:22+00:00","twitter_card":"summary_large_image","twitter_misc":{"Escrito por":"admin","Est. tempo de leitura":"1 minuto"},"schema":{"@context":"https:\/\/schema.org","@graph":[{"@type":"WebSite","@id":"https:\/\/www.radiomanchester.com.br\/fm\/#website","url":"https:\/\/www.radiomanchester.com.br\/fm\/","name":"Manchester FM 93,3","description":"Todo Mundo Ouve!","potentialAction":[{"@type":"SearchAction","target":{"@type":"EntryPoint","urlTemplate":"https:\/\/www.radiomanchester.com.br\/fm\/?s={search_term_string}"},"query-input":"required name=search_term_string"}],"inLanguage":"pt-BR"},{"@type":"WebPage","@id":"https:\/\/www.radiomanchester.com.br\/fm\/cantor-joao-gomes-revela-que-parou-de-beber-apos-problemas-de-saude\/#webpage","url":"https:\/\/www.radiomanchester.com.br\/fm\/cantor-joao-gomes-revela-que-parou-de-beber-apos-problemas-de-saude\/","name":"Cantor Jo\u00e3o Gomes revela que parou de beber ap\u00f3s problemas de sa\u00fade - Manchester FM 93,3","isPartOf":{"@id":"https:\/\/www.radiomanchester.com.br\/fm\/#website"},"datePublished":"2025-07-24T10:00:00+00:00","dateModified":"2025-07-23T23:40:22+00:00","author":{"@id":"https:\/\/www.radiomanchester.com.br\/fm\/#\/schema\/person\/408a7b4d4e32cbebd90e2782852abca3"},"breadcrumb":{"@id":"https:\/\/www.radiomanchester.com.br\/fm\/cantor-joao-gomes-revela-que-parou-de-beber-apos-problemas-de-saude\/#breadcrumb"},"inLanguage":"pt-BR","potentialAction":[{"@type":"ReadAction","target":["https:\/\/www.radiomanchester.com.br\/fm\/cantor-joao-gomes-revela-que-parou-de-beber-apos-problemas-de-saude\/"]}]},{"@type":"BreadcrumbList","@id":"https:\/\/www.radiomanchester.com.br\/fm\/cantor-joao-gomes-revela-que-parou-de-beber-apos-problemas-de-saude\/#breadcrumb","itemListElement":[{"@type":"ListItem","position":1,"name":"Home","item":"https:\/\/www.radiomanchester.com.br\/fm\/"},{"@type":"ListItem","position":2,"name":"Cantor Jo\u00e3o Gomes revela que parou de beber ap\u00f3s problemas de sa\u00fade"}]},{"@type":"Person","@id":"https:\/\/www.radiomanchester.com.br\/fm\/#\/schema\/person\/408a7b4d4e32cbebd90e2782852abca3","name":"admin","image":{"@type":"ImageObject","@id":"https:\/\/www.radiomanchester.com.br\/fm\/#personlogo","inLanguage":"pt-BR","url":"https:\/\/secure.gravatar.com\/avatar\/115a974dba3376872eb3addeb276301c?s=96&d=mm&r=g","contentUrl":"https:\/\/secure.gravatar.com\/avatar\/115a974dba3376872eb3addeb276301c?s=96&d=mm&r=g","caption":"admin"},"url":"https:\/\/www.radiomanchester.com.br\/fm\/author\/admin\/"}]}},"_links":{"self":[{"href":"https:\/\/www.radiomanchester.com.br\/fm\/wp-json\/wp\/v2\/posts\/16333"}],"collection":[{"href":"https:\/\/www.radiomanchester.com.br\/fm\/wp-json\/wp\/v2\/posts"}],"about":[{"href":"https:\/\/www.radiomanchester.com.br\/fm\/wp-json\/wp\/v2\/types\/post"}],"author":[{"embeddable":true,"href":"https:\/\/www.radiomanchester.com.br\/fm\/wp-json\/wp\/v2\/users\/1"}],"replies":[{"embeddable":true,"href":"https:\/\/www.radiomanchester.com.br\/fm\/wp-json\/wp\/v2\/comments?post=16333"}],"version-history":[{"count":1,"href":"https:\/\/www.radiomanchester.com.br\/fm\/wp-json\/wp\/v2\/posts\/16333\/revisions"}],"predecessor-version":[{"id":16334,"href":"https:\/\/www.radiomanchester.com.br\/fm\/wp-json\/wp\/v2\/posts\/16333\/revisions\/16334"}],"wp:attachment":[{"href":"https:\/\/www.radiomanchester.com.br\/fm\/wp-json\/wp\/v2\/media?parent=16333"}],"wp:term":[{"taxonomy":"category","embeddable":true,"href":"https:\/\/www.radiomanchester.com.br\/fm\/wp-json\/wp\/v2\/categories?post=16333"},{"taxonomy":"post_tag","embeddable":true,"href":"https:\/\/www.radiomanchester.com.br\/fm\/wp-json\/wp\/v2\/tags?post=16333"}],"curies":[{"name":"wp","href":"https:\/\/api.w.org\/{rel}","templated":true}]}}