{"id":16335,"date":"2025-07-24T20:18:08","date_gmt":"2025-07-24T23:18:08","guid":{"rendered":"https:\/\/www.radiomanchester.com.br\/fm\/?p=16335"},"modified":"2025-07-24T20:18:11","modified_gmt":"2025-07-24T23:18:11","slug":"corpo-carbonizado-e-encontrado-com-maos-amarradas-na-amazilio-lino-em-anapolis","status":"publish","type":"post","link":"https:\/\/www.radiomanchester.com.br\/fm\/corpo-carbonizado-e-encontrado-com-maos-amarradas-na-amazilio-lino-em-anapolis\/","title":{"rendered":"Corpo carbonizado \u00e9 encontrado com m\u00e3os amarradas na Amaz\u00edlio Lino em An\u00e1polis"},"content":{"rendered":"\n<p><\/p>\n\n\n\n<p>Urgente | Um corpo foi encontrado completamente carbonizado na tarde desta quinta-feira (25\/07), na Rua Amazilio Lino na regi\u00e3o central de An\u00e1polis. De acordo com informa\u00e7\u00f5es iniciais da PM, o corpo da v\u00edtima estava em situa\u00e7\u00e3o de quatro, ou seja, com joelhos e punhos apoiados no ch\u00e3o e isso representa, ind\u00edcios de que as m\u00e3os estavam amarradas, o que levanta a suspeita de execu\u00e7\u00e3o com suspeitas de viol\u00eancia extrema.<\/p>\n\n\n\n<p>O local foi isolado para per\u00edcia e a Pol\u00edcia Civil j\u00e1 iniciou investiga\u00e7\u00e3o para apurar as circunst\u00e2ncias do poss\u00edvel homic\u00eddio. A identidade da v\u00edtima ainda n\u00e3o foi confirmada.<\/p>\n\n\n\n<p>Os detalhes, voc\u00ea confere amanh\u00e3 na Ronda Policial no Atualidades Manchester, a partir das 7h na 93.3 FM.<\/p>\n\n\n\n<p>porReda\u00e7\u00e3o<\/p>\n","protected":false},"excerpt":{"rendered":"<p class=\"excerpt\">Urgente | Um corpo foi encontrado completamente carbonizado na tarde desta quinta-feira (25\/07), na Rua Amazilio Lino na regi\u00e3o central de An\u00e1polis. De acordo com informa\u00e7\u00f5es iniciais da PM, o corpo da v\u00edtima estava em situa\u00e7\u00e3o de quatro, ou seja, com joelhos e punhos apoiados no ch\u00e3o e isso representa, ind\u00edcios de que as m\u00e3os [&hellip;]<\/p>\n","protected":false},"author":1,"featured_media":0,"comment_status":"open","ping_status":"open","sticky":false,"template":"","format":"standard","meta":[],"categories":[8,17],"tags":[22,24,113,83,92],"yoast_head":"<!-- This site is optimized with the Yoast SEO plugin v18.3 - https:\/\/yoast.com\/wordpress\/plugins\/seo\/ -->\n<title>Corpo carbonizado \u00e9 encontrado com m\u00e3os amarradas na Amaz\u00edlio Lino em An\u00e1polis - Manchester FM 93,3<\/title>\n<meta name=\"robots\" content=\"index, follow, max-snippet:-1, max-image-preview:large, max-video-preview:-1\" \/>\n<link rel=\"canonical\" href=\"https:\/\/www.radiomanchester.com.br\/fm\/corpo-carbonizado-e-encontrado-com-maos-amarradas-na-amazilio-lino-em-anapolis\/\" \/>\n<meta property=\"og:locale\" content=\"pt_BR\" \/>\n<meta property=\"og:type\" content=\"article\" \/>\n<meta property=\"og:title\" content=\"Corpo carbonizado \u00e9 encontrado com m\u00e3os amarradas na Amaz\u00edlio Lino em An\u00e1polis - Manchester FM 93,3\" \/>\n<meta property=\"og:description\" content=\"Urgente | Um corpo foi encontrado completamente carbonizado na tarde desta quinta-feira (25\/07), na Rua Amazilio Lino na regi\u00e3o central de An\u00e1polis. De acordo com informa\u00e7\u00f5es iniciais da PM, o corpo da v\u00edtima estava em situa\u00e7\u00e3o de quatro, ou seja, com joelhos e punhos apoiados no ch\u00e3o e isso representa, ind\u00edcios de que as m\u00e3os [&hellip;]\" \/>\n<meta property=\"og:url\" content=\"https:\/\/www.radiomanchester.com.br\/fm\/corpo-carbonizado-e-encontrado-com-maos-amarradas-na-amazilio-lino-em-anapolis\/\" \/>\n<meta property=\"og:site_name\" content=\"Manchester FM 93,3\" \/>\n<meta property=\"article:published_time\" content=\"2025-07-24T23:18:08+00:00\" \/>\n<meta property=\"article:modified_time\" content=\"2025-07-24T23:18:11+00:00\" \/>\n<meta name=\"twitter:card\" content=\"summary_large_image\" \/>\n<meta name=\"twitter:label1\" content=\"Escrito por\" \/>\n\t<meta name=\"twitter:data1\" content=\"admin\" \/>\n\t<meta name=\"twitter:label2\" content=\"Est. tempo de leitura\" \/>\n\t<meta name=\"twitter:data2\" content=\"1 minuto\" \/>\n<script type=\"application\/ld+json\" class=\"yoast-schema-graph\">{\"@context\":\"https:\/\/schema.org\",\"@graph\":[{\"@type\":\"WebSite\",\"@id\":\"https:\/\/www.radiomanchester.com.br\/fm\/#website\",\"url\":\"https:\/\/www.radiomanchester.com.br\/fm\/\",\"name\":\"Manchester FM 93,3\",\"description\":\"Todo Mundo Ouve!\",\"potentialAction\":[{\"@type\":\"SearchAction\",\"target\":{\"@type\":\"EntryPoint\",\"urlTemplate\":\"https:\/\/www.radiomanchester.com.br\/fm\/?s={search_term_string}\"},\"query-input\":\"required name=search_term_string\"}],\"inLanguage\":\"pt-BR\"},{\"@type\":\"WebPage\",\"@id\":\"https:\/\/www.radiomanchester.com.br\/fm\/corpo-carbonizado-e-encontrado-com-maos-amarradas-na-amazilio-lino-em-anapolis\/#webpage\",\"url\":\"https:\/\/www.radiomanchester.com.br\/fm\/corpo-carbonizado-e-encontrado-com-maos-amarradas-na-amazilio-lino-em-anapolis\/\",\"name\":\"Corpo carbonizado \u00e9 encontrado com m\u00e3os amarradas na Amaz\u00edlio Lino em An\u00e1polis - Manchester FM 93,3\",\"isPartOf\":{\"@id\":\"https:\/\/www.radiomanchester.com.br\/fm\/#website\"},\"datePublished\":\"2025-07-24T23:18:08+00:00\",\"dateModified\":\"2025-07-24T23:18:11+00:00\",\"author\":{\"@id\":\"https:\/\/www.radiomanchester.com.br\/fm\/#\/schema\/person\/408a7b4d4e32cbebd90e2782852abca3\"},\"breadcrumb\":{\"@id\":\"https:\/\/www.radiomanchester.com.br\/fm\/corpo-carbonizado-e-encontrado-com-maos-amarradas-na-amazilio-lino-em-anapolis\/#breadcrumb\"},\"inLanguage\":\"pt-BR\",\"potentialAction\":[{\"@type\":\"ReadAction\",\"target\":[\"https:\/\/www.radiomanchester.com.br\/fm\/corpo-carbonizado-e-encontrado-com-maos-amarradas-na-amazilio-lino-em-anapolis\/\"]}]},{\"@type\":\"BreadcrumbList\",\"@id\":\"https:\/\/www.radiomanchester.com.br\/fm\/corpo-carbonizado-e-encontrado-com-maos-amarradas-na-amazilio-lino-em-anapolis\/#breadcrumb\",\"itemListElement\":[{\"@type\":\"ListItem\",\"position\":1,\"name\":\"Home\",\"item\":\"https:\/\/www.radiomanchester.com.br\/fm\/\"},{\"@type\":\"ListItem\",\"position\":2,\"name\":\"Corpo carbonizado \u00e9 encontrado com m\u00e3os amarradas na Amaz\u00edlio Lino em An\u00e1polis\"}]},{\"@type\":\"Person\",\"@id\":\"https:\/\/www.radiomanchester.com.br\/fm\/#\/schema\/person\/408a7b4d4e32cbebd90e2782852abca3\",\"name\":\"admin\",\"image\":{\"@type\":\"ImageObject\",\"@id\":\"https:\/\/www.radiomanchester.com.br\/fm\/#personlogo\",\"inLanguage\":\"pt-BR\",\"url\":\"https:\/\/secure.gravatar.com\/avatar\/115a974dba3376872eb3addeb276301c?s=96&d=mm&r=g\",\"contentUrl\":\"https:\/\/secure.gravatar.com\/avatar\/115a974dba3376872eb3addeb276301c?s=96&d=mm&r=g\",\"caption\":\"admin\"},\"url\":\"https:\/\/www.radiomanchester.com.br\/fm\/author\/admin\/\"}]}<\/script>\n<!-- \/ Yoast SEO plugin. -->","yoast_head_json":{"title":"Corpo carbonizado \u00e9 encontrado com m\u00e3os amarradas na Amaz\u00edlio Lino em An\u00e1polis - Manchester FM 93,3","robots":{"index":"index","follow":"follow","max-snippet":"max-snippet:-1","max-image-preview":"max-image-preview:large","max-video-preview":"max-video-preview:-1"},"canonical":"https:\/\/www.radiomanchester.com.br\/fm\/corpo-carbonizado-e-encontrado-com-maos-amarradas-na-amazilio-lino-em-anapolis\/","og_locale":"pt_BR","og_type":"article","og_title":"Corpo carbonizado \u00e9 encontrado com m\u00e3os amarradas na Amaz\u00edlio Lino em An\u00e1polis - Manchester FM 93,3","og_description":"Urgente | Um corpo foi encontrado completamente carbonizado na tarde desta quinta-feira (25\/07), na Rua Amazilio Lino na regi\u00e3o central de An\u00e1polis. De acordo com informa\u00e7\u00f5es iniciais da PM, o corpo da v\u00edtima estava em situa\u00e7\u00e3o de quatro, ou seja, com joelhos e punhos apoiados no ch\u00e3o e isso representa, ind\u00edcios de que as m\u00e3os [&hellip;]","og_url":"https:\/\/www.radiomanchester.com.br\/fm\/corpo-carbonizado-e-encontrado-com-maos-amarradas-na-amazilio-lino-em-anapolis\/","og_site_name":"Manchester FM 93,3","article_published_time":"2025-07-24T23:18:08+00:00","article_modified_time":"2025-07-24T23:18:11+00:00","twitter_card":"summary_large_image","twitter_misc":{"Escrito por":"admin","Est. tempo de leitura":"1 minuto"},"schema":{"@context":"https:\/\/schema.org","@graph":[{"@type":"WebSite","@id":"https:\/\/www.radiomanchester.com.br\/fm\/#website","url":"https:\/\/www.radiomanchester.com.br\/fm\/","name":"Manchester FM 93,3","description":"Todo Mundo Ouve!","potentialAction":[{"@type":"SearchAction","target":{"@type":"EntryPoint","urlTemplate":"https:\/\/www.radiomanchester.com.br\/fm\/?s={search_term_string}"},"query-input":"required name=search_term_string"}],"inLanguage":"pt-BR"},{"@type":"WebPage","@id":"https:\/\/www.radiomanchester.com.br\/fm\/corpo-carbonizado-e-encontrado-com-maos-amarradas-na-amazilio-lino-em-anapolis\/#webpage","url":"https:\/\/www.radiomanchester.com.br\/fm\/corpo-carbonizado-e-encontrado-com-maos-amarradas-na-amazilio-lino-em-anapolis\/","name":"Corpo carbonizado \u00e9 encontrado com m\u00e3os amarradas na Amaz\u00edlio Lino em An\u00e1polis - Manchester FM 93,3","isPartOf":{"@id":"https:\/\/www.radiomanchester.com.br\/fm\/#website"},"datePublished":"2025-07-24T23:18:08+00:00","dateModified":"2025-07-24T23:18:11+00:00","author":{"@id":"https:\/\/www.radiomanchester.com.br\/fm\/#\/schema\/person\/408a7b4d4e32cbebd90e2782852abca3"},"breadcrumb":{"@id":"https:\/\/www.radiomanchester.com.br\/fm\/corpo-carbonizado-e-encontrado-com-maos-amarradas-na-amazilio-lino-em-anapolis\/#breadcrumb"},"inLanguage":"pt-BR","potentialAction":[{"@type":"ReadAction","target":["https:\/\/www.radiomanchester.com.br\/fm\/corpo-carbonizado-e-encontrado-com-maos-amarradas-na-amazilio-lino-em-anapolis\/"]}]},{"@type":"BreadcrumbList","@id":"https:\/\/www.radiomanchester.com.br\/fm\/corpo-carbonizado-e-encontrado-com-maos-amarradas-na-amazilio-lino-em-anapolis\/#breadcrumb","itemListElement":[{"@type":"ListItem","position":1,"name":"Home","item":"https:\/\/www.radiomanchester.com.br\/fm\/"},{"@type":"ListItem","position":2,"name":"Corpo carbonizado \u00e9 encontrado com m\u00e3os amarradas na Amaz\u00edlio Lino em An\u00e1polis"}]},{"@type":"Person","@id":"https:\/\/www.radiomanchester.com.br\/fm\/#\/schema\/person\/408a7b4d4e32cbebd90e2782852abca3","name":"admin","image":{"@type":"ImageObject","@id":"https:\/\/www.radiomanchester.com.br\/fm\/#personlogo","inLanguage":"pt-BR","url":"https:\/\/secure.gravatar.com\/avatar\/115a974dba3376872eb3addeb276301c?s=96&d=mm&r=g","contentUrl":"https:\/\/secure.gravatar.com\/avatar\/115a974dba3376872eb3addeb276301c?s=96&d=mm&r=g","caption":"admin"},"url":"https:\/\/www.radiomanchester.com.br\/fm\/author\/admin\/"}]}},"_links":{"self":[{"href":"https:\/\/www.radiomanchester.com.br\/fm\/wp-json\/wp\/v2\/posts\/16335"}],"collection":[{"href":"https:\/\/www.radiomanchester.com.br\/fm\/wp-json\/wp\/v2\/posts"}],"about":[{"href":"https:\/\/www.radiomanchester.com.br\/fm\/wp-json\/wp\/v2\/types\/post"}],"author":[{"embeddable":true,"href":"https:\/\/www.radiomanchester.com.br\/fm\/wp-json\/wp\/v2\/users\/1"}],"replies":[{"embeddable":true,"href":"https:\/\/www.radiomanchester.com.br\/fm\/wp-json\/wp\/v2\/comments?post=16335"}],"version-history":[{"count":1,"href":"https:\/\/www.radiomanchester.com.br\/fm\/wp-json\/wp\/v2\/posts\/16335\/revisions"}],"predecessor-version":[{"id":16336,"href":"https:\/\/www.radiomanchester.com.br\/fm\/wp-json\/wp\/v2\/posts\/16335\/revisions\/16336"}],"wp:attachment":[{"href":"https:\/\/www.radiomanchester.com.br\/fm\/wp-json\/wp\/v2\/media?parent=16335"}],"wp:term":[{"taxonomy":"category","embeddable":true,"href":"https:\/\/www.radiomanchester.com.br\/fm\/wp-json\/wp\/v2\/categories?post=16335"},{"taxonomy":"post_tag","embeddable":true,"href":"https:\/\/www.radiomanchester.com.br\/fm\/wp-json\/wp\/v2\/tags?post=16335"}],"curies":[{"name":"wp","href":"https:\/\/api.w.org\/{rel}","templated":true}]}}