{"id":16339,"date":"2025-07-25T21:10:05","date_gmt":"2025-07-26T00:10:05","guid":{"rendered":"https:\/\/www.radiomanchester.com.br\/fm\/?p=16339"},"modified":"2025-07-25T21:10:07","modified_gmt":"2025-07-26T00:10:07","slug":"delegado-age-rapido-e-evita-homicidio-na-porta-da-central-de-flagrantes","status":"publish","type":"post","link":"https:\/\/www.radiomanchester.com.br\/fm\/delegado-age-rapido-e-evita-homicidio-na-porta-da-central-de-flagrantes\/","title":{"rendered":"Delegado age r\u00e1pido e evita homic\u00eddio na porta da Central de Flagrantes"},"content":{"rendered":"\n<p><\/p>\n\n\n\n<p>Na manh\u00e3 desta sexta-feira (25\/07), a Central de Flagrantes da Pol\u00edcia Civil de An\u00e1polis foi o local de uma cena de viol\u00eancia. O delegado Rafhael Barboza, prendeu em flagrante uma mulher, em situa\u00e7\u00e3o de rua, que acabou discutindo com outro morador de rua. Ela partiu pra cima do homem com um fac\u00e3o e desferiu um golpe nas costas da v\u00edtima. Ela foi acusada de tentar matar um homem em situa\u00e7\u00e3o de rua.<\/p>\n\n\n\n<p>A morte foi evitada, gra\u00e7as a a\u00e7\u00e3o r\u00e1pida do delegado, que aguardava para entrar numa entrevista ao vivo com a Record Goi\u00e1s e ao perceber toda a\u00e7\u00e3o, interviu e fez a deten\u00e7\u00e3o. O crime ocorreu em uma pra\u00e7a localizada em frente \u00e0 delegacia, onde a v\u00edtima dormia.<\/p>\n\n\n\n<p>Diante da gravidade dos fatos, a mulher foi presa em flagrante pela pr\u00e1tica do crime de tentativa de homic\u00eddio, previsto no Art. 121, caput, c\/c Art. 14, II, do C\u00f3digo Penal Brasileiro.<\/p>\n\n\n\n<p>A pris\u00e3o foi realizada de forma r\u00e1pida e eficiente, demonstrando a efic\u00e1cia da atua\u00e7\u00e3o da pol\u00edcia na regi\u00e3o.<\/p>\n","protected":false},"excerpt":{"rendered":"<p class=\"excerpt\">Na manh\u00e3 desta sexta-feira (25\/07), a Central de Flagrantes da Pol\u00edcia Civil de An\u00e1polis foi o local de uma cena de viol\u00eancia. O delegado Rafhael Barboza, prendeu em flagrante uma mulher, em situa\u00e7\u00e3o de rua, que acabou discutindo com outro morador de rua. Ela partiu pra cima do homem com um fac\u00e3o e desferiu um [&hellip;]<\/p>\n","protected":false},"author":1,"featured_media":0,"comment_status":"open","ping_status":"open","sticky":false,"template":"","format":"standard","meta":[],"categories":[8,17],"tags":[22,24,113,83,92],"yoast_head":"<!-- This site is optimized with the Yoast SEO plugin v18.3 - https:\/\/yoast.com\/wordpress\/plugins\/seo\/ -->\n<title>Delegado age r\u00e1pido e evita homic\u00eddio na porta da Central de Flagrantes - Manchester FM 93,3<\/title>\n<meta name=\"robots\" content=\"index, follow, max-snippet:-1, max-image-preview:large, max-video-preview:-1\" \/>\n<link rel=\"canonical\" href=\"https:\/\/www.radiomanchester.com.br\/fm\/delegado-age-rapido-e-evita-homicidio-na-porta-da-central-de-flagrantes\/\" \/>\n<meta property=\"og:locale\" content=\"pt_BR\" \/>\n<meta property=\"og:type\" content=\"article\" \/>\n<meta property=\"og:title\" content=\"Delegado age r\u00e1pido e evita homic\u00eddio na porta da Central de Flagrantes - Manchester FM 93,3\" \/>\n<meta property=\"og:description\" content=\"Na manh\u00e3 desta sexta-feira (25\/07), a Central de Flagrantes da Pol\u00edcia Civil de An\u00e1polis foi o local de uma cena de viol\u00eancia. O delegado Rafhael Barboza, prendeu em flagrante uma mulher, em situa\u00e7\u00e3o de rua, que acabou discutindo com outro morador de rua. Ela partiu pra cima do homem com um fac\u00e3o e desferiu um [&hellip;]\" \/>\n<meta property=\"og:url\" content=\"https:\/\/www.radiomanchester.com.br\/fm\/delegado-age-rapido-e-evita-homicidio-na-porta-da-central-de-flagrantes\/\" \/>\n<meta property=\"og:site_name\" content=\"Manchester FM 93,3\" \/>\n<meta property=\"article:published_time\" content=\"2025-07-26T00:10:05+00:00\" \/>\n<meta property=\"article:modified_time\" content=\"2025-07-26T00:10:07+00:00\" \/>\n<meta name=\"twitter:card\" content=\"summary_large_image\" \/>\n<meta name=\"twitter:label1\" content=\"Escrito por\" \/>\n\t<meta name=\"twitter:data1\" content=\"admin\" \/>\n\t<meta name=\"twitter:label2\" content=\"Est. tempo de leitura\" \/>\n\t<meta name=\"twitter:data2\" content=\"1 minuto\" \/>\n<script type=\"application\/ld+json\" class=\"yoast-schema-graph\">{\"@context\":\"https:\/\/schema.org\",\"@graph\":[{\"@type\":\"WebSite\",\"@id\":\"https:\/\/www.radiomanchester.com.br\/fm\/#website\",\"url\":\"https:\/\/www.radiomanchester.com.br\/fm\/\",\"name\":\"Manchester FM 93,3\",\"description\":\"Todo Mundo Ouve!\",\"potentialAction\":[{\"@type\":\"SearchAction\",\"target\":{\"@type\":\"EntryPoint\",\"urlTemplate\":\"https:\/\/www.radiomanchester.com.br\/fm\/?s={search_term_string}\"},\"query-input\":\"required name=search_term_string\"}],\"inLanguage\":\"pt-BR\"},{\"@type\":\"WebPage\",\"@id\":\"https:\/\/www.radiomanchester.com.br\/fm\/delegado-age-rapido-e-evita-homicidio-na-porta-da-central-de-flagrantes\/#webpage\",\"url\":\"https:\/\/www.radiomanchester.com.br\/fm\/delegado-age-rapido-e-evita-homicidio-na-porta-da-central-de-flagrantes\/\",\"name\":\"Delegado age r\u00e1pido e evita homic\u00eddio na porta da Central de Flagrantes - Manchester FM 93,3\",\"isPartOf\":{\"@id\":\"https:\/\/www.radiomanchester.com.br\/fm\/#website\"},\"datePublished\":\"2025-07-26T00:10:05+00:00\",\"dateModified\":\"2025-07-26T00:10:07+00:00\",\"author\":{\"@id\":\"https:\/\/www.radiomanchester.com.br\/fm\/#\/schema\/person\/408a7b4d4e32cbebd90e2782852abca3\"},\"breadcrumb\":{\"@id\":\"https:\/\/www.radiomanchester.com.br\/fm\/delegado-age-rapido-e-evita-homicidio-na-porta-da-central-de-flagrantes\/#breadcrumb\"},\"inLanguage\":\"pt-BR\",\"potentialAction\":[{\"@type\":\"ReadAction\",\"target\":[\"https:\/\/www.radiomanchester.com.br\/fm\/delegado-age-rapido-e-evita-homicidio-na-porta-da-central-de-flagrantes\/\"]}]},{\"@type\":\"BreadcrumbList\",\"@id\":\"https:\/\/www.radiomanchester.com.br\/fm\/delegado-age-rapido-e-evita-homicidio-na-porta-da-central-de-flagrantes\/#breadcrumb\",\"itemListElement\":[{\"@type\":\"ListItem\",\"position\":1,\"name\":\"Home\",\"item\":\"https:\/\/www.radiomanchester.com.br\/fm\/\"},{\"@type\":\"ListItem\",\"position\":2,\"name\":\"Delegado age r\u00e1pido e evita homic\u00eddio na porta da Central de Flagrantes\"}]},{\"@type\":\"Person\",\"@id\":\"https:\/\/www.radiomanchester.com.br\/fm\/#\/schema\/person\/408a7b4d4e32cbebd90e2782852abca3\",\"name\":\"admin\",\"image\":{\"@type\":\"ImageObject\",\"@id\":\"https:\/\/www.radiomanchester.com.br\/fm\/#personlogo\",\"inLanguage\":\"pt-BR\",\"url\":\"https:\/\/secure.gravatar.com\/avatar\/115a974dba3376872eb3addeb276301c?s=96&d=mm&r=g\",\"contentUrl\":\"https:\/\/secure.gravatar.com\/avatar\/115a974dba3376872eb3addeb276301c?s=96&d=mm&r=g\",\"caption\":\"admin\"},\"url\":\"https:\/\/www.radiomanchester.com.br\/fm\/author\/admin\/\"}]}<\/script>\n<!-- \/ Yoast SEO plugin. -->","yoast_head_json":{"title":"Delegado age r\u00e1pido e evita homic\u00eddio na porta da Central de Flagrantes - Manchester FM 93,3","robots":{"index":"index","follow":"follow","max-snippet":"max-snippet:-1","max-image-preview":"max-image-preview:large","max-video-preview":"max-video-preview:-1"},"canonical":"https:\/\/www.radiomanchester.com.br\/fm\/delegado-age-rapido-e-evita-homicidio-na-porta-da-central-de-flagrantes\/","og_locale":"pt_BR","og_type":"article","og_title":"Delegado age r\u00e1pido e evita homic\u00eddio na porta da Central de Flagrantes - Manchester FM 93,3","og_description":"Na manh\u00e3 desta sexta-feira (25\/07), a Central de Flagrantes da Pol\u00edcia Civil de An\u00e1polis foi o local de uma cena de viol\u00eancia. O delegado Rafhael Barboza, prendeu em flagrante uma mulher, em situa\u00e7\u00e3o de rua, que acabou discutindo com outro morador de rua. Ela partiu pra cima do homem com um fac\u00e3o e desferiu um [&hellip;]","og_url":"https:\/\/www.radiomanchester.com.br\/fm\/delegado-age-rapido-e-evita-homicidio-na-porta-da-central-de-flagrantes\/","og_site_name":"Manchester FM 93,3","article_published_time":"2025-07-26T00:10:05+00:00","article_modified_time":"2025-07-26T00:10:07+00:00","twitter_card":"summary_large_image","twitter_misc":{"Escrito por":"admin","Est. tempo de leitura":"1 minuto"},"schema":{"@context":"https:\/\/schema.org","@graph":[{"@type":"WebSite","@id":"https:\/\/www.radiomanchester.com.br\/fm\/#website","url":"https:\/\/www.radiomanchester.com.br\/fm\/","name":"Manchester FM 93,3","description":"Todo Mundo Ouve!","potentialAction":[{"@type":"SearchAction","target":{"@type":"EntryPoint","urlTemplate":"https:\/\/www.radiomanchester.com.br\/fm\/?s={search_term_string}"},"query-input":"required name=search_term_string"}],"inLanguage":"pt-BR"},{"@type":"WebPage","@id":"https:\/\/www.radiomanchester.com.br\/fm\/delegado-age-rapido-e-evita-homicidio-na-porta-da-central-de-flagrantes\/#webpage","url":"https:\/\/www.radiomanchester.com.br\/fm\/delegado-age-rapido-e-evita-homicidio-na-porta-da-central-de-flagrantes\/","name":"Delegado age r\u00e1pido e evita homic\u00eddio na porta da Central de Flagrantes - Manchester FM 93,3","isPartOf":{"@id":"https:\/\/www.radiomanchester.com.br\/fm\/#website"},"datePublished":"2025-07-26T00:10:05+00:00","dateModified":"2025-07-26T00:10:07+00:00","author":{"@id":"https:\/\/www.radiomanchester.com.br\/fm\/#\/schema\/person\/408a7b4d4e32cbebd90e2782852abca3"},"breadcrumb":{"@id":"https:\/\/www.radiomanchester.com.br\/fm\/delegado-age-rapido-e-evita-homicidio-na-porta-da-central-de-flagrantes\/#breadcrumb"},"inLanguage":"pt-BR","potentialAction":[{"@type":"ReadAction","target":["https:\/\/www.radiomanchester.com.br\/fm\/delegado-age-rapido-e-evita-homicidio-na-porta-da-central-de-flagrantes\/"]}]},{"@type":"BreadcrumbList","@id":"https:\/\/www.radiomanchester.com.br\/fm\/delegado-age-rapido-e-evita-homicidio-na-porta-da-central-de-flagrantes\/#breadcrumb","itemListElement":[{"@type":"ListItem","position":1,"name":"Home","item":"https:\/\/www.radiomanchester.com.br\/fm\/"},{"@type":"ListItem","position":2,"name":"Delegado age r\u00e1pido e evita homic\u00eddio na porta da Central de Flagrantes"}]},{"@type":"Person","@id":"https:\/\/www.radiomanchester.com.br\/fm\/#\/schema\/person\/408a7b4d4e32cbebd90e2782852abca3","name":"admin","image":{"@type":"ImageObject","@id":"https:\/\/www.radiomanchester.com.br\/fm\/#personlogo","inLanguage":"pt-BR","url":"https:\/\/secure.gravatar.com\/avatar\/115a974dba3376872eb3addeb276301c?s=96&d=mm&r=g","contentUrl":"https:\/\/secure.gravatar.com\/avatar\/115a974dba3376872eb3addeb276301c?s=96&d=mm&r=g","caption":"admin"},"url":"https:\/\/www.radiomanchester.com.br\/fm\/author\/admin\/"}]}},"_links":{"self":[{"href":"https:\/\/www.radiomanchester.com.br\/fm\/wp-json\/wp\/v2\/posts\/16339"}],"collection":[{"href":"https:\/\/www.radiomanchester.com.br\/fm\/wp-json\/wp\/v2\/posts"}],"about":[{"href":"https:\/\/www.radiomanchester.com.br\/fm\/wp-json\/wp\/v2\/types\/post"}],"author":[{"embeddable":true,"href":"https:\/\/www.radiomanchester.com.br\/fm\/wp-json\/wp\/v2\/users\/1"}],"replies":[{"embeddable":true,"href":"https:\/\/www.radiomanchester.com.br\/fm\/wp-json\/wp\/v2\/comments?post=16339"}],"version-history":[{"count":1,"href":"https:\/\/www.radiomanchester.com.br\/fm\/wp-json\/wp\/v2\/posts\/16339\/revisions"}],"predecessor-version":[{"id":16340,"href":"https:\/\/www.radiomanchester.com.br\/fm\/wp-json\/wp\/v2\/posts\/16339\/revisions\/16340"}],"wp:attachment":[{"href":"https:\/\/www.radiomanchester.com.br\/fm\/wp-json\/wp\/v2\/media?parent=16339"}],"wp:term":[{"taxonomy":"category","embeddable":true,"href":"https:\/\/www.radiomanchester.com.br\/fm\/wp-json\/wp\/v2\/categories?post=16339"},{"taxonomy":"post_tag","embeddable":true,"href":"https:\/\/www.radiomanchester.com.br\/fm\/wp-json\/wp\/v2\/tags?post=16339"}],"curies":[{"name":"wp","href":"https:\/\/api.w.org\/{rel}","templated":true}]}}