{"id":16397,"date":"2025-08-08T07:00:00","date_gmt":"2025-08-08T10:00:00","guid":{"rendered":"https:\/\/www.radiomanchester.com.br\/fm\/?p=16397"},"modified":"2025-08-07T22:03:13","modified_gmt":"2025-08-08T01:03:13","slug":"faustao-e-internado-em-sao-paulo","status":"publish","type":"post","link":"https:\/\/www.radiomanchester.com.br\/fm\/faustao-e-internado-em-sao-paulo\/","title":{"rendered":"Faust\u00e3o \u00e9 internado em S\u00e3o Paulo"},"content":{"rendered":"\n<p>Jo\u00e3o Silva, filho do apresentador Faust\u00e3o, precisou cancelar, de \u00faltima hora, uma grande festa que estava marcada para a noite desta quinta-feira (7\/08). O evento seria realizado na casa do apresentador, situada em um dos bairros mais nobres de S\u00e3o Paulo, e reuniria diversas personalidades do meio art\u00edstico.<\/p>\n\n\n\n<p><strong>Internado ap\u00f3s infec\u00e7\u00e3o na perna<br><\/strong>Segundo o colunista Erlan Bastos, a celebra\u00e7\u00e3o foi cancelada ap\u00f3s Faust\u00e3o ser internado por conta de uma infec\u00e7\u00e3o na perna.<\/p>\n\n\n\n<p>Ainda de acordo com informa\u00e7\u00f5es do colunista, apesar de o motivo real ter sido a interna\u00e7\u00e3o do pai, Jo\u00e3o Silva comunicou oficialmente aos convidados que o cancelamento se deu por \u201cmotivos pessoais\u201d.<\/p>\n\n\n\n<p><strong>Famosos estavam confirmados<br><\/strong>Entre os convidados, estavam Bruna Marquezine, Tiago Leifert, Sandy, Simone Mendes, Luciano Huck, Ang\u00e9lica, Ratinho, C\u00e9sar Filho e Tom Cavalcante.<\/p>\n\n\n\n<p>Em nota enviada \u00e0 lista de convidados, sua equipe agradeceu a compreens\u00e3o e informou que uma nova data ser\u00e1 anunciada em breve.<\/p>\n\n\n\n<p><strong>Relembre<\/strong><br>Faust\u00e3o passou por dois transplantes consecutivos nos \u00faltimos anos. Em agosto de 2023, o apresentador enfrentou complica\u00e7\u00f5es decorrentes de insufici\u00eancia card\u00edaca e foi submetido a um transplante de cora\u00e7\u00e3o no Hospital Israelita Albert Einstein em S\u00e3o Paulo.<\/p>\n\n\n\n<p>Pouco tempo depois, em fevereiro de 2024, Fausto Silva precisou de um novo procedimento: um transplante de rim, ap\u00f3s agravamento de sua condi\u00e7\u00e3o renal cr\u00f4nica.<\/p>\n\n\n\n<p>Desde ent\u00e3o, Faust\u00e3o mant\u00e9m acompanhamento cont\u00ednuo. Ele chegou a realizar sess\u00f5es de hemodi\u00e1lise como parte do tratamento p\u00f3s?transplante, at\u00e9 que seu quadro permitisse avan\u00e7ar para outra abordagem.<\/p>\n\n\n\n<p>No in\u00edcio de 2025, o apresentador foi internado novamente para tratar uma infec\u00e7\u00e3o; dias depois, ele teve alta e retomou os cuidados em casa.<\/p>\n\n\n\n<p>porR3pMetr0p0les parceiro Manchester<\/p>\n","protected":false},"excerpt":{"rendered":"<p class=\"excerpt\">Jo\u00e3o Silva, filho do apresentador Faust\u00e3o, precisou cancelar, de \u00faltima hora, uma grande festa que estava marcada para a noite desta quinta-feira (7\/08). O evento seria realizado na casa do apresentador, situada em um dos bairros mais nobres de S\u00e3o Paulo, e reuniria diversas personalidades do meio art\u00edstico. Internado ap\u00f3s infec\u00e7\u00e3o na pernaSegundo o colunista [&hellip;]<\/p>\n","protected":false},"author":1,"featured_media":0,"comment_status":"open","ping_status":"open","sticky":false,"template":"","format":"standard","meta":[],"categories":[8,17],"tags":[22,137,24,113,83,92],"yoast_head":"<!-- This site is optimized with the Yoast SEO plugin v18.3 - https:\/\/yoast.com\/wordpress\/plugins\/seo\/ -->\n<title>Faust\u00e3o \u00e9 internado em S\u00e3o Paulo - Manchester FM 93,3<\/title>\n<meta name=\"robots\" content=\"index, follow, max-snippet:-1, max-image-preview:large, max-video-preview:-1\" \/>\n<link rel=\"canonical\" href=\"https:\/\/www.radiomanchester.com.br\/fm\/faustao-e-internado-em-sao-paulo\/\" \/>\n<meta property=\"og:locale\" content=\"pt_BR\" \/>\n<meta property=\"og:type\" content=\"article\" \/>\n<meta property=\"og:title\" content=\"Faust\u00e3o \u00e9 internado em S\u00e3o Paulo - Manchester FM 93,3\" \/>\n<meta property=\"og:description\" content=\"Jo\u00e3o Silva, filho do apresentador Faust\u00e3o, precisou cancelar, de \u00faltima hora, uma grande festa que estava marcada para a noite desta quinta-feira (7\/08). O evento seria realizado na casa do apresentador, situada em um dos bairros mais nobres de S\u00e3o Paulo, e reuniria diversas personalidades do meio art\u00edstico. Internado ap\u00f3s infec\u00e7\u00e3o na pernaSegundo o colunista [&hellip;]\" \/>\n<meta property=\"og:url\" content=\"https:\/\/www.radiomanchester.com.br\/fm\/faustao-e-internado-em-sao-paulo\/\" \/>\n<meta property=\"og:site_name\" content=\"Manchester FM 93,3\" \/>\n<meta property=\"article:published_time\" content=\"2025-08-08T10:00:00+00:00\" \/>\n<meta property=\"article:modified_time\" content=\"2025-08-08T01:03:13+00:00\" \/>\n<meta name=\"twitter:card\" content=\"summary_large_image\" \/>\n<meta name=\"twitter:label1\" content=\"Escrito por\" \/>\n\t<meta name=\"twitter:data1\" content=\"admin\" \/>\n\t<meta name=\"twitter:label2\" content=\"Est. tempo de leitura\" \/>\n\t<meta name=\"twitter:data2\" content=\"2 minutos\" \/>\n<script type=\"application\/ld+json\" class=\"yoast-schema-graph\">{\"@context\":\"https:\/\/schema.org\",\"@graph\":[{\"@type\":\"WebSite\",\"@id\":\"https:\/\/www.radiomanchester.com.br\/fm\/#website\",\"url\":\"https:\/\/www.radiomanchester.com.br\/fm\/\",\"name\":\"Manchester FM 93,3\",\"description\":\"Todo Mundo Ouve!\",\"potentialAction\":[{\"@type\":\"SearchAction\",\"target\":{\"@type\":\"EntryPoint\",\"urlTemplate\":\"https:\/\/www.radiomanchester.com.br\/fm\/?s={search_term_string}\"},\"query-input\":\"required name=search_term_string\"}],\"inLanguage\":\"pt-BR\"},{\"@type\":\"WebPage\",\"@id\":\"https:\/\/www.radiomanchester.com.br\/fm\/faustao-e-internado-em-sao-paulo\/#webpage\",\"url\":\"https:\/\/www.radiomanchester.com.br\/fm\/faustao-e-internado-em-sao-paulo\/\",\"name\":\"Faust\u00e3o \u00e9 internado em S\u00e3o Paulo - Manchester FM 93,3\",\"isPartOf\":{\"@id\":\"https:\/\/www.radiomanchester.com.br\/fm\/#website\"},\"datePublished\":\"2025-08-08T10:00:00+00:00\",\"dateModified\":\"2025-08-08T01:03:13+00:00\",\"author\":{\"@id\":\"https:\/\/www.radiomanchester.com.br\/fm\/#\/schema\/person\/408a7b4d4e32cbebd90e2782852abca3\"},\"breadcrumb\":{\"@id\":\"https:\/\/www.radiomanchester.com.br\/fm\/faustao-e-internado-em-sao-paulo\/#breadcrumb\"},\"inLanguage\":\"pt-BR\",\"potentialAction\":[{\"@type\":\"ReadAction\",\"target\":[\"https:\/\/www.radiomanchester.com.br\/fm\/faustao-e-internado-em-sao-paulo\/\"]}]},{\"@type\":\"BreadcrumbList\",\"@id\":\"https:\/\/www.radiomanchester.com.br\/fm\/faustao-e-internado-em-sao-paulo\/#breadcrumb\",\"itemListElement\":[{\"@type\":\"ListItem\",\"position\":1,\"name\":\"Home\",\"item\":\"https:\/\/www.radiomanchester.com.br\/fm\/\"},{\"@type\":\"ListItem\",\"position\":2,\"name\":\"Faust\u00e3o \u00e9 internado em S\u00e3o Paulo\"}]},{\"@type\":\"Person\",\"@id\":\"https:\/\/www.radiomanchester.com.br\/fm\/#\/schema\/person\/408a7b4d4e32cbebd90e2782852abca3\",\"name\":\"admin\",\"image\":{\"@type\":\"ImageObject\",\"@id\":\"https:\/\/www.radiomanchester.com.br\/fm\/#personlogo\",\"inLanguage\":\"pt-BR\",\"url\":\"https:\/\/secure.gravatar.com\/avatar\/115a974dba3376872eb3addeb276301c?s=96&d=mm&r=g\",\"contentUrl\":\"https:\/\/secure.gravatar.com\/avatar\/115a974dba3376872eb3addeb276301c?s=96&d=mm&r=g\",\"caption\":\"admin\"},\"url\":\"https:\/\/www.radiomanchester.com.br\/fm\/author\/admin\/\"}]}<\/script>\n<!-- \/ Yoast SEO plugin. -->","yoast_head_json":{"title":"Faust\u00e3o \u00e9 internado em S\u00e3o Paulo - Manchester FM 93,3","robots":{"index":"index","follow":"follow","max-snippet":"max-snippet:-1","max-image-preview":"max-image-preview:large","max-video-preview":"max-video-preview:-1"},"canonical":"https:\/\/www.radiomanchester.com.br\/fm\/faustao-e-internado-em-sao-paulo\/","og_locale":"pt_BR","og_type":"article","og_title":"Faust\u00e3o \u00e9 internado em S\u00e3o Paulo - Manchester FM 93,3","og_description":"Jo\u00e3o Silva, filho do apresentador Faust\u00e3o, precisou cancelar, de \u00faltima hora, uma grande festa que estava marcada para a noite desta quinta-feira (7\/08). O evento seria realizado na casa do apresentador, situada em um dos bairros mais nobres de S\u00e3o Paulo, e reuniria diversas personalidades do meio art\u00edstico. Internado ap\u00f3s infec\u00e7\u00e3o na pernaSegundo o colunista [&hellip;]","og_url":"https:\/\/www.radiomanchester.com.br\/fm\/faustao-e-internado-em-sao-paulo\/","og_site_name":"Manchester FM 93,3","article_published_time":"2025-08-08T10:00:00+00:00","article_modified_time":"2025-08-08T01:03:13+00:00","twitter_card":"summary_large_image","twitter_misc":{"Escrito por":"admin","Est. tempo de leitura":"2 minutos"},"schema":{"@context":"https:\/\/schema.org","@graph":[{"@type":"WebSite","@id":"https:\/\/www.radiomanchester.com.br\/fm\/#website","url":"https:\/\/www.radiomanchester.com.br\/fm\/","name":"Manchester FM 93,3","description":"Todo Mundo Ouve!","potentialAction":[{"@type":"SearchAction","target":{"@type":"EntryPoint","urlTemplate":"https:\/\/www.radiomanchester.com.br\/fm\/?s={search_term_string}"},"query-input":"required name=search_term_string"}],"inLanguage":"pt-BR"},{"@type":"WebPage","@id":"https:\/\/www.radiomanchester.com.br\/fm\/faustao-e-internado-em-sao-paulo\/#webpage","url":"https:\/\/www.radiomanchester.com.br\/fm\/faustao-e-internado-em-sao-paulo\/","name":"Faust\u00e3o \u00e9 internado em S\u00e3o Paulo - Manchester FM 93,3","isPartOf":{"@id":"https:\/\/www.radiomanchester.com.br\/fm\/#website"},"datePublished":"2025-08-08T10:00:00+00:00","dateModified":"2025-08-08T01:03:13+00:00","author":{"@id":"https:\/\/www.radiomanchester.com.br\/fm\/#\/schema\/person\/408a7b4d4e32cbebd90e2782852abca3"},"breadcrumb":{"@id":"https:\/\/www.radiomanchester.com.br\/fm\/faustao-e-internado-em-sao-paulo\/#breadcrumb"},"inLanguage":"pt-BR","potentialAction":[{"@type":"ReadAction","target":["https:\/\/www.radiomanchester.com.br\/fm\/faustao-e-internado-em-sao-paulo\/"]}]},{"@type":"BreadcrumbList","@id":"https:\/\/www.radiomanchester.com.br\/fm\/faustao-e-internado-em-sao-paulo\/#breadcrumb","itemListElement":[{"@type":"ListItem","position":1,"name":"Home","item":"https:\/\/www.radiomanchester.com.br\/fm\/"},{"@type":"ListItem","position":2,"name":"Faust\u00e3o \u00e9 internado em S\u00e3o Paulo"}]},{"@type":"Person","@id":"https:\/\/www.radiomanchester.com.br\/fm\/#\/schema\/person\/408a7b4d4e32cbebd90e2782852abca3","name":"admin","image":{"@type":"ImageObject","@id":"https:\/\/www.radiomanchester.com.br\/fm\/#personlogo","inLanguage":"pt-BR","url":"https:\/\/secure.gravatar.com\/avatar\/115a974dba3376872eb3addeb276301c?s=96&d=mm&r=g","contentUrl":"https:\/\/secure.gravatar.com\/avatar\/115a974dba3376872eb3addeb276301c?s=96&d=mm&r=g","caption":"admin"},"url":"https:\/\/www.radiomanchester.com.br\/fm\/author\/admin\/"}]}},"_links":{"self":[{"href":"https:\/\/www.radiomanchester.com.br\/fm\/wp-json\/wp\/v2\/posts\/16397"}],"collection":[{"href":"https:\/\/www.radiomanchester.com.br\/fm\/wp-json\/wp\/v2\/posts"}],"about":[{"href":"https:\/\/www.radiomanchester.com.br\/fm\/wp-json\/wp\/v2\/types\/post"}],"author":[{"embeddable":true,"href":"https:\/\/www.radiomanchester.com.br\/fm\/wp-json\/wp\/v2\/users\/1"}],"replies":[{"embeddable":true,"href":"https:\/\/www.radiomanchester.com.br\/fm\/wp-json\/wp\/v2\/comments?post=16397"}],"version-history":[{"count":1,"href":"https:\/\/www.radiomanchester.com.br\/fm\/wp-json\/wp\/v2\/posts\/16397\/revisions"}],"predecessor-version":[{"id":16398,"href":"https:\/\/www.radiomanchester.com.br\/fm\/wp-json\/wp\/v2\/posts\/16397\/revisions\/16398"}],"wp:attachment":[{"href":"https:\/\/www.radiomanchester.com.br\/fm\/wp-json\/wp\/v2\/media?parent=16397"}],"wp:term":[{"taxonomy":"category","embeddable":true,"href":"https:\/\/www.radiomanchester.com.br\/fm\/wp-json\/wp\/v2\/categories?post=16397"},{"taxonomy":"post_tag","embeddable":true,"href":"https:\/\/www.radiomanchester.com.br\/fm\/wp-json\/wp\/v2\/tags?post=16397"}],"curies":[{"name":"wp","href":"https:\/\/api.w.org\/{rel}","templated":true}]}}