{"id":16409,"date":"2025-08-11T21:09:59","date_gmt":"2025-08-12T00:09:59","guid":{"rendered":"https:\/\/www.radiomanchester.com.br\/fm\/?p=16409"},"modified":"2025-08-11T21:26:17","modified_gmt":"2025-08-12T00:26:17","slug":"policia-civil-prende-pai-suspeito-de-agredir-gravemente-a-filha-uma-bebe-de-apenas-tres-meses","status":"publish","type":"post","link":"https:\/\/www.radiomanchester.com.br\/fm\/policia-civil-prende-pai-suspeito-de-agredir-gravemente-a-filha-uma-bebe-de-apenas-tres-meses\/","title":{"rendered":"Pol\u00edcia Civil prende pai suspeito de agredir gravemente a filha, uma beb\u00ea de apenas tr\u00eas meses"},"content":{"rendered":"\n<p>A Pol\u00edcia Civil de Goi\u00e1s, por meio da Delegacia Prote\u00e7\u00e3o \u00e0 Crian\u00e7a e ao Adolescente, com o apoio de agentes da 1\u00aa DP, prendeu em flagrante, nesta segunda-feira (11\/08), um homem de 31 anos, suspeito de ter agredido sua pr\u00f3pria filha, uma beb\u00ea de apenas tr\u00eas meses de idade. O crime teria sido praticado no domingo.<\/p>\n\n\n\n<p>De acordo com a investiga\u00e7\u00e3o, a beb\u00ea foi levada para a Unidade de Pronto Atendimento (UPA), com perfil pedi\u00e1trico com a suspeita de engasgo com leite. A alega\u00e7\u00e3o inicial n\u00e3o era compat\u00edvel com as les\u00f5es apresentadas no corpo da beb\u00ea.<\/p>\n\n\n\n<p>Diante da suspeita, foram realizados exames e tamb\u00e9m per\u00edcia m\u00e9dica que apontaram um quadro de traumatismo craniano grave por meio de a\u00e7\u00e3o contundente, o homem foi preso e autuado por tentativa de homic\u00eddio.<\/p>\n\n\n\n<p>A beb\u00ea continua internada na UTI pedi\u00e1trica, em estado grave. O genitor, apontado pela pol\u00edcia como autor da agress\u00e3o contra a pr\u00f3pria filha foi encaminhado ao pres\u00eddio. Agora, o suspeito est\u00e1 \u00e0 disposi\u00e7\u00e3o da Justi\u00e7a.<\/p>\n\n\n\n<p>Mais detalhes deste caso, voc\u00ea acompanha no Plant\u00e3o Policial com Marcelo Santos dentro o Atualidades Manchester, a partir das 7h na R\u00e1dio Manchester 93,3.<\/p>\n","protected":false},"excerpt":{"rendered":"<p class=\"excerpt\">A Pol\u00edcia Civil de Goi\u00e1s, por meio da Delegacia Prote\u00e7\u00e3o \u00e0 Crian\u00e7a e ao Adolescente, com o apoio de agentes da 1\u00aa DP, prendeu em flagrante, nesta segunda-feira (11\/08), um homem de 31 anos, suspeito de ter agredido sua pr\u00f3pria filha, uma beb\u00ea de apenas tr\u00eas meses de idade. O crime teria sido praticado no [&hellip;]<\/p>\n","protected":false},"author":1,"featured_media":0,"comment_status":"open","ping_status":"open","sticky":false,"template":"","format":"standard","meta":[],"categories":[8,17],"tags":[22,24,113,83,92],"yoast_head":"<!-- This site is optimized with the Yoast SEO plugin v18.3 - https:\/\/yoast.com\/wordpress\/plugins\/seo\/ -->\n<title>Pol\u00edcia Civil prende pai suspeito de agredir gravemente a filha, uma beb\u00ea de apenas tr\u00eas meses - Manchester FM 93,3<\/title>\n<meta name=\"robots\" content=\"index, follow, max-snippet:-1, max-image-preview:large, max-video-preview:-1\" \/>\n<link rel=\"canonical\" href=\"https:\/\/www.radiomanchester.com.br\/fm\/policia-civil-prende-pai-suspeito-de-agredir-gravemente-a-filha-uma-bebe-de-apenas-tres-meses\/\" \/>\n<meta property=\"og:locale\" content=\"pt_BR\" \/>\n<meta property=\"og:type\" content=\"article\" \/>\n<meta property=\"og:title\" content=\"Pol\u00edcia Civil prende pai suspeito de agredir gravemente a filha, uma beb\u00ea de apenas tr\u00eas meses - Manchester FM 93,3\" \/>\n<meta property=\"og:description\" content=\"A Pol\u00edcia Civil de Goi\u00e1s, por meio da Delegacia Prote\u00e7\u00e3o \u00e0 Crian\u00e7a e ao Adolescente, com o apoio de agentes da 1\u00aa DP, prendeu em flagrante, nesta segunda-feira (11\/08), um homem de 31 anos, suspeito de ter agredido sua pr\u00f3pria filha, uma beb\u00ea de apenas tr\u00eas meses de idade. O crime teria sido praticado no [&hellip;]\" \/>\n<meta property=\"og:url\" content=\"https:\/\/www.radiomanchester.com.br\/fm\/policia-civil-prende-pai-suspeito-de-agredir-gravemente-a-filha-uma-bebe-de-apenas-tres-meses\/\" \/>\n<meta property=\"og:site_name\" content=\"Manchester FM 93,3\" \/>\n<meta property=\"article:published_time\" content=\"2025-08-12T00:09:59+00:00\" \/>\n<meta property=\"article:modified_time\" content=\"2025-08-12T00:26:17+00:00\" \/>\n<meta name=\"twitter:card\" content=\"summary_large_image\" \/>\n<meta name=\"twitter:label1\" content=\"Escrito por\" \/>\n\t<meta name=\"twitter:data1\" content=\"admin\" \/>\n\t<meta name=\"twitter:label2\" content=\"Est. tempo de leitura\" \/>\n\t<meta name=\"twitter:data2\" content=\"2 minutos\" \/>\n<script type=\"application\/ld+json\" class=\"yoast-schema-graph\">{\"@context\":\"https:\/\/schema.org\",\"@graph\":[{\"@type\":\"WebSite\",\"@id\":\"https:\/\/www.radiomanchester.com.br\/fm\/#website\",\"url\":\"https:\/\/www.radiomanchester.com.br\/fm\/\",\"name\":\"Manchester FM 93,3\",\"description\":\"Todo Mundo Ouve!\",\"potentialAction\":[{\"@type\":\"SearchAction\",\"target\":{\"@type\":\"EntryPoint\",\"urlTemplate\":\"https:\/\/www.radiomanchester.com.br\/fm\/?s={search_term_string}\"},\"query-input\":\"required name=search_term_string\"}],\"inLanguage\":\"pt-BR\"},{\"@type\":\"WebPage\",\"@id\":\"https:\/\/www.radiomanchester.com.br\/fm\/policia-civil-prende-pai-suspeito-de-agredir-gravemente-a-filha-uma-bebe-de-apenas-tres-meses\/#webpage\",\"url\":\"https:\/\/www.radiomanchester.com.br\/fm\/policia-civil-prende-pai-suspeito-de-agredir-gravemente-a-filha-uma-bebe-de-apenas-tres-meses\/\",\"name\":\"Pol\u00edcia Civil prende pai suspeito de agredir gravemente a filha, uma beb\u00ea de apenas tr\u00eas meses - Manchester FM 93,3\",\"isPartOf\":{\"@id\":\"https:\/\/www.radiomanchester.com.br\/fm\/#website\"},\"datePublished\":\"2025-08-12T00:09:59+00:00\",\"dateModified\":\"2025-08-12T00:26:17+00:00\",\"author\":{\"@id\":\"https:\/\/www.radiomanchester.com.br\/fm\/#\/schema\/person\/408a7b4d4e32cbebd90e2782852abca3\"},\"breadcrumb\":{\"@id\":\"https:\/\/www.radiomanchester.com.br\/fm\/policia-civil-prende-pai-suspeito-de-agredir-gravemente-a-filha-uma-bebe-de-apenas-tres-meses\/#breadcrumb\"},\"inLanguage\":\"pt-BR\",\"potentialAction\":[{\"@type\":\"ReadAction\",\"target\":[\"https:\/\/www.radiomanchester.com.br\/fm\/policia-civil-prende-pai-suspeito-de-agredir-gravemente-a-filha-uma-bebe-de-apenas-tres-meses\/\"]}]},{\"@type\":\"BreadcrumbList\",\"@id\":\"https:\/\/www.radiomanchester.com.br\/fm\/policia-civil-prende-pai-suspeito-de-agredir-gravemente-a-filha-uma-bebe-de-apenas-tres-meses\/#breadcrumb\",\"itemListElement\":[{\"@type\":\"ListItem\",\"position\":1,\"name\":\"Home\",\"item\":\"https:\/\/www.radiomanchester.com.br\/fm\/\"},{\"@type\":\"ListItem\",\"position\":2,\"name\":\"Pol\u00edcia Civil prende pai suspeito de agredir gravemente a filha, uma beb\u00ea de apenas tr\u00eas meses\"}]},{\"@type\":\"Person\",\"@id\":\"https:\/\/www.radiomanchester.com.br\/fm\/#\/schema\/person\/408a7b4d4e32cbebd90e2782852abca3\",\"name\":\"admin\",\"image\":{\"@type\":\"ImageObject\",\"@id\":\"https:\/\/www.radiomanchester.com.br\/fm\/#personlogo\",\"inLanguage\":\"pt-BR\",\"url\":\"https:\/\/secure.gravatar.com\/avatar\/115a974dba3376872eb3addeb276301c?s=96&d=mm&r=g\",\"contentUrl\":\"https:\/\/secure.gravatar.com\/avatar\/115a974dba3376872eb3addeb276301c?s=96&d=mm&r=g\",\"caption\":\"admin\"},\"url\":\"https:\/\/www.radiomanchester.com.br\/fm\/author\/admin\/\"}]}<\/script>\n<!-- \/ Yoast SEO plugin. -->","yoast_head_json":{"title":"Pol\u00edcia Civil prende pai suspeito de agredir gravemente a filha, uma beb\u00ea de apenas tr\u00eas meses - Manchester FM 93,3","robots":{"index":"index","follow":"follow","max-snippet":"max-snippet:-1","max-image-preview":"max-image-preview:large","max-video-preview":"max-video-preview:-1"},"canonical":"https:\/\/www.radiomanchester.com.br\/fm\/policia-civil-prende-pai-suspeito-de-agredir-gravemente-a-filha-uma-bebe-de-apenas-tres-meses\/","og_locale":"pt_BR","og_type":"article","og_title":"Pol\u00edcia Civil prende pai suspeito de agredir gravemente a filha, uma beb\u00ea de apenas tr\u00eas meses - Manchester FM 93,3","og_description":"A Pol\u00edcia Civil de Goi\u00e1s, por meio da Delegacia Prote\u00e7\u00e3o \u00e0 Crian\u00e7a e ao Adolescente, com o apoio de agentes da 1\u00aa DP, prendeu em flagrante, nesta segunda-feira (11\/08), um homem de 31 anos, suspeito de ter agredido sua pr\u00f3pria filha, uma beb\u00ea de apenas tr\u00eas meses de idade. O crime teria sido praticado no [&hellip;]","og_url":"https:\/\/www.radiomanchester.com.br\/fm\/policia-civil-prende-pai-suspeito-de-agredir-gravemente-a-filha-uma-bebe-de-apenas-tres-meses\/","og_site_name":"Manchester FM 93,3","article_published_time":"2025-08-12T00:09:59+00:00","article_modified_time":"2025-08-12T00:26:17+00:00","twitter_card":"summary_large_image","twitter_misc":{"Escrito por":"admin","Est. tempo de leitura":"2 minutos"},"schema":{"@context":"https:\/\/schema.org","@graph":[{"@type":"WebSite","@id":"https:\/\/www.radiomanchester.com.br\/fm\/#website","url":"https:\/\/www.radiomanchester.com.br\/fm\/","name":"Manchester FM 93,3","description":"Todo Mundo Ouve!","potentialAction":[{"@type":"SearchAction","target":{"@type":"EntryPoint","urlTemplate":"https:\/\/www.radiomanchester.com.br\/fm\/?s={search_term_string}"},"query-input":"required name=search_term_string"}],"inLanguage":"pt-BR"},{"@type":"WebPage","@id":"https:\/\/www.radiomanchester.com.br\/fm\/policia-civil-prende-pai-suspeito-de-agredir-gravemente-a-filha-uma-bebe-de-apenas-tres-meses\/#webpage","url":"https:\/\/www.radiomanchester.com.br\/fm\/policia-civil-prende-pai-suspeito-de-agredir-gravemente-a-filha-uma-bebe-de-apenas-tres-meses\/","name":"Pol\u00edcia Civil prende pai suspeito de agredir gravemente a filha, uma beb\u00ea de apenas tr\u00eas meses - Manchester FM 93,3","isPartOf":{"@id":"https:\/\/www.radiomanchester.com.br\/fm\/#website"},"datePublished":"2025-08-12T00:09:59+00:00","dateModified":"2025-08-12T00:26:17+00:00","author":{"@id":"https:\/\/www.radiomanchester.com.br\/fm\/#\/schema\/person\/408a7b4d4e32cbebd90e2782852abca3"},"breadcrumb":{"@id":"https:\/\/www.radiomanchester.com.br\/fm\/policia-civil-prende-pai-suspeito-de-agredir-gravemente-a-filha-uma-bebe-de-apenas-tres-meses\/#breadcrumb"},"inLanguage":"pt-BR","potentialAction":[{"@type":"ReadAction","target":["https:\/\/www.radiomanchester.com.br\/fm\/policia-civil-prende-pai-suspeito-de-agredir-gravemente-a-filha-uma-bebe-de-apenas-tres-meses\/"]}]},{"@type":"BreadcrumbList","@id":"https:\/\/www.radiomanchester.com.br\/fm\/policia-civil-prende-pai-suspeito-de-agredir-gravemente-a-filha-uma-bebe-de-apenas-tres-meses\/#breadcrumb","itemListElement":[{"@type":"ListItem","position":1,"name":"Home","item":"https:\/\/www.radiomanchester.com.br\/fm\/"},{"@type":"ListItem","position":2,"name":"Pol\u00edcia Civil prende pai suspeito de agredir gravemente a filha, uma beb\u00ea de apenas tr\u00eas meses"}]},{"@type":"Person","@id":"https:\/\/www.radiomanchester.com.br\/fm\/#\/schema\/person\/408a7b4d4e32cbebd90e2782852abca3","name":"admin","image":{"@type":"ImageObject","@id":"https:\/\/www.radiomanchester.com.br\/fm\/#personlogo","inLanguage":"pt-BR","url":"https:\/\/secure.gravatar.com\/avatar\/115a974dba3376872eb3addeb276301c?s=96&d=mm&r=g","contentUrl":"https:\/\/secure.gravatar.com\/avatar\/115a974dba3376872eb3addeb276301c?s=96&d=mm&r=g","caption":"admin"},"url":"https:\/\/www.radiomanchester.com.br\/fm\/author\/admin\/"}]}},"_links":{"self":[{"href":"https:\/\/www.radiomanchester.com.br\/fm\/wp-json\/wp\/v2\/posts\/16409"}],"collection":[{"href":"https:\/\/www.radiomanchester.com.br\/fm\/wp-json\/wp\/v2\/posts"}],"about":[{"href":"https:\/\/www.radiomanchester.com.br\/fm\/wp-json\/wp\/v2\/types\/post"}],"author":[{"embeddable":true,"href":"https:\/\/www.radiomanchester.com.br\/fm\/wp-json\/wp\/v2\/users\/1"}],"replies":[{"embeddable":true,"href":"https:\/\/www.radiomanchester.com.br\/fm\/wp-json\/wp\/v2\/comments?post=16409"}],"version-history":[{"count":8,"href":"https:\/\/www.radiomanchester.com.br\/fm\/wp-json\/wp\/v2\/posts\/16409\/revisions"}],"predecessor-version":[{"id":16417,"href":"https:\/\/www.radiomanchester.com.br\/fm\/wp-json\/wp\/v2\/posts\/16409\/revisions\/16417"}],"wp:attachment":[{"href":"https:\/\/www.radiomanchester.com.br\/fm\/wp-json\/wp\/v2\/media?parent=16409"}],"wp:term":[{"taxonomy":"category","embeddable":true,"href":"https:\/\/www.radiomanchester.com.br\/fm\/wp-json\/wp\/v2\/categories?post=16409"},{"taxonomy":"post_tag","embeddable":true,"href":"https:\/\/www.radiomanchester.com.br\/fm\/wp-json\/wp\/v2\/tags?post=16409"}],"curies":[{"name":"wp","href":"https:\/\/api.w.org\/{rel}","templated":true}]}}