{"id":16422,"date":"2025-08-12T22:23:42","date_gmt":"2025-08-13T01:23:42","guid":{"rendered":"https:\/\/www.radiomanchester.com.br\/fm\/?p=16422"},"modified":"2025-08-12T22:23:45","modified_gmt":"2025-08-13T01:23:45","slug":"saude-alerta-para-importancia-da-vacinacao-contra-o-sarampo-em-anapolis-apos-aumento-de-casos-no-pais","status":"publish","type":"post","link":"https:\/\/www.radiomanchester.com.br\/fm\/saude-alerta-para-importancia-da-vacinacao-contra-o-sarampo-em-anapolis-apos-aumento-de-casos-no-pais\/","title":{"rendered":"Sa\u00fade alerta para import\u00e2ncia da vacina\u00e7\u00e3o contra o sarampo em An\u00e1polis ap\u00f3s aumento de casos no pa\u00eds"},"content":{"rendered":"\n<p><\/p>\n\n\n\n<p>A Prefeitura de An\u00e1polis, por meio da Secretaria Municipal de Sa\u00fade, refor\u00e7a o alerta \u00e0 popula\u00e7\u00e3o sobre a necessidade de manter a vacina\u00e7\u00e3o contra o sarampo em dia. Com a reintrodu\u00e7\u00e3o de casos positivos no Brasil, o Minist\u00e9rio da Sa\u00fade recomenda que todas as pessoas de 12 meses a 59 anos estejam imunizadas.<\/p>\n\n\n\n<p>De acordo com a Secretaria de Estado da Sa\u00fade de Goi\u00e1s, o estado ainda n\u00e3o registrou casos de sarampo. No entanto, o Tocantins j\u00e1 notificou 42 casos, sendo 17 confirmados. Outros estados, como Rio de Janeiro, S\u00e3o Paulo e o Distrito Federal, tamb\u00e9m apresentam confirma\u00e7\u00f5es.<\/p>\n\n\n\n<p>Em An\u00e1polis, a vacina tr\u00edplice viral, que protege contra sarampo, caxumba e rub\u00e9ola, est\u00e1 dispon\u00edvel gratuitamente em todas as Unidades de Sa\u00fade da Fam\u00edlia (USFs).<\/p>\n\n\n\n<p>Para receber a dose ou atualizar o cart\u00e3o de vacina, basta apresentar documentos pessoais e o cart\u00e3o de vacina\u00e7\u00e3o em qualquer um dos seguintes pontos de imuniza\u00e7\u00e3o:<\/p>\n\n\n\n<p><strong>Das 8h \u00e0s 16h, de segunda a sexta-feira nos bairros:<br><\/strong>Abadia Lopes da Fonseca, Adriana Parque, Arco-\u00cdris, Arco Verde, Bandeiras, Calixtol\u00e2ndia, Calixt\u00f3polis, Jardim Esperan\u00e7a, Jardim Guanabara, Jardim Su\u00ed\u00e7o, JK, Jo\u00e3o Luiz de Oliveira, Munir Calixto, Parque dos Pirineus, Santa Maria de Nazareth, Santo Ant\u00f4nio, Santos Dumont, S\u00e3o Carlos, S\u00e3o Louren\u00e7o, Tropical, Fabril, Vila Formosa, Vila Norte e Vivian Parque.<\/p>\n\n\n\n<p><strong>Somente \u00e0s segundas-feiras, das 8h \u00e0s 15h:<br><\/strong>Unidades de Sa\u00fade Alexandrina, Vila Esperan\u00e7a e Santa Isabel.<\/p>\n\n\n\n<p><strong>Somente \u00e0s ter\u00e7as-feiras, das 8h \u00e0s 15h:<br><\/strong>Unidade de Sa\u00fade Dom Manoel, Maracananzinho e Leblon.<\/p>\n\n\n\n<p><strong>Somente \u00e0s quartas-feiras, das 8h \u00e0s 15h:<br><\/strong>Unidades de Sa\u00fade Jd. Alvorada e Para\u00edso.<\/p>\n\n\n\n<p><strong>Somente \u00e0s quintas-feiras, das 8h \u00e0s 15h:<br><\/strong>Unidades de Sa\u00fade Jardim das Am\u00e9ricas e Maracan\u00e3.<\/p>\n\n\n\n<p><strong>Somente \u00e0s sextas-feiras, das 8h \u00e0s 15h:<br><\/strong>Unidade de Sa\u00fade Jardim das Oliveiras.<\/p>\n\n\n\n<p>Segundo a ger\u00eancia de imuniza\u00e7\u00e3o do munic\u00edpio, o aumento do n\u00famero de casos registrados da doen\u00e7a em regi\u00f5es pr\u00f3ximas gera um alerta, pois o sarampo \u00e9 altamente contagioso e pode ser transmitido facilmente pelo ar, por meio de got\u00edculas respirat\u00f3rias liberadas ao tossir ou espirrar. Desta forma, a vacina\u00e7\u00e3o torna-se fundamental para interromper a circula\u00e7\u00e3o do v\u00edrus e proteger a popula\u00e7\u00e3o, especialmente crian\u00e7as e pessoas com baixa&nbsp;imunidade.<\/p>\n","protected":false},"excerpt":{"rendered":"<p class=\"excerpt\">A Prefeitura de An\u00e1polis, por meio da Secretaria Municipal de Sa\u00fade, refor\u00e7a o alerta \u00e0 popula\u00e7\u00e3o sobre a necessidade de manter a vacina\u00e7\u00e3o contra o sarampo em dia. Com a reintrodu\u00e7\u00e3o de casos positivos no Brasil, o Minist\u00e9rio da Sa\u00fade recomenda que todas as pessoas de 12 meses a 59 anos estejam imunizadas. De acordo [&hellip;]<\/p>\n","protected":false},"author":1,"featured_media":0,"comment_status":"open","ping_status":"open","sticky":false,"template":"","format":"standard","meta":[],"categories":[8,17],"tags":[22,24,113,83,129,92],"yoast_head":"<!-- This site is optimized with the Yoast SEO plugin v18.3 - https:\/\/yoast.com\/wordpress\/plugins\/seo\/ -->\n<title>Sa\u00fade alerta para import\u00e2ncia da vacina\u00e7\u00e3o contra o sarampo em An\u00e1polis ap\u00f3s aumento de casos no pa\u00eds - Manchester FM 93,3<\/title>\n<meta name=\"robots\" content=\"index, follow, max-snippet:-1, max-image-preview:large, max-video-preview:-1\" \/>\n<link rel=\"canonical\" href=\"https:\/\/www.radiomanchester.com.br\/fm\/saude-alerta-para-importancia-da-vacinacao-contra-o-sarampo-em-anapolis-apos-aumento-de-casos-no-pais\/\" \/>\n<meta property=\"og:locale\" content=\"pt_BR\" \/>\n<meta property=\"og:type\" content=\"article\" \/>\n<meta property=\"og:title\" content=\"Sa\u00fade alerta para import\u00e2ncia da vacina\u00e7\u00e3o contra o sarampo em An\u00e1polis ap\u00f3s aumento de casos no pa\u00eds - Manchester FM 93,3\" \/>\n<meta property=\"og:description\" content=\"A Prefeitura de An\u00e1polis, por meio da Secretaria Municipal de Sa\u00fade, refor\u00e7a o alerta \u00e0 popula\u00e7\u00e3o sobre a necessidade de manter a vacina\u00e7\u00e3o contra o sarampo em dia. Com a reintrodu\u00e7\u00e3o de casos positivos no Brasil, o Minist\u00e9rio da Sa\u00fade recomenda que todas as pessoas de 12 meses a 59 anos estejam imunizadas. De acordo [&hellip;]\" \/>\n<meta property=\"og:url\" content=\"https:\/\/www.radiomanchester.com.br\/fm\/saude-alerta-para-importancia-da-vacinacao-contra-o-sarampo-em-anapolis-apos-aumento-de-casos-no-pais\/\" \/>\n<meta property=\"og:site_name\" content=\"Manchester FM 93,3\" \/>\n<meta property=\"article:published_time\" content=\"2025-08-13T01:23:42+00:00\" \/>\n<meta property=\"article:modified_time\" content=\"2025-08-13T01:23:45+00:00\" \/>\n<meta name=\"twitter:card\" content=\"summary_large_image\" \/>\n<meta name=\"twitter:label1\" content=\"Escrito por\" \/>\n\t<meta name=\"twitter:data1\" content=\"admin\" \/>\n\t<meta name=\"twitter:label2\" content=\"Est. tempo de leitura\" \/>\n\t<meta name=\"twitter:data2\" content=\"2 minutos\" \/>\n<script type=\"application\/ld+json\" class=\"yoast-schema-graph\">{\"@context\":\"https:\/\/schema.org\",\"@graph\":[{\"@type\":\"WebSite\",\"@id\":\"https:\/\/www.radiomanchester.com.br\/fm\/#website\",\"url\":\"https:\/\/www.radiomanchester.com.br\/fm\/\",\"name\":\"Manchester FM 93,3\",\"description\":\"Todo Mundo Ouve!\",\"potentialAction\":[{\"@type\":\"SearchAction\",\"target\":{\"@type\":\"EntryPoint\",\"urlTemplate\":\"https:\/\/www.radiomanchester.com.br\/fm\/?s={search_term_string}\"},\"query-input\":\"required name=search_term_string\"}],\"inLanguage\":\"pt-BR\"},{\"@type\":\"WebPage\",\"@id\":\"https:\/\/www.radiomanchester.com.br\/fm\/saude-alerta-para-importancia-da-vacinacao-contra-o-sarampo-em-anapolis-apos-aumento-de-casos-no-pais\/#webpage\",\"url\":\"https:\/\/www.radiomanchester.com.br\/fm\/saude-alerta-para-importancia-da-vacinacao-contra-o-sarampo-em-anapolis-apos-aumento-de-casos-no-pais\/\",\"name\":\"Sa\u00fade alerta para import\u00e2ncia da vacina\u00e7\u00e3o contra o sarampo em An\u00e1polis ap\u00f3s aumento de casos no pa\u00eds - Manchester FM 93,3\",\"isPartOf\":{\"@id\":\"https:\/\/www.radiomanchester.com.br\/fm\/#website\"},\"datePublished\":\"2025-08-13T01:23:42+00:00\",\"dateModified\":\"2025-08-13T01:23:45+00:00\",\"author\":{\"@id\":\"https:\/\/www.radiomanchester.com.br\/fm\/#\/schema\/person\/408a7b4d4e32cbebd90e2782852abca3\"},\"breadcrumb\":{\"@id\":\"https:\/\/www.radiomanchester.com.br\/fm\/saude-alerta-para-importancia-da-vacinacao-contra-o-sarampo-em-anapolis-apos-aumento-de-casos-no-pais\/#breadcrumb\"},\"inLanguage\":\"pt-BR\",\"potentialAction\":[{\"@type\":\"ReadAction\",\"target\":[\"https:\/\/www.radiomanchester.com.br\/fm\/saude-alerta-para-importancia-da-vacinacao-contra-o-sarampo-em-anapolis-apos-aumento-de-casos-no-pais\/\"]}]},{\"@type\":\"BreadcrumbList\",\"@id\":\"https:\/\/www.radiomanchester.com.br\/fm\/saude-alerta-para-importancia-da-vacinacao-contra-o-sarampo-em-anapolis-apos-aumento-de-casos-no-pais\/#breadcrumb\",\"itemListElement\":[{\"@type\":\"ListItem\",\"position\":1,\"name\":\"Home\",\"item\":\"https:\/\/www.radiomanchester.com.br\/fm\/\"},{\"@type\":\"ListItem\",\"position\":2,\"name\":\"Sa\u00fade alerta para import\u00e2ncia da vacina\u00e7\u00e3o contra o sarampo em An\u00e1polis ap\u00f3s aumento de casos no pa\u00eds\"}]},{\"@type\":\"Person\",\"@id\":\"https:\/\/www.radiomanchester.com.br\/fm\/#\/schema\/person\/408a7b4d4e32cbebd90e2782852abca3\",\"name\":\"admin\",\"image\":{\"@type\":\"ImageObject\",\"@id\":\"https:\/\/www.radiomanchester.com.br\/fm\/#personlogo\",\"inLanguage\":\"pt-BR\",\"url\":\"https:\/\/secure.gravatar.com\/avatar\/115a974dba3376872eb3addeb276301c?s=96&d=mm&r=g\",\"contentUrl\":\"https:\/\/secure.gravatar.com\/avatar\/115a974dba3376872eb3addeb276301c?s=96&d=mm&r=g\",\"caption\":\"admin\"},\"url\":\"https:\/\/www.radiomanchester.com.br\/fm\/author\/admin\/\"}]}<\/script>\n<!-- \/ Yoast SEO plugin. -->","yoast_head_json":{"title":"Sa\u00fade alerta para import\u00e2ncia da vacina\u00e7\u00e3o contra o sarampo em An\u00e1polis ap\u00f3s aumento de casos no pa\u00eds - Manchester FM 93,3","robots":{"index":"index","follow":"follow","max-snippet":"max-snippet:-1","max-image-preview":"max-image-preview:large","max-video-preview":"max-video-preview:-1"},"canonical":"https:\/\/www.radiomanchester.com.br\/fm\/saude-alerta-para-importancia-da-vacinacao-contra-o-sarampo-em-anapolis-apos-aumento-de-casos-no-pais\/","og_locale":"pt_BR","og_type":"article","og_title":"Sa\u00fade alerta para import\u00e2ncia da vacina\u00e7\u00e3o contra o sarampo em An\u00e1polis ap\u00f3s aumento de casos no pa\u00eds - Manchester FM 93,3","og_description":"A Prefeitura de An\u00e1polis, por meio da Secretaria Municipal de Sa\u00fade, refor\u00e7a o alerta \u00e0 popula\u00e7\u00e3o sobre a necessidade de manter a vacina\u00e7\u00e3o contra o sarampo em dia. Com a reintrodu\u00e7\u00e3o de casos positivos no Brasil, o Minist\u00e9rio da Sa\u00fade recomenda que todas as pessoas de 12 meses a 59 anos estejam imunizadas. De acordo [&hellip;]","og_url":"https:\/\/www.radiomanchester.com.br\/fm\/saude-alerta-para-importancia-da-vacinacao-contra-o-sarampo-em-anapolis-apos-aumento-de-casos-no-pais\/","og_site_name":"Manchester FM 93,3","article_published_time":"2025-08-13T01:23:42+00:00","article_modified_time":"2025-08-13T01:23:45+00:00","twitter_card":"summary_large_image","twitter_misc":{"Escrito por":"admin","Est. tempo de leitura":"2 minutos"},"schema":{"@context":"https:\/\/schema.org","@graph":[{"@type":"WebSite","@id":"https:\/\/www.radiomanchester.com.br\/fm\/#website","url":"https:\/\/www.radiomanchester.com.br\/fm\/","name":"Manchester FM 93,3","description":"Todo Mundo Ouve!","potentialAction":[{"@type":"SearchAction","target":{"@type":"EntryPoint","urlTemplate":"https:\/\/www.radiomanchester.com.br\/fm\/?s={search_term_string}"},"query-input":"required name=search_term_string"}],"inLanguage":"pt-BR"},{"@type":"WebPage","@id":"https:\/\/www.radiomanchester.com.br\/fm\/saude-alerta-para-importancia-da-vacinacao-contra-o-sarampo-em-anapolis-apos-aumento-de-casos-no-pais\/#webpage","url":"https:\/\/www.radiomanchester.com.br\/fm\/saude-alerta-para-importancia-da-vacinacao-contra-o-sarampo-em-anapolis-apos-aumento-de-casos-no-pais\/","name":"Sa\u00fade alerta para import\u00e2ncia da vacina\u00e7\u00e3o contra o sarampo em An\u00e1polis ap\u00f3s aumento de casos no pa\u00eds - Manchester FM 93,3","isPartOf":{"@id":"https:\/\/www.radiomanchester.com.br\/fm\/#website"},"datePublished":"2025-08-13T01:23:42+00:00","dateModified":"2025-08-13T01:23:45+00:00","author":{"@id":"https:\/\/www.radiomanchester.com.br\/fm\/#\/schema\/person\/408a7b4d4e32cbebd90e2782852abca3"},"breadcrumb":{"@id":"https:\/\/www.radiomanchester.com.br\/fm\/saude-alerta-para-importancia-da-vacinacao-contra-o-sarampo-em-anapolis-apos-aumento-de-casos-no-pais\/#breadcrumb"},"inLanguage":"pt-BR","potentialAction":[{"@type":"ReadAction","target":["https:\/\/www.radiomanchester.com.br\/fm\/saude-alerta-para-importancia-da-vacinacao-contra-o-sarampo-em-anapolis-apos-aumento-de-casos-no-pais\/"]}]},{"@type":"BreadcrumbList","@id":"https:\/\/www.radiomanchester.com.br\/fm\/saude-alerta-para-importancia-da-vacinacao-contra-o-sarampo-em-anapolis-apos-aumento-de-casos-no-pais\/#breadcrumb","itemListElement":[{"@type":"ListItem","position":1,"name":"Home","item":"https:\/\/www.radiomanchester.com.br\/fm\/"},{"@type":"ListItem","position":2,"name":"Sa\u00fade alerta para import\u00e2ncia da vacina\u00e7\u00e3o contra o sarampo em An\u00e1polis ap\u00f3s aumento de casos no pa\u00eds"}]},{"@type":"Person","@id":"https:\/\/www.radiomanchester.com.br\/fm\/#\/schema\/person\/408a7b4d4e32cbebd90e2782852abca3","name":"admin","image":{"@type":"ImageObject","@id":"https:\/\/www.radiomanchester.com.br\/fm\/#personlogo","inLanguage":"pt-BR","url":"https:\/\/secure.gravatar.com\/avatar\/115a974dba3376872eb3addeb276301c?s=96&d=mm&r=g","contentUrl":"https:\/\/secure.gravatar.com\/avatar\/115a974dba3376872eb3addeb276301c?s=96&d=mm&r=g","caption":"admin"},"url":"https:\/\/www.radiomanchester.com.br\/fm\/author\/admin\/"}]}},"_links":{"self":[{"href":"https:\/\/www.radiomanchester.com.br\/fm\/wp-json\/wp\/v2\/posts\/16422"}],"collection":[{"href":"https:\/\/www.radiomanchester.com.br\/fm\/wp-json\/wp\/v2\/posts"}],"about":[{"href":"https:\/\/www.radiomanchester.com.br\/fm\/wp-json\/wp\/v2\/types\/post"}],"author":[{"embeddable":true,"href":"https:\/\/www.radiomanchester.com.br\/fm\/wp-json\/wp\/v2\/users\/1"}],"replies":[{"embeddable":true,"href":"https:\/\/www.radiomanchester.com.br\/fm\/wp-json\/wp\/v2\/comments?post=16422"}],"version-history":[{"count":1,"href":"https:\/\/www.radiomanchester.com.br\/fm\/wp-json\/wp\/v2\/posts\/16422\/revisions"}],"predecessor-version":[{"id":16423,"href":"https:\/\/www.radiomanchester.com.br\/fm\/wp-json\/wp\/v2\/posts\/16422\/revisions\/16423"}],"wp:attachment":[{"href":"https:\/\/www.radiomanchester.com.br\/fm\/wp-json\/wp\/v2\/media?parent=16422"}],"wp:term":[{"taxonomy":"category","embeddable":true,"href":"https:\/\/www.radiomanchester.com.br\/fm\/wp-json\/wp\/v2\/categories?post=16422"},{"taxonomy":"post_tag","embeddable":true,"href":"https:\/\/www.radiomanchester.com.br\/fm\/wp-json\/wp\/v2\/tags?post=16422"}],"curies":[{"name":"wp","href":"https:\/\/api.w.org\/{rel}","templated":true}]}}