{"id":16424,"date":"2025-08-13T07:00:00","date_gmt":"2025-08-13T10:00:00","guid":{"rendered":"https:\/\/www.radiomanchester.com.br\/fm\/?p=16424"},"modified":"2025-08-12T22:55:28","modified_gmt":"2025-08-13T01:55:28","slug":"policia-prende-chefe-de-trafico-em-distribuidora-de-bebidas-em-anapolis","status":"publish","type":"post","link":"https:\/\/www.radiomanchester.com.br\/fm\/policia-prende-chefe-de-trafico-em-distribuidora-de-bebidas-em-anapolis\/","title":{"rendered":"Pol\u00edcia prende chefe de tr\u00e1fico em distribuidora de bebidas em An\u00e1polis"},"content":{"rendered":"\n<p><\/p>\n\n\n\n<p>Durante a Opera\u00e7\u00e3o Boca Fechada, 8\u00aa fase, a Pol\u00edcia Civil do Estado de Goi\u00e1s, por meio do Grupo Especial de Repress\u00e3o a Narc\u00f3ticos (Genarc) e Grupo Especial de Investiga\u00e7\u00f5es Criminais (Geic), deflagrou uma mais uma fase da opera\u00e7\u00e3o em combate ao crime de tr\u00e1fico de drogas na cidade. Foram cumpridos dois mandados de busca e apreens\u00e3o, duas quebras de sigilo telef\u00f4nico e um mandado de pris\u00e3o preventiva.<\/p>\n\n\n\n<p>A 8\u00aa fase teve origem direta na 7\u00aa fase da Opera\u00e7\u00e3o Boca Fechada, quando tr\u00eas pessoas foram presas em flagrante por tr\u00e1fico de drogas. Na \u00e9poca, um dos presos estava em uma distribuidora de bebidas, agindo a mando de uma terceira pessoa. As dilig\u00eancias investigativas subsequentes permitiram \u00e0 Pol\u00edcia Civil identificar o verdadeiro mandante do tr\u00e1fico na regi\u00e3o, o propriet\u00e1rio real e efetivo daquela distribuidora.<\/p>\n\n\n\n<p>Munidos dos elementos probat\u00f3rios colhidos, a Pol\u00edcia Civil representou ao Poder Judici\u00e1rio pelas medidas cautelares, que foram deferidas. No cumprimento dos mandados na tarde de hoje, os agentes localizaram novas por\u00e7\u00f5es de drogas na mesma distribuidora de bebidas j\u00e1 alvo da opera\u00e7\u00e3o anterior. O investigado, apontado como chefe do esquema criminoso desvendado na 7\u00aa fase, foi preso preventivamente e autuado em flagrante pela posse de entorpecentes em condi\u00e7\u00f5es de mercancia.<\/p>\n\n\n\n<p>Durante as dilig\u00eancias, tamb\u00e9m foram apreendidos diversos produtos aliment\u00edcios, como balinhas, chicletes, bolachas, pirulitos, bombons, salgadinhos e outros, que eram utilizados como parte do disfarce da atividade il\u00edcita, funcionando como fachada para a movimenta\u00e7\u00e3o criminosa.<\/p>\n\n\n\n<p>Ap\u00f3s laudo de constata\u00e7\u00e3o emitido pela Vigil\u00e2ncia Sanit\u00e1ria Municipal, atestando a origem l\u00edcita e a aptid\u00e3o para o consumo dos alimentos, a Pol\u00edcia Civil representou ao Poder Judici\u00e1rio para que, uma vez autorizada a destina\u00e7\u00e3o, tais produtos sejam encaminhados a entidades de acolhimento institucional de crian\u00e7as e adolescentes em situa\u00e7\u00e3o de vulnerabilidade social, assegurando que bens oriundos do crime sejam revertidos em benef\u00edcio da comunidade.<\/p>\n\n\n\n<p>As investiga\u00e7\u00f5es prosseguem com base nos elementos probat\u00f3rios colhidos nesta fase, visando \u00e0 identifica\u00e7\u00e3o de demais envolvidos e ao aprofundamento das apura\u00e7\u00f5es no combate ao tr\u00e1fico de drogas em An\u00e1polis e regi\u00e3o.<\/p>\n\n\n\n<p>A a\u00e7\u00e3o demonstra o compromisso da Pol\u00edcia Civil de Goi\u00e1s em An\u00e1polis no combate incessante ao tr\u00e1fico de drogas e ao crime organizado.<\/p>\n","protected":false},"excerpt":{"rendered":"<p class=\"excerpt\">Durante a Opera\u00e7\u00e3o Boca Fechada, 8\u00aa fase, a Pol\u00edcia Civil do Estado de Goi\u00e1s, por meio do Grupo Especial de Repress\u00e3o a Narc\u00f3ticos (Genarc) e Grupo Especial de Investiga\u00e7\u00f5es Criminais (Geic), deflagrou uma mais uma fase da opera\u00e7\u00e3o em combate ao crime de tr\u00e1fico de drogas na cidade. Foram cumpridos dois mandados de busca e [&hellip;]<\/p>\n","protected":false},"author":1,"featured_media":0,"comment_status":"open","ping_status":"open","sticky":false,"template":"","format":"standard","meta":[],"categories":[8,17],"tags":[22,24,113,83,92],"yoast_head":"<!-- This site is optimized with the Yoast SEO plugin v18.3 - https:\/\/yoast.com\/wordpress\/plugins\/seo\/ -->\n<title>Pol\u00edcia prende chefe de tr\u00e1fico em distribuidora de bebidas em An\u00e1polis - Manchester FM 93,3<\/title>\n<meta name=\"robots\" content=\"index, follow, max-snippet:-1, max-image-preview:large, max-video-preview:-1\" \/>\n<link rel=\"canonical\" href=\"https:\/\/www.radiomanchester.com.br\/fm\/policia-prende-chefe-de-trafico-em-distribuidora-de-bebidas-em-anapolis\/\" \/>\n<meta property=\"og:locale\" content=\"pt_BR\" \/>\n<meta property=\"og:type\" content=\"article\" \/>\n<meta property=\"og:title\" content=\"Pol\u00edcia prende chefe de tr\u00e1fico em distribuidora de bebidas em An\u00e1polis - Manchester FM 93,3\" \/>\n<meta property=\"og:description\" content=\"Durante a Opera\u00e7\u00e3o Boca Fechada, 8\u00aa fase, a Pol\u00edcia Civil do Estado de Goi\u00e1s, por meio do Grupo Especial de Repress\u00e3o a Narc\u00f3ticos (Genarc) e Grupo Especial de Investiga\u00e7\u00f5es Criminais (Geic), deflagrou uma mais uma fase da opera\u00e7\u00e3o em combate ao crime de tr\u00e1fico de drogas na cidade. Foram cumpridos dois mandados de busca e [&hellip;]\" \/>\n<meta property=\"og:url\" content=\"https:\/\/www.radiomanchester.com.br\/fm\/policia-prende-chefe-de-trafico-em-distribuidora-de-bebidas-em-anapolis\/\" \/>\n<meta property=\"og:site_name\" content=\"Manchester FM 93,3\" \/>\n<meta property=\"article:published_time\" content=\"2025-08-13T10:00:00+00:00\" \/>\n<meta property=\"article:modified_time\" content=\"2025-08-13T01:55:28+00:00\" \/>\n<meta name=\"twitter:card\" content=\"summary_large_image\" \/>\n<meta name=\"twitter:label1\" content=\"Escrito por\" \/>\n\t<meta name=\"twitter:data1\" content=\"admin\" \/>\n\t<meta name=\"twitter:label2\" content=\"Est. tempo de leitura\" \/>\n\t<meta name=\"twitter:data2\" content=\"2 minutos\" \/>\n<script type=\"application\/ld+json\" class=\"yoast-schema-graph\">{\"@context\":\"https:\/\/schema.org\",\"@graph\":[{\"@type\":\"WebSite\",\"@id\":\"https:\/\/www.radiomanchester.com.br\/fm\/#website\",\"url\":\"https:\/\/www.radiomanchester.com.br\/fm\/\",\"name\":\"Manchester FM 93,3\",\"description\":\"Todo Mundo Ouve!\",\"potentialAction\":[{\"@type\":\"SearchAction\",\"target\":{\"@type\":\"EntryPoint\",\"urlTemplate\":\"https:\/\/www.radiomanchester.com.br\/fm\/?s={search_term_string}\"},\"query-input\":\"required name=search_term_string\"}],\"inLanguage\":\"pt-BR\"},{\"@type\":\"WebPage\",\"@id\":\"https:\/\/www.radiomanchester.com.br\/fm\/policia-prende-chefe-de-trafico-em-distribuidora-de-bebidas-em-anapolis\/#webpage\",\"url\":\"https:\/\/www.radiomanchester.com.br\/fm\/policia-prende-chefe-de-trafico-em-distribuidora-de-bebidas-em-anapolis\/\",\"name\":\"Pol\u00edcia prende chefe de tr\u00e1fico em distribuidora de bebidas em An\u00e1polis - Manchester FM 93,3\",\"isPartOf\":{\"@id\":\"https:\/\/www.radiomanchester.com.br\/fm\/#website\"},\"datePublished\":\"2025-08-13T10:00:00+00:00\",\"dateModified\":\"2025-08-13T01:55:28+00:00\",\"author\":{\"@id\":\"https:\/\/www.radiomanchester.com.br\/fm\/#\/schema\/person\/408a7b4d4e32cbebd90e2782852abca3\"},\"breadcrumb\":{\"@id\":\"https:\/\/www.radiomanchester.com.br\/fm\/policia-prende-chefe-de-trafico-em-distribuidora-de-bebidas-em-anapolis\/#breadcrumb\"},\"inLanguage\":\"pt-BR\",\"potentialAction\":[{\"@type\":\"ReadAction\",\"target\":[\"https:\/\/www.radiomanchester.com.br\/fm\/policia-prende-chefe-de-trafico-em-distribuidora-de-bebidas-em-anapolis\/\"]}]},{\"@type\":\"BreadcrumbList\",\"@id\":\"https:\/\/www.radiomanchester.com.br\/fm\/policia-prende-chefe-de-trafico-em-distribuidora-de-bebidas-em-anapolis\/#breadcrumb\",\"itemListElement\":[{\"@type\":\"ListItem\",\"position\":1,\"name\":\"Home\",\"item\":\"https:\/\/www.radiomanchester.com.br\/fm\/\"},{\"@type\":\"ListItem\",\"position\":2,\"name\":\"Pol\u00edcia prende chefe de tr\u00e1fico em distribuidora de bebidas em An\u00e1polis\"}]},{\"@type\":\"Person\",\"@id\":\"https:\/\/www.radiomanchester.com.br\/fm\/#\/schema\/person\/408a7b4d4e32cbebd90e2782852abca3\",\"name\":\"admin\",\"image\":{\"@type\":\"ImageObject\",\"@id\":\"https:\/\/www.radiomanchester.com.br\/fm\/#personlogo\",\"inLanguage\":\"pt-BR\",\"url\":\"https:\/\/secure.gravatar.com\/avatar\/115a974dba3376872eb3addeb276301c?s=96&d=mm&r=g\",\"contentUrl\":\"https:\/\/secure.gravatar.com\/avatar\/115a974dba3376872eb3addeb276301c?s=96&d=mm&r=g\",\"caption\":\"admin\"},\"url\":\"https:\/\/www.radiomanchester.com.br\/fm\/author\/admin\/\"}]}<\/script>\n<!-- \/ Yoast SEO plugin. -->","yoast_head_json":{"title":"Pol\u00edcia prende chefe de tr\u00e1fico em distribuidora de bebidas em An\u00e1polis - Manchester FM 93,3","robots":{"index":"index","follow":"follow","max-snippet":"max-snippet:-1","max-image-preview":"max-image-preview:large","max-video-preview":"max-video-preview:-1"},"canonical":"https:\/\/www.radiomanchester.com.br\/fm\/policia-prende-chefe-de-trafico-em-distribuidora-de-bebidas-em-anapolis\/","og_locale":"pt_BR","og_type":"article","og_title":"Pol\u00edcia prende chefe de tr\u00e1fico em distribuidora de bebidas em An\u00e1polis - Manchester FM 93,3","og_description":"Durante a Opera\u00e7\u00e3o Boca Fechada, 8\u00aa fase, a Pol\u00edcia Civil do Estado de Goi\u00e1s, por meio do Grupo Especial de Repress\u00e3o a Narc\u00f3ticos (Genarc) e Grupo Especial de Investiga\u00e7\u00f5es Criminais (Geic), deflagrou uma mais uma fase da opera\u00e7\u00e3o em combate ao crime de tr\u00e1fico de drogas na cidade. Foram cumpridos dois mandados de busca e [&hellip;]","og_url":"https:\/\/www.radiomanchester.com.br\/fm\/policia-prende-chefe-de-trafico-em-distribuidora-de-bebidas-em-anapolis\/","og_site_name":"Manchester FM 93,3","article_published_time":"2025-08-13T10:00:00+00:00","article_modified_time":"2025-08-13T01:55:28+00:00","twitter_card":"summary_large_image","twitter_misc":{"Escrito por":"admin","Est. tempo de leitura":"2 minutos"},"schema":{"@context":"https:\/\/schema.org","@graph":[{"@type":"WebSite","@id":"https:\/\/www.radiomanchester.com.br\/fm\/#website","url":"https:\/\/www.radiomanchester.com.br\/fm\/","name":"Manchester FM 93,3","description":"Todo Mundo Ouve!","potentialAction":[{"@type":"SearchAction","target":{"@type":"EntryPoint","urlTemplate":"https:\/\/www.radiomanchester.com.br\/fm\/?s={search_term_string}"},"query-input":"required name=search_term_string"}],"inLanguage":"pt-BR"},{"@type":"WebPage","@id":"https:\/\/www.radiomanchester.com.br\/fm\/policia-prende-chefe-de-trafico-em-distribuidora-de-bebidas-em-anapolis\/#webpage","url":"https:\/\/www.radiomanchester.com.br\/fm\/policia-prende-chefe-de-trafico-em-distribuidora-de-bebidas-em-anapolis\/","name":"Pol\u00edcia prende chefe de tr\u00e1fico em distribuidora de bebidas em An\u00e1polis - Manchester FM 93,3","isPartOf":{"@id":"https:\/\/www.radiomanchester.com.br\/fm\/#website"},"datePublished":"2025-08-13T10:00:00+00:00","dateModified":"2025-08-13T01:55:28+00:00","author":{"@id":"https:\/\/www.radiomanchester.com.br\/fm\/#\/schema\/person\/408a7b4d4e32cbebd90e2782852abca3"},"breadcrumb":{"@id":"https:\/\/www.radiomanchester.com.br\/fm\/policia-prende-chefe-de-trafico-em-distribuidora-de-bebidas-em-anapolis\/#breadcrumb"},"inLanguage":"pt-BR","potentialAction":[{"@type":"ReadAction","target":["https:\/\/www.radiomanchester.com.br\/fm\/policia-prende-chefe-de-trafico-em-distribuidora-de-bebidas-em-anapolis\/"]}]},{"@type":"BreadcrumbList","@id":"https:\/\/www.radiomanchester.com.br\/fm\/policia-prende-chefe-de-trafico-em-distribuidora-de-bebidas-em-anapolis\/#breadcrumb","itemListElement":[{"@type":"ListItem","position":1,"name":"Home","item":"https:\/\/www.radiomanchester.com.br\/fm\/"},{"@type":"ListItem","position":2,"name":"Pol\u00edcia prende chefe de tr\u00e1fico em distribuidora de bebidas em An\u00e1polis"}]},{"@type":"Person","@id":"https:\/\/www.radiomanchester.com.br\/fm\/#\/schema\/person\/408a7b4d4e32cbebd90e2782852abca3","name":"admin","image":{"@type":"ImageObject","@id":"https:\/\/www.radiomanchester.com.br\/fm\/#personlogo","inLanguage":"pt-BR","url":"https:\/\/secure.gravatar.com\/avatar\/115a974dba3376872eb3addeb276301c?s=96&d=mm&r=g","contentUrl":"https:\/\/secure.gravatar.com\/avatar\/115a974dba3376872eb3addeb276301c?s=96&d=mm&r=g","caption":"admin"},"url":"https:\/\/www.radiomanchester.com.br\/fm\/author\/admin\/"}]}},"_links":{"self":[{"href":"https:\/\/www.radiomanchester.com.br\/fm\/wp-json\/wp\/v2\/posts\/16424"}],"collection":[{"href":"https:\/\/www.radiomanchester.com.br\/fm\/wp-json\/wp\/v2\/posts"}],"about":[{"href":"https:\/\/www.radiomanchester.com.br\/fm\/wp-json\/wp\/v2\/types\/post"}],"author":[{"embeddable":true,"href":"https:\/\/www.radiomanchester.com.br\/fm\/wp-json\/wp\/v2\/users\/1"}],"replies":[{"embeddable":true,"href":"https:\/\/www.radiomanchester.com.br\/fm\/wp-json\/wp\/v2\/comments?post=16424"}],"version-history":[{"count":1,"href":"https:\/\/www.radiomanchester.com.br\/fm\/wp-json\/wp\/v2\/posts\/16424\/revisions"}],"predecessor-version":[{"id":16425,"href":"https:\/\/www.radiomanchester.com.br\/fm\/wp-json\/wp\/v2\/posts\/16424\/revisions\/16425"}],"wp:attachment":[{"href":"https:\/\/www.radiomanchester.com.br\/fm\/wp-json\/wp\/v2\/media?parent=16424"}],"wp:term":[{"taxonomy":"category","embeddable":true,"href":"https:\/\/www.radiomanchester.com.br\/fm\/wp-json\/wp\/v2\/categories?post=16424"},{"taxonomy":"post_tag","embeddable":true,"href":"https:\/\/www.radiomanchester.com.br\/fm\/wp-json\/wp\/v2\/tags?post=16424"}],"curies":[{"name":"wp","href":"https:\/\/api.w.org\/{rel}","templated":true}]}}