{"id":16467,"date":"2025-08-22T21:16:36","date_gmt":"2025-08-23T00:16:36","guid":{"rendered":"https:\/\/www.radiomanchester.com.br\/fm\/?p=16467"},"modified":"2025-08-22T21:16:37","modified_gmt":"2025-08-23T00:16:37","slug":"cepi-gomes-de-souza-ramos-e-homenageado-na-camara-municipal-por-destaque-no-enem","status":"publish","type":"post","link":"https:\/\/www.radiomanchester.com.br\/fm\/cepi-gomes-de-souza-ramos-e-homenageado-na-camara-municipal-por-destaque-no-enem\/","title":{"rendered":"CEPI Gomes de Souza Ramos \u00e9 homenageado na C\u00e2mara Municipal por destaque no Enem"},"content":{"rendered":"\n<p><em><strong>Institui\u00e7\u00e3o ficou entre as 50 melhores escolas p\u00fablicas do pa\u00eds em 2024<\/strong><\/em><\/p>\n\n\n\n<hr class=\"wp-block-separator\"\/>\n\n\n\n<p>O Centro de Ensino em Per\u00edodo Integral Gomes de Souza Ramos, de An\u00e1polis, foi homenageado nesta semana na C\u00e2mara Municipal, com a entrega de uma Mo\u00e7\u00e3o de Aplausos pelo desempenho de excel\u00eancia alcan\u00e7ado no Enem 2024, uma iniciativa do vereador Professor Marcos Carvalho. A institui\u00e7\u00e3o figura entre as 50 melhores escolas p\u00fablicas do pa\u00eds, um feito que reflete o esfor\u00e7o coletivo de sua equipe pedag\u00f3gica e o empenho de seus estudantes.<\/p>\n\n\n\n<p><br>Durante a solenidade, o parlamentar destacou o compromisso da escola com a qualidade do ensino. \u201cO CEPI Gomes de Souza Ramos se tornou uma refer\u00eancia. Ao longo da \u00faltima d\u00e9cada, a escola se consolidou como uma pot\u00eancia, ocupando posi\u00e7\u00f5es importantes no ranking educacional. Vejo um futuro promissor em cada um de seus alunos\u201d, declarou.<\/p>\n\n\n\n<p><br>A diretora da unidade, Cleide Thatiane Ribeiro, celebrou a conquista ressaltando que o resultado \u00e9 fruto do trabalho coletivo. \u201cNosso foco est\u00e1 no desenvolvimento integral dos alunos, incentivando-os a sonhar, planejar e trilhar seus projetos de vida. Apostamos na forma\u00e7\u00e3o cr\u00edtica, no incentivo \u00e0 pesquisa cient\u00edfica e na prepara\u00e7\u00e3o s\u00f3lida para o Enem, em especial na produ\u00e7\u00e3o textual, que \u00e9 uma das nossas marcas\u201d, afirmou.<\/p>\n\n\n\n<p><br>Entre as iniciativas que fortalecem o desempenho do col\u00e9gio est\u00e3o o projeto de inicia\u00e7\u00e3o cient\u00edfica, que estimula os estudantes a propor solu\u00e7\u00f5es para problemas sociais, e as a\u00e7\u00f5es de prepara\u00e7\u00e3o intensiva para o Enem.<\/p>\n\n\n\n<p><br>A solenidade reuniu professores, alunos e representantes da comunidade escolar, em um momento de reconhecimento p\u00fablico que valoriza a educa\u00e7\u00e3o como ferramenta de transforma\u00e7\u00e3o. \u201cEsse destaque n\u00e3o \u00e9 apenas da escola, mas da cidade de An\u00e1polis, que pode se orgulhar de ter em sua rede uma institui\u00e7\u00e3o t\u00e3o comprometida com a forma\u00e7\u00e3o cidad\u00e3\u201d, refor\u00e7ou\u00a0a\u00a0diretora.<\/p>\n","protected":false},"excerpt":{"rendered":"<p class=\"excerpt\">Institui\u00e7\u00e3o ficou entre as 50 melhores escolas p\u00fablicas do pa\u00eds em 2024 O Centro de Ensino em Per\u00edodo Integral Gomes de Souza Ramos, de An\u00e1polis, foi homenageado nesta semana na C\u00e2mara Municipal, com a entrega de uma Mo\u00e7\u00e3o de Aplausos pelo desempenho de excel\u00eancia alcan\u00e7ado no Enem 2024, uma iniciativa do vereador Professor Marcos Carvalho. [&hellip;]<\/p>\n","protected":false},"author":1,"featured_media":0,"comment_status":"open","ping_status":"open","sticky":false,"template":"","format":"standard","meta":[],"categories":[8,17],"tags":[22,24,113,83,92],"yoast_head":"<!-- This site is optimized with the Yoast SEO plugin v18.3 - https:\/\/yoast.com\/wordpress\/plugins\/seo\/ -->\n<title>CEPI Gomes de Souza Ramos \u00e9 homenageado na C\u00e2mara Municipal por destaque no Enem - Manchester FM 93,3<\/title>\n<meta name=\"robots\" content=\"index, follow, max-snippet:-1, max-image-preview:large, max-video-preview:-1\" \/>\n<link rel=\"canonical\" href=\"https:\/\/www.radiomanchester.com.br\/fm\/cepi-gomes-de-souza-ramos-e-homenageado-na-camara-municipal-por-destaque-no-enem\/\" \/>\n<meta property=\"og:locale\" content=\"pt_BR\" \/>\n<meta property=\"og:type\" content=\"article\" \/>\n<meta property=\"og:title\" content=\"CEPI Gomes de Souza Ramos \u00e9 homenageado na C\u00e2mara Municipal por destaque no Enem - Manchester FM 93,3\" \/>\n<meta property=\"og:description\" content=\"Institui\u00e7\u00e3o ficou entre as 50 melhores escolas p\u00fablicas do pa\u00eds em 2024 O Centro de Ensino em Per\u00edodo Integral Gomes de Souza Ramos, de An\u00e1polis, foi homenageado nesta semana na C\u00e2mara Municipal, com a entrega de uma Mo\u00e7\u00e3o de Aplausos pelo desempenho de excel\u00eancia alcan\u00e7ado no Enem 2024, uma iniciativa do vereador Professor Marcos Carvalho. [&hellip;]\" \/>\n<meta property=\"og:url\" content=\"https:\/\/www.radiomanchester.com.br\/fm\/cepi-gomes-de-souza-ramos-e-homenageado-na-camara-municipal-por-destaque-no-enem\/\" \/>\n<meta property=\"og:site_name\" content=\"Manchester FM 93,3\" \/>\n<meta property=\"article:published_time\" content=\"2025-08-23T00:16:36+00:00\" \/>\n<meta property=\"article:modified_time\" content=\"2025-08-23T00:16:37+00:00\" \/>\n<meta name=\"twitter:card\" content=\"summary_large_image\" \/>\n<meta name=\"twitter:label1\" content=\"Escrito por\" \/>\n\t<meta name=\"twitter:data1\" content=\"admin\" \/>\n\t<meta name=\"twitter:label2\" content=\"Est. tempo de leitura\" \/>\n\t<meta name=\"twitter:data2\" content=\"2 minutos\" \/>\n<script type=\"application\/ld+json\" class=\"yoast-schema-graph\">{\"@context\":\"https:\/\/schema.org\",\"@graph\":[{\"@type\":\"WebSite\",\"@id\":\"https:\/\/www.radiomanchester.com.br\/fm\/#website\",\"url\":\"https:\/\/www.radiomanchester.com.br\/fm\/\",\"name\":\"Manchester FM 93,3\",\"description\":\"Todo Mundo Ouve!\",\"potentialAction\":[{\"@type\":\"SearchAction\",\"target\":{\"@type\":\"EntryPoint\",\"urlTemplate\":\"https:\/\/www.radiomanchester.com.br\/fm\/?s={search_term_string}\"},\"query-input\":\"required name=search_term_string\"}],\"inLanguage\":\"pt-BR\"},{\"@type\":\"WebPage\",\"@id\":\"https:\/\/www.radiomanchester.com.br\/fm\/cepi-gomes-de-souza-ramos-e-homenageado-na-camara-municipal-por-destaque-no-enem\/#webpage\",\"url\":\"https:\/\/www.radiomanchester.com.br\/fm\/cepi-gomes-de-souza-ramos-e-homenageado-na-camara-municipal-por-destaque-no-enem\/\",\"name\":\"CEPI Gomes de Souza Ramos \u00e9 homenageado na C\u00e2mara Municipal por destaque no Enem - Manchester FM 93,3\",\"isPartOf\":{\"@id\":\"https:\/\/www.radiomanchester.com.br\/fm\/#website\"},\"datePublished\":\"2025-08-23T00:16:36+00:00\",\"dateModified\":\"2025-08-23T00:16:37+00:00\",\"author\":{\"@id\":\"https:\/\/www.radiomanchester.com.br\/fm\/#\/schema\/person\/408a7b4d4e32cbebd90e2782852abca3\"},\"breadcrumb\":{\"@id\":\"https:\/\/www.radiomanchester.com.br\/fm\/cepi-gomes-de-souza-ramos-e-homenageado-na-camara-municipal-por-destaque-no-enem\/#breadcrumb\"},\"inLanguage\":\"pt-BR\",\"potentialAction\":[{\"@type\":\"ReadAction\",\"target\":[\"https:\/\/www.radiomanchester.com.br\/fm\/cepi-gomes-de-souza-ramos-e-homenageado-na-camara-municipal-por-destaque-no-enem\/\"]}]},{\"@type\":\"BreadcrumbList\",\"@id\":\"https:\/\/www.radiomanchester.com.br\/fm\/cepi-gomes-de-souza-ramos-e-homenageado-na-camara-municipal-por-destaque-no-enem\/#breadcrumb\",\"itemListElement\":[{\"@type\":\"ListItem\",\"position\":1,\"name\":\"Home\",\"item\":\"https:\/\/www.radiomanchester.com.br\/fm\/\"},{\"@type\":\"ListItem\",\"position\":2,\"name\":\"CEPI Gomes de Souza Ramos \u00e9 homenageado na C\u00e2mara Municipal por destaque no Enem\"}]},{\"@type\":\"Person\",\"@id\":\"https:\/\/www.radiomanchester.com.br\/fm\/#\/schema\/person\/408a7b4d4e32cbebd90e2782852abca3\",\"name\":\"admin\",\"image\":{\"@type\":\"ImageObject\",\"@id\":\"https:\/\/www.radiomanchester.com.br\/fm\/#personlogo\",\"inLanguage\":\"pt-BR\",\"url\":\"https:\/\/secure.gravatar.com\/avatar\/115a974dba3376872eb3addeb276301c?s=96&d=mm&r=g\",\"contentUrl\":\"https:\/\/secure.gravatar.com\/avatar\/115a974dba3376872eb3addeb276301c?s=96&d=mm&r=g\",\"caption\":\"admin\"},\"url\":\"https:\/\/www.radiomanchester.com.br\/fm\/author\/admin\/\"}]}<\/script>\n<!-- \/ Yoast SEO plugin. -->","yoast_head_json":{"title":"CEPI Gomes de Souza Ramos \u00e9 homenageado na C\u00e2mara Municipal por destaque no Enem - Manchester FM 93,3","robots":{"index":"index","follow":"follow","max-snippet":"max-snippet:-1","max-image-preview":"max-image-preview:large","max-video-preview":"max-video-preview:-1"},"canonical":"https:\/\/www.radiomanchester.com.br\/fm\/cepi-gomes-de-souza-ramos-e-homenageado-na-camara-municipal-por-destaque-no-enem\/","og_locale":"pt_BR","og_type":"article","og_title":"CEPI Gomes de Souza Ramos \u00e9 homenageado na C\u00e2mara Municipal por destaque no Enem - Manchester FM 93,3","og_description":"Institui\u00e7\u00e3o ficou entre as 50 melhores escolas p\u00fablicas do pa\u00eds em 2024 O Centro de Ensino em Per\u00edodo Integral Gomes de Souza Ramos, de An\u00e1polis, foi homenageado nesta semana na C\u00e2mara Municipal, com a entrega de uma Mo\u00e7\u00e3o de Aplausos pelo desempenho de excel\u00eancia alcan\u00e7ado no Enem 2024, uma iniciativa do vereador Professor Marcos Carvalho. [&hellip;]","og_url":"https:\/\/www.radiomanchester.com.br\/fm\/cepi-gomes-de-souza-ramos-e-homenageado-na-camara-municipal-por-destaque-no-enem\/","og_site_name":"Manchester FM 93,3","article_published_time":"2025-08-23T00:16:36+00:00","article_modified_time":"2025-08-23T00:16:37+00:00","twitter_card":"summary_large_image","twitter_misc":{"Escrito por":"admin","Est. tempo de leitura":"2 minutos"},"schema":{"@context":"https:\/\/schema.org","@graph":[{"@type":"WebSite","@id":"https:\/\/www.radiomanchester.com.br\/fm\/#website","url":"https:\/\/www.radiomanchester.com.br\/fm\/","name":"Manchester FM 93,3","description":"Todo Mundo Ouve!","potentialAction":[{"@type":"SearchAction","target":{"@type":"EntryPoint","urlTemplate":"https:\/\/www.radiomanchester.com.br\/fm\/?s={search_term_string}"},"query-input":"required name=search_term_string"}],"inLanguage":"pt-BR"},{"@type":"WebPage","@id":"https:\/\/www.radiomanchester.com.br\/fm\/cepi-gomes-de-souza-ramos-e-homenageado-na-camara-municipal-por-destaque-no-enem\/#webpage","url":"https:\/\/www.radiomanchester.com.br\/fm\/cepi-gomes-de-souza-ramos-e-homenageado-na-camara-municipal-por-destaque-no-enem\/","name":"CEPI Gomes de Souza Ramos \u00e9 homenageado na C\u00e2mara Municipal por destaque no Enem - Manchester FM 93,3","isPartOf":{"@id":"https:\/\/www.radiomanchester.com.br\/fm\/#website"},"datePublished":"2025-08-23T00:16:36+00:00","dateModified":"2025-08-23T00:16:37+00:00","author":{"@id":"https:\/\/www.radiomanchester.com.br\/fm\/#\/schema\/person\/408a7b4d4e32cbebd90e2782852abca3"},"breadcrumb":{"@id":"https:\/\/www.radiomanchester.com.br\/fm\/cepi-gomes-de-souza-ramos-e-homenageado-na-camara-municipal-por-destaque-no-enem\/#breadcrumb"},"inLanguage":"pt-BR","potentialAction":[{"@type":"ReadAction","target":["https:\/\/www.radiomanchester.com.br\/fm\/cepi-gomes-de-souza-ramos-e-homenageado-na-camara-municipal-por-destaque-no-enem\/"]}]},{"@type":"BreadcrumbList","@id":"https:\/\/www.radiomanchester.com.br\/fm\/cepi-gomes-de-souza-ramos-e-homenageado-na-camara-municipal-por-destaque-no-enem\/#breadcrumb","itemListElement":[{"@type":"ListItem","position":1,"name":"Home","item":"https:\/\/www.radiomanchester.com.br\/fm\/"},{"@type":"ListItem","position":2,"name":"CEPI Gomes de Souza Ramos \u00e9 homenageado na C\u00e2mara Municipal por destaque no Enem"}]},{"@type":"Person","@id":"https:\/\/www.radiomanchester.com.br\/fm\/#\/schema\/person\/408a7b4d4e32cbebd90e2782852abca3","name":"admin","image":{"@type":"ImageObject","@id":"https:\/\/www.radiomanchester.com.br\/fm\/#personlogo","inLanguage":"pt-BR","url":"https:\/\/secure.gravatar.com\/avatar\/115a974dba3376872eb3addeb276301c?s=96&d=mm&r=g","contentUrl":"https:\/\/secure.gravatar.com\/avatar\/115a974dba3376872eb3addeb276301c?s=96&d=mm&r=g","caption":"admin"},"url":"https:\/\/www.radiomanchester.com.br\/fm\/author\/admin\/"}]}},"_links":{"self":[{"href":"https:\/\/www.radiomanchester.com.br\/fm\/wp-json\/wp\/v2\/posts\/16467"}],"collection":[{"href":"https:\/\/www.radiomanchester.com.br\/fm\/wp-json\/wp\/v2\/posts"}],"about":[{"href":"https:\/\/www.radiomanchester.com.br\/fm\/wp-json\/wp\/v2\/types\/post"}],"author":[{"embeddable":true,"href":"https:\/\/www.radiomanchester.com.br\/fm\/wp-json\/wp\/v2\/users\/1"}],"replies":[{"embeddable":true,"href":"https:\/\/www.radiomanchester.com.br\/fm\/wp-json\/wp\/v2\/comments?post=16467"}],"version-history":[{"count":1,"href":"https:\/\/www.radiomanchester.com.br\/fm\/wp-json\/wp\/v2\/posts\/16467\/revisions"}],"predecessor-version":[{"id":16468,"href":"https:\/\/www.radiomanchester.com.br\/fm\/wp-json\/wp\/v2\/posts\/16467\/revisions\/16468"}],"wp:attachment":[{"href":"https:\/\/www.radiomanchester.com.br\/fm\/wp-json\/wp\/v2\/media?parent=16467"}],"wp:term":[{"taxonomy":"category","embeddable":true,"href":"https:\/\/www.radiomanchester.com.br\/fm\/wp-json\/wp\/v2\/categories?post=16467"},{"taxonomy":"post_tag","embeddable":true,"href":"https:\/\/www.radiomanchester.com.br\/fm\/wp-json\/wp\/v2\/tags?post=16467"}],"curies":[{"name":"wp","href":"https:\/\/api.w.org\/{rel}","templated":true}]}}