{"id":16491,"date":"2025-08-26T22:41:42","date_gmt":"2025-08-27T01:41:42","guid":{"rendered":"https:\/\/www.radiomanchester.com.br\/fm\/?p=16491"},"modified":"2025-08-26T22:43:40","modified_gmt":"2025-08-27T01:43:40","slug":"prefeitura-adere-a-sistema-nacional-para-garantir-mais-qualidade-e-seguranca-alimentar-em-anapolis","status":"publish","type":"post","link":"https:\/\/www.radiomanchester.com.br\/fm\/prefeitura-adere-a-sistema-nacional-para-garantir-mais-qualidade-e-seguranca-alimentar-em-anapolis\/","title":{"rendered":"Prefeitura adere a sistema nacional para garantir mais qualidade e seguran\u00e7a alimentar em An\u00e1polis"},"content":{"rendered":"\n<p><\/p>\n\n\n\n<p>A nova ades\u00e3o inclui An\u00e1polis no Sistema Nacional de Seguran\u00e7a Alimentar e Nutricional (SISAN) e foi feita pela Secretaria Municipal de Assist\u00eancia e Pol\u00edticas Sociais por meio da Diretoria de Prote\u00e7\u00e3o Social B\u00e1sica. A ades\u00e3o passa a vigorar a partir deste m\u00eas e tem como objetivo facilitar a implementa\u00e7\u00e3o de pol\u00edticas essenciais para combater a fome e garantir o acesso \u00e0 alimenta\u00e7\u00e3o.<\/p>\n\n\n\n<p>A medida mostra o fortalecimento das a\u00e7\u00f5es sociais por parte da Prefeitura, por meio da Secretaria Municipal de Assist\u00eancia e Pol\u00edticas Sociais.<\/p>\n\n\n\n<p>A ades\u00e3o inclui pol\u00edticas relacionadas a programas voltados ao acesso \u00e0 \u00e1gua pot\u00e1vel, aquisi\u00e7\u00e3o de alimentos da agricultura familiar, al\u00e9m da constru\u00e7\u00e3o de restaurantes populares e bancos de alimentos.<\/p>\n\n\n\n<p><strong>Como funciona a ades\u00e3o<br><\/strong>A ades\u00e3o n\u00ba 11 foi publicada no Di\u00e1rio Oficial da Uni\u00e3o em 15 de agosto de 2025 pela Secretaria Extraordin\u00e1ria de Combate \u00e0 Pobreza e \u00e0 Fome. Ela segue normas estabelecidas em decretos federais que regulamentam o SISAN. Com isso, An\u00e1polis passa a integrar oficialmente o Sistema Nacional de Seguran\u00e7a Alimentar e Nutricional, junto com outros 12 munic\u00edpios.<\/p>\n\n\n\n<p><strong>Quais s\u00e3o os benef\u00edcios para o munic\u00edpio<br><\/strong>Com a ades\u00e3o, An\u00e1polis passa a ter prioridade em editais para programas federais, recebendo pontua\u00e7\u00f5es adicionais que facilitam o acesso a recursos destinados \u00e0 Seguran\u00e7a Alimentar e Nutricional (SAN). Isso possibilita ampliar a\u00e7\u00f5es como o Programa de Aquisi\u00e7\u00e3o de Alimentos (PAA), fortalecer a agricultura familiar e investir em equipamentos p\u00fablicos de alimenta\u00e7\u00e3o e nutri\u00e7\u00e3o.<\/p>\n\n\n\n<p>Al\u00e9m disso, a cidade passa a integrar uma rede nacional de coopera\u00e7\u00e3o, o que garante maior apoio t\u00e9cnico e financeiro para desenvolver pol\u00edticas p\u00fablicas locais, promovendo qualidade de vida e mais dignidade para&nbsp;a&nbsp;popula\u00e7\u00e3o.<\/p>\n","protected":false},"excerpt":{"rendered":"<p class=\"excerpt\">A nova ades\u00e3o inclui An\u00e1polis no Sistema Nacional de Seguran\u00e7a Alimentar e Nutricional (SISAN) e foi feita pela Secretaria Municipal de Assist\u00eancia e Pol\u00edticas Sociais por meio da Diretoria de Prote\u00e7\u00e3o Social B\u00e1sica. A ades\u00e3o passa a vigorar a partir deste m\u00eas e tem como objetivo facilitar a implementa\u00e7\u00e3o de pol\u00edticas essenciais para combater a [&hellip;]<\/p>\n","protected":false},"author":1,"featured_media":0,"comment_status":"open","ping_status":"open","sticky":false,"template":"","format":"standard","meta":[],"categories":[8,17],"tags":[22,24,113,83,129,92],"yoast_head":"<!-- This site is optimized with the Yoast SEO plugin v18.3 - https:\/\/yoast.com\/wordpress\/plugins\/seo\/ -->\n<title>Prefeitura adere a sistema nacional para garantir mais qualidade e seguran\u00e7a alimentar em An\u00e1polis - Manchester FM 93,3<\/title>\n<meta name=\"robots\" content=\"index, follow, max-snippet:-1, max-image-preview:large, max-video-preview:-1\" \/>\n<link rel=\"canonical\" href=\"https:\/\/www.radiomanchester.com.br\/fm\/prefeitura-adere-a-sistema-nacional-para-garantir-mais-qualidade-e-seguranca-alimentar-em-anapolis\/\" \/>\n<meta property=\"og:locale\" content=\"pt_BR\" \/>\n<meta property=\"og:type\" content=\"article\" \/>\n<meta property=\"og:title\" content=\"Prefeitura adere a sistema nacional para garantir mais qualidade e seguran\u00e7a alimentar em An\u00e1polis - Manchester FM 93,3\" \/>\n<meta property=\"og:description\" content=\"A nova ades\u00e3o inclui An\u00e1polis no Sistema Nacional de Seguran\u00e7a Alimentar e Nutricional (SISAN) e foi feita pela Secretaria Municipal de Assist\u00eancia e Pol\u00edticas Sociais por meio da Diretoria de Prote\u00e7\u00e3o Social B\u00e1sica. A ades\u00e3o passa a vigorar a partir deste m\u00eas e tem como objetivo facilitar a implementa\u00e7\u00e3o de pol\u00edticas essenciais para combater a [&hellip;]\" \/>\n<meta property=\"og:url\" content=\"https:\/\/www.radiomanchester.com.br\/fm\/prefeitura-adere-a-sistema-nacional-para-garantir-mais-qualidade-e-seguranca-alimentar-em-anapolis\/\" \/>\n<meta property=\"og:site_name\" content=\"Manchester FM 93,3\" \/>\n<meta property=\"article:published_time\" content=\"2025-08-27T01:41:42+00:00\" \/>\n<meta property=\"article:modified_time\" content=\"2025-08-27T01:43:40+00:00\" \/>\n<meta name=\"twitter:card\" content=\"summary_large_image\" \/>\n<meta name=\"twitter:label1\" content=\"Escrito por\" \/>\n\t<meta name=\"twitter:data1\" content=\"admin\" \/>\n\t<meta name=\"twitter:label2\" content=\"Est. tempo de leitura\" \/>\n\t<meta name=\"twitter:data2\" content=\"2 minutos\" \/>\n<script type=\"application\/ld+json\" class=\"yoast-schema-graph\">{\"@context\":\"https:\/\/schema.org\",\"@graph\":[{\"@type\":\"WebSite\",\"@id\":\"https:\/\/www.radiomanchester.com.br\/fm\/#website\",\"url\":\"https:\/\/www.radiomanchester.com.br\/fm\/\",\"name\":\"Manchester FM 93,3\",\"description\":\"Todo Mundo Ouve!\",\"potentialAction\":[{\"@type\":\"SearchAction\",\"target\":{\"@type\":\"EntryPoint\",\"urlTemplate\":\"https:\/\/www.radiomanchester.com.br\/fm\/?s={search_term_string}\"},\"query-input\":\"required name=search_term_string\"}],\"inLanguage\":\"pt-BR\"},{\"@type\":\"WebPage\",\"@id\":\"https:\/\/www.radiomanchester.com.br\/fm\/prefeitura-adere-a-sistema-nacional-para-garantir-mais-qualidade-e-seguranca-alimentar-em-anapolis\/#webpage\",\"url\":\"https:\/\/www.radiomanchester.com.br\/fm\/prefeitura-adere-a-sistema-nacional-para-garantir-mais-qualidade-e-seguranca-alimentar-em-anapolis\/\",\"name\":\"Prefeitura adere a sistema nacional para garantir mais qualidade e seguran\u00e7a alimentar em An\u00e1polis - Manchester FM 93,3\",\"isPartOf\":{\"@id\":\"https:\/\/www.radiomanchester.com.br\/fm\/#website\"},\"datePublished\":\"2025-08-27T01:41:42+00:00\",\"dateModified\":\"2025-08-27T01:43:40+00:00\",\"author\":{\"@id\":\"https:\/\/www.radiomanchester.com.br\/fm\/#\/schema\/person\/408a7b4d4e32cbebd90e2782852abca3\"},\"breadcrumb\":{\"@id\":\"https:\/\/www.radiomanchester.com.br\/fm\/prefeitura-adere-a-sistema-nacional-para-garantir-mais-qualidade-e-seguranca-alimentar-em-anapolis\/#breadcrumb\"},\"inLanguage\":\"pt-BR\",\"potentialAction\":[{\"@type\":\"ReadAction\",\"target\":[\"https:\/\/www.radiomanchester.com.br\/fm\/prefeitura-adere-a-sistema-nacional-para-garantir-mais-qualidade-e-seguranca-alimentar-em-anapolis\/\"]}]},{\"@type\":\"BreadcrumbList\",\"@id\":\"https:\/\/www.radiomanchester.com.br\/fm\/prefeitura-adere-a-sistema-nacional-para-garantir-mais-qualidade-e-seguranca-alimentar-em-anapolis\/#breadcrumb\",\"itemListElement\":[{\"@type\":\"ListItem\",\"position\":1,\"name\":\"Home\",\"item\":\"https:\/\/www.radiomanchester.com.br\/fm\/\"},{\"@type\":\"ListItem\",\"position\":2,\"name\":\"Prefeitura adere a sistema nacional para garantir mais qualidade e seguran\u00e7a alimentar em An\u00e1polis\"}]},{\"@type\":\"Person\",\"@id\":\"https:\/\/www.radiomanchester.com.br\/fm\/#\/schema\/person\/408a7b4d4e32cbebd90e2782852abca3\",\"name\":\"admin\",\"image\":{\"@type\":\"ImageObject\",\"@id\":\"https:\/\/www.radiomanchester.com.br\/fm\/#personlogo\",\"inLanguage\":\"pt-BR\",\"url\":\"https:\/\/secure.gravatar.com\/avatar\/115a974dba3376872eb3addeb276301c?s=96&d=mm&r=g\",\"contentUrl\":\"https:\/\/secure.gravatar.com\/avatar\/115a974dba3376872eb3addeb276301c?s=96&d=mm&r=g\",\"caption\":\"admin\"},\"url\":\"https:\/\/www.radiomanchester.com.br\/fm\/author\/admin\/\"}]}<\/script>\n<!-- \/ Yoast SEO plugin. -->","yoast_head_json":{"title":"Prefeitura adere a sistema nacional para garantir mais qualidade e seguran\u00e7a alimentar em An\u00e1polis - Manchester FM 93,3","robots":{"index":"index","follow":"follow","max-snippet":"max-snippet:-1","max-image-preview":"max-image-preview:large","max-video-preview":"max-video-preview:-1"},"canonical":"https:\/\/www.radiomanchester.com.br\/fm\/prefeitura-adere-a-sistema-nacional-para-garantir-mais-qualidade-e-seguranca-alimentar-em-anapolis\/","og_locale":"pt_BR","og_type":"article","og_title":"Prefeitura adere a sistema nacional para garantir mais qualidade e seguran\u00e7a alimentar em An\u00e1polis - Manchester FM 93,3","og_description":"A nova ades\u00e3o inclui An\u00e1polis no Sistema Nacional de Seguran\u00e7a Alimentar e Nutricional (SISAN) e foi feita pela Secretaria Municipal de Assist\u00eancia e Pol\u00edticas Sociais por meio da Diretoria de Prote\u00e7\u00e3o Social B\u00e1sica. A ades\u00e3o passa a vigorar a partir deste m\u00eas e tem como objetivo facilitar a implementa\u00e7\u00e3o de pol\u00edticas essenciais para combater a [&hellip;]","og_url":"https:\/\/www.radiomanchester.com.br\/fm\/prefeitura-adere-a-sistema-nacional-para-garantir-mais-qualidade-e-seguranca-alimentar-em-anapolis\/","og_site_name":"Manchester FM 93,3","article_published_time":"2025-08-27T01:41:42+00:00","article_modified_time":"2025-08-27T01:43:40+00:00","twitter_card":"summary_large_image","twitter_misc":{"Escrito por":"admin","Est. tempo de leitura":"2 minutos"},"schema":{"@context":"https:\/\/schema.org","@graph":[{"@type":"WebSite","@id":"https:\/\/www.radiomanchester.com.br\/fm\/#website","url":"https:\/\/www.radiomanchester.com.br\/fm\/","name":"Manchester FM 93,3","description":"Todo Mundo Ouve!","potentialAction":[{"@type":"SearchAction","target":{"@type":"EntryPoint","urlTemplate":"https:\/\/www.radiomanchester.com.br\/fm\/?s={search_term_string}"},"query-input":"required name=search_term_string"}],"inLanguage":"pt-BR"},{"@type":"WebPage","@id":"https:\/\/www.radiomanchester.com.br\/fm\/prefeitura-adere-a-sistema-nacional-para-garantir-mais-qualidade-e-seguranca-alimentar-em-anapolis\/#webpage","url":"https:\/\/www.radiomanchester.com.br\/fm\/prefeitura-adere-a-sistema-nacional-para-garantir-mais-qualidade-e-seguranca-alimentar-em-anapolis\/","name":"Prefeitura adere a sistema nacional para garantir mais qualidade e seguran\u00e7a alimentar em An\u00e1polis - Manchester FM 93,3","isPartOf":{"@id":"https:\/\/www.radiomanchester.com.br\/fm\/#website"},"datePublished":"2025-08-27T01:41:42+00:00","dateModified":"2025-08-27T01:43:40+00:00","author":{"@id":"https:\/\/www.radiomanchester.com.br\/fm\/#\/schema\/person\/408a7b4d4e32cbebd90e2782852abca3"},"breadcrumb":{"@id":"https:\/\/www.radiomanchester.com.br\/fm\/prefeitura-adere-a-sistema-nacional-para-garantir-mais-qualidade-e-seguranca-alimentar-em-anapolis\/#breadcrumb"},"inLanguage":"pt-BR","potentialAction":[{"@type":"ReadAction","target":["https:\/\/www.radiomanchester.com.br\/fm\/prefeitura-adere-a-sistema-nacional-para-garantir-mais-qualidade-e-seguranca-alimentar-em-anapolis\/"]}]},{"@type":"BreadcrumbList","@id":"https:\/\/www.radiomanchester.com.br\/fm\/prefeitura-adere-a-sistema-nacional-para-garantir-mais-qualidade-e-seguranca-alimentar-em-anapolis\/#breadcrumb","itemListElement":[{"@type":"ListItem","position":1,"name":"Home","item":"https:\/\/www.radiomanchester.com.br\/fm\/"},{"@type":"ListItem","position":2,"name":"Prefeitura adere a sistema nacional para garantir mais qualidade e seguran\u00e7a alimentar em An\u00e1polis"}]},{"@type":"Person","@id":"https:\/\/www.radiomanchester.com.br\/fm\/#\/schema\/person\/408a7b4d4e32cbebd90e2782852abca3","name":"admin","image":{"@type":"ImageObject","@id":"https:\/\/www.radiomanchester.com.br\/fm\/#personlogo","inLanguage":"pt-BR","url":"https:\/\/secure.gravatar.com\/avatar\/115a974dba3376872eb3addeb276301c?s=96&d=mm&r=g","contentUrl":"https:\/\/secure.gravatar.com\/avatar\/115a974dba3376872eb3addeb276301c?s=96&d=mm&r=g","caption":"admin"},"url":"https:\/\/www.radiomanchester.com.br\/fm\/author\/admin\/"}]}},"_links":{"self":[{"href":"https:\/\/www.radiomanchester.com.br\/fm\/wp-json\/wp\/v2\/posts\/16491"}],"collection":[{"href":"https:\/\/www.radiomanchester.com.br\/fm\/wp-json\/wp\/v2\/posts"}],"about":[{"href":"https:\/\/www.radiomanchester.com.br\/fm\/wp-json\/wp\/v2\/types\/post"}],"author":[{"embeddable":true,"href":"https:\/\/www.radiomanchester.com.br\/fm\/wp-json\/wp\/v2\/users\/1"}],"replies":[{"embeddable":true,"href":"https:\/\/www.radiomanchester.com.br\/fm\/wp-json\/wp\/v2\/comments?post=16491"}],"version-history":[{"count":2,"href":"https:\/\/www.radiomanchester.com.br\/fm\/wp-json\/wp\/v2\/posts\/16491\/revisions"}],"predecessor-version":[{"id":16493,"href":"https:\/\/www.radiomanchester.com.br\/fm\/wp-json\/wp\/v2\/posts\/16491\/revisions\/16493"}],"wp:attachment":[{"href":"https:\/\/www.radiomanchester.com.br\/fm\/wp-json\/wp\/v2\/media?parent=16491"}],"wp:term":[{"taxonomy":"category","embeddable":true,"href":"https:\/\/www.radiomanchester.com.br\/fm\/wp-json\/wp\/v2\/categories?post=16491"},{"taxonomy":"post_tag","embeddable":true,"href":"https:\/\/www.radiomanchester.com.br\/fm\/wp-json\/wp\/v2\/tags?post=16491"}],"curies":[{"name":"wp","href":"https:\/\/api.w.org\/{rel}","templated":true}]}}