{"id":16494,"date":"2025-08-27T20:50:31","date_gmt":"2025-08-27T23:50:31","guid":{"rendered":"https:\/\/www.radiomanchester.com.br\/fm\/?p=16494"},"modified":"2025-08-27T20:50:32","modified_gmt":"2025-08-27T23:50:32","slug":"semana-da-patria-tera-cerimonia-de-abertura-no-centro-administrativo-e-programacao-durante-toda-a-semana","status":"publish","type":"post","link":"https:\/\/www.radiomanchester.com.br\/fm\/semana-da-patria-tera-cerimonia-de-abertura-no-centro-administrativo-e-programacao-durante-toda-a-semana\/","title":{"rendered":"Semana da P\u00e1tria ter\u00e1 cerim\u00f4nia de abertura no Centro Administrativo e programa\u00e7\u00e3o durante toda a semana"},"content":{"rendered":"\n<p>A Semana da P\u00e1tria contar\u00e1 com diversos momentos alusivos \u00e0 hist\u00f3ria do pa\u00eds e homenagens relacionadas ao amor pela na\u00e7\u00e3o brasileira. Na pr\u00f3xima segunda-feira (1\u00ba), a Prefeitura de An\u00e1polis, por meio da Secretaria Municipal de Educa\u00e7\u00e3o, promover\u00e1 uma programa\u00e7\u00e3o que incluir\u00e1 um momento c\u00edvico, a execu\u00e7\u00e3o do Hino Nacional e do Hino da Independ\u00eancia, que ser\u00e1 interpretado pela banda da Base A\u00e9rea de An\u00e1polis.<\/p>\n\n\n\n<p>O evento contar\u00e1 com a presen\u00e7a de militares da Base A\u00e9rea, representantes do 3\u00ba Comando Regional da Pol\u00edcia Militar, autoridades pol\u00edticas e estudantes das escolas municipais Deputado Jos\u00e9 de Assis, Ant\u00f4nio Constante, Jo\u00e3o Am\u00e9lio e Rosevir Ribeiro de Paiva, al\u00e9m do Centro Municipal de Educa\u00e7\u00e3o Infantil Cremonez.<\/p>\n\n\n\n<p>Ao longo da semana, a cerim\u00f4nia ser\u00e1 realizada em diversas unidades de ensino: na ter\u00e7a-feira (02), na quarta-feira (03), na Escola Elzira Baldu\u00edno, localizada no bairro Maracan\u00e3; na quinta-feira (04), na Escola Wady Cec\u00edlio, em Bran\u00e1polis; e na sexta-feira (05), na Escola Professora Edin\u00ea Rodrigues Gomes, localizada na Vila S\u00e3o Jorge.<\/p>\n\n\n\n<p><strong>Desfile 7 de Setembro<br><\/strong>O tradicional desfile c\u00edvico-militar ser\u00e1 realizado no dia 7 de setembro, em comemora\u00e7\u00e3o ao Dia da Independ\u00eancia do Brasil. A cerim\u00f4nia come\u00e7ar\u00e1 \u00e0s 8h, em frente ao Centro Administrativo Adhemar Santillo, e contar\u00e1 com a participa\u00e7\u00e3o de mais de 20 institui\u00e7\u00f5es, incluindo militares e representantes de organiza\u00e7\u00f5es\u00a0civis\u00a0locais.<\/p>\n","protected":false},"excerpt":{"rendered":"<p class=\"excerpt\">A Semana da P\u00e1tria contar\u00e1 com diversos momentos alusivos \u00e0 hist\u00f3ria do pa\u00eds e homenagens relacionadas ao amor pela na\u00e7\u00e3o brasileira. Na pr\u00f3xima segunda-feira (1\u00ba), a Prefeitura de An\u00e1polis, por meio da Secretaria Municipal de Educa\u00e7\u00e3o, promover\u00e1 uma programa\u00e7\u00e3o que incluir\u00e1 um momento c\u00edvico, a execu\u00e7\u00e3o do Hino Nacional e do Hino da Independ\u00eancia, que [&hellip;]<\/p>\n","protected":false},"author":1,"featured_media":0,"comment_status":"open","ping_status":"open","sticky":false,"template":"","format":"standard","meta":[],"categories":[8,17],"tags":[22,24,113,83,129,92],"yoast_head":"<!-- This site is optimized with the Yoast SEO plugin v18.3 - https:\/\/yoast.com\/wordpress\/plugins\/seo\/ -->\n<title>Semana da P\u00e1tria ter\u00e1 cerim\u00f4nia de abertura no Centro Administrativo e programa\u00e7\u00e3o durante toda a semana - Manchester FM 93,3<\/title>\n<meta name=\"robots\" content=\"index, follow, max-snippet:-1, max-image-preview:large, max-video-preview:-1\" \/>\n<link rel=\"canonical\" href=\"https:\/\/www.radiomanchester.com.br\/fm\/semana-da-patria-tera-cerimonia-de-abertura-no-centro-administrativo-e-programacao-durante-toda-a-semana\/\" \/>\n<meta property=\"og:locale\" content=\"pt_BR\" \/>\n<meta property=\"og:type\" content=\"article\" \/>\n<meta property=\"og:title\" content=\"Semana da P\u00e1tria ter\u00e1 cerim\u00f4nia de abertura no Centro Administrativo e programa\u00e7\u00e3o durante toda a semana - Manchester FM 93,3\" \/>\n<meta property=\"og:description\" content=\"A Semana da P\u00e1tria contar\u00e1 com diversos momentos alusivos \u00e0 hist\u00f3ria do pa\u00eds e homenagens relacionadas ao amor pela na\u00e7\u00e3o brasileira. Na pr\u00f3xima segunda-feira (1\u00ba), a Prefeitura de An\u00e1polis, por meio da Secretaria Municipal de Educa\u00e7\u00e3o, promover\u00e1 uma programa\u00e7\u00e3o que incluir\u00e1 um momento c\u00edvico, a execu\u00e7\u00e3o do Hino Nacional e do Hino da Independ\u00eancia, que [&hellip;]\" \/>\n<meta property=\"og:url\" content=\"https:\/\/www.radiomanchester.com.br\/fm\/semana-da-patria-tera-cerimonia-de-abertura-no-centro-administrativo-e-programacao-durante-toda-a-semana\/\" \/>\n<meta property=\"og:site_name\" content=\"Manchester FM 93,3\" \/>\n<meta property=\"article:published_time\" content=\"2025-08-27T23:50:31+00:00\" \/>\n<meta property=\"article:modified_time\" content=\"2025-08-27T23:50:32+00:00\" \/>\n<meta name=\"twitter:card\" content=\"summary_large_image\" \/>\n<meta name=\"twitter:label1\" content=\"Escrito por\" \/>\n\t<meta name=\"twitter:data1\" content=\"admin\" \/>\n\t<meta name=\"twitter:label2\" content=\"Est. tempo de leitura\" \/>\n\t<meta name=\"twitter:data2\" content=\"2 minutos\" \/>\n<script type=\"application\/ld+json\" class=\"yoast-schema-graph\">{\"@context\":\"https:\/\/schema.org\",\"@graph\":[{\"@type\":\"WebSite\",\"@id\":\"https:\/\/www.radiomanchester.com.br\/fm\/#website\",\"url\":\"https:\/\/www.radiomanchester.com.br\/fm\/\",\"name\":\"Manchester FM 93,3\",\"description\":\"Todo Mundo Ouve!\",\"potentialAction\":[{\"@type\":\"SearchAction\",\"target\":{\"@type\":\"EntryPoint\",\"urlTemplate\":\"https:\/\/www.radiomanchester.com.br\/fm\/?s={search_term_string}\"},\"query-input\":\"required name=search_term_string\"}],\"inLanguage\":\"pt-BR\"},{\"@type\":\"WebPage\",\"@id\":\"https:\/\/www.radiomanchester.com.br\/fm\/semana-da-patria-tera-cerimonia-de-abertura-no-centro-administrativo-e-programacao-durante-toda-a-semana\/#webpage\",\"url\":\"https:\/\/www.radiomanchester.com.br\/fm\/semana-da-patria-tera-cerimonia-de-abertura-no-centro-administrativo-e-programacao-durante-toda-a-semana\/\",\"name\":\"Semana da P\u00e1tria ter\u00e1 cerim\u00f4nia de abertura no Centro Administrativo e programa\u00e7\u00e3o durante toda a semana - Manchester FM 93,3\",\"isPartOf\":{\"@id\":\"https:\/\/www.radiomanchester.com.br\/fm\/#website\"},\"datePublished\":\"2025-08-27T23:50:31+00:00\",\"dateModified\":\"2025-08-27T23:50:32+00:00\",\"author\":{\"@id\":\"https:\/\/www.radiomanchester.com.br\/fm\/#\/schema\/person\/408a7b4d4e32cbebd90e2782852abca3\"},\"breadcrumb\":{\"@id\":\"https:\/\/www.radiomanchester.com.br\/fm\/semana-da-patria-tera-cerimonia-de-abertura-no-centro-administrativo-e-programacao-durante-toda-a-semana\/#breadcrumb\"},\"inLanguage\":\"pt-BR\",\"potentialAction\":[{\"@type\":\"ReadAction\",\"target\":[\"https:\/\/www.radiomanchester.com.br\/fm\/semana-da-patria-tera-cerimonia-de-abertura-no-centro-administrativo-e-programacao-durante-toda-a-semana\/\"]}]},{\"@type\":\"BreadcrumbList\",\"@id\":\"https:\/\/www.radiomanchester.com.br\/fm\/semana-da-patria-tera-cerimonia-de-abertura-no-centro-administrativo-e-programacao-durante-toda-a-semana\/#breadcrumb\",\"itemListElement\":[{\"@type\":\"ListItem\",\"position\":1,\"name\":\"Home\",\"item\":\"https:\/\/www.radiomanchester.com.br\/fm\/\"},{\"@type\":\"ListItem\",\"position\":2,\"name\":\"Semana da P\u00e1tria ter\u00e1 cerim\u00f4nia de abertura no Centro Administrativo e programa\u00e7\u00e3o durante toda a semana\"}]},{\"@type\":\"Person\",\"@id\":\"https:\/\/www.radiomanchester.com.br\/fm\/#\/schema\/person\/408a7b4d4e32cbebd90e2782852abca3\",\"name\":\"admin\",\"image\":{\"@type\":\"ImageObject\",\"@id\":\"https:\/\/www.radiomanchester.com.br\/fm\/#personlogo\",\"inLanguage\":\"pt-BR\",\"url\":\"https:\/\/secure.gravatar.com\/avatar\/115a974dba3376872eb3addeb276301c?s=96&d=mm&r=g\",\"contentUrl\":\"https:\/\/secure.gravatar.com\/avatar\/115a974dba3376872eb3addeb276301c?s=96&d=mm&r=g\",\"caption\":\"admin\"},\"url\":\"https:\/\/www.radiomanchester.com.br\/fm\/author\/admin\/\"}]}<\/script>\n<!-- \/ Yoast SEO plugin. -->","yoast_head_json":{"title":"Semana da P\u00e1tria ter\u00e1 cerim\u00f4nia de abertura no Centro Administrativo e programa\u00e7\u00e3o durante toda a semana - Manchester FM 93,3","robots":{"index":"index","follow":"follow","max-snippet":"max-snippet:-1","max-image-preview":"max-image-preview:large","max-video-preview":"max-video-preview:-1"},"canonical":"https:\/\/www.radiomanchester.com.br\/fm\/semana-da-patria-tera-cerimonia-de-abertura-no-centro-administrativo-e-programacao-durante-toda-a-semana\/","og_locale":"pt_BR","og_type":"article","og_title":"Semana da P\u00e1tria ter\u00e1 cerim\u00f4nia de abertura no Centro Administrativo e programa\u00e7\u00e3o durante toda a semana - Manchester FM 93,3","og_description":"A Semana da P\u00e1tria contar\u00e1 com diversos momentos alusivos \u00e0 hist\u00f3ria do pa\u00eds e homenagens relacionadas ao amor pela na\u00e7\u00e3o brasileira. Na pr\u00f3xima segunda-feira (1\u00ba), a Prefeitura de An\u00e1polis, por meio da Secretaria Municipal de Educa\u00e7\u00e3o, promover\u00e1 uma programa\u00e7\u00e3o que incluir\u00e1 um momento c\u00edvico, a execu\u00e7\u00e3o do Hino Nacional e do Hino da Independ\u00eancia, que [&hellip;]","og_url":"https:\/\/www.radiomanchester.com.br\/fm\/semana-da-patria-tera-cerimonia-de-abertura-no-centro-administrativo-e-programacao-durante-toda-a-semana\/","og_site_name":"Manchester FM 93,3","article_published_time":"2025-08-27T23:50:31+00:00","article_modified_time":"2025-08-27T23:50:32+00:00","twitter_card":"summary_large_image","twitter_misc":{"Escrito por":"admin","Est. tempo de leitura":"2 minutos"},"schema":{"@context":"https:\/\/schema.org","@graph":[{"@type":"WebSite","@id":"https:\/\/www.radiomanchester.com.br\/fm\/#website","url":"https:\/\/www.radiomanchester.com.br\/fm\/","name":"Manchester FM 93,3","description":"Todo Mundo Ouve!","potentialAction":[{"@type":"SearchAction","target":{"@type":"EntryPoint","urlTemplate":"https:\/\/www.radiomanchester.com.br\/fm\/?s={search_term_string}"},"query-input":"required name=search_term_string"}],"inLanguage":"pt-BR"},{"@type":"WebPage","@id":"https:\/\/www.radiomanchester.com.br\/fm\/semana-da-patria-tera-cerimonia-de-abertura-no-centro-administrativo-e-programacao-durante-toda-a-semana\/#webpage","url":"https:\/\/www.radiomanchester.com.br\/fm\/semana-da-patria-tera-cerimonia-de-abertura-no-centro-administrativo-e-programacao-durante-toda-a-semana\/","name":"Semana da P\u00e1tria ter\u00e1 cerim\u00f4nia de abertura no Centro Administrativo e programa\u00e7\u00e3o durante toda a semana - Manchester FM 93,3","isPartOf":{"@id":"https:\/\/www.radiomanchester.com.br\/fm\/#website"},"datePublished":"2025-08-27T23:50:31+00:00","dateModified":"2025-08-27T23:50:32+00:00","author":{"@id":"https:\/\/www.radiomanchester.com.br\/fm\/#\/schema\/person\/408a7b4d4e32cbebd90e2782852abca3"},"breadcrumb":{"@id":"https:\/\/www.radiomanchester.com.br\/fm\/semana-da-patria-tera-cerimonia-de-abertura-no-centro-administrativo-e-programacao-durante-toda-a-semana\/#breadcrumb"},"inLanguage":"pt-BR","potentialAction":[{"@type":"ReadAction","target":["https:\/\/www.radiomanchester.com.br\/fm\/semana-da-patria-tera-cerimonia-de-abertura-no-centro-administrativo-e-programacao-durante-toda-a-semana\/"]}]},{"@type":"BreadcrumbList","@id":"https:\/\/www.radiomanchester.com.br\/fm\/semana-da-patria-tera-cerimonia-de-abertura-no-centro-administrativo-e-programacao-durante-toda-a-semana\/#breadcrumb","itemListElement":[{"@type":"ListItem","position":1,"name":"Home","item":"https:\/\/www.radiomanchester.com.br\/fm\/"},{"@type":"ListItem","position":2,"name":"Semana da P\u00e1tria ter\u00e1 cerim\u00f4nia de abertura no Centro Administrativo e programa\u00e7\u00e3o durante toda a semana"}]},{"@type":"Person","@id":"https:\/\/www.radiomanchester.com.br\/fm\/#\/schema\/person\/408a7b4d4e32cbebd90e2782852abca3","name":"admin","image":{"@type":"ImageObject","@id":"https:\/\/www.radiomanchester.com.br\/fm\/#personlogo","inLanguage":"pt-BR","url":"https:\/\/secure.gravatar.com\/avatar\/115a974dba3376872eb3addeb276301c?s=96&d=mm&r=g","contentUrl":"https:\/\/secure.gravatar.com\/avatar\/115a974dba3376872eb3addeb276301c?s=96&d=mm&r=g","caption":"admin"},"url":"https:\/\/www.radiomanchester.com.br\/fm\/author\/admin\/"}]}},"_links":{"self":[{"href":"https:\/\/www.radiomanchester.com.br\/fm\/wp-json\/wp\/v2\/posts\/16494"}],"collection":[{"href":"https:\/\/www.radiomanchester.com.br\/fm\/wp-json\/wp\/v2\/posts"}],"about":[{"href":"https:\/\/www.radiomanchester.com.br\/fm\/wp-json\/wp\/v2\/types\/post"}],"author":[{"embeddable":true,"href":"https:\/\/www.radiomanchester.com.br\/fm\/wp-json\/wp\/v2\/users\/1"}],"replies":[{"embeddable":true,"href":"https:\/\/www.radiomanchester.com.br\/fm\/wp-json\/wp\/v2\/comments?post=16494"}],"version-history":[{"count":1,"href":"https:\/\/www.radiomanchester.com.br\/fm\/wp-json\/wp\/v2\/posts\/16494\/revisions"}],"predecessor-version":[{"id":16495,"href":"https:\/\/www.radiomanchester.com.br\/fm\/wp-json\/wp\/v2\/posts\/16494\/revisions\/16495"}],"wp:attachment":[{"href":"https:\/\/www.radiomanchester.com.br\/fm\/wp-json\/wp\/v2\/media?parent=16494"}],"wp:term":[{"taxonomy":"category","embeddable":true,"href":"https:\/\/www.radiomanchester.com.br\/fm\/wp-json\/wp\/v2\/categories?post=16494"},{"taxonomy":"post_tag","embeddable":true,"href":"https:\/\/www.radiomanchester.com.br\/fm\/wp-json\/wp\/v2\/tags?post=16494"}],"curies":[{"name":"wp","href":"https:\/\/api.w.org\/{rel}","templated":true}]}}