{"id":16496,"date":"2025-08-27T22:00:00","date_gmt":"2025-08-28T01:00:00","guid":{"rendered":"https:\/\/www.radiomanchester.com.br\/fm\/?p=16496"},"modified":"2025-08-27T22:02:00","modified_gmt":"2025-08-28T01:02:00","slug":"senadora-damares-alves-anuncia-que-esta-com-cancer","status":"publish","type":"post","link":"https:\/\/www.radiomanchester.com.br\/fm\/senadora-damares-alves-anuncia-que-esta-com-cancer\/","title":{"rendered":"Senadora Damares Alves anuncia que est\u00e1 com c\u00e2ncer"},"content":{"rendered":"\n<p><strong><em>Congressista do Republicanos pelo Distrito Federal n\u00e3o especificou qual \u00e9 o tipo, mas o Metr\u00f3poles apurou que se trata de c\u00e2ncer de mama<\/em><\/strong><\/p>\n\n\n\n<hr class=\"wp-block-separator\"\/>\n\n\n\n<p>A senadora Damares Alves (Republicanos-DF) anunciou, nesta quarta-feira (27\/08), que est\u00e1 com c\u00e2ncer. A senadora n\u00e3o especificou o tipo, mas o Metr\u00f3poles apurou que se trata de um c\u00e2ncer de mama.<\/p>\n\n\n\n<p>\u201cDado o hor\u00e1rio da reuni\u00e3o, e a senadora presidente n\u00e3o est\u00e1 se sentindo muito bem. Inclusive, hoje, na reuni\u00e3o mais cedo, eu fiz um an\u00fancio p\u00fablico na outra comiss\u00e3o e acho justo eu fazer esse an\u00fancio aqui tamb\u00e9m. H\u00e1 um m\u00eas, eu fui diagnosticada com c\u00e2ncer. Eu estou no enfrentamento da doen\u00e7a. Estou tomando a coragem de fazer este an\u00fancio p\u00fablico. Requer muita coragem\u201d, disse.<\/p>\n\n\n\n<p>O an\u00fancio foi feito durante a Comiss\u00e3o de Direitos Humanos do Senado. A senadora pediu para encerrar a sess\u00e3o, porque, segundo ela, estava em seu \u201climite f\u00edsico\u201d.<\/p>\n\n\n\n<p>Mais cedo, a senadora falou na Comiss\u00e3o de Assuntos Sociais, quando fez a primeira fala sobre o assunto. Ela diz que foi diagnosticada com a doen\u00e7a em 18 de julho. Contou que fez todos os exames em 18 dias e conseguiu fazer uma cirurgia. Com cinco dias de operada, j\u00e1 estava trabalhando.<\/p>\n\n\n\n<p>\u201cH\u00e1 um m\u00eas eu fui diagnosticada com c\u00e2ncer no dia 18 de julho. Eu fiz, senador Hiran, todos os exames. Em 18 dias, eu consegui fazer bi\u00f3psias, resson\u00e2ncias, todos os exames, e, em 18 dias, eu consegui fazer a cirurgia. Com cinco dias, eu estava trabalhando. Em cinco dias, eu estava aqui no Senado trabalhando, depois da cirurgia. Com dor, com um pouquinho de dor, todos os cuidados. S\u00f3 foi dif\u00edcil n\u00e3o abra\u00e7ar os colegas nesse per\u00edodo. Mas o diagn\u00f3stico precoce foi fundamental para eu estar como estou. Segunda-feira eu come\u00e7o a radioterapia, mas j\u00e1 estou declarando vit\u00f3ria, j\u00e1 estou declarando que estou curada\u201d, disse.<\/p>\n\n\n\n<p>PorR3pMetr0p0les parceiro Manchester<\/p>\n","protected":false},"excerpt":{"rendered":"<p class=\"excerpt\">Congressista do Republicanos pelo Distrito Federal n\u00e3o especificou qual \u00e9 o tipo, mas o Metr\u00f3poles apurou que se trata de c\u00e2ncer de mama A senadora Damares Alves (Republicanos-DF) anunciou, nesta quarta-feira (27\/08), que est\u00e1 com c\u00e2ncer. A senadora n\u00e3o especificou o tipo, mas o Metr\u00f3poles apurou que se trata de um c\u00e2ncer de mama. \u201cDado [&hellip;]<\/p>\n","protected":false},"author":1,"featured_media":0,"comment_status":"open","ping_status":"open","sticky":false,"template":"","format":"standard","meta":[],"categories":[8,17],"tags":[22,24,113,83,92],"yoast_head":"<!-- This site is optimized with the Yoast SEO plugin v18.3 - https:\/\/yoast.com\/wordpress\/plugins\/seo\/ -->\n<title>Senadora Damares Alves anuncia que est\u00e1 com c\u00e2ncer - Manchester FM 93,3<\/title>\n<meta name=\"robots\" content=\"index, follow, max-snippet:-1, max-image-preview:large, max-video-preview:-1\" \/>\n<link rel=\"canonical\" href=\"https:\/\/www.radiomanchester.com.br\/fm\/senadora-damares-alves-anuncia-que-esta-com-cancer\/\" \/>\n<meta property=\"og:locale\" content=\"pt_BR\" \/>\n<meta property=\"og:type\" content=\"article\" \/>\n<meta property=\"og:title\" content=\"Senadora Damares Alves anuncia que est\u00e1 com c\u00e2ncer - Manchester FM 93,3\" \/>\n<meta property=\"og:description\" content=\"Congressista do Republicanos pelo Distrito Federal n\u00e3o especificou qual \u00e9 o tipo, mas o Metr\u00f3poles apurou que se trata de c\u00e2ncer de mama A senadora Damares Alves (Republicanos-DF) anunciou, nesta quarta-feira (27\/08), que est\u00e1 com c\u00e2ncer. A senadora n\u00e3o especificou o tipo, mas o Metr\u00f3poles apurou que se trata de um c\u00e2ncer de mama. \u201cDado [&hellip;]\" \/>\n<meta property=\"og:url\" content=\"https:\/\/www.radiomanchester.com.br\/fm\/senadora-damares-alves-anuncia-que-esta-com-cancer\/\" \/>\n<meta property=\"og:site_name\" content=\"Manchester FM 93,3\" \/>\n<meta property=\"article:published_time\" content=\"2025-08-28T01:00:00+00:00\" \/>\n<meta property=\"article:modified_time\" content=\"2025-08-28T01:02:00+00:00\" \/>\n<meta name=\"twitter:card\" content=\"summary_large_image\" \/>\n<meta name=\"twitter:label1\" content=\"Escrito por\" \/>\n\t<meta name=\"twitter:data1\" content=\"admin\" \/>\n\t<meta name=\"twitter:label2\" content=\"Est. tempo de leitura\" \/>\n\t<meta name=\"twitter:data2\" content=\"2 minutos\" \/>\n<script type=\"application\/ld+json\" class=\"yoast-schema-graph\">{\"@context\":\"https:\/\/schema.org\",\"@graph\":[{\"@type\":\"WebSite\",\"@id\":\"https:\/\/www.radiomanchester.com.br\/fm\/#website\",\"url\":\"https:\/\/www.radiomanchester.com.br\/fm\/\",\"name\":\"Manchester FM 93,3\",\"description\":\"Todo Mundo Ouve!\",\"potentialAction\":[{\"@type\":\"SearchAction\",\"target\":{\"@type\":\"EntryPoint\",\"urlTemplate\":\"https:\/\/www.radiomanchester.com.br\/fm\/?s={search_term_string}\"},\"query-input\":\"required name=search_term_string\"}],\"inLanguage\":\"pt-BR\"},{\"@type\":\"WebPage\",\"@id\":\"https:\/\/www.radiomanchester.com.br\/fm\/senadora-damares-alves-anuncia-que-esta-com-cancer\/#webpage\",\"url\":\"https:\/\/www.radiomanchester.com.br\/fm\/senadora-damares-alves-anuncia-que-esta-com-cancer\/\",\"name\":\"Senadora Damares Alves anuncia que est\u00e1 com c\u00e2ncer - Manchester FM 93,3\",\"isPartOf\":{\"@id\":\"https:\/\/www.radiomanchester.com.br\/fm\/#website\"},\"datePublished\":\"2025-08-28T01:00:00+00:00\",\"dateModified\":\"2025-08-28T01:02:00+00:00\",\"author\":{\"@id\":\"https:\/\/www.radiomanchester.com.br\/fm\/#\/schema\/person\/408a7b4d4e32cbebd90e2782852abca3\"},\"breadcrumb\":{\"@id\":\"https:\/\/www.radiomanchester.com.br\/fm\/senadora-damares-alves-anuncia-que-esta-com-cancer\/#breadcrumb\"},\"inLanguage\":\"pt-BR\",\"potentialAction\":[{\"@type\":\"ReadAction\",\"target\":[\"https:\/\/www.radiomanchester.com.br\/fm\/senadora-damares-alves-anuncia-que-esta-com-cancer\/\"]}]},{\"@type\":\"BreadcrumbList\",\"@id\":\"https:\/\/www.radiomanchester.com.br\/fm\/senadora-damares-alves-anuncia-que-esta-com-cancer\/#breadcrumb\",\"itemListElement\":[{\"@type\":\"ListItem\",\"position\":1,\"name\":\"Home\",\"item\":\"https:\/\/www.radiomanchester.com.br\/fm\/\"},{\"@type\":\"ListItem\",\"position\":2,\"name\":\"Senadora Damares Alves anuncia que est\u00e1 com c\u00e2ncer\"}]},{\"@type\":\"Person\",\"@id\":\"https:\/\/www.radiomanchester.com.br\/fm\/#\/schema\/person\/408a7b4d4e32cbebd90e2782852abca3\",\"name\":\"admin\",\"image\":{\"@type\":\"ImageObject\",\"@id\":\"https:\/\/www.radiomanchester.com.br\/fm\/#personlogo\",\"inLanguage\":\"pt-BR\",\"url\":\"https:\/\/secure.gravatar.com\/avatar\/115a974dba3376872eb3addeb276301c?s=96&d=mm&r=g\",\"contentUrl\":\"https:\/\/secure.gravatar.com\/avatar\/115a974dba3376872eb3addeb276301c?s=96&d=mm&r=g\",\"caption\":\"admin\"},\"url\":\"https:\/\/www.radiomanchester.com.br\/fm\/author\/admin\/\"}]}<\/script>\n<!-- \/ Yoast SEO plugin. -->","yoast_head_json":{"title":"Senadora Damares Alves anuncia que est\u00e1 com c\u00e2ncer - Manchester FM 93,3","robots":{"index":"index","follow":"follow","max-snippet":"max-snippet:-1","max-image-preview":"max-image-preview:large","max-video-preview":"max-video-preview:-1"},"canonical":"https:\/\/www.radiomanchester.com.br\/fm\/senadora-damares-alves-anuncia-que-esta-com-cancer\/","og_locale":"pt_BR","og_type":"article","og_title":"Senadora Damares Alves anuncia que est\u00e1 com c\u00e2ncer - Manchester FM 93,3","og_description":"Congressista do Republicanos pelo Distrito Federal n\u00e3o especificou qual \u00e9 o tipo, mas o Metr\u00f3poles apurou que se trata de c\u00e2ncer de mama A senadora Damares Alves (Republicanos-DF) anunciou, nesta quarta-feira (27\/08), que est\u00e1 com c\u00e2ncer. A senadora n\u00e3o especificou o tipo, mas o Metr\u00f3poles apurou que se trata de um c\u00e2ncer de mama. \u201cDado [&hellip;]","og_url":"https:\/\/www.radiomanchester.com.br\/fm\/senadora-damares-alves-anuncia-que-esta-com-cancer\/","og_site_name":"Manchester FM 93,3","article_published_time":"2025-08-28T01:00:00+00:00","article_modified_time":"2025-08-28T01:02:00+00:00","twitter_card":"summary_large_image","twitter_misc":{"Escrito por":"admin","Est. tempo de leitura":"2 minutos"},"schema":{"@context":"https:\/\/schema.org","@graph":[{"@type":"WebSite","@id":"https:\/\/www.radiomanchester.com.br\/fm\/#website","url":"https:\/\/www.radiomanchester.com.br\/fm\/","name":"Manchester FM 93,3","description":"Todo Mundo Ouve!","potentialAction":[{"@type":"SearchAction","target":{"@type":"EntryPoint","urlTemplate":"https:\/\/www.radiomanchester.com.br\/fm\/?s={search_term_string}"},"query-input":"required name=search_term_string"}],"inLanguage":"pt-BR"},{"@type":"WebPage","@id":"https:\/\/www.radiomanchester.com.br\/fm\/senadora-damares-alves-anuncia-que-esta-com-cancer\/#webpage","url":"https:\/\/www.radiomanchester.com.br\/fm\/senadora-damares-alves-anuncia-que-esta-com-cancer\/","name":"Senadora Damares Alves anuncia que est\u00e1 com c\u00e2ncer - Manchester FM 93,3","isPartOf":{"@id":"https:\/\/www.radiomanchester.com.br\/fm\/#website"},"datePublished":"2025-08-28T01:00:00+00:00","dateModified":"2025-08-28T01:02:00+00:00","author":{"@id":"https:\/\/www.radiomanchester.com.br\/fm\/#\/schema\/person\/408a7b4d4e32cbebd90e2782852abca3"},"breadcrumb":{"@id":"https:\/\/www.radiomanchester.com.br\/fm\/senadora-damares-alves-anuncia-que-esta-com-cancer\/#breadcrumb"},"inLanguage":"pt-BR","potentialAction":[{"@type":"ReadAction","target":["https:\/\/www.radiomanchester.com.br\/fm\/senadora-damares-alves-anuncia-que-esta-com-cancer\/"]}]},{"@type":"BreadcrumbList","@id":"https:\/\/www.radiomanchester.com.br\/fm\/senadora-damares-alves-anuncia-que-esta-com-cancer\/#breadcrumb","itemListElement":[{"@type":"ListItem","position":1,"name":"Home","item":"https:\/\/www.radiomanchester.com.br\/fm\/"},{"@type":"ListItem","position":2,"name":"Senadora Damares Alves anuncia que est\u00e1 com c\u00e2ncer"}]},{"@type":"Person","@id":"https:\/\/www.radiomanchester.com.br\/fm\/#\/schema\/person\/408a7b4d4e32cbebd90e2782852abca3","name":"admin","image":{"@type":"ImageObject","@id":"https:\/\/www.radiomanchester.com.br\/fm\/#personlogo","inLanguage":"pt-BR","url":"https:\/\/secure.gravatar.com\/avatar\/115a974dba3376872eb3addeb276301c?s=96&d=mm&r=g","contentUrl":"https:\/\/secure.gravatar.com\/avatar\/115a974dba3376872eb3addeb276301c?s=96&d=mm&r=g","caption":"admin"},"url":"https:\/\/www.radiomanchester.com.br\/fm\/author\/admin\/"}]}},"_links":{"self":[{"href":"https:\/\/www.radiomanchester.com.br\/fm\/wp-json\/wp\/v2\/posts\/16496"}],"collection":[{"href":"https:\/\/www.radiomanchester.com.br\/fm\/wp-json\/wp\/v2\/posts"}],"about":[{"href":"https:\/\/www.radiomanchester.com.br\/fm\/wp-json\/wp\/v2\/types\/post"}],"author":[{"embeddable":true,"href":"https:\/\/www.radiomanchester.com.br\/fm\/wp-json\/wp\/v2\/users\/1"}],"replies":[{"embeddable":true,"href":"https:\/\/www.radiomanchester.com.br\/fm\/wp-json\/wp\/v2\/comments?post=16496"}],"version-history":[{"count":1,"href":"https:\/\/www.radiomanchester.com.br\/fm\/wp-json\/wp\/v2\/posts\/16496\/revisions"}],"predecessor-version":[{"id":16497,"href":"https:\/\/www.radiomanchester.com.br\/fm\/wp-json\/wp\/v2\/posts\/16496\/revisions\/16497"}],"wp:attachment":[{"href":"https:\/\/www.radiomanchester.com.br\/fm\/wp-json\/wp\/v2\/media?parent=16496"}],"wp:term":[{"taxonomy":"category","embeddable":true,"href":"https:\/\/www.radiomanchester.com.br\/fm\/wp-json\/wp\/v2\/categories?post=16496"},{"taxonomy":"post_tag","embeddable":true,"href":"https:\/\/www.radiomanchester.com.br\/fm\/wp-json\/wp\/v2\/tags?post=16496"}],"curies":[{"name":"wp","href":"https:\/\/api.w.org\/{rel}","templated":true}]}}