{"id":16500,"date":"2025-08-29T07:00:00","date_gmt":"2025-08-29T10:00:00","guid":{"rendered":"https:\/\/www.radiomanchester.com.br\/fm\/?p=16500"},"modified":"2025-08-28T20:34:54","modified_gmt":"2025-08-28T23:34:54","slug":"de-jovens-a-idosos-primeiro-foco-chega-a-segunda-edicao-em-anapolis","status":"publish","type":"post","link":"https:\/\/www.radiomanchester.com.br\/fm\/de-jovens-a-idosos-primeiro-foco-chega-a-segunda-edicao-em-anapolis\/","title":{"rendered":"De jovens a idosos: \u201cPrimeiro Foco\u201d chega \u00e0 segunda edi\u00e7\u00e3o em An\u00e1polis"},"content":{"rendered":"\n<p><\/p>\n\n\n\n<p><em><strong>Projeto gratuito de fotografia com celular abre nova turma para idosos no Centro de Conviv\u00eancia, entre setembro e outubro<\/strong><\/em><\/p>\n\n\n\n<hr class=\"wp-block-separator\"\/>\n\n\n\n<p>Depois de uma edi\u00e7\u00e3o de sucesso voltada para os jovens, o projeto cultural \u201cPrimeiro Foco \u2013 Um olhar da pessoa idosa\u201d inicia uma nova fase em An\u00e1polis, desta vez com oficinas gratuitas de fotografia voltadas para o p\u00fablico idoso. O curso acontece entre setembro e outubro de 2025, no Centro de Conviv\u00eancia do Idoso (CCI), e \u00e9 contemplado pelo Fundo Municipal de Cultura de An\u00e1polis 2023\/2024, com apoio da Secretaria Municipal de Assist\u00eancia e Pol\u00edticas Sociais e Funda\u00e7\u00e3o Frei Jo\u00e3o Batista Vogel.<\/p>\n\n\n\n<p>As aulas ser\u00e3o realizadas uma vez por semana, no per\u00edodo da tarde, com foco na fotografia feita pelo celular como instrumento de terapia ocupacional. Mais do que t\u00e9cnicas, o curso promove conviv\u00eancia, criatividade e autoestima, mostrando que cada registro \u00e9 uma forma de express\u00e3o e mem\u00f3ria afetiva.<\/p>\n\n\n\n<p>A professora e proponente do projeto, Ina\u00ea Ribeiro, destaca o objetivo da iniciativa: \u201cQueremos que os idosos se sintam protagonistas das pr\u00f3prias hist\u00f3rias. O curso foi pensado para ser leve, afetivo e acess\u00edvel, transformando cada clique em uma forma de express\u00e3o e bem-estar. Contamos ainda com rodas de conversas e palestras com psic\u00f3logos\u201d.<\/p>\n\n\n\n<p>O entusiasmo j\u00e1 \u00e9 vis\u00edvel entre os participantes. Dona Maria Am\u00e9lia de Lucena, uma das futuras alunas, n\u00e3o esconde a anima\u00e7\u00e3o: \u201cVou fotografar a doidado, vou arrebentar!\u201d.<\/p>\n\n\n\n<p>As inscri\u00e7\u00f5es podem ser feitas no pr\u00f3prio CCI, e o curso \u00e9 exclusivo para idosos j\u00e1 inscritos no Centro.<br>Servi\u00e7o:<br><strong>Curso \u201cPrimeiro Foco \u2013 Um olhar da pessoa idosa\u201d<br><\/strong>Setembro e outubro de 2025<br>1x por semana, no per\u00edodo da tarde<br>CCI \u2013 Centro de Conviv\u00eancia do Idoso<br>Av. Presidente Vargas, 103 \u2013 Vila Goi\u00e1s, An\u00e1polis \u2013 GO<br>Informa\u00e7\u00f5es: (62) 9 9107-6873<br>Gratuito<\/p>\n\n\n\n<figure class=\"wp-block-image size-medium\"><img loading=\"lazy\" width=\"228\" height=\"300\" src=\"https:\/\/www.radiomanchester.com.br\/fm\/wp-content\/uploads\/2025\/08\/Imagem-do-WhatsApp-de-2025-08-27-as-09.59.37_61175b12-228x300.jpg\" alt=\"\" class=\"wp-image-16501\" srcset=\"https:\/\/www.radiomanchester.com.br\/fm\/wp-content\/uploads\/2025\/08\/Imagem-do-WhatsApp-de-2025-08-27-as-09.59.37_61175b12-228x300.jpg 228w, https:\/\/www.radiomanchester.com.br\/fm\/wp-content\/uploads\/2025\/08\/Imagem-do-WhatsApp-de-2025-08-27-as-09.59.37_61175b12.jpg 618w\" sizes=\"(max-width: 228px) 100vw, 228px\" \/><\/figure>\n","protected":false},"excerpt":{"rendered":"<p class=\"excerpt\">Projeto gratuito de fotografia com celular abre nova turma para idosos no Centro de Conviv\u00eancia, entre setembro e outubro Depois de uma edi\u00e7\u00e3o de sucesso voltada para os jovens, o projeto cultural \u201cPrimeiro Foco \u2013 Um olhar da pessoa idosa\u201d inicia uma nova fase em An\u00e1polis, desta vez com oficinas gratuitas de fotografia voltadas para [&hellip;]<\/p>\n","protected":false},"author":1,"featured_media":0,"comment_status":"open","ping_status":"open","sticky":false,"template":"","format":"standard","meta":[],"categories":[8,17],"tags":[22,24,113,83,92],"yoast_head":"<!-- This site is optimized with the Yoast SEO plugin v18.3 - https:\/\/yoast.com\/wordpress\/plugins\/seo\/ -->\n<title>De jovens a idosos: \u201cPrimeiro Foco\u201d chega \u00e0 segunda edi\u00e7\u00e3o em An\u00e1polis - Manchester FM 93,3<\/title>\n<meta name=\"robots\" content=\"index, follow, max-snippet:-1, max-image-preview:large, max-video-preview:-1\" \/>\n<link rel=\"canonical\" href=\"https:\/\/www.radiomanchester.com.br\/fm\/de-jovens-a-idosos-primeiro-foco-chega-a-segunda-edicao-em-anapolis\/\" \/>\n<meta property=\"og:locale\" content=\"pt_BR\" \/>\n<meta property=\"og:type\" content=\"article\" \/>\n<meta property=\"og:title\" content=\"De jovens a idosos: \u201cPrimeiro Foco\u201d chega \u00e0 segunda edi\u00e7\u00e3o em An\u00e1polis - Manchester FM 93,3\" \/>\n<meta property=\"og:description\" content=\"Projeto gratuito de fotografia com celular abre nova turma para idosos no Centro de Conviv\u00eancia, entre setembro e outubro Depois de uma edi\u00e7\u00e3o de sucesso voltada para os jovens, o projeto cultural \u201cPrimeiro Foco \u2013 Um olhar da pessoa idosa\u201d inicia uma nova fase em An\u00e1polis, desta vez com oficinas gratuitas de fotografia voltadas para [&hellip;]\" \/>\n<meta property=\"og:url\" content=\"https:\/\/www.radiomanchester.com.br\/fm\/de-jovens-a-idosos-primeiro-foco-chega-a-segunda-edicao-em-anapolis\/\" \/>\n<meta property=\"og:site_name\" content=\"Manchester FM 93,3\" \/>\n<meta property=\"article:published_time\" content=\"2025-08-29T10:00:00+00:00\" \/>\n<meta property=\"article:modified_time\" content=\"2025-08-28T23:34:54+00:00\" \/>\n<meta property=\"og:image\" content=\"https:\/\/www.radiomanchester.com.br\/fm\/wp-content\/uploads\/2025\/08\/Imagem-do-WhatsApp-de-2025-08-27-as-09.59.37_61175b12-228x300.jpg\" \/>\n<meta name=\"twitter:card\" content=\"summary_large_image\" \/>\n<meta name=\"twitter:label1\" content=\"Escrito por\" \/>\n\t<meta name=\"twitter:data1\" content=\"admin\" \/>\n\t<meta name=\"twitter:label2\" content=\"Est. tempo de leitura\" \/>\n\t<meta name=\"twitter:data2\" content=\"2 minutos\" \/>\n<script type=\"application\/ld+json\" class=\"yoast-schema-graph\">{\"@context\":\"https:\/\/schema.org\",\"@graph\":[{\"@type\":\"WebSite\",\"@id\":\"https:\/\/www.radiomanchester.com.br\/fm\/#website\",\"url\":\"https:\/\/www.radiomanchester.com.br\/fm\/\",\"name\":\"Manchester FM 93,3\",\"description\":\"Todo Mundo Ouve!\",\"potentialAction\":[{\"@type\":\"SearchAction\",\"target\":{\"@type\":\"EntryPoint\",\"urlTemplate\":\"https:\/\/www.radiomanchester.com.br\/fm\/?s={search_term_string}\"},\"query-input\":\"required name=search_term_string\"}],\"inLanguage\":\"pt-BR\"},{\"@type\":\"ImageObject\",\"@id\":\"https:\/\/www.radiomanchester.com.br\/fm\/de-jovens-a-idosos-primeiro-foco-chega-a-segunda-edicao-em-anapolis\/#primaryimage\",\"inLanguage\":\"pt-BR\",\"url\":\"https:\/\/www.radiomanchester.com.br\/fm\/wp-content\/uploads\/2025\/08\/Imagem-do-WhatsApp-de-2025-08-27-as-09.59.37_61175b12.jpg\",\"contentUrl\":\"https:\/\/www.radiomanchester.com.br\/fm\/wp-content\/uploads\/2025\/08\/Imagem-do-WhatsApp-de-2025-08-27-as-09.59.37_61175b12.jpg\",\"width\":618,\"height\":813},{\"@type\":\"WebPage\",\"@id\":\"https:\/\/www.radiomanchester.com.br\/fm\/de-jovens-a-idosos-primeiro-foco-chega-a-segunda-edicao-em-anapolis\/#webpage\",\"url\":\"https:\/\/www.radiomanchester.com.br\/fm\/de-jovens-a-idosos-primeiro-foco-chega-a-segunda-edicao-em-anapolis\/\",\"name\":\"De jovens a idosos: \u201cPrimeiro Foco\u201d chega \u00e0 segunda edi\u00e7\u00e3o em An\u00e1polis - Manchester FM 93,3\",\"isPartOf\":{\"@id\":\"https:\/\/www.radiomanchester.com.br\/fm\/#website\"},\"primaryImageOfPage\":{\"@id\":\"https:\/\/www.radiomanchester.com.br\/fm\/de-jovens-a-idosos-primeiro-foco-chega-a-segunda-edicao-em-anapolis\/#primaryimage\"},\"datePublished\":\"2025-08-29T10:00:00+00:00\",\"dateModified\":\"2025-08-28T23:34:54+00:00\",\"author\":{\"@id\":\"https:\/\/www.radiomanchester.com.br\/fm\/#\/schema\/person\/408a7b4d4e32cbebd90e2782852abca3\"},\"breadcrumb\":{\"@id\":\"https:\/\/www.radiomanchester.com.br\/fm\/de-jovens-a-idosos-primeiro-foco-chega-a-segunda-edicao-em-anapolis\/#breadcrumb\"},\"inLanguage\":\"pt-BR\",\"potentialAction\":[{\"@type\":\"ReadAction\",\"target\":[\"https:\/\/www.radiomanchester.com.br\/fm\/de-jovens-a-idosos-primeiro-foco-chega-a-segunda-edicao-em-anapolis\/\"]}]},{\"@type\":\"BreadcrumbList\",\"@id\":\"https:\/\/www.radiomanchester.com.br\/fm\/de-jovens-a-idosos-primeiro-foco-chega-a-segunda-edicao-em-anapolis\/#breadcrumb\",\"itemListElement\":[{\"@type\":\"ListItem\",\"position\":1,\"name\":\"Home\",\"item\":\"https:\/\/www.radiomanchester.com.br\/fm\/\"},{\"@type\":\"ListItem\",\"position\":2,\"name\":\"De jovens a idosos: \u201cPrimeiro Foco\u201d chega \u00e0 segunda edi\u00e7\u00e3o em An\u00e1polis\"}]},{\"@type\":\"Person\",\"@id\":\"https:\/\/www.radiomanchester.com.br\/fm\/#\/schema\/person\/408a7b4d4e32cbebd90e2782852abca3\",\"name\":\"admin\",\"image\":{\"@type\":\"ImageObject\",\"@id\":\"https:\/\/www.radiomanchester.com.br\/fm\/#personlogo\",\"inLanguage\":\"pt-BR\",\"url\":\"https:\/\/secure.gravatar.com\/avatar\/115a974dba3376872eb3addeb276301c?s=96&d=mm&r=g\",\"contentUrl\":\"https:\/\/secure.gravatar.com\/avatar\/115a974dba3376872eb3addeb276301c?s=96&d=mm&r=g\",\"caption\":\"admin\"},\"url\":\"https:\/\/www.radiomanchester.com.br\/fm\/author\/admin\/\"}]}<\/script>\n<!-- \/ Yoast SEO plugin. -->","yoast_head_json":{"title":"De jovens a idosos: \u201cPrimeiro Foco\u201d chega \u00e0 segunda edi\u00e7\u00e3o em An\u00e1polis - Manchester FM 93,3","robots":{"index":"index","follow":"follow","max-snippet":"max-snippet:-1","max-image-preview":"max-image-preview:large","max-video-preview":"max-video-preview:-1"},"canonical":"https:\/\/www.radiomanchester.com.br\/fm\/de-jovens-a-idosos-primeiro-foco-chega-a-segunda-edicao-em-anapolis\/","og_locale":"pt_BR","og_type":"article","og_title":"De jovens a idosos: \u201cPrimeiro Foco\u201d chega \u00e0 segunda edi\u00e7\u00e3o em An\u00e1polis - Manchester FM 93,3","og_description":"Projeto gratuito de fotografia com celular abre nova turma para idosos no Centro de Conviv\u00eancia, entre setembro e outubro Depois de uma edi\u00e7\u00e3o de sucesso voltada para os jovens, o projeto cultural \u201cPrimeiro Foco \u2013 Um olhar da pessoa idosa\u201d inicia uma nova fase em An\u00e1polis, desta vez com oficinas gratuitas de fotografia voltadas para [&hellip;]","og_url":"https:\/\/www.radiomanchester.com.br\/fm\/de-jovens-a-idosos-primeiro-foco-chega-a-segunda-edicao-em-anapolis\/","og_site_name":"Manchester FM 93,3","article_published_time":"2025-08-29T10:00:00+00:00","article_modified_time":"2025-08-28T23:34:54+00:00","og_image":[{"url":"https:\/\/www.radiomanchester.com.br\/fm\/wp-content\/uploads\/2025\/08\/Imagem-do-WhatsApp-de-2025-08-27-as-09.59.37_61175b12-228x300.jpg"}],"twitter_card":"summary_large_image","twitter_misc":{"Escrito por":"admin","Est. tempo de leitura":"2 minutos"},"schema":{"@context":"https:\/\/schema.org","@graph":[{"@type":"WebSite","@id":"https:\/\/www.radiomanchester.com.br\/fm\/#website","url":"https:\/\/www.radiomanchester.com.br\/fm\/","name":"Manchester FM 93,3","description":"Todo Mundo Ouve!","potentialAction":[{"@type":"SearchAction","target":{"@type":"EntryPoint","urlTemplate":"https:\/\/www.radiomanchester.com.br\/fm\/?s={search_term_string}"},"query-input":"required name=search_term_string"}],"inLanguage":"pt-BR"},{"@type":"ImageObject","@id":"https:\/\/www.radiomanchester.com.br\/fm\/de-jovens-a-idosos-primeiro-foco-chega-a-segunda-edicao-em-anapolis\/#primaryimage","inLanguage":"pt-BR","url":"https:\/\/www.radiomanchester.com.br\/fm\/wp-content\/uploads\/2025\/08\/Imagem-do-WhatsApp-de-2025-08-27-as-09.59.37_61175b12.jpg","contentUrl":"https:\/\/www.radiomanchester.com.br\/fm\/wp-content\/uploads\/2025\/08\/Imagem-do-WhatsApp-de-2025-08-27-as-09.59.37_61175b12.jpg","width":618,"height":813},{"@type":"WebPage","@id":"https:\/\/www.radiomanchester.com.br\/fm\/de-jovens-a-idosos-primeiro-foco-chega-a-segunda-edicao-em-anapolis\/#webpage","url":"https:\/\/www.radiomanchester.com.br\/fm\/de-jovens-a-idosos-primeiro-foco-chega-a-segunda-edicao-em-anapolis\/","name":"De jovens a idosos: \u201cPrimeiro Foco\u201d chega \u00e0 segunda edi\u00e7\u00e3o em An\u00e1polis - Manchester FM 93,3","isPartOf":{"@id":"https:\/\/www.radiomanchester.com.br\/fm\/#website"},"primaryImageOfPage":{"@id":"https:\/\/www.radiomanchester.com.br\/fm\/de-jovens-a-idosos-primeiro-foco-chega-a-segunda-edicao-em-anapolis\/#primaryimage"},"datePublished":"2025-08-29T10:00:00+00:00","dateModified":"2025-08-28T23:34:54+00:00","author":{"@id":"https:\/\/www.radiomanchester.com.br\/fm\/#\/schema\/person\/408a7b4d4e32cbebd90e2782852abca3"},"breadcrumb":{"@id":"https:\/\/www.radiomanchester.com.br\/fm\/de-jovens-a-idosos-primeiro-foco-chega-a-segunda-edicao-em-anapolis\/#breadcrumb"},"inLanguage":"pt-BR","potentialAction":[{"@type":"ReadAction","target":["https:\/\/www.radiomanchester.com.br\/fm\/de-jovens-a-idosos-primeiro-foco-chega-a-segunda-edicao-em-anapolis\/"]}]},{"@type":"BreadcrumbList","@id":"https:\/\/www.radiomanchester.com.br\/fm\/de-jovens-a-idosos-primeiro-foco-chega-a-segunda-edicao-em-anapolis\/#breadcrumb","itemListElement":[{"@type":"ListItem","position":1,"name":"Home","item":"https:\/\/www.radiomanchester.com.br\/fm\/"},{"@type":"ListItem","position":2,"name":"De jovens a idosos: \u201cPrimeiro Foco\u201d chega \u00e0 segunda edi\u00e7\u00e3o em An\u00e1polis"}]},{"@type":"Person","@id":"https:\/\/www.radiomanchester.com.br\/fm\/#\/schema\/person\/408a7b4d4e32cbebd90e2782852abca3","name":"admin","image":{"@type":"ImageObject","@id":"https:\/\/www.radiomanchester.com.br\/fm\/#personlogo","inLanguage":"pt-BR","url":"https:\/\/secure.gravatar.com\/avatar\/115a974dba3376872eb3addeb276301c?s=96&d=mm&r=g","contentUrl":"https:\/\/secure.gravatar.com\/avatar\/115a974dba3376872eb3addeb276301c?s=96&d=mm&r=g","caption":"admin"},"url":"https:\/\/www.radiomanchester.com.br\/fm\/author\/admin\/"}]}},"_links":{"self":[{"href":"https:\/\/www.radiomanchester.com.br\/fm\/wp-json\/wp\/v2\/posts\/16500"}],"collection":[{"href":"https:\/\/www.radiomanchester.com.br\/fm\/wp-json\/wp\/v2\/posts"}],"about":[{"href":"https:\/\/www.radiomanchester.com.br\/fm\/wp-json\/wp\/v2\/types\/post"}],"author":[{"embeddable":true,"href":"https:\/\/www.radiomanchester.com.br\/fm\/wp-json\/wp\/v2\/users\/1"}],"replies":[{"embeddable":true,"href":"https:\/\/www.radiomanchester.com.br\/fm\/wp-json\/wp\/v2\/comments?post=16500"}],"version-history":[{"count":1,"href":"https:\/\/www.radiomanchester.com.br\/fm\/wp-json\/wp\/v2\/posts\/16500\/revisions"}],"predecessor-version":[{"id":16502,"href":"https:\/\/www.radiomanchester.com.br\/fm\/wp-json\/wp\/v2\/posts\/16500\/revisions\/16502"}],"wp:attachment":[{"href":"https:\/\/www.radiomanchester.com.br\/fm\/wp-json\/wp\/v2\/media?parent=16500"}],"wp:term":[{"taxonomy":"category","embeddable":true,"href":"https:\/\/www.radiomanchester.com.br\/fm\/wp-json\/wp\/v2\/categories?post=16500"},{"taxonomy":"post_tag","embeddable":true,"href":"https:\/\/www.radiomanchester.com.br\/fm\/wp-json\/wp\/v2\/tags?post=16500"}],"curies":[{"name":"wp","href":"https:\/\/api.w.org\/{rel}","templated":true}]}}