{"id":16503,"date":"2025-08-29T20:50:12","date_gmt":"2025-08-29T23:50:12","guid":{"rendered":"https:\/\/www.radiomanchester.com.br\/fm\/?p=16503"},"modified":"2025-08-29T20:50:13","modified_gmt":"2025-08-29T23:50:13","slug":"proposta-do-orcamento-de-2026-preve-salario-minimo-de-r-1-631","status":"publish","type":"post","link":"https:\/\/www.radiomanchester.com.br\/fm\/proposta-do-orcamento-de-2026-preve-salario-minimo-de-r-1-631\/","title":{"rendered":"Proposta do Or\u00e7amento de 2026 prev\u00ea sal\u00e1rio m\u00ednimo de R$ 1.631"},"content":{"rendered":"\n<p><em><strong>Valor representa aumento nominal de 7,44% em rela\u00e7\u00e3o ao atual<\/strong><\/em><\/p>\n\n\n\n<hr class=\"wp-block-separator\"\/>\n\n\n\n<p>A nova regra de corre\u00e7\u00e3o fez o governo elevar a previs\u00e3o para o sal\u00e1rio m\u00ednimo no pr\u00f3ximo ano. O Projeto da Lei Or\u00e7ament\u00e1ria de 2026, enviado na noite desta sexta-feira (29\/08) ao Congresso, prev\u00ea m\u00ednimo de R$ 1.631, R$ 1 mais alto que o valor de R$ 1.630 proposto na Lei de Diretrizes Or\u00e7ament\u00e1rias (LDO).<\/p>\n\n\n\n<p>O valor representa aumento nominal de 7,44% em rela\u00e7\u00e3o ao sal\u00e1rio m\u00ednimo de R$ 1.518 em 2025. A alta obedece \u00e0 regra aprovada no fim do ano passado, que limita o crescimento do sal\u00e1rio m\u00ednimo a 2,5% acima da infla\u00e7\u00e3o do ano anterior.<\/p>\n\n\n\n<p>Pela regra atual, o sal\u00e1rio m\u00ednimo subir\u00e1 o equivalente ao \u00cdndice Nacional de Pre\u00e7os ao Consumidor (INPC) acumulado em 12 meses at\u00e9 novembro de 2025, 4,78%, mais o crescimento de 3,4% do Produto Interno Bruto (PIB, soma das riquezas produzidas no pa\u00eds) de 2024, o que daria valoriza\u00e7\u00e3o de 8,18%. No entanto, h\u00e1 um limite de crescimento de 2,5% acima da infla\u00e7\u00e3o, que reduz o reajuste para 7,44%.<\/p>\n\n\n\n<p>O valor final do sal\u00e1rio m\u00ednimo em 2026 pode ficar ainda maior, caso o INPC at\u00e9 novembro suba mais que o esperado. Com base na infla\u00e7\u00e3o acumulada entre dezembro de 2024 e novembro de 2025, o governo enviar\u00e1 uma mensagem modificativa ao Congresso no in\u00edcio de dezembro.<\/p>\n\n\n\n<p>porAg\u00eancia Brasil<\/p>\n","protected":false},"excerpt":{"rendered":"<p class=\"excerpt\">Valor representa aumento nominal de 7,44% em rela\u00e7\u00e3o ao atual A nova regra de corre\u00e7\u00e3o fez o governo elevar a previs\u00e3o para o sal\u00e1rio m\u00ednimo no pr\u00f3ximo ano. O Projeto da Lei Or\u00e7ament\u00e1ria de 2026, enviado na noite desta sexta-feira (29\/08) ao Congresso, prev\u00ea m\u00ednimo de R$ 1.631, R$ 1 mais alto que o valor [&hellip;]<\/p>\n","protected":false},"author":1,"featured_media":0,"comment_status":"open","ping_status":"open","sticky":false,"template":"","format":"standard","meta":[],"categories":[8,17],"tags":[22,24,113,83,92],"yoast_head":"<!-- This site is optimized with the Yoast SEO plugin v18.3 - https:\/\/yoast.com\/wordpress\/plugins\/seo\/ -->\n<title>Proposta do Or\u00e7amento de 2026 prev\u00ea sal\u00e1rio m\u00ednimo de R$ 1.631 - Manchester FM 93,3<\/title>\n<meta name=\"robots\" content=\"index, follow, max-snippet:-1, max-image-preview:large, max-video-preview:-1\" \/>\n<link rel=\"canonical\" href=\"https:\/\/www.radiomanchester.com.br\/fm\/proposta-do-orcamento-de-2026-preve-salario-minimo-de-r-1-631\/\" \/>\n<meta property=\"og:locale\" content=\"pt_BR\" \/>\n<meta property=\"og:type\" content=\"article\" \/>\n<meta property=\"og:title\" content=\"Proposta do Or\u00e7amento de 2026 prev\u00ea sal\u00e1rio m\u00ednimo de R$ 1.631 - Manchester FM 93,3\" \/>\n<meta property=\"og:description\" content=\"Valor representa aumento nominal de 7,44% em rela\u00e7\u00e3o ao atual A nova regra de corre\u00e7\u00e3o fez o governo elevar a previs\u00e3o para o sal\u00e1rio m\u00ednimo no pr\u00f3ximo ano. O Projeto da Lei Or\u00e7ament\u00e1ria de 2026, enviado na noite desta sexta-feira (29\/08) ao Congresso, prev\u00ea m\u00ednimo de R$ 1.631, R$ 1 mais alto que o valor [&hellip;]\" \/>\n<meta property=\"og:url\" content=\"https:\/\/www.radiomanchester.com.br\/fm\/proposta-do-orcamento-de-2026-preve-salario-minimo-de-r-1-631\/\" \/>\n<meta property=\"og:site_name\" content=\"Manchester FM 93,3\" \/>\n<meta property=\"article:published_time\" content=\"2025-08-29T23:50:12+00:00\" \/>\n<meta property=\"article:modified_time\" content=\"2025-08-29T23:50:13+00:00\" \/>\n<meta name=\"twitter:card\" content=\"summary_large_image\" \/>\n<meta name=\"twitter:label1\" content=\"Escrito por\" \/>\n\t<meta name=\"twitter:data1\" content=\"admin\" \/>\n\t<meta name=\"twitter:label2\" content=\"Est. tempo de leitura\" \/>\n\t<meta name=\"twitter:data2\" content=\"2 minutos\" \/>\n<script type=\"application\/ld+json\" class=\"yoast-schema-graph\">{\"@context\":\"https:\/\/schema.org\",\"@graph\":[{\"@type\":\"WebSite\",\"@id\":\"https:\/\/www.radiomanchester.com.br\/fm\/#website\",\"url\":\"https:\/\/www.radiomanchester.com.br\/fm\/\",\"name\":\"Manchester FM 93,3\",\"description\":\"Todo Mundo Ouve!\",\"potentialAction\":[{\"@type\":\"SearchAction\",\"target\":{\"@type\":\"EntryPoint\",\"urlTemplate\":\"https:\/\/www.radiomanchester.com.br\/fm\/?s={search_term_string}\"},\"query-input\":\"required name=search_term_string\"}],\"inLanguage\":\"pt-BR\"},{\"@type\":\"WebPage\",\"@id\":\"https:\/\/www.radiomanchester.com.br\/fm\/proposta-do-orcamento-de-2026-preve-salario-minimo-de-r-1-631\/#webpage\",\"url\":\"https:\/\/www.radiomanchester.com.br\/fm\/proposta-do-orcamento-de-2026-preve-salario-minimo-de-r-1-631\/\",\"name\":\"Proposta do Or\u00e7amento de 2026 prev\u00ea sal\u00e1rio m\u00ednimo de R$ 1.631 - Manchester FM 93,3\",\"isPartOf\":{\"@id\":\"https:\/\/www.radiomanchester.com.br\/fm\/#website\"},\"datePublished\":\"2025-08-29T23:50:12+00:00\",\"dateModified\":\"2025-08-29T23:50:13+00:00\",\"author\":{\"@id\":\"https:\/\/www.radiomanchester.com.br\/fm\/#\/schema\/person\/408a7b4d4e32cbebd90e2782852abca3\"},\"breadcrumb\":{\"@id\":\"https:\/\/www.radiomanchester.com.br\/fm\/proposta-do-orcamento-de-2026-preve-salario-minimo-de-r-1-631\/#breadcrumb\"},\"inLanguage\":\"pt-BR\",\"potentialAction\":[{\"@type\":\"ReadAction\",\"target\":[\"https:\/\/www.radiomanchester.com.br\/fm\/proposta-do-orcamento-de-2026-preve-salario-minimo-de-r-1-631\/\"]}]},{\"@type\":\"BreadcrumbList\",\"@id\":\"https:\/\/www.radiomanchester.com.br\/fm\/proposta-do-orcamento-de-2026-preve-salario-minimo-de-r-1-631\/#breadcrumb\",\"itemListElement\":[{\"@type\":\"ListItem\",\"position\":1,\"name\":\"Home\",\"item\":\"https:\/\/www.radiomanchester.com.br\/fm\/\"},{\"@type\":\"ListItem\",\"position\":2,\"name\":\"Proposta do Or\u00e7amento de 2026 prev\u00ea sal\u00e1rio m\u00ednimo de R$ 1.631\"}]},{\"@type\":\"Person\",\"@id\":\"https:\/\/www.radiomanchester.com.br\/fm\/#\/schema\/person\/408a7b4d4e32cbebd90e2782852abca3\",\"name\":\"admin\",\"image\":{\"@type\":\"ImageObject\",\"@id\":\"https:\/\/www.radiomanchester.com.br\/fm\/#personlogo\",\"inLanguage\":\"pt-BR\",\"url\":\"https:\/\/secure.gravatar.com\/avatar\/115a974dba3376872eb3addeb276301c?s=96&d=mm&r=g\",\"contentUrl\":\"https:\/\/secure.gravatar.com\/avatar\/115a974dba3376872eb3addeb276301c?s=96&d=mm&r=g\",\"caption\":\"admin\"},\"url\":\"https:\/\/www.radiomanchester.com.br\/fm\/author\/admin\/\"}]}<\/script>\n<!-- \/ Yoast SEO plugin. -->","yoast_head_json":{"title":"Proposta do Or\u00e7amento de 2026 prev\u00ea sal\u00e1rio m\u00ednimo de R$ 1.631 - Manchester FM 93,3","robots":{"index":"index","follow":"follow","max-snippet":"max-snippet:-1","max-image-preview":"max-image-preview:large","max-video-preview":"max-video-preview:-1"},"canonical":"https:\/\/www.radiomanchester.com.br\/fm\/proposta-do-orcamento-de-2026-preve-salario-minimo-de-r-1-631\/","og_locale":"pt_BR","og_type":"article","og_title":"Proposta do Or\u00e7amento de 2026 prev\u00ea sal\u00e1rio m\u00ednimo de R$ 1.631 - Manchester FM 93,3","og_description":"Valor representa aumento nominal de 7,44% em rela\u00e7\u00e3o ao atual A nova regra de corre\u00e7\u00e3o fez o governo elevar a previs\u00e3o para o sal\u00e1rio m\u00ednimo no pr\u00f3ximo ano. O Projeto da Lei Or\u00e7ament\u00e1ria de 2026, enviado na noite desta sexta-feira (29\/08) ao Congresso, prev\u00ea m\u00ednimo de R$ 1.631, R$ 1 mais alto que o valor [&hellip;]","og_url":"https:\/\/www.radiomanchester.com.br\/fm\/proposta-do-orcamento-de-2026-preve-salario-minimo-de-r-1-631\/","og_site_name":"Manchester FM 93,3","article_published_time":"2025-08-29T23:50:12+00:00","article_modified_time":"2025-08-29T23:50:13+00:00","twitter_card":"summary_large_image","twitter_misc":{"Escrito por":"admin","Est. tempo de leitura":"2 minutos"},"schema":{"@context":"https:\/\/schema.org","@graph":[{"@type":"WebSite","@id":"https:\/\/www.radiomanchester.com.br\/fm\/#website","url":"https:\/\/www.radiomanchester.com.br\/fm\/","name":"Manchester FM 93,3","description":"Todo Mundo Ouve!","potentialAction":[{"@type":"SearchAction","target":{"@type":"EntryPoint","urlTemplate":"https:\/\/www.radiomanchester.com.br\/fm\/?s={search_term_string}"},"query-input":"required name=search_term_string"}],"inLanguage":"pt-BR"},{"@type":"WebPage","@id":"https:\/\/www.radiomanchester.com.br\/fm\/proposta-do-orcamento-de-2026-preve-salario-minimo-de-r-1-631\/#webpage","url":"https:\/\/www.radiomanchester.com.br\/fm\/proposta-do-orcamento-de-2026-preve-salario-minimo-de-r-1-631\/","name":"Proposta do Or\u00e7amento de 2026 prev\u00ea sal\u00e1rio m\u00ednimo de R$ 1.631 - Manchester FM 93,3","isPartOf":{"@id":"https:\/\/www.radiomanchester.com.br\/fm\/#website"},"datePublished":"2025-08-29T23:50:12+00:00","dateModified":"2025-08-29T23:50:13+00:00","author":{"@id":"https:\/\/www.radiomanchester.com.br\/fm\/#\/schema\/person\/408a7b4d4e32cbebd90e2782852abca3"},"breadcrumb":{"@id":"https:\/\/www.radiomanchester.com.br\/fm\/proposta-do-orcamento-de-2026-preve-salario-minimo-de-r-1-631\/#breadcrumb"},"inLanguage":"pt-BR","potentialAction":[{"@type":"ReadAction","target":["https:\/\/www.radiomanchester.com.br\/fm\/proposta-do-orcamento-de-2026-preve-salario-minimo-de-r-1-631\/"]}]},{"@type":"BreadcrumbList","@id":"https:\/\/www.radiomanchester.com.br\/fm\/proposta-do-orcamento-de-2026-preve-salario-minimo-de-r-1-631\/#breadcrumb","itemListElement":[{"@type":"ListItem","position":1,"name":"Home","item":"https:\/\/www.radiomanchester.com.br\/fm\/"},{"@type":"ListItem","position":2,"name":"Proposta do Or\u00e7amento de 2026 prev\u00ea sal\u00e1rio m\u00ednimo de R$ 1.631"}]},{"@type":"Person","@id":"https:\/\/www.radiomanchester.com.br\/fm\/#\/schema\/person\/408a7b4d4e32cbebd90e2782852abca3","name":"admin","image":{"@type":"ImageObject","@id":"https:\/\/www.radiomanchester.com.br\/fm\/#personlogo","inLanguage":"pt-BR","url":"https:\/\/secure.gravatar.com\/avatar\/115a974dba3376872eb3addeb276301c?s=96&d=mm&r=g","contentUrl":"https:\/\/secure.gravatar.com\/avatar\/115a974dba3376872eb3addeb276301c?s=96&d=mm&r=g","caption":"admin"},"url":"https:\/\/www.radiomanchester.com.br\/fm\/author\/admin\/"}]}},"_links":{"self":[{"href":"https:\/\/www.radiomanchester.com.br\/fm\/wp-json\/wp\/v2\/posts\/16503"}],"collection":[{"href":"https:\/\/www.radiomanchester.com.br\/fm\/wp-json\/wp\/v2\/posts"}],"about":[{"href":"https:\/\/www.radiomanchester.com.br\/fm\/wp-json\/wp\/v2\/types\/post"}],"author":[{"embeddable":true,"href":"https:\/\/www.radiomanchester.com.br\/fm\/wp-json\/wp\/v2\/users\/1"}],"replies":[{"embeddable":true,"href":"https:\/\/www.radiomanchester.com.br\/fm\/wp-json\/wp\/v2\/comments?post=16503"}],"version-history":[{"count":1,"href":"https:\/\/www.radiomanchester.com.br\/fm\/wp-json\/wp\/v2\/posts\/16503\/revisions"}],"predecessor-version":[{"id":16504,"href":"https:\/\/www.radiomanchester.com.br\/fm\/wp-json\/wp\/v2\/posts\/16503\/revisions\/16504"}],"wp:attachment":[{"href":"https:\/\/www.radiomanchester.com.br\/fm\/wp-json\/wp\/v2\/media?parent=16503"}],"wp:term":[{"taxonomy":"category","embeddable":true,"href":"https:\/\/www.radiomanchester.com.br\/fm\/wp-json\/wp\/v2\/categories?post=16503"},{"taxonomy":"post_tag","embeddable":true,"href":"https:\/\/www.radiomanchester.com.br\/fm\/wp-json\/wp\/v2\/tags?post=16503"}],"curies":[{"name":"wp","href":"https:\/\/api.w.org\/{rel}","templated":true}]}}