{"id":16548,"date":"2025-09-09T16:24:42","date_gmt":"2025-09-09T19:24:42","guid":{"rendered":"https:\/\/www.radiomanchester.com.br\/fm\/?p=16548"},"modified":"2025-09-09T16:24:44","modified_gmt":"2025-09-09T19:24:44","slug":"pesquisa-do-procon-aponta-variacao-de-ate-100-em-itens-da-cesta-basica-em-anapolis","status":"publish","type":"post","link":"https:\/\/www.radiomanchester.com.br\/fm\/pesquisa-do-procon-aponta-variacao-de-ate-100-em-itens-da-cesta-basica-em-anapolis\/","title":{"rendered":"Pesquisa do Procon aponta varia\u00e7\u00e3o de at\u00e9 100% em itens da cesta b\u00e1sica em An\u00e1polis"},"content":{"rendered":"\n<p>O Procon An\u00e1polis realizou uma pesquisa comparativa de pre\u00e7os de itens da cesta b\u00e1sica entre os dias 1\u00ba e 5 de setembro. Foram visitados seis estabelecimentos comerciais na cidade, avaliando-se o valor de mais de 20 produtos considerados essenciais no dia a dia.<\/p>\n\n\n\n<p>Durante a pesquisa, os agentes fiscalizadores estiveram nos supermercados P\u00e9rola, Rio Vermelho, Floresta, Alvorada, Hiper Vi e Super Vi.<\/p>\n\n\n\n<p>O tomate apresentou a maior varia\u00e7\u00e3o de pre\u00e7o: o valor mais alto foi encontrado no Hiper Vi, a R$5,99, enquanto o menor pre\u00e7o estava nos supermercados Alvorada e Floresta, a R$2,99, registrando uma diferen\u00e7a de 100%.<\/p>\n\n\n\n<p>Outros itens tamb\u00e9m registraram grande varia\u00e7\u00e3o, como o feij\u00e3o carioquinha (97%), a batata inglesa (82%) e o sab\u00e3o em p\u00f3 (72%).<\/p>\n\n\n\n<p>Segundo a pesquisa, o gasto m\u00e9dio de um indiv\u00edduo que recebe um sal\u00e1rio m\u00ednimo \u00e9 de R$566,31, o que representa 37,3% da renda mensal. Na compara\u00e7\u00e3o entre agosto e setembro, foi identificada uma redu\u00e7\u00e3o de R$30,69 (trinta reais e sessenta e nove centavos).<\/p>\n\n\n\n<p>De acordo com o Procon, \u00e9 fundamental que os consumidores estejam atentos \u00e0s regulamenta\u00e7\u00f5es que protegem seus direitos, com especial cuidado \u00e0s informa\u00e7\u00f5es presentes nos r\u00f3tulos dos produtos.<\/p>\n\n\n\n<p>O \u00f3rg\u00e3o orienta que, em caso de suspeita de irregularidades, o consumidor deve entrar em contato diretamente pelo Zap da Prefeitura, no n\u00famero (62) 98551-6888, ou pelo telefone (62)\u00a098551-8185.<\/p>\n\n\n\n<div class=\"wp-block-file\"><object class=\"wp-block-file__embed\" data=\"https:\/\/www.radiomanchester.com.br\/fm\/wp-content\/uploads\/2025\/09\/cesta-basica-plan-e-rel.pdf\" type=\"application\/pdf\" style=\"width:100%;height:600px\" aria-label=\"Incorporado de cesta-basica-plan-e-rel.\"><\/object><a id=\"wp-block-file--media-6f0e2803-8cf2-4572-9e0c-36a282507a82\" href=\"https:\/\/www.radiomanchester.com.br\/fm\/wp-content\/uploads\/2025\/09\/cesta-basica-plan-e-rel.pdf\">cesta-basica-plan-e-rel<\/a><a href=\"https:\/\/www.radiomanchester.com.br\/fm\/wp-content\/uploads\/2025\/09\/cesta-basica-plan-e-rel.pdf\" class=\"wp-block-file__button\" download aria-describedby=\"wp-block-file--media-6f0e2803-8cf2-4572-9e0c-36a282507a82\">Baixar<\/a><\/div>\n","protected":false},"excerpt":{"rendered":"<p class=\"excerpt\">O Procon An\u00e1polis realizou uma pesquisa comparativa de pre\u00e7os de itens da cesta b\u00e1sica entre os dias 1\u00ba e 5 de setembro. Foram visitados seis estabelecimentos comerciais na cidade, avaliando-se o valor de mais de 20 produtos considerados essenciais no dia a dia. Durante a pesquisa, os agentes fiscalizadores estiveram nos supermercados P\u00e9rola, Rio Vermelho, [&hellip;]<\/p>\n","protected":false},"author":1,"featured_media":0,"comment_status":"open","ping_status":"open","sticky":false,"template":"","format":"standard","meta":[],"categories":[8,17],"tags":[22,24,113,83,129,92],"yoast_head":"<!-- This site is optimized with the Yoast SEO plugin v18.3 - https:\/\/yoast.com\/wordpress\/plugins\/seo\/ -->\n<title>Pesquisa do Procon aponta varia\u00e7\u00e3o de at\u00e9 100% em itens da cesta b\u00e1sica em An\u00e1polis - Manchester FM 93,3<\/title>\n<meta name=\"robots\" content=\"index, follow, max-snippet:-1, max-image-preview:large, max-video-preview:-1\" \/>\n<link rel=\"canonical\" href=\"https:\/\/www.radiomanchester.com.br\/fm\/pesquisa-do-procon-aponta-variacao-de-ate-100-em-itens-da-cesta-basica-em-anapolis\/\" \/>\n<meta property=\"og:locale\" content=\"pt_BR\" \/>\n<meta property=\"og:type\" content=\"article\" \/>\n<meta property=\"og:title\" content=\"Pesquisa do Procon aponta varia\u00e7\u00e3o de at\u00e9 100% em itens da cesta b\u00e1sica em An\u00e1polis - Manchester FM 93,3\" \/>\n<meta property=\"og:description\" content=\"O Procon An\u00e1polis realizou uma pesquisa comparativa de pre\u00e7os de itens da cesta b\u00e1sica entre os dias 1\u00ba e 5 de setembro. Foram visitados seis estabelecimentos comerciais na cidade, avaliando-se o valor de mais de 20 produtos considerados essenciais no dia a dia. Durante a pesquisa, os agentes fiscalizadores estiveram nos supermercados P\u00e9rola, Rio Vermelho, [&hellip;]\" \/>\n<meta property=\"og:url\" content=\"https:\/\/www.radiomanchester.com.br\/fm\/pesquisa-do-procon-aponta-variacao-de-ate-100-em-itens-da-cesta-basica-em-anapolis\/\" \/>\n<meta property=\"og:site_name\" content=\"Manchester FM 93,3\" \/>\n<meta property=\"article:published_time\" content=\"2025-09-09T19:24:42+00:00\" \/>\n<meta property=\"article:modified_time\" content=\"2025-09-09T19:24:44+00:00\" \/>\n<meta name=\"twitter:card\" content=\"summary_large_image\" \/>\n<meta name=\"twitter:label1\" content=\"Escrito por\" \/>\n\t<meta name=\"twitter:data1\" content=\"admin\" \/>\n\t<meta name=\"twitter:label2\" content=\"Est. tempo de leitura\" \/>\n\t<meta name=\"twitter:data2\" content=\"2 minutos\" \/>\n<script type=\"application\/ld+json\" class=\"yoast-schema-graph\">{\"@context\":\"https:\/\/schema.org\",\"@graph\":[{\"@type\":\"WebSite\",\"@id\":\"https:\/\/www.radiomanchester.com.br\/fm\/#website\",\"url\":\"https:\/\/www.radiomanchester.com.br\/fm\/\",\"name\":\"Manchester FM 93,3\",\"description\":\"Todo Mundo Ouve!\",\"potentialAction\":[{\"@type\":\"SearchAction\",\"target\":{\"@type\":\"EntryPoint\",\"urlTemplate\":\"https:\/\/www.radiomanchester.com.br\/fm\/?s={search_term_string}\"},\"query-input\":\"required name=search_term_string\"}],\"inLanguage\":\"pt-BR\"},{\"@type\":\"WebPage\",\"@id\":\"https:\/\/www.radiomanchester.com.br\/fm\/pesquisa-do-procon-aponta-variacao-de-ate-100-em-itens-da-cesta-basica-em-anapolis\/#webpage\",\"url\":\"https:\/\/www.radiomanchester.com.br\/fm\/pesquisa-do-procon-aponta-variacao-de-ate-100-em-itens-da-cesta-basica-em-anapolis\/\",\"name\":\"Pesquisa do Procon aponta varia\u00e7\u00e3o de at\u00e9 100% em itens da cesta b\u00e1sica em An\u00e1polis - Manchester FM 93,3\",\"isPartOf\":{\"@id\":\"https:\/\/www.radiomanchester.com.br\/fm\/#website\"},\"datePublished\":\"2025-09-09T19:24:42+00:00\",\"dateModified\":\"2025-09-09T19:24:44+00:00\",\"author\":{\"@id\":\"https:\/\/www.radiomanchester.com.br\/fm\/#\/schema\/person\/408a7b4d4e32cbebd90e2782852abca3\"},\"breadcrumb\":{\"@id\":\"https:\/\/www.radiomanchester.com.br\/fm\/pesquisa-do-procon-aponta-variacao-de-ate-100-em-itens-da-cesta-basica-em-anapolis\/#breadcrumb\"},\"inLanguage\":\"pt-BR\",\"potentialAction\":[{\"@type\":\"ReadAction\",\"target\":[\"https:\/\/www.radiomanchester.com.br\/fm\/pesquisa-do-procon-aponta-variacao-de-ate-100-em-itens-da-cesta-basica-em-anapolis\/\"]}]},{\"@type\":\"BreadcrumbList\",\"@id\":\"https:\/\/www.radiomanchester.com.br\/fm\/pesquisa-do-procon-aponta-variacao-de-ate-100-em-itens-da-cesta-basica-em-anapolis\/#breadcrumb\",\"itemListElement\":[{\"@type\":\"ListItem\",\"position\":1,\"name\":\"Home\",\"item\":\"https:\/\/www.radiomanchester.com.br\/fm\/\"},{\"@type\":\"ListItem\",\"position\":2,\"name\":\"Pesquisa do Procon aponta varia\u00e7\u00e3o de at\u00e9 100% em itens da cesta b\u00e1sica em An\u00e1polis\"}]},{\"@type\":\"Person\",\"@id\":\"https:\/\/www.radiomanchester.com.br\/fm\/#\/schema\/person\/408a7b4d4e32cbebd90e2782852abca3\",\"name\":\"admin\",\"image\":{\"@type\":\"ImageObject\",\"@id\":\"https:\/\/www.radiomanchester.com.br\/fm\/#personlogo\",\"inLanguage\":\"pt-BR\",\"url\":\"https:\/\/secure.gravatar.com\/avatar\/115a974dba3376872eb3addeb276301c?s=96&d=mm&r=g\",\"contentUrl\":\"https:\/\/secure.gravatar.com\/avatar\/115a974dba3376872eb3addeb276301c?s=96&d=mm&r=g\",\"caption\":\"admin\"},\"url\":\"https:\/\/www.radiomanchester.com.br\/fm\/author\/admin\/\"}]}<\/script>\n<!-- \/ Yoast SEO plugin. -->","yoast_head_json":{"title":"Pesquisa do Procon aponta varia\u00e7\u00e3o de at\u00e9 100% em itens da cesta b\u00e1sica em An\u00e1polis - Manchester FM 93,3","robots":{"index":"index","follow":"follow","max-snippet":"max-snippet:-1","max-image-preview":"max-image-preview:large","max-video-preview":"max-video-preview:-1"},"canonical":"https:\/\/www.radiomanchester.com.br\/fm\/pesquisa-do-procon-aponta-variacao-de-ate-100-em-itens-da-cesta-basica-em-anapolis\/","og_locale":"pt_BR","og_type":"article","og_title":"Pesquisa do Procon aponta varia\u00e7\u00e3o de at\u00e9 100% em itens da cesta b\u00e1sica em An\u00e1polis - Manchester FM 93,3","og_description":"O Procon An\u00e1polis realizou uma pesquisa comparativa de pre\u00e7os de itens da cesta b\u00e1sica entre os dias 1\u00ba e 5 de setembro. Foram visitados seis estabelecimentos comerciais na cidade, avaliando-se o valor de mais de 20 produtos considerados essenciais no dia a dia. Durante a pesquisa, os agentes fiscalizadores estiveram nos supermercados P\u00e9rola, Rio Vermelho, [&hellip;]","og_url":"https:\/\/www.radiomanchester.com.br\/fm\/pesquisa-do-procon-aponta-variacao-de-ate-100-em-itens-da-cesta-basica-em-anapolis\/","og_site_name":"Manchester FM 93,3","article_published_time":"2025-09-09T19:24:42+00:00","article_modified_time":"2025-09-09T19:24:44+00:00","twitter_card":"summary_large_image","twitter_misc":{"Escrito por":"admin","Est. tempo de leitura":"2 minutos"},"schema":{"@context":"https:\/\/schema.org","@graph":[{"@type":"WebSite","@id":"https:\/\/www.radiomanchester.com.br\/fm\/#website","url":"https:\/\/www.radiomanchester.com.br\/fm\/","name":"Manchester FM 93,3","description":"Todo Mundo Ouve!","potentialAction":[{"@type":"SearchAction","target":{"@type":"EntryPoint","urlTemplate":"https:\/\/www.radiomanchester.com.br\/fm\/?s={search_term_string}"},"query-input":"required name=search_term_string"}],"inLanguage":"pt-BR"},{"@type":"WebPage","@id":"https:\/\/www.radiomanchester.com.br\/fm\/pesquisa-do-procon-aponta-variacao-de-ate-100-em-itens-da-cesta-basica-em-anapolis\/#webpage","url":"https:\/\/www.radiomanchester.com.br\/fm\/pesquisa-do-procon-aponta-variacao-de-ate-100-em-itens-da-cesta-basica-em-anapolis\/","name":"Pesquisa do Procon aponta varia\u00e7\u00e3o de at\u00e9 100% em itens da cesta b\u00e1sica em An\u00e1polis - Manchester FM 93,3","isPartOf":{"@id":"https:\/\/www.radiomanchester.com.br\/fm\/#website"},"datePublished":"2025-09-09T19:24:42+00:00","dateModified":"2025-09-09T19:24:44+00:00","author":{"@id":"https:\/\/www.radiomanchester.com.br\/fm\/#\/schema\/person\/408a7b4d4e32cbebd90e2782852abca3"},"breadcrumb":{"@id":"https:\/\/www.radiomanchester.com.br\/fm\/pesquisa-do-procon-aponta-variacao-de-ate-100-em-itens-da-cesta-basica-em-anapolis\/#breadcrumb"},"inLanguage":"pt-BR","potentialAction":[{"@type":"ReadAction","target":["https:\/\/www.radiomanchester.com.br\/fm\/pesquisa-do-procon-aponta-variacao-de-ate-100-em-itens-da-cesta-basica-em-anapolis\/"]}]},{"@type":"BreadcrumbList","@id":"https:\/\/www.radiomanchester.com.br\/fm\/pesquisa-do-procon-aponta-variacao-de-ate-100-em-itens-da-cesta-basica-em-anapolis\/#breadcrumb","itemListElement":[{"@type":"ListItem","position":1,"name":"Home","item":"https:\/\/www.radiomanchester.com.br\/fm\/"},{"@type":"ListItem","position":2,"name":"Pesquisa do Procon aponta varia\u00e7\u00e3o de at\u00e9 100% em itens da cesta b\u00e1sica em An\u00e1polis"}]},{"@type":"Person","@id":"https:\/\/www.radiomanchester.com.br\/fm\/#\/schema\/person\/408a7b4d4e32cbebd90e2782852abca3","name":"admin","image":{"@type":"ImageObject","@id":"https:\/\/www.radiomanchester.com.br\/fm\/#personlogo","inLanguage":"pt-BR","url":"https:\/\/secure.gravatar.com\/avatar\/115a974dba3376872eb3addeb276301c?s=96&d=mm&r=g","contentUrl":"https:\/\/secure.gravatar.com\/avatar\/115a974dba3376872eb3addeb276301c?s=96&d=mm&r=g","caption":"admin"},"url":"https:\/\/www.radiomanchester.com.br\/fm\/author\/admin\/"}]}},"_links":{"self":[{"href":"https:\/\/www.radiomanchester.com.br\/fm\/wp-json\/wp\/v2\/posts\/16548"}],"collection":[{"href":"https:\/\/www.radiomanchester.com.br\/fm\/wp-json\/wp\/v2\/posts"}],"about":[{"href":"https:\/\/www.radiomanchester.com.br\/fm\/wp-json\/wp\/v2\/types\/post"}],"author":[{"embeddable":true,"href":"https:\/\/www.radiomanchester.com.br\/fm\/wp-json\/wp\/v2\/users\/1"}],"replies":[{"embeddable":true,"href":"https:\/\/www.radiomanchester.com.br\/fm\/wp-json\/wp\/v2\/comments?post=16548"}],"version-history":[{"count":1,"href":"https:\/\/www.radiomanchester.com.br\/fm\/wp-json\/wp\/v2\/posts\/16548\/revisions"}],"predecessor-version":[{"id":16550,"href":"https:\/\/www.radiomanchester.com.br\/fm\/wp-json\/wp\/v2\/posts\/16548\/revisions\/16550"}],"wp:attachment":[{"href":"https:\/\/www.radiomanchester.com.br\/fm\/wp-json\/wp\/v2\/media?parent=16548"}],"wp:term":[{"taxonomy":"category","embeddable":true,"href":"https:\/\/www.radiomanchester.com.br\/fm\/wp-json\/wp\/v2\/categories?post=16548"},{"taxonomy":"post_tag","embeddable":true,"href":"https:\/\/www.radiomanchester.com.br\/fm\/wp-json\/wp\/v2\/tags?post=16548"}],"curies":[{"name":"wp","href":"https:\/\/api.w.org\/{rel}","templated":true}]}}