{"id":16553,"date":"2025-09-12T07:00:00","date_gmt":"2025-09-12T10:00:00","guid":{"rendered":"https:\/\/www.radiomanchester.com.br\/fm\/?p=16553"},"modified":"2025-09-09T16:57:02","modified_gmt":"2025-09-09T19:57:02","slug":"reconhecimento-38-psicologos-anapolinos-serao-homenageados-em-sessao-solene-na-camara-de-anapolis","status":"publish","type":"post","link":"https:\/\/www.radiomanchester.com.br\/fm\/reconhecimento-38-psicologos-anapolinos-serao-homenageados-em-sessao-solene-na-camara-de-anapolis\/","title":{"rendered":"Reconhecimento: 38 psic\u00f3logos anapolinos ser\u00e3o homenageados em Sess\u00e3o Solene na C\u00e2mara de An\u00e1polis"},"content":{"rendered":"\n<p><\/p>\n\n\n\n<p>A C\u00e2mara Municipal de An\u00e1polis realiza, no dia 12 de setembro, \u00e0s 19h, a Sess\u00e3o Solene em homenagem ao Dia do Psic\u00f3logo, iniciativa do vereador Professor Marcos (PT). Pelo quinto ano consecutivo, a homenagem se tornou um momento especial e j\u00e1 faz parte do calend\u00e1rio da Casa, celebrando e reconhecendo o trabalho de 38 psic\u00f3logos que se destacam na promo\u00e7\u00e3o da sa\u00fade mental e do bem-estar coletivo.<\/p>\n\n\n\n<p>A data, comemorada em 27 de agosto, marca a regulamenta\u00e7\u00e3o da profiss\u00e3o no Brasil pela Lei n\u00ba 4.119\/1962. Desde ent\u00e3o, a Psicologia se consolidou como uma \u00e1rea essencial para o cuidado emocional, preven\u00e7\u00e3o de transtornos e apoio no enfrentamento de crises pessoais e sociais.<\/p>\n\n\n\n<p>Professor Marcos, que tamb\u00e9m \u00e9 psic\u00f3logo, refor\u00e7a a import\u00e2ncia da solenidade. \u201cVivemos tempos em que falar de sa\u00fade mental \u00e9 uma necessidade urgente. Os psic\u00f3logos t\u00eam um papel fundamental na promo\u00e7\u00e3o do equil\u00edbrio emocional, no enfrentamento de crises e na constru\u00e7\u00e3o de uma sociedade mais saud\u00e1vel. Homenagear esses 38 profissionais \u00e9 uma forma de agradecer por tudo o que eles representam na vida de tantas pessoas\u201d, destacou o parlamentar.<\/p>\n\n\n\n<p>A Sess\u00e3o ser\u00e1 aberta ao p\u00fablico e deve reunir autoridades, familiares e representantes de entidades ligadas \u00e0 Psicologia.<\/p>\n\n\n\n<p><strong>Servi\u00e7o:<br><\/strong>Local: C\u00e2mara Municipal de An\u00e1polis<br>Data: 12 de setembro<br>Hor\u00e1rio: 19h<br>Evento: Sess\u00e3o Solene em homenagem ao Dia do Psic\u00f3logo \u2013 5\u00ba ano consecutivo<br>Entrada:\u00a0Gratuita<\/p>\n","protected":false},"excerpt":{"rendered":"<p class=\"excerpt\">A C\u00e2mara Municipal de An\u00e1polis realiza, no dia 12 de setembro, \u00e0s 19h, a Sess\u00e3o Solene em homenagem ao Dia do Psic\u00f3logo, iniciativa do vereador Professor Marcos (PT). Pelo quinto ano consecutivo, a homenagem se tornou um momento especial e j\u00e1 faz parte do calend\u00e1rio da Casa, celebrando e reconhecendo o trabalho de 38 psic\u00f3logos [&hellip;]<\/p>\n","protected":false},"author":1,"featured_media":0,"comment_status":"open","ping_status":"open","sticky":false,"template":"","format":"standard","meta":[],"categories":[8,17],"tags":[22,24,113,83,92],"yoast_head":"<!-- This site is optimized with the Yoast SEO plugin v18.3 - https:\/\/yoast.com\/wordpress\/plugins\/seo\/ -->\n<title>Reconhecimento: 38 psic\u00f3logos anapolinos ser\u00e3o homenageados em Sess\u00e3o Solene na C\u00e2mara de An\u00e1polis - Manchester FM 93,3<\/title>\n<meta name=\"robots\" content=\"index, follow, max-snippet:-1, max-image-preview:large, max-video-preview:-1\" \/>\n<link rel=\"canonical\" href=\"https:\/\/www.radiomanchester.com.br\/fm\/reconhecimento-38-psicologos-anapolinos-serao-homenageados-em-sessao-solene-na-camara-de-anapolis\/\" \/>\n<meta property=\"og:locale\" content=\"pt_BR\" \/>\n<meta property=\"og:type\" content=\"article\" \/>\n<meta property=\"og:title\" content=\"Reconhecimento: 38 psic\u00f3logos anapolinos ser\u00e3o homenageados em Sess\u00e3o Solene na C\u00e2mara de An\u00e1polis - Manchester FM 93,3\" \/>\n<meta property=\"og:description\" content=\"A C\u00e2mara Municipal de An\u00e1polis realiza, no dia 12 de setembro, \u00e0s 19h, a Sess\u00e3o Solene em homenagem ao Dia do Psic\u00f3logo, iniciativa do vereador Professor Marcos (PT). Pelo quinto ano consecutivo, a homenagem se tornou um momento especial e j\u00e1 faz parte do calend\u00e1rio da Casa, celebrando e reconhecendo o trabalho de 38 psic\u00f3logos [&hellip;]\" \/>\n<meta property=\"og:url\" content=\"https:\/\/www.radiomanchester.com.br\/fm\/reconhecimento-38-psicologos-anapolinos-serao-homenageados-em-sessao-solene-na-camara-de-anapolis\/\" \/>\n<meta property=\"og:site_name\" content=\"Manchester FM 93,3\" \/>\n<meta property=\"article:published_time\" content=\"2025-09-12T10:00:00+00:00\" \/>\n<meta property=\"article:modified_time\" content=\"2025-09-09T19:57:02+00:00\" \/>\n<meta name=\"twitter:card\" content=\"summary_large_image\" \/>\n<meta name=\"twitter:label1\" content=\"Escrito por\" \/>\n\t<meta name=\"twitter:data1\" content=\"admin\" \/>\n\t<meta name=\"twitter:label2\" content=\"Est. tempo de leitura\" \/>\n\t<meta name=\"twitter:data2\" content=\"2 minutos\" \/>\n<script type=\"application\/ld+json\" class=\"yoast-schema-graph\">{\"@context\":\"https:\/\/schema.org\",\"@graph\":[{\"@type\":\"WebSite\",\"@id\":\"https:\/\/www.radiomanchester.com.br\/fm\/#website\",\"url\":\"https:\/\/www.radiomanchester.com.br\/fm\/\",\"name\":\"Manchester FM 93,3\",\"description\":\"Todo Mundo Ouve!\",\"potentialAction\":[{\"@type\":\"SearchAction\",\"target\":{\"@type\":\"EntryPoint\",\"urlTemplate\":\"https:\/\/www.radiomanchester.com.br\/fm\/?s={search_term_string}\"},\"query-input\":\"required name=search_term_string\"}],\"inLanguage\":\"pt-BR\"},{\"@type\":\"WebPage\",\"@id\":\"https:\/\/www.radiomanchester.com.br\/fm\/reconhecimento-38-psicologos-anapolinos-serao-homenageados-em-sessao-solene-na-camara-de-anapolis\/#webpage\",\"url\":\"https:\/\/www.radiomanchester.com.br\/fm\/reconhecimento-38-psicologos-anapolinos-serao-homenageados-em-sessao-solene-na-camara-de-anapolis\/\",\"name\":\"Reconhecimento: 38 psic\u00f3logos anapolinos ser\u00e3o homenageados em Sess\u00e3o Solene na C\u00e2mara de An\u00e1polis - Manchester FM 93,3\",\"isPartOf\":{\"@id\":\"https:\/\/www.radiomanchester.com.br\/fm\/#website\"},\"datePublished\":\"2025-09-12T10:00:00+00:00\",\"dateModified\":\"2025-09-09T19:57:02+00:00\",\"author\":{\"@id\":\"https:\/\/www.radiomanchester.com.br\/fm\/#\/schema\/person\/408a7b4d4e32cbebd90e2782852abca3\"},\"breadcrumb\":{\"@id\":\"https:\/\/www.radiomanchester.com.br\/fm\/reconhecimento-38-psicologos-anapolinos-serao-homenageados-em-sessao-solene-na-camara-de-anapolis\/#breadcrumb\"},\"inLanguage\":\"pt-BR\",\"potentialAction\":[{\"@type\":\"ReadAction\",\"target\":[\"https:\/\/www.radiomanchester.com.br\/fm\/reconhecimento-38-psicologos-anapolinos-serao-homenageados-em-sessao-solene-na-camara-de-anapolis\/\"]}]},{\"@type\":\"BreadcrumbList\",\"@id\":\"https:\/\/www.radiomanchester.com.br\/fm\/reconhecimento-38-psicologos-anapolinos-serao-homenageados-em-sessao-solene-na-camara-de-anapolis\/#breadcrumb\",\"itemListElement\":[{\"@type\":\"ListItem\",\"position\":1,\"name\":\"Home\",\"item\":\"https:\/\/www.radiomanchester.com.br\/fm\/\"},{\"@type\":\"ListItem\",\"position\":2,\"name\":\"Reconhecimento: 38 psic\u00f3logos anapolinos ser\u00e3o homenageados em Sess\u00e3o Solene na C\u00e2mara de An\u00e1polis\"}]},{\"@type\":\"Person\",\"@id\":\"https:\/\/www.radiomanchester.com.br\/fm\/#\/schema\/person\/408a7b4d4e32cbebd90e2782852abca3\",\"name\":\"admin\",\"image\":{\"@type\":\"ImageObject\",\"@id\":\"https:\/\/www.radiomanchester.com.br\/fm\/#personlogo\",\"inLanguage\":\"pt-BR\",\"url\":\"https:\/\/secure.gravatar.com\/avatar\/115a974dba3376872eb3addeb276301c?s=96&d=mm&r=g\",\"contentUrl\":\"https:\/\/secure.gravatar.com\/avatar\/115a974dba3376872eb3addeb276301c?s=96&d=mm&r=g\",\"caption\":\"admin\"},\"url\":\"https:\/\/www.radiomanchester.com.br\/fm\/author\/admin\/\"}]}<\/script>\n<!-- \/ Yoast SEO plugin. -->","yoast_head_json":{"title":"Reconhecimento: 38 psic\u00f3logos anapolinos ser\u00e3o homenageados em Sess\u00e3o Solene na C\u00e2mara de An\u00e1polis - Manchester FM 93,3","robots":{"index":"index","follow":"follow","max-snippet":"max-snippet:-1","max-image-preview":"max-image-preview:large","max-video-preview":"max-video-preview:-1"},"canonical":"https:\/\/www.radiomanchester.com.br\/fm\/reconhecimento-38-psicologos-anapolinos-serao-homenageados-em-sessao-solene-na-camara-de-anapolis\/","og_locale":"pt_BR","og_type":"article","og_title":"Reconhecimento: 38 psic\u00f3logos anapolinos ser\u00e3o homenageados em Sess\u00e3o Solene na C\u00e2mara de An\u00e1polis - Manchester FM 93,3","og_description":"A C\u00e2mara Municipal de An\u00e1polis realiza, no dia 12 de setembro, \u00e0s 19h, a Sess\u00e3o Solene em homenagem ao Dia do Psic\u00f3logo, iniciativa do vereador Professor Marcos (PT). Pelo quinto ano consecutivo, a homenagem se tornou um momento especial e j\u00e1 faz parte do calend\u00e1rio da Casa, celebrando e reconhecendo o trabalho de 38 psic\u00f3logos [&hellip;]","og_url":"https:\/\/www.radiomanchester.com.br\/fm\/reconhecimento-38-psicologos-anapolinos-serao-homenageados-em-sessao-solene-na-camara-de-anapolis\/","og_site_name":"Manchester FM 93,3","article_published_time":"2025-09-12T10:00:00+00:00","article_modified_time":"2025-09-09T19:57:02+00:00","twitter_card":"summary_large_image","twitter_misc":{"Escrito por":"admin","Est. tempo de leitura":"2 minutos"},"schema":{"@context":"https:\/\/schema.org","@graph":[{"@type":"WebSite","@id":"https:\/\/www.radiomanchester.com.br\/fm\/#website","url":"https:\/\/www.radiomanchester.com.br\/fm\/","name":"Manchester FM 93,3","description":"Todo Mundo Ouve!","potentialAction":[{"@type":"SearchAction","target":{"@type":"EntryPoint","urlTemplate":"https:\/\/www.radiomanchester.com.br\/fm\/?s={search_term_string}"},"query-input":"required name=search_term_string"}],"inLanguage":"pt-BR"},{"@type":"WebPage","@id":"https:\/\/www.radiomanchester.com.br\/fm\/reconhecimento-38-psicologos-anapolinos-serao-homenageados-em-sessao-solene-na-camara-de-anapolis\/#webpage","url":"https:\/\/www.radiomanchester.com.br\/fm\/reconhecimento-38-psicologos-anapolinos-serao-homenageados-em-sessao-solene-na-camara-de-anapolis\/","name":"Reconhecimento: 38 psic\u00f3logos anapolinos ser\u00e3o homenageados em Sess\u00e3o Solene na C\u00e2mara de An\u00e1polis - Manchester FM 93,3","isPartOf":{"@id":"https:\/\/www.radiomanchester.com.br\/fm\/#website"},"datePublished":"2025-09-12T10:00:00+00:00","dateModified":"2025-09-09T19:57:02+00:00","author":{"@id":"https:\/\/www.radiomanchester.com.br\/fm\/#\/schema\/person\/408a7b4d4e32cbebd90e2782852abca3"},"breadcrumb":{"@id":"https:\/\/www.radiomanchester.com.br\/fm\/reconhecimento-38-psicologos-anapolinos-serao-homenageados-em-sessao-solene-na-camara-de-anapolis\/#breadcrumb"},"inLanguage":"pt-BR","potentialAction":[{"@type":"ReadAction","target":["https:\/\/www.radiomanchester.com.br\/fm\/reconhecimento-38-psicologos-anapolinos-serao-homenageados-em-sessao-solene-na-camara-de-anapolis\/"]}]},{"@type":"BreadcrumbList","@id":"https:\/\/www.radiomanchester.com.br\/fm\/reconhecimento-38-psicologos-anapolinos-serao-homenageados-em-sessao-solene-na-camara-de-anapolis\/#breadcrumb","itemListElement":[{"@type":"ListItem","position":1,"name":"Home","item":"https:\/\/www.radiomanchester.com.br\/fm\/"},{"@type":"ListItem","position":2,"name":"Reconhecimento: 38 psic\u00f3logos anapolinos ser\u00e3o homenageados em Sess\u00e3o Solene na C\u00e2mara de An\u00e1polis"}]},{"@type":"Person","@id":"https:\/\/www.radiomanchester.com.br\/fm\/#\/schema\/person\/408a7b4d4e32cbebd90e2782852abca3","name":"admin","image":{"@type":"ImageObject","@id":"https:\/\/www.radiomanchester.com.br\/fm\/#personlogo","inLanguage":"pt-BR","url":"https:\/\/secure.gravatar.com\/avatar\/115a974dba3376872eb3addeb276301c?s=96&d=mm&r=g","contentUrl":"https:\/\/secure.gravatar.com\/avatar\/115a974dba3376872eb3addeb276301c?s=96&d=mm&r=g","caption":"admin"},"url":"https:\/\/www.radiomanchester.com.br\/fm\/author\/admin\/"}]}},"_links":{"self":[{"href":"https:\/\/www.radiomanchester.com.br\/fm\/wp-json\/wp\/v2\/posts\/16553"}],"collection":[{"href":"https:\/\/www.radiomanchester.com.br\/fm\/wp-json\/wp\/v2\/posts"}],"about":[{"href":"https:\/\/www.radiomanchester.com.br\/fm\/wp-json\/wp\/v2\/types\/post"}],"author":[{"embeddable":true,"href":"https:\/\/www.radiomanchester.com.br\/fm\/wp-json\/wp\/v2\/users\/1"}],"replies":[{"embeddable":true,"href":"https:\/\/www.radiomanchester.com.br\/fm\/wp-json\/wp\/v2\/comments?post=16553"}],"version-history":[{"count":1,"href":"https:\/\/www.radiomanchester.com.br\/fm\/wp-json\/wp\/v2\/posts\/16553\/revisions"}],"predecessor-version":[{"id":16554,"href":"https:\/\/www.radiomanchester.com.br\/fm\/wp-json\/wp\/v2\/posts\/16553\/revisions\/16554"}],"wp:attachment":[{"href":"https:\/\/www.radiomanchester.com.br\/fm\/wp-json\/wp\/v2\/media?parent=16553"}],"wp:term":[{"taxonomy":"category","embeddable":true,"href":"https:\/\/www.radiomanchester.com.br\/fm\/wp-json\/wp\/v2\/categories?post=16553"},{"taxonomy":"post_tag","embeddable":true,"href":"https:\/\/www.radiomanchester.com.br\/fm\/wp-json\/wp\/v2\/tags?post=16553"}],"curies":[{"name":"wp","href":"https:\/\/api.w.org\/{rel}","templated":true}]}}