{"id":16556,"date":"2025-09-14T19:08:40","date_gmt":"2025-09-14T22:08:40","guid":{"rendered":"https:\/\/www.radiomanchester.com.br\/fm\/?p=16556"},"modified":"2025-09-14T19:08:42","modified_gmt":"2025-09-14T22:08:42","slug":"politica-pressao-por-anistia-cresce-e-governo-traca-estrategias-para-barra-la","status":"publish","type":"post","link":"https:\/\/www.radiomanchester.com.br\/fm\/politica-pressao-por-anistia-cresce-e-governo-traca-estrategias-para-barra-la\/","title":{"rendered":"Pol\u00edtica: press\u00e3o por anistia cresce e governo tra\u00e7a estrat\u00e9gias para barr\u00e1-la"},"content":{"rendered":"\n<p><strong><em>Ap\u00f3s a condena\u00e7\u00e3o do ex-presidente Jair Bolsonaro (PL), oposi\u00e7\u00e3o tenta destravar projeto que anistia envolvidos no 8 de Janeiro<\/em><\/strong><\/p>\n\n\n\n<hr class=\"wp-block-separator\"\/>\n\n\n\n<p>Enquanto a oposi\u00e7\u00e3o aperta o cerco para votar o projeto de lei (PL) da anistia para envolvidos no 8 de Janeiro, o governo do presidente Luiz In\u00e1cio Lula da Silva (PT) amarra estrat\u00e9gias para barrar o avan\u00e7o da mat\u00e9ria no Congresso Nacional.<\/p>\n\n\n\n<p>O tema ganhou f\u00f4lego nas \u00faltimas semanas com a entrada na articula\u00e7\u00e3o do governador de S\u00e3o Paulo, Tarc\u00edsio de Freitas (Republicanos-PB). Agora, a mobiliza\u00e7\u00e3o deve crescer ainda mais ap\u00f3s a condena\u00e7\u00e3o do ex-presidente Jair Bolsonaro (PL) na Primeira Turma do Supremo Tribunal Federal (STF).<\/p>\n\n\n\n<p>Governistas ouvidos pelo Metr\u00f3poles veem o movimento como natural, mas acreditam que a ofensiva n\u00e3o deve prosperar. E mesmo que avance na C\u00e2mara dos Deputados, o Senado deve barrar a proposta.<\/p>\n\n\n\n<p>De toda forma, aliados do presidente Lula j\u00e1 se movimentam para derrotar o texto, caso v\u00e1 a plen\u00e1rio. Como mostrou o Metr\u00f3poles, o objetivo do governo \u00e9 derrubar o projeto para encerrar de vez a discuss\u00e3o, antes das elei\u00e7\u00f5es de 2026.<\/p>\n\n\n\n<p><strong>Press\u00e3o pela anistia<\/strong><\/p>\n\n\n\n<ul><li>Parlamentares da oposi\u00e7\u00e3o ampliaram a press\u00e3o para que o presidente da C\u00e2mara dos Deputados, Hugo Motta (Republicanos-PB), paute o projeto de anistia ap\u00f3s a condena\u00e7\u00e3o de Jair Bolsonaro.<\/li><li>O ex-presidente foi sentenciado a 27 anos e 3 meses de pris\u00e3o por chefiar um plano de golpe de Estado ap\u00f3s derrota nas elei\u00e7\u00f5es de 2022.<\/li><li>O l\u00edder do PL, deputado S\u00f3stenes Cavalcante (PL-RJ), quer levar o tema para a reuni\u00e3o de l\u00edderes, na pr\u00f3xima ter\u00e7a-feira (16\/9), na expectativa de pautar o requerimento de urg\u00eancia e a proposta o quanto antes. Motta, no entanto, resiste \u00e0 ideia.<\/li><li>No Senado, a pauta da anistia enfrenta ainda mais resist\u00eancia. O presidente da Casa, Davi Alcolumbre (Uni\u00e3o-AL), \u00e9 contr\u00e1rio \u00e0 possibilidade de perdoar os crimes do ex-presidente e, inclusive, trabalha em uma proposta alternativa \u00e0quela defendida pelos apoiadores de Bolsonaro.<\/li><\/ul>\n\n\n\n<p><strong>Estrat\u00e9gias do governo<\/strong><\/p>\n\n\n\n<ul><li>Frente ao acirramento das discuss\u00f5es, a ministra de Rela\u00e7\u00f5es Institucionais, Gleisi Hoffmann (PT-PR), convocou ministros para atuarem junto \u00e0s bases para impedir o avan\u00e7o da pauta. Em reuni\u00e3o na \u00faltima segunda-feira (8\/9), a titular da articula\u00e7\u00e3o pol\u00edtica tamb\u00e9m cobrou apoio em projetos priorit\u00e1rios do governo que tramitam no Congresso.<\/li><li>J\u00e1 nesta semana, o governador Tarc\u00edsio deve voltar a Bras\u00edlia para intensificar as negocia\u00e7\u00f5es em torno da anistia. Enquanto isso, o governo j\u00e1 conta votos para derrubar o texto, caso seja pautado em plen\u00e1rio.<\/li><\/ul>\n\n\n\n<p>Outra frente de atua\u00e7\u00e3o de governistas \u00e9 ampliar a press\u00e3o para que pautas importantes do Executivo avancem no Congresso. \u00c9 o caso da proposta de isen\u00e7\u00e3o do Imposto de Renda para quem recebe at\u00e9 R$ 5 mil. A expectativa \u00e9 votar o texto na C\u00e2mara at\u00e9 o fim de setembro.<\/p>\n\n\n\n<p>Para o deputado federal Rog\u00e9rio Correia (PT-MG), a mobiliza\u00e7\u00e3o de bolsonaristas pela anistia n\u00e3o deve travar a tramita\u00e7\u00e3o da mat\u00e9ria. \u201c[Votar em setembro] \u00e9 o compromisso que Hugo Motta tem conosco e tamb\u00e9m Arthur Lira [relator do texto]. N\u00f3s n\u00e3o achamos que isso vai atrapalhar, n\u00e3o. Pelo contr\u00e1rio, acho que esse assunto da anistia \u00e9, hoje, assunto da extrema direita\u201d, ressaltou.<\/p>\n\n\n\n<p>O parlamentar afirma que o projeto dos bolsonaristas \u00e9 \u201ccriar instabilidade social, econ\u00f4mica e pol\u00edtica no Brasil\u201d. Ele aposta que nem Motta, nem Alcolumbre estariam de acordo em estabelecer isso na C\u00e2mara e no Senado.<\/p>\n\n\n\n<p>Recentemente, Motta reafirmou publicamente o compromisso de votar a proposta do IR. Segundo ele, o tema \u00e9 \u201cuma prioridade para o Brasil e os brasileiros\u201d. Apesar disso, o projeto ainda n\u00e3o tem data para an\u00e1lise.<\/p>\n\n\n\n<p>porR3pMetr0p0les parceiro Manchester<\/p>\n","protected":false},"excerpt":{"rendered":"<p class=\"excerpt\">Ap\u00f3s a condena\u00e7\u00e3o do ex-presidente Jair Bolsonaro (PL), oposi\u00e7\u00e3o tenta destravar projeto que anistia envolvidos no 8 de Janeiro Enquanto a oposi\u00e7\u00e3o aperta o cerco para votar o projeto de lei (PL) da anistia para envolvidos no 8 de Janeiro, o governo do presidente Luiz In\u00e1cio Lula da Silva (PT) amarra estrat\u00e9gias para barrar o [&hellip;]<\/p>\n","protected":false},"author":1,"featured_media":0,"comment_status":"open","ping_status":"open","sticky":false,"template":"","format":"standard","meta":[],"categories":[8,17],"tags":[22,24,113,83,92],"yoast_head":"<!-- This site is optimized with the Yoast SEO plugin v18.3 - https:\/\/yoast.com\/wordpress\/plugins\/seo\/ -->\n<title>Pol\u00edtica: press\u00e3o por anistia cresce e governo tra\u00e7a estrat\u00e9gias para barr\u00e1-la - Manchester FM 93,3<\/title>\n<meta name=\"robots\" content=\"index, follow, max-snippet:-1, max-image-preview:large, max-video-preview:-1\" \/>\n<link rel=\"canonical\" href=\"https:\/\/www.radiomanchester.com.br\/fm\/politica-pressao-por-anistia-cresce-e-governo-traca-estrategias-para-barra-la\/\" \/>\n<meta property=\"og:locale\" content=\"pt_BR\" \/>\n<meta property=\"og:type\" content=\"article\" \/>\n<meta property=\"og:title\" content=\"Pol\u00edtica: press\u00e3o por anistia cresce e governo tra\u00e7a estrat\u00e9gias para barr\u00e1-la - Manchester FM 93,3\" \/>\n<meta property=\"og:description\" content=\"Ap\u00f3s a condena\u00e7\u00e3o do ex-presidente Jair Bolsonaro (PL), oposi\u00e7\u00e3o tenta destravar projeto que anistia envolvidos no 8 de Janeiro Enquanto a oposi\u00e7\u00e3o aperta o cerco para votar o projeto de lei (PL) da anistia para envolvidos no 8 de Janeiro, o governo do presidente Luiz In\u00e1cio Lula da Silva (PT) amarra estrat\u00e9gias para barrar o [&hellip;]\" \/>\n<meta property=\"og:url\" content=\"https:\/\/www.radiomanchester.com.br\/fm\/politica-pressao-por-anistia-cresce-e-governo-traca-estrategias-para-barra-la\/\" \/>\n<meta property=\"og:site_name\" content=\"Manchester FM 93,3\" \/>\n<meta property=\"article:published_time\" content=\"2025-09-14T22:08:40+00:00\" \/>\n<meta property=\"article:modified_time\" content=\"2025-09-14T22:08:42+00:00\" \/>\n<meta name=\"twitter:card\" content=\"summary_large_image\" \/>\n<meta name=\"twitter:label1\" content=\"Escrito por\" \/>\n\t<meta name=\"twitter:data1\" content=\"admin\" \/>\n\t<meta name=\"twitter:label2\" content=\"Est. tempo de leitura\" \/>\n\t<meta name=\"twitter:data2\" content=\"4 minutos\" \/>\n<script type=\"application\/ld+json\" class=\"yoast-schema-graph\">{\"@context\":\"https:\/\/schema.org\",\"@graph\":[{\"@type\":\"WebSite\",\"@id\":\"https:\/\/www.radiomanchester.com.br\/fm\/#website\",\"url\":\"https:\/\/www.radiomanchester.com.br\/fm\/\",\"name\":\"Manchester FM 93,3\",\"description\":\"Todo Mundo Ouve!\",\"potentialAction\":[{\"@type\":\"SearchAction\",\"target\":{\"@type\":\"EntryPoint\",\"urlTemplate\":\"https:\/\/www.radiomanchester.com.br\/fm\/?s={search_term_string}\"},\"query-input\":\"required name=search_term_string\"}],\"inLanguage\":\"pt-BR\"},{\"@type\":\"WebPage\",\"@id\":\"https:\/\/www.radiomanchester.com.br\/fm\/politica-pressao-por-anistia-cresce-e-governo-traca-estrategias-para-barra-la\/#webpage\",\"url\":\"https:\/\/www.radiomanchester.com.br\/fm\/politica-pressao-por-anistia-cresce-e-governo-traca-estrategias-para-barra-la\/\",\"name\":\"Pol\u00edtica: press\u00e3o por anistia cresce e governo tra\u00e7a estrat\u00e9gias para barr\u00e1-la - Manchester FM 93,3\",\"isPartOf\":{\"@id\":\"https:\/\/www.radiomanchester.com.br\/fm\/#website\"},\"datePublished\":\"2025-09-14T22:08:40+00:00\",\"dateModified\":\"2025-09-14T22:08:42+00:00\",\"author\":{\"@id\":\"https:\/\/www.radiomanchester.com.br\/fm\/#\/schema\/person\/408a7b4d4e32cbebd90e2782852abca3\"},\"breadcrumb\":{\"@id\":\"https:\/\/www.radiomanchester.com.br\/fm\/politica-pressao-por-anistia-cresce-e-governo-traca-estrategias-para-barra-la\/#breadcrumb\"},\"inLanguage\":\"pt-BR\",\"potentialAction\":[{\"@type\":\"ReadAction\",\"target\":[\"https:\/\/www.radiomanchester.com.br\/fm\/politica-pressao-por-anistia-cresce-e-governo-traca-estrategias-para-barra-la\/\"]}]},{\"@type\":\"BreadcrumbList\",\"@id\":\"https:\/\/www.radiomanchester.com.br\/fm\/politica-pressao-por-anistia-cresce-e-governo-traca-estrategias-para-barra-la\/#breadcrumb\",\"itemListElement\":[{\"@type\":\"ListItem\",\"position\":1,\"name\":\"Home\",\"item\":\"https:\/\/www.radiomanchester.com.br\/fm\/\"},{\"@type\":\"ListItem\",\"position\":2,\"name\":\"Pol\u00edtica: press\u00e3o por anistia cresce e governo tra\u00e7a estrat\u00e9gias para barr\u00e1-la\"}]},{\"@type\":\"Person\",\"@id\":\"https:\/\/www.radiomanchester.com.br\/fm\/#\/schema\/person\/408a7b4d4e32cbebd90e2782852abca3\",\"name\":\"admin\",\"image\":{\"@type\":\"ImageObject\",\"@id\":\"https:\/\/www.radiomanchester.com.br\/fm\/#personlogo\",\"inLanguage\":\"pt-BR\",\"url\":\"https:\/\/secure.gravatar.com\/avatar\/115a974dba3376872eb3addeb276301c?s=96&d=mm&r=g\",\"contentUrl\":\"https:\/\/secure.gravatar.com\/avatar\/115a974dba3376872eb3addeb276301c?s=96&d=mm&r=g\",\"caption\":\"admin\"},\"url\":\"https:\/\/www.radiomanchester.com.br\/fm\/author\/admin\/\"}]}<\/script>\n<!-- \/ Yoast SEO plugin. -->","yoast_head_json":{"title":"Pol\u00edtica: press\u00e3o por anistia cresce e governo tra\u00e7a estrat\u00e9gias para barr\u00e1-la - Manchester FM 93,3","robots":{"index":"index","follow":"follow","max-snippet":"max-snippet:-1","max-image-preview":"max-image-preview:large","max-video-preview":"max-video-preview:-1"},"canonical":"https:\/\/www.radiomanchester.com.br\/fm\/politica-pressao-por-anistia-cresce-e-governo-traca-estrategias-para-barra-la\/","og_locale":"pt_BR","og_type":"article","og_title":"Pol\u00edtica: press\u00e3o por anistia cresce e governo tra\u00e7a estrat\u00e9gias para barr\u00e1-la - Manchester FM 93,3","og_description":"Ap\u00f3s a condena\u00e7\u00e3o do ex-presidente Jair Bolsonaro (PL), oposi\u00e7\u00e3o tenta destravar projeto que anistia envolvidos no 8 de Janeiro Enquanto a oposi\u00e7\u00e3o aperta o cerco para votar o projeto de lei (PL) da anistia para envolvidos no 8 de Janeiro, o governo do presidente Luiz In\u00e1cio Lula da Silva (PT) amarra estrat\u00e9gias para barrar o [&hellip;]","og_url":"https:\/\/www.radiomanchester.com.br\/fm\/politica-pressao-por-anistia-cresce-e-governo-traca-estrategias-para-barra-la\/","og_site_name":"Manchester FM 93,3","article_published_time":"2025-09-14T22:08:40+00:00","article_modified_time":"2025-09-14T22:08:42+00:00","twitter_card":"summary_large_image","twitter_misc":{"Escrito por":"admin","Est. tempo de leitura":"4 minutos"},"schema":{"@context":"https:\/\/schema.org","@graph":[{"@type":"WebSite","@id":"https:\/\/www.radiomanchester.com.br\/fm\/#website","url":"https:\/\/www.radiomanchester.com.br\/fm\/","name":"Manchester FM 93,3","description":"Todo Mundo Ouve!","potentialAction":[{"@type":"SearchAction","target":{"@type":"EntryPoint","urlTemplate":"https:\/\/www.radiomanchester.com.br\/fm\/?s={search_term_string}"},"query-input":"required name=search_term_string"}],"inLanguage":"pt-BR"},{"@type":"WebPage","@id":"https:\/\/www.radiomanchester.com.br\/fm\/politica-pressao-por-anistia-cresce-e-governo-traca-estrategias-para-barra-la\/#webpage","url":"https:\/\/www.radiomanchester.com.br\/fm\/politica-pressao-por-anistia-cresce-e-governo-traca-estrategias-para-barra-la\/","name":"Pol\u00edtica: press\u00e3o por anistia cresce e governo tra\u00e7a estrat\u00e9gias para barr\u00e1-la - Manchester FM 93,3","isPartOf":{"@id":"https:\/\/www.radiomanchester.com.br\/fm\/#website"},"datePublished":"2025-09-14T22:08:40+00:00","dateModified":"2025-09-14T22:08:42+00:00","author":{"@id":"https:\/\/www.radiomanchester.com.br\/fm\/#\/schema\/person\/408a7b4d4e32cbebd90e2782852abca3"},"breadcrumb":{"@id":"https:\/\/www.radiomanchester.com.br\/fm\/politica-pressao-por-anistia-cresce-e-governo-traca-estrategias-para-barra-la\/#breadcrumb"},"inLanguage":"pt-BR","potentialAction":[{"@type":"ReadAction","target":["https:\/\/www.radiomanchester.com.br\/fm\/politica-pressao-por-anistia-cresce-e-governo-traca-estrategias-para-barra-la\/"]}]},{"@type":"BreadcrumbList","@id":"https:\/\/www.radiomanchester.com.br\/fm\/politica-pressao-por-anistia-cresce-e-governo-traca-estrategias-para-barra-la\/#breadcrumb","itemListElement":[{"@type":"ListItem","position":1,"name":"Home","item":"https:\/\/www.radiomanchester.com.br\/fm\/"},{"@type":"ListItem","position":2,"name":"Pol\u00edtica: press\u00e3o por anistia cresce e governo tra\u00e7a estrat\u00e9gias para barr\u00e1-la"}]},{"@type":"Person","@id":"https:\/\/www.radiomanchester.com.br\/fm\/#\/schema\/person\/408a7b4d4e32cbebd90e2782852abca3","name":"admin","image":{"@type":"ImageObject","@id":"https:\/\/www.radiomanchester.com.br\/fm\/#personlogo","inLanguage":"pt-BR","url":"https:\/\/secure.gravatar.com\/avatar\/115a974dba3376872eb3addeb276301c?s=96&d=mm&r=g","contentUrl":"https:\/\/secure.gravatar.com\/avatar\/115a974dba3376872eb3addeb276301c?s=96&d=mm&r=g","caption":"admin"},"url":"https:\/\/www.radiomanchester.com.br\/fm\/author\/admin\/"}]}},"_links":{"self":[{"href":"https:\/\/www.radiomanchester.com.br\/fm\/wp-json\/wp\/v2\/posts\/16556"}],"collection":[{"href":"https:\/\/www.radiomanchester.com.br\/fm\/wp-json\/wp\/v2\/posts"}],"about":[{"href":"https:\/\/www.radiomanchester.com.br\/fm\/wp-json\/wp\/v2\/types\/post"}],"author":[{"embeddable":true,"href":"https:\/\/www.radiomanchester.com.br\/fm\/wp-json\/wp\/v2\/users\/1"}],"replies":[{"embeddable":true,"href":"https:\/\/www.radiomanchester.com.br\/fm\/wp-json\/wp\/v2\/comments?post=16556"}],"version-history":[{"count":1,"href":"https:\/\/www.radiomanchester.com.br\/fm\/wp-json\/wp\/v2\/posts\/16556\/revisions"}],"predecessor-version":[{"id":16557,"href":"https:\/\/www.radiomanchester.com.br\/fm\/wp-json\/wp\/v2\/posts\/16556\/revisions\/16557"}],"wp:attachment":[{"href":"https:\/\/www.radiomanchester.com.br\/fm\/wp-json\/wp\/v2\/media?parent=16556"}],"wp:term":[{"taxonomy":"category","embeddable":true,"href":"https:\/\/www.radiomanchester.com.br\/fm\/wp-json\/wp\/v2\/categories?post=16556"},{"taxonomy":"post_tag","embeddable":true,"href":"https:\/\/www.radiomanchester.com.br\/fm\/wp-json\/wp\/v2\/tags?post=16556"}],"curies":[{"name":"wp","href":"https:\/\/api.w.org\/{rel}","templated":true}]}}