{"id":16573,"date":"2025-09-18T07:00:00","date_gmt":"2025-09-18T10:00:00","guid":{"rendered":"https:\/\/www.radiomanchester.com.br\/fm\/?p=16573"},"modified":"2025-09-17T21:43:44","modified_gmt":"2025-09-18T00:43:44","slug":"agrodefesa-leva-orientacoes-sanitarias-sobre-a-banana-a-produtores-e-comerciantes-na-ceasa","status":"publish","type":"post","link":"https:\/\/www.radiomanchester.com.br\/fm\/agrodefesa-leva-orientacoes-sanitarias-sobre-a-banana-a-produtores-e-comerciantes-na-ceasa\/","title":{"rendered":"Agrodefesa leva orienta\u00e7\u00f5es sanit\u00e1rias sobre a banana a produtores e comerciantes na Ceasa"},"content":{"rendered":"\n<p><\/p>\n\n\n\n<p>A Ag\u00eancia Goiana de Defesa Agropecu\u00e1ria (Agrodefesa) realizar\u00e1, nesta sexta-feira (19\/9), \u00e0s 8h, uma a\u00e7\u00e3o de educa\u00e7\u00e3o sanit\u00e1ria alusiva ao Dia da Banana (22\/09) nas Centrais de Abastecimento de Goi\u00e1s (Ceasa), em Goi\u00e2nia.<\/p>\n\n\n\n<p>Os fiscais da Agrodefesa orientar\u00e3o produtores e comerciantes sobre aspectos sanit\u00e1rios da cultura da banana, com destaque para a import\u00e2ncia da preven\u00e7\u00e3o de pragas como a Fusariose (causada pelo fungo Fusarium oxysporum f. sp. cubense, ra\u00e7a 4 tropical \u2013 R4T) e a Sigatoka-negra (causada pelo fungo Mycosphaerella fijiensis).<\/p>\n\n\n\n<p>A a\u00e7\u00e3o educativa na Ceasa \u00e9 uma iniciativa das ger\u00eancias de Educa\u00e7\u00e3o Sanit\u00e1ria e Sanidade Vegetal e da Unidade Regional Rio das Antas da Agrodefesa.<\/p>\n\n\n\n<p><strong>Servi\u00e7o:<br><\/strong>Assunto: A\u00e7\u00e3o educativa sobre sanidade da banana na Ceasa Goi\u00e1s<br>Quando: sexta-feira (19\/9), \u00e0s 8h<br>Local: Centrais de Abastecimento de Goi\u00e1s (Ceasa) &#8211; BR-153, KM 5,5, Jardim Guanabara, Goi\u00e2nia (GO)<\/p>\n","protected":false},"excerpt":{"rendered":"<p class=\"excerpt\">A Ag\u00eancia Goiana de Defesa Agropecu\u00e1ria (Agrodefesa) realizar\u00e1, nesta sexta-feira (19\/9), \u00e0s 8h, uma a\u00e7\u00e3o de educa\u00e7\u00e3o sanit\u00e1ria alusiva ao Dia da Banana (22\/09) nas Centrais de Abastecimento de Goi\u00e1s (Ceasa), em Goi\u00e2nia. Os fiscais da Agrodefesa orientar\u00e3o produtores e comerciantes sobre aspectos sanit\u00e1rios da cultura da banana, com destaque para a import\u00e2ncia da preven\u00e7\u00e3o [&hellip;]<\/p>\n","protected":false},"author":1,"featured_media":0,"comment_status":"open","ping_status":"open","sticky":false,"template":"","format":"standard","meta":[],"categories":[8,17],"tags":[22,24,113,83,92],"yoast_head":"<!-- This site is optimized with the Yoast SEO plugin v18.3 - https:\/\/yoast.com\/wordpress\/plugins\/seo\/ -->\n<title>Agrodefesa leva orienta\u00e7\u00f5es sanit\u00e1rias sobre a banana a produtores e comerciantes na Ceasa - Manchester FM 93,3<\/title>\n<meta name=\"robots\" content=\"index, follow, max-snippet:-1, max-image-preview:large, max-video-preview:-1\" \/>\n<link rel=\"canonical\" href=\"https:\/\/www.radiomanchester.com.br\/fm\/agrodefesa-leva-orientacoes-sanitarias-sobre-a-banana-a-produtores-e-comerciantes-na-ceasa\/\" \/>\n<meta property=\"og:locale\" content=\"pt_BR\" \/>\n<meta property=\"og:type\" content=\"article\" \/>\n<meta property=\"og:title\" content=\"Agrodefesa leva orienta\u00e7\u00f5es sanit\u00e1rias sobre a banana a produtores e comerciantes na Ceasa - Manchester FM 93,3\" \/>\n<meta property=\"og:description\" content=\"A Ag\u00eancia Goiana de Defesa Agropecu\u00e1ria (Agrodefesa) realizar\u00e1, nesta sexta-feira (19\/9), \u00e0s 8h, uma a\u00e7\u00e3o de educa\u00e7\u00e3o sanit\u00e1ria alusiva ao Dia da Banana (22\/09) nas Centrais de Abastecimento de Goi\u00e1s (Ceasa), em Goi\u00e2nia. Os fiscais da Agrodefesa orientar\u00e3o produtores e comerciantes sobre aspectos sanit\u00e1rios da cultura da banana, com destaque para a import\u00e2ncia da preven\u00e7\u00e3o [&hellip;]\" \/>\n<meta property=\"og:url\" content=\"https:\/\/www.radiomanchester.com.br\/fm\/agrodefesa-leva-orientacoes-sanitarias-sobre-a-banana-a-produtores-e-comerciantes-na-ceasa\/\" \/>\n<meta property=\"og:site_name\" content=\"Manchester FM 93,3\" \/>\n<meta property=\"article:published_time\" content=\"2025-09-18T10:00:00+00:00\" \/>\n<meta property=\"article:modified_time\" content=\"2025-09-18T00:43:44+00:00\" \/>\n<meta name=\"twitter:card\" content=\"summary_large_image\" \/>\n<meta name=\"twitter:label1\" content=\"Escrito por\" \/>\n\t<meta name=\"twitter:data1\" content=\"admin\" \/>\n\t<meta name=\"twitter:label2\" content=\"Est. tempo de leitura\" \/>\n\t<meta name=\"twitter:data2\" content=\"1 minuto\" \/>\n<script type=\"application\/ld+json\" class=\"yoast-schema-graph\">{\"@context\":\"https:\/\/schema.org\",\"@graph\":[{\"@type\":\"WebSite\",\"@id\":\"https:\/\/www.radiomanchester.com.br\/fm\/#website\",\"url\":\"https:\/\/www.radiomanchester.com.br\/fm\/\",\"name\":\"Manchester FM 93,3\",\"description\":\"Todo Mundo Ouve!\",\"potentialAction\":[{\"@type\":\"SearchAction\",\"target\":{\"@type\":\"EntryPoint\",\"urlTemplate\":\"https:\/\/www.radiomanchester.com.br\/fm\/?s={search_term_string}\"},\"query-input\":\"required name=search_term_string\"}],\"inLanguage\":\"pt-BR\"},{\"@type\":\"WebPage\",\"@id\":\"https:\/\/www.radiomanchester.com.br\/fm\/agrodefesa-leva-orientacoes-sanitarias-sobre-a-banana-a-produtores-e-comerciantes-na-ceasa\/#webpage\",\"url\":\"https:\/\/www.radiomanchester.com.br\/fm\/agrodefesa-leva-orientacoes-sanitarias-sobre-a-banana-a-produtores-e-comerciantes-na-ceasa\/\",\"name\":\"Agrodefesa leva orienta\u00e7\u00f5es sanit\u00e1rias sobre a banana a produtores e comerciantes na Ceasa - Manchester FM 93,3\",\"isPartOf\":{\"@id\":\"https:\/\/www.radiomanchester.com.br\/fm\/#website\"},\"datePublished\":\"2025-09-18T10:00:00+00:00\",\"dateModified\":\"2025-09-18T00:43:44+00:00\",\"author\":{\"@id\":\"https:\/\/www.radiomanchester.com.br\/fm\/#\/schema\/person\/408a7b4d4e32cbebd90e2782852abca3\"},\"breadcrumb\":{\"@id\":\"https:\/\/www.radiomanchester.com.br\/fm\/agrodefesa-leva-orientacoes-sanitarias-sobre-a-banana-a-produtores-e-comerciantes-na-ceasa\/#breadcrumb\"},\"inLanguage\":\"pt-BR\",\"potentialAction\":[{\"@type\":\"ReadAction\",\"target\":[\"https:\/\/www.radiomanchester.com.br\/fm\/agrodefesa-leva-orientacoes-sanitarias-sobre-a-banana-a-produtores-e-comerciantes-na-ceasa\/\"]}]},{\"@type\":\"BreadcrumbList\",\"@id\":\"https:\/\/www.radiomanchester.com.br\/fm\/agrodefesa-leva-orientacoes-sanitarias-sobre-a-banana-a-produtores-e-comerciantes-na-ceasa\/#breadcrumb\",\"itemListElement\":[{\"@type\":\"ListItem\",\"position\":1,\"name\":\"Home\",\"item\":\"https:\/\/www.radiomanchester.com.br\/fm\/\"},{\"@type\":\"ListItem\",\"position\":2,\"name\":\"Agrodefesa leva orienta\u00e7\u00f5es sanit\u00e1rias sobre a banana a produtores e comerciantes na Ceasa\"}]},{\"@type\":\"Person\",\"@id\":\"https:\/\/www.radiomanchester.com.br\/fm\/#\/schema\/person\/408a7b4d4e32cbebd90e2782852abca3\",\"name\":\"admin\",\"image\":{\"@type\":\"ImageObject\",\"@id\":\"https:\/\/www.radiomanchester.com.br\/fm\/#personlogo\",\"inLanguage\":\"pt-BR\",\"url\":\"https:\/\/secure.gravatar.com\/avatar\/115a974dba3376872eb3addeb276301c?s=96&d=mm&r=g\",\"contentUrl\":\"https:\/\/secure.gravatar.com\/avatar\/115a974dba3376872eb3addeb276301c?s=96&d=mm&r=g\",\"caption\":\"admin\"},\"url\":\"https:\/\/www.radiomanchester.com.br\/fm\/author\/admin\/\"}]}<\/script>\n<!-- \/ Yoast SEO plugin. -->","yoast_head_json":{"title":"Agrodefesa leva orienta\u00e7\u00f5es sanit\u00e1rias sobre a banana a produtores e comerciantes na Ceasa - Manchester FM 93,3","robots":{"index":"index","follow":"follow","max-snippet":"max-snippet:-1","max-image-preview":"max-image-preview:large","max-video-preview":"max-video-preview:-1"},"canonical":"https:\/\/www.radiomanchester.com.br\/fm\/agrodefesa-leva-orientacoes-sanitarias-sobre-a-banana-a-produtores-e-comerciantes-na-ceasa\/","og_locale":"pt_BR","og_type":"article","og_title":"Agrodefesa leva orienta\u00e7\u00f5es sanit\u00e1rias sobre a banana a produtores e comerciantes na Ceasa - Manchester FM 93,3","og_description":"A Ag\u00eancia Goiana de Defesa Agropecu\u00e1ria (Agrodefesa) realizar\u00e1, nesta sexta-feira (19\/9), \u00e0s 8h, uma a\u00e7\u00e3o de educa\u00e7\u00e3o sanit\u00e1ria alusiva ao Dia da Banana (22\/09) nas Centrais de Abastecimento de Goi\u00e1s (Ceasa), em Goi\u00e2nia. Os fiscais da Agrodefesa orientar\u00e3o produtores e comerciantes sobre aspectos sanit\u00e1rios da cultura da banana, com destaque para a import\u00e2ncia da preven\u00e7\u00e3o [&hellip;]","og_url":"https:\/\/www.radiomanchester.com.br\/fm\/agrodefesa-leva-orientacoes-sanitarias-sobre-a-banana-a-produtores-e-comerciantes-na-ceasa\/","og_site_name":"Manchester FM 93,3","article_published_time":"2025-09-18T10:00:00+00:00","article_modified_time":"2025-09-18T00:43:44+00:00","twitter_card":"summary_large_image","twitter_misc":{"Escrito por":"admin","Est. tempo de leitura":"1 minuto"},"schema":{"@context":"https:\/\/schema.org","@graph":[{"@type":"WebSite","@id":"https:\/\/www.radiomanchester.com.br\/fm\/#website","url":"https:\/\/www.radiomanchester.com.br\/fm\/","name":"Manchester FM 93,3","description":"Todo Mundo Ouve!","potentialAction":[{"@type":"SearchAction","target":{"@type":"EntryPoint","urlTemplate":"https:\/\/www.radiomanchester.com.br\/fm\/?s={search_term_string}"},"query-input":"required name=search_term_string"}],"inLanguage":"pt-BR"},{"@type":"WebPage","@id":"https:\/\/www.radiomanchester.com.br\/fm\/agrodefesa-leva-orientacoes-sanitarias-sobre-a-banana-a-produtores-e-comerciantes-na-ceasa\/#webpage","url":"https:\/\/www.radiomanchester.com.br\/fm\/agrodefesa-leva-orientacoes-sanitarias-sobre-a-banana-a-produtores-e-comerciantes-na-ceasa\/","name":"Agrodefesa leva orienta\u00e7\u00f5es sanit\u00e1rias sobre a banana a produtores e comerciantes na Ceasa - Manchester FM 93,3","isPartOf":{"@id":"https:\/\/www.radiomanchester.com.br\/fm\/#website"},"datePublished":"2025-09-18T10:00:00+00:00","dateModified":"2025-09-18T00:43:44+00:00","author":{"@id":"https:\/\/www.radiomanchester.com.br\/fm\/#\/schema\/person\/408a7b4d4e32cbebd90e2782852abca3"},"breadcrumb":{"@id":"https:\/\/www.radiomanchester.com.br\/fm\/agrodefesa-leva-orientacoes-sanitarias-sobre-a-banana-a-produtores-e-comerciantes-na-ceasa\/#breadcrumb"},"inLanguage":"pt-BR","potentialAction":[{"@type":"ReadAction","target":["https:\/\/www.radiomanchester.com.br\/fm\/agrodefesa-leva-orientacoes-sanitarias-sobre-a-banana-a-produtores-e-comerciantes-na-ceasa\/"]}]},{"@type":"BreadcrumbList","@id":"https:\/\/www.radiomanchester.com.br\/fm\/agrodefesa-leva-orientacoes-sanitarias-sobre-a-banana-a-produtores-e-comerciantes-na-ceasa\/#breadcrumb","itemListElement":[{"@type":"ListItem","position":1,"name":"Home","item":"https:\/\/www.radiomanchester.com.br\/fm\/"},{"@type":"ListItem","position":2,"name":"Agrodefesa leva orienta\u00e7\u00f5es sanit\u00e1rias sobre a banana a produtores e comerciantes na Ceasa"}]},{"@type":"Person","@id":"https:\/\/www.radiomanchester.com.br\/fm\/#\/schema\/person\/408a7b4d4e32cbebd90e2782852abca3","name":"admin","image":{"@type":"ImageObject","@id":"https:\/\/www.radiomanchester.com.br\/fm\/#personlogo","inLanguage":"pt-BR","url":"https:\/\/secure.gravatar.com\/avatar\/115a974dba3376872eb3addeb276301c?s=96&d=mm&r=g","contentUrl":"https:\/\/secure.gravatar.com\/avatar\/115a974dba3376872eb3addeb276301c?s=96&d=mm&r=g","caption":"admin"},"url":"https:\/\/www.radiomanchester.com.br\/fm\/author\/admin\/"}]}},"_links":{"self":[{"href":"https:\/\/www.radiomanchester.com.br\/fm\/wp-json\/wp\/v2\/posts\/16573"}],"collection":[{"href":"https:\/\/www.radiomanchester.com.br\/fm\/wp-json\/wp\/v2\/posts"}],"about":[{"href":"https:\/\/www.radiomanchester.com.br\/fm\/wp-json\/wp\/v2\/types\/post"}],"author":[{"embeddable":true,"href":"https:\/\/www.radiomanchester.com.br\/fm\/wp-json\/wp\/v2\/users\/1"}],"replies":[{"embeddable":true,"href":"https:\/\/www.radiomanchester.com.br\/fm\/wp-json\/wp\/v2\/comments?post=16573"}],"version-history":[{"count":1,"href":"https:\/\/www.radiomanchester.com.br\/fm\/wp-json\/wp\/v2\/posts\/16573\/revisions"}],"predecessor-version":[{"id":16574,"href":"https:\/\/www.radiomanchester.com.br\/fm\/wp-json\/wp\/v2\/posts\/16573\/revisions\/16574"}],"wp:attachment":[{"href":"https:\/\/www.radiomanchester.com.br\/fm\/wp-json\/wp\/v2\/media?parent=16573"}],"wp:term":[{"taxonomy":"category","embeddable":true,"href":"https:\/\/www.radiomanchester.com.br\/fm\/wp-json\/wp\/v2\/categories?post=16573"},{"taxonomy":"post_tag","embeddable":true,"href":"https:\/\/www.radiomanchester.com.br\/fm\/wp-json\/wp\/v2\/tags?post=16573"}],"curies":[{"name":"wp","href":"https:\/\/api.w.org\/{rel}","templated":true}]}}