{"id":16581,"date":"2025-09-19T07:00:00","date_gmt":"2025-09-19T10:00:00","guid":{"rendered":"https:\/\/www.radiomanchester.com.br\/fm\/?p=16581"},"modified":"2025-09-18T18:33:24","modified_gmt":"2025-09-18T21:33:24","slug":"projeto-une-cinema-e-educacao-ambiental-com-alunos-da-rede-municipal-em-anapolis","status":"publish","type":"post","link":"https:\/\/www.radiomanchester.com.br\/fm\/projeto-une-cinema-e-educacao-ambiental-com-alunos-da-rede-municipal-em-anapolis\/","title":{"rendered":"Projeto une cinema e educa\u00e7\u00e3o ambiental com alunos da rede municipal em An\u00e1polis"},"content":{"rendered":"\n<p>A Associa\u00e7\u00e3o Cultural Amigos do Cezinha, em parceria com a Geolab Farmac\u00eautica e o Instituto Arandu, iniciou o projeto \u201cCinema e Educa\u00e7\u00e3o Ambiental\u201d, aprovado pelo edital da PNAB e operacionalizado pela Prefeitura de An\u00e1polis. A iniciativa envolve 50 estudantes do Ensino Fundamental da Escola Municipal Manoel Gon\u00e7alves, que ao longo de setembro participam de oficinas de cinema e atividades pr\u00e1ticas de preserva\u00e7\u00e3o ambiental.<\/p>\n\n\n\n<p>O projeto prop\u00f5e uma viv\u00eancia transformadora, que une arte, cultura e conscientiza\u00e7\u00e3o ecol\u00f3gica. Os alunos participam de oficinas de roteiro, fotografia e edi\u00e7\u00e3o cinematogr\u00e1fica, sempre com foco em temas ligados \u00e0 educa\u00e7\u00e3o ambiental. Como produto final, os estudantes ir\u00e3o produzir um telejornal tem\u00e1tico e um document\u00e1rio, registrando todo o processo, al\u00e9m da a\u00e7\u00e3o de reflorestamento na Bacia do Pianc\u00f3.<\/p>\n\n\n\n<p>Entre as atividades previstas est\u00e3o a produ\u00e7\u00e3o de um telejornal ambiental, a realiza\u00e7\u00e3o de trilhas interpretativas e o plantio de 2 mil mudas de esp\u00e9cies nativas e frut\u00edferas em parceria com o Instituto Arandu. A Geolab ser\u00e1 respons\u00e1vel pelo custeio das oficinas, transporte e alimenta\u00e7\u00e3o dos alunos, enquanto o Instituto Arandu far\u00e1 a doa\u00e7\u00e3o das mudas e conduzir\u00e1 a viv\u00eancia ambiental. J\u00e1 a Associa\u00e7\u00e3o Cultural Amigos do Cezinha ficar\u00e1 a cargo da realiza\u00e7\u00e3o das oficinas e da edi\u00e7\u00e3o final do document\u00e1rio.<\/p>\n\n\n\n<p>Segundo o diretor da Associa\u00e7\u00e3o, Luiz S\u00e9rgio Fragelli, respons\u00e1vel pela a\u00e7\u00e3o, a proposta busca aproximar os jovens da realidade ambiental do Cerrado, estimulando o protagonismo juvenil e fortalecendo a consci\u00eancia ecol\u00f3gica. \u201cO cinema \u00e9 um instrumento poderoso de sensibiliza\u00e7\u00e3o. Aliado \u00e0 viv\u00eancia pr\u00e1tica, ele ajuda a despertar o senso de pertencimento e de cidadania ambiental nos estudantes\u201d, afirma.<\/p>\n\n\n\n<p>As atividades come\u00e7aram no dia 15 de setembro, com encontros na escola, e seguem at\u00e9 o dia 30, quando ser\u00e1 realizado o plantio de \u00e1rvores no p\u00e1tio da institui\u00e7\u00e3o. No dia 25, os alunos tamb\u00e9m participam de uma visita t\u00e9cnica ao Instituto Arandu, onde ter\u00e3o oficinas ao ar livre e a experi\u00eancia direta de reflorestamento em uma \u00e1rea de preserva\u00e7\u00e3o.<\/p>\n\n\n\n<p>O resultado esperado inclui n\u00e3o apenas a capacita\u00e7\u00e3o em cinema para 50 jovens, mas tamb\u00e9m a produ\u00e7\u00e3o de um document\u00e1rio, a planta\u00e7\u00e3o de 2 mil mudas e a amplia\u00e7\u00e3o da conscientiza\u00e7\u00e3o ambiental na comunidade escolar&nbsp;e&nbsp;na&nbsp;regi\u00e3o.<\/p>\n","protected":false},"excerpt":{"rendered":"<p class=\"excerpt\">A Associa\u00e7\u00e3o Cultural Amigos do Cezinha, em parceria com a Geolab Farmac\u00eautica e o Instituto Arandu, iniciou o projeto \u201cCinema e Educa\u00e7\u00e3o Ambiental\u201d, aprovado pelo edital da PNAB e operacionalizado pela Prefeitura de An\u00e1polis. A iniciativa envolve 50 estudantes do Ensino Fundamental da Escola Municipal Manoel Gon\u00e7alves, que ao longo de setembro participam de oficinas [&hellip;]<\/p>\n","protected":false},"author":1,"featured_media":0,"comment_status":"open","ping_status":"open","sticky":false,"template":"","format":"standard","meta":[],"categories":[8,17],"tags":[22,113,83,92],"yoast_head":"<!-- This site is optimized with the Yoast SEO plugin v18.3 - https:\/\/yoast.com\/wordpress\/plugins\/seo\/ -->\n<title>Projeto une cinema e educa\u00e7\u00e3o ambiental com alunos da rede municipal em An\u00e1polis - Manchester FM 93,3<\/title>\n<meta name=\"robots\" content=\"index, follow, max-snippet:-1, max-image-preview:large, max-video-preview:-1\" \/>\n<link rel=\"canonical\" href=\"https:\/\/www.radiomanchester.com.br\/fm\/projeto-une-cinema-e-educacao-ambiental-com-alunos-da-rede-municipal-em-anapolis\/\" \/>\n<meta property=\"og:locale\" content=\"pt_BR\" \/>\n<meta property=\"og:type\" content=\"article\" \/>\n<meta property=\"og:title\" content=\"Projeto une cinema e educa\u00e7\u00e3o ambiental com alunos da rede municipal em An\u00e1polis - Manchester FM 93,3\" \/>\n<meta property=\"og:description\" content=\"A Associa\u00e7\u00e3o Cultural Amigos do Cezinha, em parceria com a Geolab Farmac\u00eautica e o Instituto Arandu, iniciou o projeto \u201cCinema e Educa\u00e7\u00e3o Ambiental\u201d, aprovado pelo edital da PNAB e operacionalizado pela Prefeitura de An\u00e1polis. A iniciativa envolve 50 estudantes do Ensino Fundamental da Escola Municipal Manoel Gon\u00e7alves, que ao longo de setembro participam de oficinas [&hellip;]\" \/>\n<meta property=\"og:url\" content=\"https:\/\/www.radiomanchester.com.br\/fm\/projeto-une-cinema-e-educacao-ambiental-com-alunos-da-rede-municipal-em-anapolis\/\" \/>\n<meta property=\"og:site_name\" content=\"Manchester FM 93,3\" \/>\n<meta property=\"article:published_time\" content=\"2025-09-19T10:00:00+00:00\" \/>\n<meta property=\"article:modified_time\" content=\"2025-09-18T21:33:24+00:00\" \/>\n<meta name=\"twitter:card\" content=\"summary_large_image\" \/>\n<meta name=\"twitter:label1\" content=\"Escrito por\" \/>\n\t<meta name=\"twitter:data1\" content=\"admin\" \/>\n\t<meta name=\"twitter:label2\" content=\"Est. tempo de leitura\" \/>\n\t<meta name=\"twitter:data2\" content=\"2 minutos\" \/>\n<script type=\"application\/ld+json\" class=\"yoast-schema-graph\">{\"@context\":\"https:\/\/schema.org\",\"@graph\":[{\"@type\":\"WebSite\",\"@id\":\"https:\/\/www.radiomanchester.com.br\/fm\/#website\",\"url\":\"https:\/\/www.radiomanchester.com.br\/fm\/\",\"name\":\"Manchester FM 93,3\",\"description\":\"Todo Mundo Ouve!\",\"potentialAction\":[{\"@type\":\"SearchAction\",\"target\":{\"@type\":\"EntryPoint\",\"urlTemplate\":\"https:\/\/www.radiomanchester.com.br\/fm\/?s={search_term_string}\"},\"query-input\":\"required name=search_term_string\"}],\"inLanguage\":\"pt-BR\"},{\"@type\":\"WebPage\",\"@id\":\"https:\/\/www.radiomanchester.com.br\/fm\/projeto-une-cinema-e-educacao-ambiental-com-alunos-da-rede-municipal-em-anapolis\/#webpage\",\"url\":\"https:\/\/www.radiomanchester.com.br\/fm\/projeto-une-cinema-e-educacao-ambiental-com-alunos-da-rede-municipal-em-anapolis\/\",\"name\":\"Projeto une cinema e educa\u00e7\u00e3o ambiental com alunos da rede municipal em An\u00e1polis - Manchester FM 93,3\",\"isPartOf\":{\"@id\":\"https:\/\/www.radiomanchester.com.br\/fm\/#website\"},\"datePublished\":\"2025-09-19T10:00:00+00:00\",\"dateModified\":\"2025-09-18T21:33:24+00:00\",\"author\":{\"@id\":\"https:\/\/www.radiomanchester.com.br\/fm\/#\/schema\/person\/408a7b4d4e32cbebd90e2782852abca3\"},\"breadcrumb\":{\"@id\":\"https:\/\/www.radiomanchester.com.br\/fm\/projeto-une-cinema-e-educacao-ambiental-com-alunos-da-rede-municipal-em-anapolis\/#breadcrumb\"},\"inLanguage\":\"pt-BR\",\"potentialAction\":[{\"@type\":\"ReadAction\",\"target\":[\"https:\/\/www.radiomanchester.com.br\/fm\/projeto-une-cinema-e-educacao-ambiental-com-alunos-da-rede-municipal-em-anapolis\/\"]}]},{\"@type\":\"BreadcrumbList\",\"@id\":\"https:\/\/www.radiomanchester.com.br\/fm\/projeto-une-cinema-e-educacao-ambiental-com-alunos-da-rede-municipal-em-anapolis\/#breadcrumb\",\"itemListElement\":[{\"@type\":\"ListItem\",\"position\":1,\"name\":\"Home\",\"item\":\"https:\/\/www.radiomanchester.com.br\/fm\/\"},{\"@type\":\"ListItem\",\"position\":2,\"name\":\"Projeto une cinema e educa\u00e7\u00e3o ambiental com alunos da rede municipal em An\u00e1polis\"}]},{\"@type\":\"Person\",\"@id\":\"https:\/\/www.radiomanchester.com.br\/fm\/#\/schema\/person\/408a7b4d4e32cbebd90e2782852abca3\",\"name\":\"admin\",\"image\":{\"@type\":\"ImageObject\",\"@id\":\"https:\/\/www.radiomanchester.com.br\/fm\/#personlogo\",\"inLanguage\":\"pt-BR\",\"url\":\"https:\/\/secure.gravatar.com\/avatar\/115a974dba3376872eb3addeb276301c?s=96&d=mm&r=g\",\"contentUrl\":\"https:\/\/secure.gravatar.com\/avatar\/115a974dba3376872eb3addeb276301c?s=96&d=mm&r=g\",\"caption\":\"admin\"},\"url\":\"https:\/\/www.radiomanchester.com.br\/fm\/author\/admin\/\"}]}<\/script>\n<!-- \/ Yoast SEO plugin. -->","yoast_head_json":{"title":"Projeto une cinema e educa\u00e7\u00e3o ambiental com alunos da rede municipal em An\u00e1polis - Manchester FM 93,3","robots":{"index":"index","follow":"follow","max-snippet":"max-snippet:-1","max-image-preview":"max-image-preview:large","max-video-preview":"max-video-preview:-1"},"canonical":"https:\/\/www.radiomanchester.com.br\/fm\/projeto-une-cinema-e-educacao-ambiental-com-alunos-da-rede-municipal-em-anapolis\/","og_locale":"pt_BR","og_type":"article","og_title":"Projeto une cinema e educa\u00e7\u00e3o ambiental com alunos da rede municipal em An\u00e1polis - Manchester FM 93,3","og_description":"A Associa\u00e7\u00e3o Cultural Amigos do Cezinha, em parceria com a Geolab Farmac\u00eautica e o Instituto Arandu, iniciou o projeto \u201cCinema e Educa\u00e7\u00e3o Ambiental\u201d, aprovado pelo edital da PNAB e operacionalizado pela Prefeitura de An\u00e1polis. A iniciativa envolve 50 estudantes do Ensino Fundamental da Escola Municipal Manoel Gon\u00e7alves, que ao longo de setembro participam de oficinas [&hellip;]","og_url":"https:\/\/www.radiomanchester.com.br\/fm\/projeto-une-cinema-e-educacao-ambiental-com-alunos-da-rede-municipal-em-anapolis\/","og_site_name":"Manchester FM 93,3","article_published_time":"2025-09-19T10:00:00+00:00","article_modified_time":"2025-09-18T21:33:24+00:00","twitter_card":"summary_large_image","twitter_misc":{"Escrito por":"admin","Est. tempo de leitura":"2 minutos"},"schema":{"@context":"https:\/\/schema.org","@graph":[{"@type":"WebSite","@id":"https:\/\/www.radiomanchester.com.br\/fm\/#website","url":"https:\/\/www.radiomanchester.com.br\/fm\/","name":"Manchester FM 93,3","description":"Todo Mundo Ouve!","potentialAction":[{"@type":"SearchAction","target":{"@type":"EntryPoint","urlTemplate":"https:\/\/www.radiomanchester.com.br\/fm\/?s={search_term_string}"},"query-input":"required name=search_term_string"}],"inLanguage":"pt-BR"},{"@type":"WebPage","@id":"https:\/\/www.radiomanchester.com.br\/fm\/projeto-une-cinema-e-educacao-ambiental-com-alunos-da-rede-municipal-em-anapolis\/#webpage","url":"https:\/\/www.radiomanchester.com.br\/fm\/projeto-une-cinema-e-educacao-ambiental-com-alunos-da-rede-municipal-em-anapolis\/","name":"Projeto une cinema e educa\u00e7\u00e3o ambiental com alunos da rede municipal em An\u00e1polis - Manchester FM 93,3","isPartOf":{"@id":"https:\/\/www.radiomanchester.com.br\/fm\/#website"},"datePublished":"2025-09-19T10:00:00+00:00","dateModified":"2025-09-18T21:33:24+00:00","author":{"@id":"https:\/\/www.radiomanchester.com.br\/fm\/#\/schema\/person\/408a7b4d4e32cbebd90e2782852abca3"},"breadcrumb":{"@id":"https:\/\/www.radiomanchester.com.br\/fm\/projeto-une-cinema-e-educacao-ambiental-com-alunos-da-rede-municipal-em-anapolis\/#breadcrumb"},"inLanguage":"pt-BR","potentialAction":[{"@type":"ReadAction","target":["https:\/\/www.radiomanchester.com.br\/fm\/projeto-une-cinema-e-educacao-ambiental-com-alunos-da-rede-municipal-em-anapolis\/"]}]},{"@type":"BreadcrumbList","@id":"https:\/\/www.radiomanchester.com.br\/fm\/projeto-une-cinema-e-educacao-ambiental-com-alunos-da-rede-municipal-em-anapolis\/#breadcrumb","itemListElement":[{"@type":"ListItem","position":1,"name":"Home","item":"https:\/\/www.radiomanchester.com.br\/fm\/"},{"@type":"ListItem","position":2,"name":"Projeto une cinema e educa\u00e7\u00e3o ambiental com alunos da rede municipal em An\u00e1polis"}]},{"@type":"Person","@id":"https:\/\/www.radiomanchester.com.br\/fm\/#\/schema\/person\/408a7b4d4e32cbebd90e2782852abca3","name":"admin","image":{"@type":"ImageObject","@id":"https:\/\/www.radiomanchester.com.br\/fm\/#personlogo","inLanguage":"pt-BR","url":"https:\/\/secure.gravatar.com\/avatar\/115a974dba3376872eb3addeb276301c?s=96&d=mm&r=g","contentUrl":"https:\/\/secure.gravatar.com\/avatar\/115a974dba3376872eb3addeb276301c?s=96&d=mm&r=g","caption":"admin"},"url":"https:\/\/www.radiomanchester.com.br\/fm\/author\/admin\/"}]}},"_links":{"self":[{"href":"https:\/\/www.radiomanchester.com.br\/fm\/wp-json\/wp\/v2\/posts\/16581"}],"collection":[{"href":"https:\/\/www.radiomanchester.com.br\/fm\/wp-json\/wp\/v2\/posts"}],"about":[{"href":"https:\/\/www.radiomanchester.com.br\/fm\/wp-json\/wp\/v2\/types\/post"}],"author":[{"embeddable":true,"href":"https:\/\/www.radiomanchester.com.br\/fm\/wp-json\/wp\/v2\/users\/1"}],"replies":[{"embeddable":true,"href":"https:\/\/www.radiomanchester.com.br\/fm\/wp-json\/wp\/v2\/comments?post=16581"}],"version-history":[{"count":1,"href":"https:\/\/www.radiomanchester.com.br\/fm\/wp-json\/wp\/v2\/posts\/16581\/revisions"}],"predecessor-version":[{"id":16582,"href":"https:\/\/www.radiomanchester.com.br\/fm\/wp-json\/wp\/v2\/posts\/16581\/revisions\/16582"}],"wp:attachment":[{"href":"https:\/\/www.radiomanchester.com.br\/fm\/wp-json\/wp\/v2\/media?parent=16581"}],"wp:term":[{"taxonomy":"category","embeddable":true,"href":"https:\/\/www.radiomanchester.com.br\/fm\/wp-json\/wp\/v2\/categories?post=16581"},{"taxonomy":"post_tag","embeddable":true,"href":"https:\/\/www.radiomanchester.com.br\/fm\/wp-json\/wp\/v2\/tags?post=16581"}],"curies":[{"name":"wp","href":"https:\/\/api.w.org\/{rel}","templated":true}]}}