{"id":16586,"date":"2025-09-19T19:51:02","date_gmt":"2025-09-19T22:51:02","guid":{"rendered":"https:\/\/www.radiomanchester.com.br\/fm\/?p=16586"},"modified":"2025-09-19T19:51:06","modified_gmt":"2025-09-19T22:51:06","slug":"crianca-de-10-anos-leva-choque-e-morre-enquanto-caminhava-na-rua-em-anapolis","status":"publish","type":"post","link":"https:\/\/www.radiomanchester.com.br\/fm\/crianca-de-10-anos-leva-choque-e-morre-enquanto-caminhava-na-rua-em-anapolis\/","title":{"rendered":"Crian\u00e7a de 10 anos leva choque e morre enquanto caminhava na rua em An\u00e1polis"},"content":{"rendered":"\n<p><\/p>\n\n\n\n<p>As imagens de uma c\u00e2mera de seguran\u00e7a registrou o momento do incidente na tarde desta sexta-feira (19\/09) em An\u00e1polis. Dois meninos caminham pela rua na Vila Jussara quando a crian\u00e7a menor, de 10 anos, encosta num cabo energizado. A v\u00edtima levou uma descarga el\u00e9trica e morreu no local. O amigo que estava com a v\u00edtima correu para pedir ajuda.<\/p>\n\n\n\n<p>Equipes dos Bombeiros e do SAMU foram acionadas para prestar atendimento a crian\u00e7a. Infelizmente, apesar os esfor\u00e7os dos socorristas, o menino n\u00e3o resistiu.<\/p>\n\n\n\n<p>As imagens poder\u00e3o ajudar a per\u00edcia a esclarecer o que de fato teria acontecido, se foi um cabo de internet que ficou energizado ao tocar da distribuidora el\u00e9trica, ou se houve algum tipo de neglig\u00eancia por parte de empresas que prestam servi\u00e7os de telefonia e internet na cidade.<\/p>\n","protected":false},"excerpt":{"rendered":"<p class=\"excerpt\">As imagens de uma c\u00e2mera de seguran\u00e7a registrou o momento do incidente na tarde desta sexta-feira (19\/09) em An\u00e1polis. Dois meninos caminham pela rua na Vila Jussara quando a crian\u00e7a menor, de 10 anos, encosta num cabo energizado. A v\u00edtima levou uma descarga el\u00e9trica e morreu no local. O amigo que estava com a v\u00edtima [&hellip;]<\/p>\n","protected":false},"author":1,"featured_media":0,"comment_status":"open","ping_status":"open","sticky":false,"template":"","format":"standard","meta":[],"categories":[8,17],"tags":[22,24,113,83,92],"yoast_head":"<!-- This site is optimized with the Yoast SEO plugin v18.3 - https:\/\/yoast.com\/wordpress\/plugins\/seo\/ -->\n<title>Crian\u00e7a de 10 anos leva choque e morre enquanto caminhava na rua em An\u00e1polis - Manchester FM 93,3<\/title>\n<meta name=\"robots\" content=\"index, follow, max-snippet:-1, max-image-preview:large, max-video-preview:-1\" \/>\n<link rel=\"canonical\" href=\"https:\/\/www.radiomanchester.com.br\/fm\/crianca-de-10-anos-leva-choque-e-morre-enquanto-caminhava-na-rua-em-anapolis\/\" \/>\n<meta property=\"og:locale\" content=\"pt_BR\" \/>\n<meta property=\"og:type\" content=\"article\" \/>\n<meta property=\"og:title\" content=\"Crian\u00e7a de 10 anos leva choque e morre enquanto caminhava na rua em An\u00e1polis - Manchester FM 93,3\" \/>\n<meta property=\"og:description\" content=\"As imagens de uma c\u00e2mera de seguran\u00e7a registrou o momento do incidente na tarde desta sexta-feira (19\/09) em An\u00e1polis. Dois meninos caminham pela rua na Vila Jussara quando a crian\u00e7a menor, de 10 anos, encosta num cabo energizado. A v\u00edtima levou uma descarga el\u00e9trica e morreu no local. O amigo que estava com a v\u00edtima [&hellip;]\" \/>\n<meta property=\"og:url\" content=\"https:\/\/www.radiomanchester.com.br\/fm\/crianca-de-10-anos-leva-choque-e-morre-enquanto-caminhava-na-rua-em-anapolis\/\" \/>\n<meta property=\"og:site_name\" content=\"Manchester FM 93,3\" \/>\n<meta property=\"article:published_time\" content=\"2025-09-19T22:51:02+00:00\" \/>\n<meta property=\"article:modified_time\" content=\"2025-09-19T22:51:06+00:00\" \/>\n<meta name=\"twitter:card\" content=\"summary_large_image\" \/>\n<meta name=\"twitter:label1\" content=\"Escrito por\" \/>\n\t<meta name=\"twitter:data1\" content=\"admin\" \/>\n\t<meta name=\"twitter:label2\" content=\"Est. tempo de leitura\" \/>\n\t<meta name=\"twitter:data2\" content=\"1 minuto\" \/>\n<script type=\"application\/ld+json\" class=\"yoast-schema-graph\">{\"@context\":\"https:\/\/schema.org\",\"@graph\":[{\"@type\":\"WebSite\",\"@id\":\"https:\/\/www.radiomanchester.com.br\/fm\/#website\",\"url\":\"https:\/\/www.radiomanchester.com.br\/fm\/\",\"name\":\"Manchester FM 93,3\",\"description\":\"Todo Mundo Ouve!\",\"potentialAction\":[{\"@type\":\"SearchAction\",\"target\":{\"@type\":\"EntryPoint\",\"urlTemplate\":\"https:\/\/www.radiomanchester.com.br\/fm\/?s={search_term_string}\"},\"query-input\":\"required name=search_term_string\"}],\"inLanguage\":\"pt-BR\"},{\"@type\":\"WebPage\",\"@id\":\"https:\/\/www.radiomanchester.com.br\/fm\/crianca-de-10-anos-leva-choque-e-morre-enquanto-caminhava-na-rua-em-anapolis\/#webpage\",\"url\":\"https:\/\/www.radiomanchester.com.br\/fm\/crianca-de-10-anos-leva-choque-e-morre-enquanto-caminhava-na-rua-em-anapolis\/\",\"name\":\"Crian\u00e7a de 10 anos leva choque e morre enquanto caminhava na rua em An\u00e1polis - Manchester FM 93,3\",\"isPartOf\":{\"@id\":\"https:\/\/www.radiomanchester.com.br\/fm\/#website\"},\"datePublished\":\"2025-09-19T22:51:02+00:00\",\"dateModified\":\"2025-09-19T22:51:06+00:00\",\"author\":{\"@id\":\"https:\/\/www.radiomanchester.com.br\/fm\/#\/schema\/person\/408a7b4d4e32cbebd90e2782852abca3\"},\"breadcrumb\":{\"@id\":\"https:\/\/www.radiomanchester.com.br\/fm\/crianca-de-10-anos-leva-choque-e-morre-enquanto-caminhava-na-rua-em-anapolis\/#breadcrumb\"},\"inLanguage\":\"pt-BR\",\"potentialAction\":[{\"@type\":\"ReadAction\",\"target\":[\"https:\/\/www.radiomanchester.com.br\/fm\/crianca-de-10-anos-leva-choque-e-morre-enquanto-caminhava-na-rua-em-anapolis\/\"]}]},{\"@type\":\"BreadcrumbList\",\"@id\":\"https:\/\/www.radiomanchester.com.br\/fm\/crianca-de-10-anos-leva-choque-e-morre-enquanto-caminhava-na-rua-em-anapolis\/#breadcrumb\",\"itemListElement\":[{\"@type\":\"ListItem\",\"position\":1,\"name\":\"Home\",\"item\":\"https:\/\/www.radiomanchester.com.br\/fm\/\"},{\"@type\":\"ListItem\",\"position\":2,\"name\":\"Crian\u00e7a de 10 anos leva choque e morre enquanto caminhava na rua em An\u00e1polis\"}]},{\"@type\":\"Person\",\"@id\":\"https:\/\/www.radiomanchester.com.br\/fm\/#\/schema\/person\/408a7b4d4e32cbebd90e2782852abca3\",\"name\":\"admin\",\"image\":{\"@type\":\"ImageObject\",\"@id\":\"https:\/\/www.radiomanchester.com.br\/fm\/#personlogo\",\"inLanguage\":\"pt-BR\",\"url\":\"https:\/\/secure.gravatar.com\/avatar\/115a974dba3376872eb3addeb276301c?s=96&d=mm&r=g\",\"contentUrl\":\"https:\/\/secure.gravatar.com\/avatar\/115a974dba3376872eb3addeb276301c?s=96&d=mm&r=g\",\"caption\":\"admin\"},\"url\":\"https:\/\/www.radiomanchester.com.br\/fm\/author\/admin\/\"}]}<\/script>\n<!-- \/ Yoast SEO plugin. -->","yoast_head_json":{"title":"Crian\u00e7a de 10 anos leva choque e morre enquanto caminhava na rua em An\u00e1polis - Manchester FM 93,3","robots":{"index":"index","follow":"follow","max-snippet":"max-snippet:-1","max-image-preview":"max-image-preview:large","max-video-preview":"max-video-preview:-1"},"canonical":"https:\/\/www.radiomanchester.com.br\/fm\/crianca-de-10-anos-leva-choque-e-morre-enquanto-caminhava-na-rua-em-anapolis\/","og_locale":"pt_BR","og_type":"article","og_title":"Crian\u00e7a de 10 anos leva choque e morre enquanto caminhava na rua em An\u00e1polis - Manchester FM 93,3","og_description":"As imagens de uma c\u00e2mera de seguran\u00e7a registrou o momento do incidente na tarde desta sexta-feira (19\/09) em An\u00e1polis. Dois meninos caminham pela rua na Vila Jussara quando a crian\u00e7a menor, de 10 anos, encosta num cabo energizado. A v\u00edtima levou uma descarga el\u00e9trica e morreu no local. O amigo que estava com a v\u00edtima [&hellip;]","og_url":"https:\/\/www.radiomanchester.com.br\/fm\/crianca-de-10-anos-leva-choque-e-morre-enquanto-caminhava-na-rua-em-anapolis\/","og_site_name":"Manchester FM 93,3","article_published_time":"2025-09-19T22:51:02+00:00","article_modified_time":"2025-09-19T22:51:06+00:00","twitter_card":"summary_large_image","twitter_misc":{"Escrito por":"admin","Est. tempo de leitura":"1 minuto"},"schema":{"@context":"https:\/\/schema.org","@graph":[{"@type":"WebSite","@id":"https:\/\/www.radiomanchester.com.br\/fm\/#website","url":"https:\/\/www.radiomanchester.com.br\/fm\/","name":"Manchester FM 93,3","description":"Todo Mundo Ouve!","potentialAction":[{"@type":"SearchAction","target":{"@type":"EntryPoint","urlTemplate":"https:\/\/www.radiomanchester.com.br\/fm\/?s={search_term_string}"},"query-input":"required name=search_term_string"}],"inLanguage":"pt-BR"},{"@type":"WebPage","@id":"https:\/\/www.radiomanchester.com.br\/fm\/crianca-de-10-anos-leva-choque-e-morre-enquanto-caminhava-na-rua-em-anapolis\/#webpage","url":"https:\/\/www.radiomanchester.com.br\/fm\/crianca-de-10-anos-leva-choque-e-morre-enquanto-caminhava-na-rua-em-anapolis\/","name":"Crian\u00e7a de 10 anos leva choque e morre enquanto caminhava na rua em An\u00e1polis - Manchester FM 93,3","isPartOf":{"@id":"https:\/\/www.radiomanchester.com.br\/fm\/#website"},"datePublished":"2025-09-19T22:51:02+00:00","dateModified":"2025-09-19T22:51:06+00:00","author":{"@id":"https:\/\/www.radiomanchester.com.br\/fm\/#\/schema\/person\/408a7b4d4e32cbebd90e2782852abca3"},"breadcrumb":{"@id":"https:\/\/www.radiomanchester.com.br\/fm\/crianca-de-10-anos-leva-choque-e-morre-enquanto-caminhava-na-rua-em-anapolis\/#breadcrumb"},"inLanguage":"pt-BR","potentialAction":[{"@type":"ReadAction","target":["https:\/\/www.radiomanchester.com.br\/fm\/crianca-de-10-anos-leva-choque-e-morre-enquanto-caminhava-na-rua-em-anapolis\/"]}]},{"@type":"BreadcrumbList","@id":"https:\/\/www.radiomanchester.com.br\/fm\/crianca-de-10-anos-leva-choque-e-morre-enquanto-caminhava-na-rua-em-anapolis\/#breadcrumb","itemListElement":[{"@type":"ListItem","position":1,"name":"Home","item":"https:\/\/www.radiomanchester.com.br\/fm\/"},{"@type":"ListItem","position":2,"name":"Crian\u00e7a de 10 anos leva choque e morre enquanto caminhava na rua em An\u00e1polis"}]},{"@type":"Person","@id":"https:\/\/www.radiomanchester.com.br\/fm\/#\/schema\/person\/408a7b4d4e32cbebd90e2782852abca3","name":"admin","image":{"@type":"ImageObject","@id":"https:\/\/www.radiomanchester.com.br\/fm\/#personlogo","inLanguage":"pt-BR","url":"https:\/\/secure.gravatar.com\/avatar\/115a974dba3376872eb3addeb276301c?s=96&d=mm&r=g","contentUrl":"https:\/\/secure.gravatar.com\/avatar\/115a974dba3376872eb3addeb276301c?s=96&d=mm&r=g","caption":"admin"},"url":"https:\/\/www.radiomanchester.com.br\/fm\/author\/admin\/"}]}},"_links":{"self":[{"href":"https:\/\/www.radiomanchester.com.br\/fm\/wp-json\/wp\/v2\/posts\/16586"}],"collection":[{"href":"https:\/\/www.radiomanchester.com.br\/fm\/wp-json\/wp\/v2\/posts"}],"about":[{"href":"https:\/\/www.radiomanchester.com.br\/fm\/wp-json\/wp\/v2\/types\/post"}],"author":[{"embeddable":true,"href":"https:\/\/www.radiomanchester.com.br\/fm\/wp-json\/wp\/v2\/users\/1"}],"replies":[{"embeddable":true,"href":"https:\/\/www.radiomanchester.com.br\/fm\/wp-json\/wp\/v2\/comments?post=16586"}],"version-history":[{"count":1,"href":"https:\/\/www.radiomanchester.com.br\/fm\/wp-json\/wp\/v2\/posts\/16586\/revisions"}],"predecessor-version":[{"id":16587,"href":"https:\/\/www.radiomanchester.com.br\/fm\/wp-json\/wp\/v2\/posts\/16586\/revisions\/16587"}],"wp:attachment":[{"href":"https:\/\/www.radiomanchester.com.br\/fm\/wp-json\/wp\/v2\/media?parent=16586"}],"wp:term":[{"taxonomy":"category","embeddable":true,"href":"https:\/\/www.radiomanchester.com.br\/fm\/wp-json\/wp\/v2\/categories?post=16586"},{"taxonomy":"post_tag","embeddable":true,"href":"https:\/\/www.radiomanchester.com.br\/fm\/wp-json\/wp\/v2\/tags?post=16586"}],"curies":[{"name":"wp","href":"https:\/\/api.w.org\/{rel}","templated":true}]}}