{"id":16612,"date":"2025-09-25T07:00:00","date_gmt":"2025-09-25T10:00:00","guid":{"rendered":"https:\/\/www.radiomanchester.com.br\/fm\/?p=16612"},"modified":"2025-09-24T21:25:55","modified_gmt":"2025-09-25T00:25:55","slug":"wesley-safadao-se-pronuncia-sobre-tumor-cerebral-do-filho","status":"publish","type":"post","link":"https:\/\/www.radiomanchester.com.br\/fm\/wesley-safadao-se-pronuncia-sobre-tumor-cerebral-do-filho\/","title":{"rendered":"Wesley Safad\u00e3o se pronuncia sobre tumor cerebral do filho"},"content":{"rendered":"\n<p><em><strong>Yhudy, filho do cantor, tem 14 anos e passou por cirurgia para retirar o tumor<\/strong><\/em><\/p>\n\n\n\n<hr class=\"wp-block-separator\"\/>\n\n\n\n<p>Wesley Safad\u00e3o se pronunciou sobre o filho Yhudy, de 14 anos, que passou por uma cirurgia de emerg\u00eancia ap\u00f3s ser diagnosticado com um tumor cerebral. Em nota conjunta com Mileide Mihaile, m\u00e3e do garoto, o adolescente est\u00e1 bem e aguarda pela bi\u00f3psia.<\/p>\n\n\n\n<p>\u201cInformamos que, na sexta-feira (19\/09), Yhudy, filho de Mileide Mihaile e Wesley Safad\u00e3o, de 14 anos, foi submetido a uma cirurgia de emerg\u00eancia, realizada com \u00eaxito, em S\u00e3o Paulo, ap\u00f3s a descoberta repentina de um tumor. O diagn\u00f3stico ocorreu a partir de queixas de dores de cabe\u00e7a apresentadas nos \u00faltimos dias\u201d, inicia a nota.<\/p>\n\n\n\n<p>\u201cExames constataram um tumor \u00f3sseo no osso parietal do cr\u00e2nio, conhecido como granuloma eosin\u00f3filo (histiocitose de Langerhans). O resultado da bi\u00f3psia est\u00e1 em andamento, mas at\u00e9 o momento, os ind\u00edcios mostram que trata-se de um tumor benigno e que n\u00e3o haver\u00e1 necessidade de tratamento complementar, como a quimioterapia\u201d, afirma o texto.<\/p>\n\n\n\n<p>Yhudy recebeu alta hospitalar e est\u00e1 em casa, recebendo os cuidados necess\u00e1rios. Na nota, os familiares ainda agradeceram a preocupa\u00e7\u00e3o e o carinho enviado para o adolescente e fez um pedido.<\/p>\n\n\n\n<p>\u201cPedimos respeito \u00e0 privacidade para assegurar um ambiente tranquilo para sua recupera\u00e7\u00e3o. A prioridade, neste momento, \u00e9 garantir que ele receba os cuidados necess\u00e1rios e todo o apoio para retomar gradualmente sua rotina\u201d, finaliza a publica\u00e7\u00e3o.<\/p>\n\n\n\n<p>porR3pMetr0p0les parceiro Manchester<\/p>\n","protected":false},"excerpt":{"rendered":"<p class=\"excerpt\">Yhudy, filho do cantor, tem 14 anos e passou por cirurgia para retirar o tumor Wesley Safad\u00e3o se pronunciou sobre o filho Yhudy, de 14 anos, que passou por uma cirurgia de emerg\u00eancia ap\u00f3s ser diagnosticado com um tumor cerebral. Em nota conjunta com Mileide Mihaile, m\u00e3e do garoto, o adolescente est\u00e1 bem e aguarda [&hellip;]<\/p>\n","protected":false},"author":1,"featured_media":0,"comment_status":"open","ping_status":"open","sticky":false,"template":"","format":"standard","meta":[],"categories":[8,17],"tags":[22,137,24,113,83,92],"yoast_head":"<!-- This site is optimized with the Yoast SEO plugin v18.3 - https:\/\/yoast.com\/wordpress\/plugins\/seo\/ -->\n<title>Wesley Safad\u00e3o se pronuncia sobre tumor cerebral do filho - Manchester FM 93,3<\/title>\n<meta name=\"robots\" content=\"index, follow, max-snippet:-1, max-image-preview:large, max-video-preview:-1\" \/>\n<link rel=\"canonical\" href=\"https:\/\/www.radiomanchester.com.br\/fm\/wesley-safadao-se-pronuncia-sobre-tumor-cerebral-do-filho\/\" \/>\n<meta property=\"og:locale\" content=\"pt_BR\" \/>\n<meta property=\"og:type\" content=\"article\" \/>\n<meta property=\"og:title\" content=\"Wesley Safad\u00e3o se pronuncia sobre tumor cerebral do filho - Manchester FM 93,3\" \/>\n<meta property=\"og:description\" content=\"Yhudy, filho do cantor, tem 14 anos e passou por cirurgia para retirar o tumor Wesley Safad\u00e3o se pronunciou sobre o filho Yhudy, de 14 anos, que passou por uma cirurgia de emerg\u00eancia ap\u00f3s ser diagnosticado com um tumor cerebral. Em nota conjunta com Mileide Mihaile, m\u00e3e do garoto, o adolescente est\u00e1 bem e aguarda [&hellip;]\" \/>\n<meta property=\"og:url\" content=\"https:\/\/www.radiomanchester.com.br\/fm\/wesley-safadao-se-pronuncia-sobre-tumor-cerebral-do-filho\/\" \/>\n<meta property=\"og:site_name\" content=\"Manchester FM 93,3\" \/>\n<meta property=\"article:published_time\" content=\"2025-09-25T10:00:00+00:00\" \/>\n<meta property=\"article:modified_time\" content=\"2025-09-25T00:25:55+00:00\" \/>\n<meta name=\"twitter:card\" content=\"summary_large_image\" \/>\n<meta name=\"twitter:label1\" content=\"Escrito por\" \/>\n\t<meta name=\"twitter:data1\" content=\"admin\" \/>\n\t<meta name=\"twitter:label2\" content=\"Est. tempo de leitura\" \/>\n\t<meta name=\"twitter:data2\" content=\"2 minutos\" \/>\n<script type=\"application\/ld+json\" class=\"yoast-schema-graph\">{\"@context\":\"https:\/\/schema.org\",\"@graph\":[{\"@type\":\"WebSite\",\"@id\":\"https:\/\/www.radiomanchester.com.br\/fm\/#website\",\"url\":\"https:\/\/www.radiomanchester.com.br\/fm\/\",\"name\":\"Manchester FM 93,3\",\"description\":\"Todo Mundo Ouve!\",\"potentialAction\":[{\"@type\":\"SearchAction\",\"target\":{\"@type\":\"EntryPoint\",\"urlTemplate\":\"https:\/\/www.radiomanchester.com.br\/fm\/?s={search_term_string}\"},\"query-input\":\"required name=search_term_string\"}],\"inLanguage\":\"pt-BR\"},{\"@type\":\"WebPage\",\"@id\":\"https:\/\/www.radiomanchester.com.br\/fm\/wesley-safadao-se-pronuncia-sobre-tumor-cerebral-do-filho\/#webpage\",\"url\":\"https:\/\/www.radiomanchester.com.br\/fm\/wesley-safadao-se-pronuncia-sobre-tumor-cerebral-do-filho\/\",\"name\":\"Wesley Safad\u00e3o se pronuncia sobre tumor cerebral do filho - Manchester FM 93,3\",\"isPartOf\":{\"@id\":\"https:\/\/www.radiomanchester.com.br\/fm\/#website\"},\"datePublished\":\"2025-09-25T10:00:00+00:00\",\"dateModified\":\"2025-09-25T00:25:55+00:00\",\"author\":{\"@id\":\"https:\/\/www.radiomanchester.com.br\/fm\/#\/schema\/person\/408a7b4d4e32cbebd90e2782852abca3\"},\"breadcrumb\":{\"@id\":\"https:\/\/www.radiomanchester.com.br\/fm\/wesley-safadao-se-pronuncia-sobre-tumor-cerebral-do-filho\/#breadcrumb\"},\"inLanguage\":\"pt-BR\",\"potentialAction\":[{\"@type\":\"ReadAction\",\"target\":[\"https:\/\/www.radiomanchester.com.br\/fm\/wesley-safadao-se-pronuncia-sobre-tumor-cerebral-do-filho\/\"]}]},{\"@type\":\"BreadcrumbList\",\"@id\":\"https:\/\/www.radiomanchester.com.br\/fm\/wesley-safadao-se-pronuncia-sobre-tumor-cerebral-do-filho\/#breadcrumb\",\"itemListElement\":[{\"@type\":\"ListItem\",\"position\":1,\"name\":\"Home\",\"item\":\"https:\/\/www.radiomanchester.com.br\/fm\/\"},{\"@type\":\"ListItem\",\"position\":2,\"name\":\"Wesley Safad\u00e3o se pronuncia sobre tumor cerebral do filho\"}]},{\"@type\":\"Person\",\"@id\":\"https:\/\/www.radiomanchester.com.br\/fm\/#\/schema\/person\/408a7b4d4e32cbebd90e2782852abca3\",\"name\":\"admin\",\"image\":{\"@type\":\"ImageObject\",\"@id\":\"https:\/\/www.radiomanchester.com.br\/fm\/#personlogo\",\"inLanguage\":\"pt-BR\",\"url\":\"https:\/\/secure.gravatar.com\/avatar\/115a974dba3376872eb3addeb276301c?s=96&d=mm&r=g\",\"contentUrl\":\"https:\/\/secure.gravatar.com\/avatar\/115a974dba3376872eb3addeb276301c?s=96&d=mm&r=g\",\"caption\":\"admin\"},\"url\":\"https:\/\/www.radiomanchester.com.br\/fm\/author\/admin\/\"}]}<\/script>\n<!-- \/ Yoast SEO plugin. -->","yoast_head_json":{"title":"Wesley Safad\u00e3o se pronuncia sobre tumor cerebral do filho - Manchester FM 93,3","robots":{"index":"index","follow":"follow","max-snippet":"max-snippet:-1","max-image-preview":"max-image-preview:large","max-video-preview":"max-video-preview:-1"},"canonical":"https:\/\/www.radiomanchester.com.br\/fm\/wesley-safadao-se-pronuncia-sobre-tumor-cerebral-do-filho\/","og_locale":"pt_BR","og_type":"article","og_title":"Wesley Safad\u00e3o se pronuncia sobre tumor cerebral do filho - Manchester FM 93,3","og_description":"Yhudy, filho do cantor, tem 14 anos e passou por cirurgia para retirar o tumor Wesley Safad\u00e3o se pronunciou sobre o filho Yhudy, de 14 anos, que passou por uma cirurgia de emerg\u00eancia ap\u00f3s ser diagnosticado com um tumor cerebral. Em nota conjunta com Mileide Mihaile, m\u00e3e do garoto, o adolescente est\u00e1 bem e aguarda [&hellip;]","og_url":"https:\/\/www.radiomanchester.com.br\/fm\/wesley-safadao-se-pronuncia-sobre-tumor-cerebral-do-filho\/","og_site_name":"Manchester FM 93,3","article_published_time":"2025-09-25T10:00:00+00:00","article_modified_time":"2025-09-25T00:25:55+00:00","twitter_card":"summary_large_image","twitter_misc":{"Escrito por":"admin","Est. tempo de leitura":"2 minutos"},"schema":{"@context":"https:\/\/schema.org","@graph":[{"@type":"WebSite","@id":"https:\/\/www.radiomanchester.com.br\/fm\/#website","url":"https:\/\/www.radiomanchester.com.br\/fm\/","name":"Manchester FM 93,3","description":"Todo Mundo Ouve!","potentialAction":[{"@type":"SearchAction","target":{"@type":"EntryPoint","urlTemplate":"https:\/\/www.radiomanchester.com.br\/fm\/?s={search_term_string}"},"query-input":"required name=search_term_string"}],"inLanguage":"pt-BR"},{"@type":"WebPage","@id":"https:\/\/www.radiomanchester.com.br\/fm\/wesley-safadao-se-pronuncia-sobre-tumor-cerebral-do-filho\/#webpage","url":"https:\/\/www.radiomanchester.com.br\/fm\/wesley-safadao-se-pronuncia-sobre-tumor-cerebral-do-filho\/","name":"Wesley Safad\u00e3o se pronuncia sobre tumor cerebral do filho - Manchester FM 93,3","isPartOf":{"@id":"https:\/\/www.radiomanchester.com.br\/fm\/#website"},"datePublished":"2025-09-25T10:00:00+00:00","dateModified":"2025-09-25T00:25:55+00:00","author":{"@id":"https:\/\/www.radiomanchester.com.br\/fm\/#\/schema\/person\/408a7b4d4e32cbebd90e2782852abca3"},"breadcrumb":{"@id":"https:\/\/www.radiomanchester.com.br\/fm\/wesley-safadao-se-pronuncia-sobre-tumor-cerebral-do-filho\/#breadcrumb"},"inLanguage":"pt-BR","potentialAction":[{"@type":"ReadAction","target":["https:\/\/www.radiomanchester.com.br\/fm\/wesley-safadao-se-pronuncia-sobre-tumor-cerebral-do-filho\/"]}]},{"@type":"BreadcrumbList","@id":"https:\/\/www.radiomanchester.com.br\/fm\/wesley-safadao-se-pronuncia-sobre-tumor-cerebral-do-filho\/#breadcrumb","itemListElement":[{"@type":"ListItem","position":1,"name":"Home","item":"https:\/\/www.radiomanchester.com.br\/fm\/"},{"@type":"ListItem","position":2,"name":"Wesley Safad\u00e3o se pronuncia sobre tumor cerebral do filho"}]},{"@type":"Person","@id":"https:\/\/www.radiomanchester.com.br\/fm\/#\/schema\/person\/408a7b4d4e32cbebd90e2782852abca3","name":"admin","image":{"@type":"ImageObject","@id":"https:\/\/www.radiomanchester.com.br\/fm\/#personlogo","inLanguage":"pt-BR","url":"https:\/\/secure.gravatar.com\/avatar\/115a974dba3376872eb3addeb276301c?s=96&d=mm&r=g","contentUrl":"https:\/\/secure.gravatar.com\/avatar\/115a974dba3376872eb3addeb276301c?s=96&d=mm&r=g","caption":"admin"},"url":"https:\/\/www.radiomanchester.com.br\/fm\/author\/admin\/"}]}},"_links":{"self":[{"href":"https:\/\/www.radiomanchester.com.br\/fm\/wp-json\/wp\/v2\/posts\/16612"}],"collection":[{"href":"https:\/\/www.radiomanchester.com.br\/fm\/wp-json\/wp\/v2\/posts"}],"about":[{"href":"https:\/\/www.radiomanchester.com.br\/fm\/wp-json\/wp\/v2\/types\/post"}],"author":[{"embeddable":true,"href":"https:\/\/www.radiomanchester.com.br\/fm\/wp-json\/wp\/v2\/users\/1"}],"replies":[{"embeddable":true,"href":"https:\/\/www.radiomanchester.com.br\/fm\/wp-json\/wp\/v2\/comments?post=16612"}],"version-history":[{"count":1,"href":"https:\/\/www.radiomanchester.com.br\/fm\/wp-json\/wp\/v2\/posts\/16612\/revisions"}],"predecessor-version":[{"id":16613,"href":"https:\/\/www.radiomanchester.com.br\/fm\/wp-json\/wp\/v2\/posts\/16612\/revisions\/16613"}],"wp:attachment":[{"href":"https:\/\/www.radiomanchester.com.br\/fm\/wp-json\/wp\/v2\/media?parent=16612"}],"wp:term":[{"taxonomy":"category","embeddable":true,"href":"https:\/\/www.radiomanchester.com.br\/fm\/wp-json\/wp\/v2\/categories?post=16612"},{"taxonomy":"post_tag","embeddable":true,"href":"https:\/\/www.radiomanchester.com.br\/fm\/wp-json\/wp\/v2\/tags?post=16612"}],"curies":[{"name":"wp","href":"https:\/\/api.w.org\/{rel}","templated":true}]}}