{"id":16614,"date":"2025-09-26T07:00:00","date_gmt":"2025-09-26T10:00:00","guid":{"rendered":"https:\/\/www.radiomanchester.com.br\/fm\/?p=16614"},"modified":"2025-09-25T19:37:41","modified_gmt":"2025-09-25T22:37:41","slug":"concurso-de-requalificacao-do-centro-de-anapolis-tera-resultado-anunciado-na-proxima-terca-feira","status":"publish","type":"post","link":"https:\/\/www.radiomanchester.com.br\/fm\/concurso-de-requalificacao-do-centro-de-anapolis-tera-resultado-anunciado-na-proxima-terca-feira\/","title":{"rendered":"Concurso de Requalifica\u00e7\u00e3o do Centro de An\u00e1polis ter\u00e1 resultado anunciado na pr\u00f3xima ter\u00e7a-feira"},"content":{"rendered":"\n<p>O resultado do Concurso de Requalifica\u00e7\u00e3o do Centro de An\u00e1polis ser\u00e1 divulgado na pr\u00f3xima ter\u00e7a-feira (30\/09), durante uma cerim\u00f4nia que ter\u00e1 in\u00edcio \u00e0s 9h, no Audit\u00f3rio Adhemar Santillo, no Centro Administrativo.<\/p>\n\n\n\n<p>A solenidade contar\u00e1 com a divulga\u00e7\u00e3o dos vencedores e a entrega simb\u00f3lica da premia\u00e7\u00e3o aos finalistas da competi\u00e7\u00e3o. Al\u00e9m disso, haver\u00e1 a apresenta\u00e7\u00e3o dos projetos finalistas, que poder\u00e3o ser executados.<\/p>\n\n\n\n<p>O concurso foi realizado de forma in\u00e9dita na cidade e reuniu propostas de arquitetos e engenheiros com solu\u00e7\u00f5es para a melhoria do centro do munic\u00edpio.<\/p>\n\n\n\n<p>Os candidatos concorrem a pr\u00eamios em dinheiro: 1\u00ba lugar (R$ 250 mil), 2\u00ba lugar (R$ 60 mil) e 3\u00ba lugar (R$ 40 mil). Os estudantes participantes da categoria estudantil poder\u00e3o receber men\u00e7\u00e3o honrosa.<\/p>\n\n\n\n<p>Segundo a Secretaria Municipal de Obras, Habita\u00e7\u00e3o, Planejamento Urbano e Meio Ambiente, a requalifica\u00e7\u00e3o do centro busca criar novas \u00e1reas de lazer, proporcionando bem-estar \u00e0 popula\u00e7\u00e3o, melhorar a mobilidade com a amplia\u00e7\u00e3o dos espa\u00e7os de circula\u00e7\u00e3o e garantir acessibilidade&nbsp;para&nbsp;pedestres.<\/p>\n","protected":false},"excerpt":{"rendered":"<p class=\"excerpt\">O resultado do Concurso de Requalifica\u00e7\u00e3o do Centro de An\u00e1polis ser\u00e1 divulgado na pr\u00f3xima ter\u00e7a-feira (30\/09), durante uma cerim\u00f4nia que ter\u00e1 in\u00edcio \u00e0s 9h, no Audit\u00f3rio Adhemar Santillo, no Centro Administrativo. A solenidade contar\u00e1 com a divulga\u00e7\u00e3o dos vencedores e a entrega simb\u00f3lica da premia\u00e7\u00e3o aos finalistas da competi\u00e7\u00e3o. Al\u00e9m disso, haver\u00e1 a apresenta\u00e7\u00e3o dos [&hellip;]<\/p>\n","protected":false},"author":1,"featured_media":0,"comment_status":"open","ping_status":"open","sticky":false,"template":"","format":"standard","meta":[],"categories":[8,17],"tags":[22,24,113,83,129,92],"yoast_head":"<!-- This site is optimized with the Yoast SEO plugin v18.3 - https:\/\/yoast.com\/wordpress\/plugins\/seo\/ -->\n<title>Concurso de Requalifica\u00e7\u00e3o do Centro de An\u00e1polis ter\u00e1 resultado anunciado na pr\u00f3xima ter\u00e7a-feira - Manchester FM 93,3<\/title>\n<meta name=\"robots\" content=\"index, follow, max-snippet:-1, max-image-preview:large, max-video-preview:-1\" \/>\n<link rel=\"canonical\" href=\"https:\/\/www.radiomanchester.com.br\/fm\/concurso-de-requalificacao-do-centro-de-anapolis-tera-resultado-anunciado-na-proxima-terca-feira\/\" \/>\n<meta property=\"og:locale\" content=\"pt_BR\" \/>\n<meta property=\"og:type\" content=\"article\" \/>\n<meta property=\"og:title\" content=\"Concurso de Requalifica\u00e7\u00e3o do Centro de An\u00e1polis ter\u00e1 resultado anunciado na pr\u00f3xima ter\u00e7a-feira - Manchester FM 93,3\" \/>\n<meta property=\"og:description\" content=\"O resultado do Concurso de Requalifica\u00e7\u00e3o do Centro de An\u00e1polis ser\u00e1 divulgado na pr\u00f3xima ter\u00e7a-feira (30\/09), durante uma cerim\u00f4nia que ter\u00e1 in\u00edcio \u00e0s 9h, no Audit\u00f3rio Adhemar Santillo, no Centro Administrativo. A solenidade contar\u00e1 com a divulga\u00e7\u00e3o dos vencedores e a entrega simb\u00f3lica da premia\u00e7\u00e3o aos finalistas da competi\u00e7\u00e3o. Al\u00e9m disso, haver\u00e1 a apresenta\u00e7\u00e3o dos [&hellip;]\" \/>\n<meta property=\"og:url\" content=\"https:\/\/www.radiomanchester.com.br\/fm\/concurso-de-requalificacao-do-centro-de-anapolis-tera-resultado-anunciado-na-proxima-terca-feira\/\" \/>\n<meta property=\"og:site_name\" content=\"Manchester FM 93,3\" \/>\n<meta property=\"article:published_time\" content=\"2025-09-26T10:00:00+00:00\" \/>\n<meta property=\"article:modified_time\" content=\"2025-09-25T22:37:41+00:00\" \/>\n<meta name=\"twitter:card\" content=\"summary_large_image\" \/>\n<meta name=\"twitter:label1\" content=\"Escrito por\" \/>\n\t<meta name=\"twitter:data1\" content=\"admin\" \/>\n\t<meta name=\"twitter:label2\" content=\"Est. tempo de leitura\" \/>\n\t<meta name=\"twitter:data2\" content=\"1 minuto\" \/>\n<script type=\"application\/ld+json\" class=\"yoast-schema-graph\">{\"@context\":\"https:\/\/schema.org\",\"@graph\":[{\"@type\":\"WebSite\",\"@id\":\"https:\/\/www.radiomanchester.com.br\/fm\/#website\",\"url\":\"https:\/\/www.radiomanchester.com.br\/fm\/\",\"name\":\"Manchester FM 93,3\",\"description\":\"Todo Mundo Ouve!\",\"potentialAction\":[{\"@type\":\"SearchAction\",\"target\":{\"@type\":\"EntryPoint\",\"urlTemplate\":\"https:\/\/www.radiomanchester.com.br\/fm\/?s={search_term_string}\"},\"query-input\":\"required name=search_term_string\"}],\"inLanguage\":\"pt-BR\"},{\"@type\":\"WebPage\",\"@id\":\"https:\/\/www.radiomanchester.com.br\/fm\/concurso-de-requalificacao-do-centro-de-anapolis-tera-resultado-anunciado-na-proxima-terca-feira\/#webpage\",\"url\":\"https:\/\/www.radiomanchester.com.br\/fm\/concurso-de-requalificacao-do-centro-de-anapolis-tera-resultado-anunciado-na-proxima-terca-feira\/\",\"name\":\"Concurso de Requalifica\u00e7\u00e3o do Centro de An\u00e1polis ter\u00e1 resultado anunciado na pr\u00f3xima ter\u00e7a-feira - Manchester FM 93,3\",\"isPartOf\":{\"@id\":\"https:\/\/www.radiomanchester.com.br\/fm\/#website\"},\"datePublished\":\"2025-09-26T10:00:00+00:00\",\"dateModified\":\"2025-09-25T22:37:41+00:00\",\"author\":{\"@id\":\"https:\/\/www.radiomanchester.com.br\/fm\/#\/schema\/person\/408a7b4d4e32cbebd90e2782852abca3\"},\"breadcrumb\":{\"@id\":\"https:\/\/www.radiomanchester.com.br\/fm\/concurso-de-requalificacao-do-centro-de-anapolis-tera-resultado-anunciado-na-proxima-terca-feira\/#breadcrumb\"},\"inLanguage\":\"pt-BR\",\"potentialAction\":[{\"@type\":\"ReadAction\",\"target\":[\"https:\/\/www.radiomanchester.com.br\/fm\/concurso-de-requalificacao-do-centro-de-anapolis-tera-resultado-anunciado-na-proxima-terca-feira\/\"]}]},{\"@type\":\"BreadcrumbList\",\"@id\":\"https:\/\/www.radiomanchester.com.br\/fm\/concurso-de-requalificacao-do-centro-de-anapolis-tera-resultado-anunciado-na-proxima-terca-feira\/#breadcrumb\",\"itemListElement\":[{\"@type\":\"ListItem\",\"position\":1,\"name\":\"Home\",\"item\":\"https:\/\/www.radiomanchester.com.br\/fm\/\"},{\"@type\":\"ListItem\",\"position\":2,\"name\":\"Concurso de Requalifica\u00e7\u00e3o do Centro de An\u00e1polis ter\u00e1 resultado anunciado na pr\u00f3xima ter\u00e7a-feira\"}]},{\"@type\":\"Person\",\"@id\":\"https:\/\/www.radiomanchester.com.br\/fm\/#\/schema\/person\/408a7b4d4e32cbebd90e2782852abca3\",\"name\":\"admin\",\"image\":{\"@type\":\"ImageObject\",\"@id\":\"https:\/\/www.radiomanchester.com.br\/fm\/#personlogo\",\"inLanguage\":\"pt-BR\",\"url\":\"https:\/\/secure.gravatar.com\/avatar\/115a974dba3376872eb3addeb276301c?s=96&d=mm&r=g\",\"contentUrl\":\"https:\/\/secure.gravatar.com\/avatar\/115a974dba3376872eb3addeb276301c?s=96&d=mm&r=g\",\"caption\":\"admin\"},\"url\":\"https:\/\/www.radiomanchester.com.br\/fm\/author\/admin\/\"}]}<\/script>\n<!-- \/ Yoast SEO plugin. -->","yoast_head_json":{"title":"Concurso de Requalifica\u00e7\u00e3o do Centro de An\u00e1polis ter\u00e1 resultado anunciado na pr\u00f3xima ter\u00e7a-feira - Manchester FM 93,3","robots":{"index":"index","follow":"follow","max-snippet":"max-snippet:-1","max-image-preview":"max-image-preview:large","max-video-preview":"max-video-preview:-1"},"canonical":"https:\/\/www.radiomanchester.com.br\/fm\/concurso-de-requalificacao-do-centro-de-anapolis-tera-resultado-anunciado-na-proxima-terca-feira\/","og_locale":"pt_BR","og_type":"article","og_title":"Concurso de Requalifica\u00e7\u00e3o do Centro de An\u00e1polis ter\u00e1 resultado anunciado na pr\u00f3xima ter\u00e7a-feira - Manchester FM 93,3","og_description":"O resultado do Concurso de Requalifica\u00e7\u00e3o do Centro de An\u00e1polis ser\u00e1 divulgado na pr\u00f3xima ter\u00e7a-feira (30\/09), durante uma cerim\u00f4nia que ter\u00e1 in\u00edcio \u00e0s 9h, no Audit\u00f3rio Adhemar Santillo, no Centro Administrativo. A solenidade contar\u00e1 com a divulga\u00e7\u00e3o dos vencedores e a entrega simb\u00f3lica da premia\u00e7\u00e3o aos finalistas da competi\u00e7\u00e3o. Al\u00e9m disso, haver\u00e1 a apresenta\u00e7\u00e3o dos [&hellip;]","og_url":"https:\/\/www.radiomanchester.com.br\/fm\/concurso-de-requalificacao-do-centro-de-anapolis-tera-resultado-anunciado-na-proxima-terca-feira\/","og_site_name":"Manchester FM 93,3","article_published_time":"2025-09-26T10:00:00+00:00","article_modified_time":"2025-09-25T22:37:41+00:00","twitter_card":"summary_large_image","twitter_misc":{"Escrito por":"admin","Est. tempo de leitura":"1 minuto"},"schema":{"@context":"https:\/\/schema.org","@graph":[{"@type":"WebSite","@id":"https:\/\/www.radiomanchester.com.br\/fm\/#website","url":"https:\/\/www.radiomanchester.com.br\/fm\/","name":"Manchester FM 93,3","description":"Todo Mundo Ouve!","potentialAction":[{"@type":"SearchAction","target":{"@type":"EntryPoint","urlTemplate":"https:\/\/www.radiomanchester.com.br\/fm\/?s={search_term_string}"},"query-input":"required name=search_term_string"}],"inLanguage":"pt-BR"},{"@type":"WebPage","@id":"https:\/\/www.radiomanchester.com.br\/fm\/concurso-de-requalificacao-do-centro-de-anapolis-tera-resultado-anunciado-na-proxima-terca-feira\/#webpage","url":"https:\/\/www.radiomanchester.com.br\/fm\/concurso-de-requalificacao-do-centro-de-anapolis-tera-resultado-anunciado-na-proxima-terca-feira\/","name":"Concurso de Requalifica\u00e7\u00e3o do Centro de An\u00e1polis ter\u00e1 resultado anunciado na pr\u00f3xima ter\u00e7a-feira - Manchester FM 93,3","isPartOf":{"@id":"https:\/\/www.radiomanchester.com.br\/fm\/#website"},"datePublished":"2025-09-26T10:00:00+00:00","dateModified":"2025-09-25T22:37:41+00:00","author":{"@id":"https:\/\/www.radiomanchester.com.br\/fm\/#\/schema\/person\/408a7b4d4e32cbebd90e2782852abca3"},"breadcrumb":{"@id":"https:\/\/www.radiomanchester.com.br\/fm\/concurso-de-requalificacao-do-centro-de-anapolis-tera-resultado-anunciado-na-proxima-terca-feira\/#breadcrumb"},"inLanguage":"pt-BR","potentialAction":[{"@type":"ReadAction","target":["https:\/\/www.radiomanchester.com.br\/fm\/concurso-de-requalificacao-do-centro-de-anapolis-tera-resultado-anunciado-na-proxima-terca-feira\/"]}]},{"@type":"BreadcrumbList","@id":"https:\/\/www.radiomanchester.com.br\/fm\/concurso-de-requalificacao-do-centro-de-anapolis-tera-resultado-anunciado-na-proxima-terca-feira\/#breadcrumb","itemListElement":[{"@type":"ListItem","position":1,"name":"Home","item":"https:\/\/www.radiomanchester.com.br\/fm\/"},{"@type":"ListItem","position":2,"name":"Concurso de Requalifica\u00e7\u00e3o do Centro de An\u00e1polis ter\u00e1 resultado anunciado na pr\u00f3xima ter\u00e7a-feira"}]},{"@type":"Person","@id":"https:\/\/www.radiomanchester.com.br\/fm\/#\/schema\/person\/408a7b4d4e32cbebd90e2782852abca3","name":"admin","image":{"@type":"ImageObject","@id":"https:\/\/www.radiomanchester.com.br\/fm\/#personlogo","inLanguage":"pt-BR","url":"https:\/\/secure.gravatar.com\/avatar\/115a974dba3376872eb3addeb276301c?s=96&d=mm&r=g","contentUrl":"https:\/\/secure.gravatar.com\/avatar\/115a974dba3376872eb3addeb276301c?s=96&d=mm&r=g","caption":"admin"},"url":"https:\/\/www.radiomanchester.com.br\/fm\/author\/admin\/"}]}},"_links":{"self":[{"href":"https:\/\/www.radiomanchester.com.br\/fm\/wp-json\/wp\/v2\/posts\/16614"}],"collection":[{"href":"https:\/\/www.radiomanchester.com.br\/fm\/wp-json\/wp\/v2\/posts"}],"about":[{"href":"https:\/\/www.radiomanchester.com.br\/fm\/wp-json\/wp\/v2\/types\/post"}],"author":[{"embeddable":true,"href":"https:\/\/www.radiomanchester.com.br\/fm\/wp-json\/wp\/v2\/users\/1"}],"replies":[{"embeddable":true,"href":"https:\/\/www.radiomanchester.com.br\/fm\/wp-json\/wp\/v2\/comments?post=16614"}],"version-history":[{"count":1,"href":"https:\/\/www.radiomanchester.com.br\/fm\/wp-json\/wp\/v2\/posts\/16614\/revisions"}],"predecessor-version":[{"id":16615,"href":"https:\/\/www.radiomanchester.com.br\/fm\/wp-json\/wp\/v2\/posts\/16614\/revisions\/16615"}],"wp:attachment":[{"href":"https:\/\/www.radiomanchester.com.br\/fm\/wp-json\/wp\/v2\/media?parent=16614"}],"wp:term":[{"taxonomy":"category","embeddable":true,"href":"https:\/\/www.radiomanchester.com.br\/fm\/wp-json\/wp\/v2\/categories?post=16614"},{"taxonomy":"post_tag","embeddable":true,"href":"https:\/\/www.radiomanchester.com.br\/fm\/wp-json\/wp\/v2\/tags?post=16614"}],"curies":[{"name":"wp","href":"https:\/\/api.w.org\/{rel}","templated":true}]}}