{"id":16616,"date":"2025-09-27T08:30:00","date_gmt":"2025-09-27T11:30:00","guid":{"rendered":"https:\/\/www.radiomanchester.com.br\/fm\/?p=16616"},"modified":"2025-09-26T21:14:03","modified_gmt":"2025-09-27T00:14:03","slug":"forca-tarefa-de-vacinacao-contra-febre-amarela-tera-imunizante-em-todas-as-usfs-na-proxima-semana","status":"publish","type":"post","link":"https:\/\/www.radiomanchester.com.br\/fm\/forca-tarefa-de-vacinacao-contra-febre-amarela-tera-imunizante-em-todas-as-usfs-na-proxima-semana\/","title":{"rendered":"For\u00e7a-tarefa de vacina\u00e7\u00e3o contra febre amarela ter\u00e1 imunizante em todas as USFs na pr\u00f3xima semana"},"content":{"rendered":"\n<p>A Secretaria Municipal de Sa\u00fade promover\u00e1, em An\u00e1polis, a campanha de imuniza\u00e7\u00e3o contra a febre amarela. O imunizante ser\u00e1 disponibilizado em todas as Unidades de Sa\u00fade da Fam\u00edlia (USFs) entre os dias 29 de setembro e 3 de outubro.<\/p>\n\n\n\n<p>De acordo com dados da Secretaria de Sa\u00fade de Goi\u00e1s, o v\u00edrus est\u00e1 em circula\u00e7\u00e3o no estado. Al\u00e9m disso, j\u00e1 foram registrados quatro casos de febre amarela em primatas.<\/p>\n\n\n\n<p>Segundo a Ger\u00eancia de Imuniza\u00e7\u00e3o, os dados acendem um alerta para a sa\u00fade p\u00fablica, tornando a vacina\u00e7\u00e3o essencial. O risco de cont\u00e1gio tamb\u00e9m pode aumentar em zonas rurais e em locais como ch\u00e1caras e cachoeiras, onde h\u00e1 maior presen\u00e7a do mosquito transmissor, refor\u00e7ando a import\u00e2ncia da imuniza\u00e7\u00e3o para toda a popula\u00e7\u00e3o.<\/p>\n\n\n\n<p>A febre amarela \u00e9 uma doen\u00e7a viral grave transmitida por mosquitos. Os sintomas podem ser severos e at\u00e9 mesmo levar a \u00f3bito. Por isso, manter a caderneta de vacina\u00e7\u00e3o atualizada \u00e9 fundamental para garantir imuniza\u00e7\u00e3o e prote\u00e7\u00e3o \u00e0 sa\u00fade.<\/p>\n\n\n\n<p>A primeira dose da vacina pode ser aplicada a partir dos nove meses de idade. A segunda dose deve ser administrada a partir dos quatro anos, e a dose \u00fanica pode ser aplicada entre os 5 e os 59 anos.<\/p>\n\n\n\n<p>Para receber a vacina ou atualizar o cart\u00e3o, \u00e9 necess\u00e1rio apresentar documentos pessoais e o cart\u00e3o de vacina\u00e7\u00e3o em qualquer um dos seguintes pontos de imuniza\u00e7\u00e3o:<\/p>\n\n\n\n<p><strong>Unidades com hor\u00e1rio estendido:<br><\/strong>A aplica\u00e7\u00e3o da vacina est\u00e1 dispon\u00edvel em hor\u00e1rio estendido, das 8h \u00e0s 21h, nas seguintes unidades de sa\u00fade: Anexo Itamaraty, Parque Iracema, S\u00e3o Jos\u00e9, Filostro Machado, Vila Uni\u00e3o, Recanto do Sol e Bairro de Lourdes. Nas demais unidades distribu\u00eddas pela cidade, o atendimento segue normalmente, de acordo com o hor\u00e1rio habitual.<\/p>\n\n\n\n<p><strong>Das 8h \u00e0s 16h, de segunda a sexta-feira, nos bairros:<br><\/strong>Abadia Lopes da Fonseca, Adriana Parque, Arco-\u00cdris, Arco Verde, Bandeiras, Calixtol\u00e2ndia, Calixt\u00f3polis, Jardim Esperan\u00e7a, Jardim Guanabara, Jardim Su\u00ed\u00e7o, JK, Jo\u00e3o Luiz de Oliveira, Munir Calixto, Parque dos Pirineus, Santa Maria de Nazareth, Santo Ant\u00f4nio, Santos Dumont, S\u00e3o Carlos, S\u00e3o Louren\u00e7o, Tropical, Fabril, Vila Formosa, Vila Norte e Vivian Parque.<\/p>\n\n\n\n<p><strong>Somente \u00e0s segundas-feiras, das 8h \u00e0s 15h:<br><\/strong>Unidades de Sa\u00fade Alexandrina, Vila Esperan\u00e7a e Santa Isabel.<\/p>\n\n\n\n<p><strong>Somente \u00e0s ter\u00e7as-feiras, das 8h \u00e0s 15h:<br><\/strong>Unidades de Sa\u00fade Dom Manoel, Maracan\u00e3zinho e Leblon.<\/p>\n\n\n\n<p><strong>Somente \u00e0s quartas-feiras, das 8h \u00e0s 15h:<br><\/strong>Unidades de Sa\u00fade Jardim Alvorada e Para\u00edso.<\/p>\n\n\n\n<p><strong>Somente \u00e0s quintas-feiras, das 8h \u00e0s 15h:<br><\/strong>Unidades de Sa\u00fade Jardim das Am\u00e9ricas e Maracan\u00e3.<\/p>\n\n\n\n<p><strong>Somente \u00e0s sextas-feiras, das 8h \u00e0s 15h:<br><\/strong>Unidade de Sa\u00fade Jardim\u00a0das\u00a0Oliveiras.<\/p>\n","protected":false},"excerpt":{"rendered":"<p class=\"excerpt\">A Secretaria Municipal de Sa\u00fade promover\u00e1, em An\u00e1polis, a campanha de imuniza\u00e7\u00e3o contra a febre amarela. O imunizante ser\u00e1 disponibilizado em todas as Unidades de Sa\u00fade da Fam\u00edlia (USFs) entre os dias 29 de setembro e 3 de outubro. De acordo com dados da Secretaria de Sa\u00fade de Goi\u00e1s, o v\u00edrus est\u00e1 em circula\u00e7\u00e3o no [&hellip;]<\/p>\n","protected":false},"author":1,"featured_media":0,"comment_status":"open","ping_status":"open","sticky":false,"template":"","format":"standard","meta":[],"categories":[8,17],"tags":[22,24,113,83,129,92],"yoast_head":"<!-- This site is optimized with the Yoast SEO plugin v18.3 - https:\/\/yoast.com\/wordpress\/plugins\/seo\/ -->\n<title>For\u00e7a-tarefa de vacina\u00e7\u00e3o contra febre amarela ter\u00e1 imunizante em todas as USFs na pr\u00f3xima semana - Manchester FM 93,3<\/title>\n<meta name=\"robots\" content=\"index, follow, max-snippet:-1, max-image-preview:large, max-video-preview:-1\" \/>\n<link rel=\"canonical\" href=\"https:\/\/www.radiomanchester.com.br\/fm\/forca-tarefa-de-vacinacao-contra-febre-amarela-tera-imunizante-em-todas-as-usfs-na-proxima-semana\/\" \/>\n<meta property=\"og:locale\" content=\"pt_BR\" \/>\n<meta property=\"og:type\" content=\"article\" \/>\n<meta property=\"og:title\" content=\"For\u00e7a-tarefa de vacina\u00e7\u00e3o contra febre amarela ter\u00e1 imunizante em todas as USFs na pr\u00f3xima semana - Manchester FM 93,3\" \/>\n<meta property=\"og:description\" content=\"A Secretaria Municipal de Sa\u00fade promover\u00e1, em An\u00e1polis, a campanha de imuniza\u00e7\u00e3o contra a febre amarela. O imunizante ser\u00e1 disponibilizado em todas as Unidades de Sa\u00fade da Fam\u00edlia (USFs) entre os dias 29 de setembro e 3 de outubro. De acordo com dados da Secretaria de Sa\u00fade de Goi\u00e1s, o v\u00edrus est\u00e1 em circula\u00e7\u00e3o no [&hellip;]\" \/>\n<meta property=\"og:url\" content=\"https:\/\/www.radiomanchester.com.br\/fm\/forca-tarefa-de-vacinacao-contra-febre-amarela-tera-imunizante-em-todas-as-usfs-na-proxima-semana\/\" \/>\n<meta property=\"og:site_name\" content=\"Manchester FM 93,3\" \/>\n<meta property=\"article:published_time\" content=\"2025-09-27T11:30:00+00:00\" \/>\n<meta property=\"article:modified_time\" content=\"2025-09-27T00:14:03+00:00\" \/>\n<meta name=\"twitter:card\" content=\"summary_large_image\" \/>\n<meta name=\"twitter:label1\" content=\"Escrito por\" \/>\n\t<meta name=\"twitter:data1\" content=\"admin\" \/>\n\t<meta name=\"twitter:label2\" content=\"Est. tempo de leitura\" \/>\n\t<meta name=\"twitter:data2\" content=\"3 minutos\" \/>\n<script type=\"application\/ld+json\" class=\"yoast-schema-graph\">{\"@context\":\"https:\/\/schema.org\",\"@graph\":[{\"@type\":\"WebSite\",\"@id\":\"https:\/\/www.radiomanchester.com.br\/fm\/#website\",\"url\":\"https:\/\/www.radiomanchester.com.br\/fm\/\",\"name\":\"Manchester FM 93,3\",\"description\":\"Todo Mundo Ouve!\",\"potentialAction\":[{\"@type\":\"SearchAction\",\"target\":{\"@type\":\"EntryPoint\",\"urlTemplate\":\"https:\/\/www.radiomanchester.com.br\/fm\/?s={search_term_string}\"},\"query-input\":\"required name=search_term_string\"}],\"inLanguage\":\"pt-BR\"},{\"@type\":\"WebPage\",\"@id\":\"https:\/\/www.radiomanchester.com.br\/fm\/forca-tarefa-de-vacinacao-contra-febre-amarela-tera-imunizante-em-todas-as-usfs-na-proxima-semana\/#webpage\",\"url\":\"https:\/\/www.radiomanchester.com.br\/fm\/forca-tarefa-de-vacinacao-contra-febre-amarela-tera-imunizante-em-todas-as-usfs-na-proxima-semana\/\",\"name\":\"For\u00e7a-tarefa de vacina\u00e7\u00e3o contra febre amarela ter\u00e1 imunizante em todas as USFs na pr\u00f3xima semana - Manchester FM 93,3\",\"isPartOf\":{\"@id\":\"https:\/\/www.radiomanchester.com.br\/fm\/#website\"},\"datePublished\":\"2025-09-27T11:30:00+00:00\",\"dateModified\":\"2025-09-27T00:14:03+00:00\",\"author\":{\"@id\":\"https:\/\/www.radiomanchester.com.br\/fm\/#\/schema\/person\/408a7b4d4e32cbebd90e2782852abca3\"},\"breadcrumb\":{\"@id\":\"https:\/\/www.radiomanchester.com.br\/fm\/forca-tarefa-de-vacinacao-contra-febre-amarela-tera-imunizante-em-todas-as-usfs-na-proxima-semana\/#breadcrumb\"},\"inLanguage\":\"pt-BR\",\"potentialAction\":[{\"@type\":\"ReadAction\",\"target\":[\"https:\/\/www.radiomanchester.com.br\/fm\/forca-tarefa-de-vacinacao-contra-febre-amarela-tera-imunizante-em-todas-as-usfs-na-proxima-semana\/\"]}]},{\"@type\":\"BreadcrumbList\",\"@id\":\"https:\/\/www.radiomanchester.com.br\/fm\/forca-tarefa-de-vacinacao-contra-febre-amarela-tera-imunizante-em-todas-as-usfs-na-proxima-semana\/#breadcrumb\",\"itemListElement\":[{\"@type\":\"ListItem\",\"position\":1,\"name\":\"Home\",\"item\":\"https:\/\/www.radiomanchester.com.br\/fm\/\"},{\"@type\":\"ListItem\",\"position\":2,\"name\":\"For\u00e7a-tarefa de vacina\u00e7\u00e3o contra febre amarela ter\u00e1 imunizante em todas as USFs na pr\u00f3xima semana\"}]},{\"@type\":\"Person\",\"@id\":\"https:\/\/www.radiomanchester.com.br\/fm\/#\/schema\/person\/408a7b4d4e32cbebd90e2782852abca3\",\"name\":\"admin\",\"image\":{\"@type\":\"ImageObject\",\"@id\":\"https:\/\/www.radiomanchester.com.br\/fm\/#personlogo\",\"inLanguage\":\"pt-BR\",\"url\":\"https:\/\/secure.gravatar.com\/avatar\/115a974dba3376872eb3addeb276301c?s=96&d=mm&r=g\",\"contentUrl\":\"https:\/\/secure.gravatar.com\/avatar\/115a974dba3376872eb3addeb276301c?s=96&d=mm&r=g\",\"caption\":\"admin\"},\"url\":\"https:\/\/www.radiomanchester.com.br\/fm\/author\/admin\/\"}]}<\/script>\n<!-- \/ Yoast SEO plugin. -->","yoast_head_json":{"title":"For\u00e7a-tarefa de vacina\u00e7\u00e3o contra febre amarela ter\u00e1 imunizante em todas as USFs na pr\u00f3xima semana - Manchester FM 93,3","robots":{"index":"index","follow":"follow","max-snippet":"max-snippet:-1","max-image-preview":"max-image-preview:large","max-video-preview":"max-video-preview:-1"},"canonical":"https:\/\/www.radiomanchester.com.br\/fm\/forca-tarefa-de-vacinacao-contra-febre-amarela-tera-imunizante-em-todas-as-usfs-na-proxima-semana\/","og_locale":"pt_BR","og_type":"article","og_title":"For\u00e7a-tarefa de vacina\u00e7\u00e3o contra febre amarela ter\u00e1 imunizante em todas as USFs na pr\u00f3xima semana - Manchester FM 93,3","og_description":"A Secretaria Municipal de Sa\u00fade promover\u00e1, em An\u00e1polis, a campanha de imuniza\u00e7\u00e3o contra a febre amarela. O imunizante ser\u00e1 disponibilizado em todas as Unidades de Sa\u00fade da Fam\u00edlia (USFs) entre os dias 29 de setembro e 3 de outubro. De acordo com dados da Secretaria de Sa\u00fade de Goi\u00e1s, o v\u00edrus est\u00e1 em circula\u00e7\u00e3o no [&hellip;]","og_url":"https:\/\/www.radiomanchester.com.br\/fm\/forca-tarefa-de-vacinacao-contra-febre-amarela-tera-imunizante-em-todas-as-usfs-na-proxima-semana\/","og_site_name":"Manchester FM 93,3","article_published_time":"2025-09-27T11:30:00+00:00","article_modified_time":"2025-09-27T00:14:03+00:00","twitter_card":"summary_large_image","twitter_misc":{"Escrito por":"admin","Est. tempo de leitura":"3 minutos"},"schema":{"@context":"https:\/\/schema.org","@graph":[{"@type":"WebSite","@id":"https:\/\/www.radiomanchester.com.br\/fm\/#website","url":"https:\/\/www.radiomanchester.com.br\/fm\/","name":"Manchester FM 93,3","description":"Todo Mundo Ouve!","potentialAction":[{"@type":"SearchAction","target":{"@type":"EntryPoint","urlTemplate":"https:\/\/www.radiomanchester.com.br\/fm\/?s={search_term_string}"},"query-input":"required name=search_term_string"}],"inLanguage":"pt-BR"},{"@type":"WebPage","@id":"https:\/\/www.radiomanchester.com.br\/fm\/forca-tarefa-de-vacinacao-contra-febre-amarela-tera-imunizante-em-todas-as-usfs-na-proxima-semana\/#webpage","url":"https:\/\/www.radiomanchester.com.br\/fm\/forca-tarefa-de-vacinacao-contra-febre-amarela-tera-imunizante-em-todas-as-usfs-na-proxima-semana\/","name":"For\u00e7a-tarefa de vacina\u00e7\u00e3o contra febre amarela ter\u00e1 imunizante em todas as USFs na pr\u00f3xima semana - Manchester FM 93,3","isPartOf":{"@id":"https:\/\/www.radiomanchester.com.br\/fm\/#website"},"datePublished":"2025-09-27T11:30:00+00:00","dateModified":"2025-09-27T00:14:03+00:00","author":{"@id":"https:\/\/www.radiomanchester.com.br\/fm\/#\/schema\/person\/408a7b4d4e32cbebd90e2782852abca3"},"breadcrumb":{"@id":"https:\/\/www.radiomanchester.com.br\/fm\/forca-tarefa-de-vacinacao-contra-febre-amarela-tera-imunizante-em-todas-as-usfs-na-proxima-semana\/#breadcrumb"},"inLanguage":"pt-BR","potentialAction":[{"@type":"ReadAction","target":["https:\/\/www.radiomanchester.com.br\/fm\/forca-tarefa-de-vacinacao-contra-febre-amarela-tera-imunizante-em-todas-as-usfs-na-proxima-semana\/"]}]},{"@type":"BreadcrumbList","@id":"https:\/\/www.radiomanchester.com.br\/fm\/forca-tarefa-de-vacinacao-contra-febre-amarela-tera-imunizante-em-todas-as-usfs-na-proxima-semana\/#breadcrumb","itemListElement":[{"@type":"ListItem","position":1,"name":"Home","item":"https:\/\/www.radiomanchester.com.br\/fm\/"},{"@type":"ListItem","position":2,"name":"For\u00e7a-tarefa de vacina\u00e7\u00e3o contra febre amarela ter\u00e1 imunizante em todas as USFs na pr\u00f3xima semana"}]},{"@type":"Person","@id":"https:\/\/www.radiomanchester.com.br\/fm\/#\/schema\/person\/408a7b4d4e32cbebd90e2782852abca3","name":"admin","image":{"@type":"ImageObject","@id":"https:\/\/www.radiomanchester.com.br\/fm\/#personlogo","inLanguage":"pt-BR","url":"https:\/\/secure.gravatar.com\/avatar\/115a974dba3376872eb3addeb276301c?s=96&d=mm&r=g","contentUrl":"https:\/\/secure.gravatar.com\/avatar\/115a974dba3376872eb3addeb276301c?s=96&d=mm&r=g","caption":"admin"},"url":"https:\/\/www.radiomanchester.com.br\/fm\/author\/admin\/"}]}},"_links":{"self":[{"href":"https:\/\/www.radiomanchester.com.br\/fm\/wp-json\/wp\/v2\/posts\/16616"}],"collection":[{"href":"https:\/\/www.radiomanchester.com.br\/fm\/wp-json\/wp\/v2\/posts"}],"about":[{"href":"https:\/\/www.radiomanchester.com.br\/fm\/wp-json\/wp\/v2\/types\/post"}],"author":[{"embeddable":true,"href":"https:\/\/www.radiomanchester.com.br\/fm\/wp-json\/wp\/v2\/users\/1"}],"replies":[{"embeddable":true,"href":"https:\/\/www.radiomanchester.com.br\/fm\/wp-json\/wp\/v2\/comments?post=16616"}],"version-history":[{"count":1,"href":"https:\/\/www.radiomanchester.com.br\/fm\/wp-json\/wp\/v2\/posts\/16616\/revisions"}],"predecessor-version":[{"id":16617,"href":"https:\/\/www.radiomanchester.com.br\/fm\/wp-json\/wp\/v2\/posts\/16616\/revisions\/16617"}],"wp:attachment":[{"href":"https:\/\/www.radiomanchester.com.br\/fm\/wp-json\/wp\/v2\/media?parent=16616"}],"wp:term":[{"taxonomy":"category","embeddable":true,"href":"https:\/\/www.radiomanchester.com.br\/fm\/wp-json\/wp\/v2\/categories?post=16616"},{"taxonomy":"post_tag","embeddable":true,"href":"https:\/\/www.radiomanchester.com.br\/fm\/wp-json\/wp\/v2\/tags?post=16616"}],"curies":[{"name":"wp","href":"https:\/\/api.w.org\/{rel}","templated":true}]}}