{"id":16621,"date":"2025-09-28T15:35:41","date_gmt":"2025-09-28T18:35:41","guid":{"rendered":"https:\/\/www.radiomanchester.com.br\/fm\/?p=16621"},"modified":"2025-09-28T15:35:42","modified_gmt":"2025-09-28T18:35:42","slug":"ze-felipe-e-ana-castela-cantam-juntos-em-meio-a-rumores-de-affair","status":"publish","type":"post","link":"https:\/\/www.radiomanchester.com.br\/fm\/ze-felipe-e-ana-castela-cantam-juntos-em-meio-a-rumores-de-affair\/","title":{"rendered":"Z\u00e9 Felipe e Ana Castela cantam juntos em meio a rumores de affair"},"content":{"rendered":"\n<p>Em meio a rumores de affair, Z\u00e9 Felipe e Ana Castela v\u00eam aparecendo juntos com frequ\u00eancia. Ap\u00f3s o cantor ser flagrado usando o moletom da artista no show dela na sexta-feira (26\/9) na cidade de Jaguari\u00fana, em S\u00e3o Paulo, Ana Castela aproveitou o show de Z\u00e9 Felipe em Aparecida de Goi\u00e2nia nesse s\u00e1bado (27\/09).<\/p>\n\n\n\n<p>Na ocasi\u00e3o, Ana Castela subiu ao palco ao lado de Z\u00e9 Felipe, e os dois cantaram a m\u00fasica Ro\u00e7a Em Mim, parceria deles com o cantor Luan Pereira. A apresenta\u00e7\u00e3o ocorreu ap\u00f3s o an\u00fancio de uma nova colabora\u00e7\u00e3o entre Ana e Z\u00e9 na faixa Sua Boca Mente, que ser\u00e1 lan\u00e7ada em 2 de outubro.<\/p>\n\n\n\n<p><strong>Ana Castela e Z\u00e9 Felipe<br><\/strong>O suposto envolvimento entre Ana Castela e Z\u00e9 Felipe n\u00e3o \u00e9 novo. Tudo come\u00e7ou quando os dois foram vistos juntos no fim de julho, durante viagem aos Estados Unidos. Mesmo em meio a especula\u00e7\u00e3o na \u00e9poca, ambos negaram qualquer envolvimento amoroso.<\/p>\n\n\n\n<p>Em agosto, os rumores de affair se intensificaram. Poliana Rocha, m\u00e3e do cantor, inclusive, passou a seguir a cantora nas redes sociais, e Ana Castela retribuiu o gesto. Na ocasi\u00e3o, a m\u00e3e de Z\u00e9 Felipe se limitou a dizer que n\u00e3o conhecia Ana. Nem Z\u00e9 Felipe ou Ana Castela confirmaram os rumores de relacionamento.<\/p>\n\n\n\n<p>porR3pMetr0p0les parceiro Manchester<\/p>\n","protected":false},"excerpt":{"rendered":"<p class=\"excerpt\">Em meio a rumores de affair, Z\u00e9 Felipe e Ana Castela v\u00eam aparecendo juntos com frequ\u00eancia. Ap\u00f3s o cantor ser flagrado usando o moletom da artista no show dela na sexta-feira (26\/9) na cidade de Jaguari\u00fana, em S\u00e3o Paulo, Ana Castela aproveitou o show de Z\u00e9 Felipe em Aparecida de Goi\u00e2nia nesse s\u00e1bado (27\/09). Na [&hellip;]<\/p>\n","protected":false},"author":1,"featured_media":0,"comment_status":"open","ping_status":"open","sticky":false,"template":"","format":"standard","meta":[],"categories":[8,17],"tags":[22,137,24,113,83,92],"yoast_head":"<!-- This site is optimized with the Yoast SEO plugin v18.3 - https:\/\/yoast.com\/wordpress\/plugins\/seo\/ -->\n<title>Z\u00e9 Felipe e Ana Castela cantam juntos em meio a rumores de affair - Manchester FM 93,3<\/title>\n<meta name=\"robots\" content=\"index, follow, max-snippet:-1, max-image-preview:large, max-video-preview:-1\" \/>\n<link rel=\"canonical\" href=\"https:\/\/www.radiomanchester.com.br\/fm\/ze-felipe-e-ana-castela-cantam-juntos-em-meio-a-rumores-de-affair\/\" \/>\n<meta property=\"og:locale\" content=\"pt_BR\" \/>\n<meta property=\"og:type\" content=\"article\" \/>\n<meta property=\"og:title\" content=\"Z\u00e9 Felipe e Ana Castela cantam juntos em meio a rumores de affair - Manchester FM 93,3\" \/>\n<meta property=\"og:description\" content=\"Em meio a rumores de affair, Z\u00e9 Felipe e Ana Castela v\u00eam aparecendo juntos com frequ\u00eancia. Ap\u00f3s o cantor ser flagrado usando o moletom da artista no show dela na sexta-feira (26\/9) na cidade de Jaguari\u00fana, em S\u00e3o Paulo, Ana Castela aproveitou o show de Z\u00e9 Felipe em Aparecida de Goi\u00e2nia nesse s\u00e1bado (27\/09). Na [&hellip;]\" \/>\n<meta property=\"og:url\" content=\"https:\/\/www.radiomanchester.com.br\/fm\/ze-felipe-e-ana-castela-cantam-juntos-em-meio-a-rumores-de-affair\/\" \/>\n<meta property=\"og:site_name\" content=\"Manchester FM 93,3\" \/>\n<meta property=\"article:published_time\" content=\"2025-09-28T18:35:41+00:00\" \/>\n<meta property=\"article:modified_time\" content=\"2025-09-28T18:35:42+00:00\" \/>\n<meta name=\"twitter:card\" content=\"summary_large_image\" \/>\n<meta name=\"twitter:label1\" content=\"Escrito por\" \/>\n\t<meta name=\"twitter:data1\" content=\"admin\" \/>\n\t<meta name=\"twitter:label2\" content=\"Est. tempo de leitura\" \/>\n\t<meta name=\"twitter:data2\" content=\"2 minutos\" \/>\n<script type=\"application\/ld+json\" class=\"yoast-schema-graph\">{\"@context\":\"https:\/\/schema.org\",\"@graph\":[{\"@type\":\"WebSite\",\"@id\":\"https:\/\/www.radiomanchester.com.br\/fm\/#website\",\"url\":\"https:\/\/www.radiomanchester.com.br\/fm\/\",\"name\":\"Manchester FM 93,3\",\"description\":\"Todo Mundo Ouve!\",\"potentialAction\":[{\"@type\":\"SearchAction\",\"target\":{\"@type\":\"EntryPoint\",\"urlTemplate\":\"https:\/\/www.radiomanchester.com.br\/fm\/?s={search_term_string}\"},\"query-input\":\"required name=search_term_string\"}],\"inLanguage\":\"pt-BR\"},{\"@type\":\"WebPage\",\"@id\":\"https:\/\/www.radiomanchester.com.br\/fm\/ze-felipe-e-ana-castela-cantam-juntos-em-meio-a-rumores-de-affair\/#webpage\",\"url\":\"https:\/\/www.radiomanchester.com.br\/fm\/ze-felipe-e-ana-castela-cantam-juntos-em-meio-a-rumores-de-affair\/\",\"name\":\"Z\u00e9 Felipe e Ana Castela cantam juntos em meio a rumores de affair - Manchester FM 93,3\",\"isPartOf\":{\"@id\":\"https:\/\/www.radiomanchester.com.br\/fm\/#website\"},\"datePublished\":\"2025-09-28T18:35:41+00:00\",\"dateModified\":\"2025-09-28T18:35:42+00:00\",\"author\":{\"@id\":\"https:\/\/www.radiomanchester.com.br\/fm\/#\/schema\/person\/408a7b4d4e32cbebd90e2782852abca3\"},\"breadcrumb\":{\"@id\":\"https:\/\/www.radiomanchester.com.br\/fm\/ze-felipe-e-ana-castela-cantam-juntos-em-meio-a-rumores-de-affair\/#breadcrumb\"},\"inLanguage\":\"pt-BR\",\"potentialAction\":[{\"@type\":\"ReadAction\",\"target\":[\"https:\/\/www.radiomanchester.com.br\/fm\/ze-felipe-e-ana-castela-cantam-juntos-em-meio-a-rumores-de-affair\/\"]}]},{\"@type\":\"BreadcrumbList\",\"@id\":\"https:\/\/www.radiomanchester.com.br\/fm\/ze-felipe-e-ana-castela-cantam-juntos-em-meio-a-rumores-de-affair\/#breadcrumb\",\"itemListElement\":[{\"@type\":\"ListItem\",\"position\":1,\"name\":\"Home\",\"item\":\"https:\/\/www.radiomanchester.com.br\/fm\/\"},{\"@type\":\"ListItem\",\"position\":2,\"name\":\"Z\u00e9 Felipe e Ana Castela cantam juntos em meio a rumores de affair\"}]},{\"@type\":\"Person\",\"@id\":\"https:\/\/www.radiomanchester.com.br\/fm\/#\/schema\/person\/408a7b4d4e32cbebd90e2782852abca3\",\"name\":\"admin\",\"image\":{\"@type\":\"ImageObject\",\"@id\":\"https:\/\/www.radiomanchester.com.br\/fm\/#personlogo\",\"inLanguage\":\"pt-BR\",\"url\":\"https:\/\/secure.gravatar.com\/avatar\/115a974dba3376872eb3addeb276301c?s=96&d=mm&r=g\",\"contentUrl\":\"https:\/\/secure.gravatar.com\/avatar\/115a974dba3376872eb3addeb276301c?s=96&d=mm&r=g\",\"caption\":\"admin\"},\"url\":\"https:\/\/www.radiomanchester.com.br\/fm\/author\/admin\/\"}]}<\/script>\n<!-- \/ Yoast SEO plugin. -->","yoast_head_json":{"title":"Z\u00e9 Felipe e Ana Castela cantam juntos em meio a rumores de affair - Manchester FM 93,3","robots":{"index":"index","follow":"follow","max-snippet":"max-snippet:-1","max-image-preview":"max-image-preview:large","max-video-preview":"max-video-preview:-1"},"canonical":"https:\/\/www.radiomanchester.com.br\/fm\/ze-felipe-e-ana-castela-cantam-juntos-em-meio-a-rumores-de-affair\/","og_locale":"pt_BR","og_type":"article","og_title":"Z\u00e9 Felipe e Ana Castela cantam juntos em meio a rumores de affair - Manchester FM 93,3","og_description":"Em meio a rumores de affair, Z\u00e9 Felipe e Ana Castela v\u00eam aparecendo juntos com frequ\u00eancia. Ap\u00f3s o cantor ser flagrado usando o moletom da artista no show dela na sexta-feira (26\/9) na cidade de Jaguari\u00fana, em S\u00e3o Paulo, Ana Castela aproveitou o show de Z\u00e9 Felipe em Aparecida de Goi\u00e2nia nesse s\u00e1bado (27\/09). Na [&hellip;]","og_url":"https:\/\/www.radiomanchester.com.br\/fm\/ze-felipe-e-ana-castela-cantam-juntos-em-meio-a-rumores-de-affair\/","og_site_name":"Manchester FM 93,3","article_published_time":"2025-09-28T18:35:41+00:00","article_modified_time":"2025-09-28T18:35:42+00:00","twitter_card":"summary_large_image","twitter_misc":{"Escrito por":"admin","Est. tempo de leitura":"2 minutos"},"schema":{"@context":"https:\/\/schema.org","@graph":[{"@type":"WebSite","@id":"https:\/\/www.radiomanchester.com.br\/fm\/#website","url":"https:\/\/www.radiomanchester.com.br\/fm\/","name":"Manchester FM 93,3","description":"Todo Mundo Ouve!","potentialAction":[{"@type":"SearchAction","target":{"@type":"EntryPoint","urlTemplate":"https:\/\/www.radiomanchester.com.br\/fm\/?s={search_term_string}"},"query-input":"required name=search_term_string"}],"inLanguage":"pt-BR"},{"@type":"WebPage","@id":"https:\/\/www.radiomanchester.com.br\/fm\/ze-felipe-e-ana-castela-cantam-juntos-em-meio-a-rumores-de-affair\/#webpage","url":"https:\/\/www.radiomanchester.com.br\/fm\/ze-felipe-e-ana-castela-cantam-juntos-em-meio-a-rumores-de-affair\/","name":"Z\u00e9 Felipe e Ana Castela cantam juntos em meio a rumores de affair - Manchester FM 93,3","isPartOf":{"@id":"https:\/\/www.radiomanchester.com.br\/fm\/#website"},"datePublished":"2025-09-28T18:35:41+00:00","dateModified":"2025-09-28T18:35:42+00:00","author":{"@id":"https:\/\/www.radiomanchester.com.br\/fm\/#\/schema\/person\/408a7b4d4e32cbebd90e2782852abca3"},"breadcrumb":{"@id":"https:\/\/www.radiomanchester.com.br\/fm\/ze-felipe-e-ana-castela-cantam-juntos-em-meio-a-rumores-de-affair\/#breadcrumb"},"inLanguage":"pt-BR","potentialAction":[{"@type":"ReadAction","target":["https:\/\/www.radiomanchester.com.br\/fm\/ze-felipe-e-ana-castela-cantam-juntos-em-meio-a-rumores-de-affair\/"]}]},{"@type":"BreadcrumbList","@id":"https:\/\/www.radiomanchester.com.br\/fm\/ze-felipe-e-ana-castela-cantam-juntos-em-meio-a-rumores-de-affair\/#breadcrumb","itemListElement":[{"@type":"ListItem","position":1,"name":"Home","item":"https:\/\/www.radiomanchester.com.br\/fm\/"},{"@type":"ListItem","position":2,"name":"Z\u00e9 Felipe e Ana Castela cantam juntos em meio a rumores de affair"}]},{"@type":"Person","@id":"https:\/\/www.radiomanchester.com.br\/fm\/#\/schema\/person\/408a7b4d4e32cbebd90e2782852abca3","name":"admin","image":{"@type":"ImageObject","@id":"https:\/\/www.radiomanchester.com.br\/fm\/#personlogo","inLanguage":"pt-BR","url":"https:\/\/secure.gravatar.com\/avatar\/115a974dba3376872eb3addeb276301c?s=96&d=mm&r=g","contentUrl":"https:\/\/secure.gravatar.com\/avatar\/115a974dba3376872eb3addeb276301c?s=96&d=mm&r=g","caption":"admin"},"url":"https:\/\/www.radiomanchester.com.br\/fm\/author\/admin\/"}]}},"_links":{"self":[{"href":"https:\/\/www.radiomanchester.com.br\/fm\/wp-json\/wp\/v2\/posts\/16621"}],"collection":[{"href":"https:\/\/www.radiomanchester.com.br\/fm\/wp-json\/wp\/v2\/posts"}],"about":[{"href":"https:\/\/www.radiomanchester.com.br\/fm\/wp-json\/wp\/v2\/types\/post"}],"author":[{"embeddable":true,"href":"https:\/\/www.radiomanchester.com.br\/fm\/wp-json\/wp\/v2\/users\/1"}],"replies":[{"embeddable":true,"href":"https:\/\/www.radiomanchester.com.br\/fm\/wp-json\/wp\/v2\/comments?post=16621"}],"version-history":[{"count":1,"href":"https:\/\/www.radiomanchester.com.br\/fm\/wp-json\/wp\/v2\/posts\/16621\/revisions"}],"predecessor-version":[{"id":16622,"href":"https:\/\/www.radiomanchester.com.br\/fm\/wp-json\/wp\/v2\/posts\/16621\/revisions\/16622"}],"wp:attachment":[{"href":"https:\/\/www.radiomanchester.com.br\/fm\/wp-json\/wp\/v2\/media?parent=16621"}],"wp:term":[{"taxonomy":"category","embeddable":true,"href":"https:\/\/www.radiomanchester.com.br\/fm\/wp-json\/wp\/v2\/categories?post=16621"},{"taxonomy":"post_tag","embeddable":true,"href":"https:\/\/www.radiomanchester.com.br\/fm\/wp-json\/wp\/v2\/tags?post=16621"}],"curies":[{"name":"wp","href":"https:\/\/api.w.org\/{rel}","templated":true}]}}