{"id":16666,"date":"2025-10-07T19:55:16","date_gmt":"2025-10-07T22:55:16","guid":{"rendered":"https:\/\/www.radiomanchester.com.br\/fm\/?p=16666"},"modified":"2025-10-07T19:55:19","modified_gmt":"2025-10-07T22:55:19","slug":"15a-flipiri-transforma-pirenopolis-em-palco-literario-de-9-a-11-de-outubro","status":"publish","type":"post","link":"https:\/\/www.radiomanchester.com.br\/fm\/15a-flipiri-transforma-pirenopolis-em-palco-literario-de-9-a-11-de-outubro\/","title":{"rendered":"15\u00aa Flipiri transforma Piren\u00f3polis em palco liter\u00e1rio de 9 a 11 de outubro"},"content":{"rendered":"\n<p><\/p>\n\n\n\n<p><strong><em>Com programa\u00e7\u00e3o gratuita, festa homenageia a escritora Roseana Murray e celebra a for\u00e7a criativa por meio da literatura, m\u00fasica e artes<\/em><\/strong><\/p>\n\n\n\n<hr class=\"wp-block-separator\"\/>\n\n\n\n<p>De 9 a 11 de outubro, Piren\u00f3polis, a charmosa cidade hist\u00f3rica localizada entre Bras\u00edlia e Goi\u00e2nia, ser\u00e1 palco de uma grande celebra\u00e7\u00e3o da literatura, da m\u00fasica e das artes. Em sua 15\u00aa edi\u00e7\u00e3o, a FLIPIRI \u2013 Festa Liter\u00e1ria de Piren\u00f3polis, relevante evento da cena liter\u00e1ria brasileira, apresenta uma programa\u00e7\u00e3o diversa e gratuita, pensada para dialogar com a cidade, seus moradores e visitantes. <\/p>\n\n\n\n<p><\/p>\n\n\n\n<p>\u201cEste ano, escolhemos o tema \u2018ALUMIAR \u2013 Ler e Criar com Energia\u2019 porque acreditamos que a energia nasce das a\u00e7\u00f5es positivas, que impulsionam mudan\u00e7as significativas. Nosso convite \u00e9 para que cada participante desperte e potencialize sua for\u00e7a criativa, contribuindo para a constru\u00e7\u00e3o de um mundo mais justo, humano e transformador\u201d, destaca Iris Borges, idealizadora da Flipiri.<\/p>\n\n\n\n<p><\/p>\n\n\n\n<p>Inspirada por essa tem\u00e1tica, a Flipiri presta homenagem \u00e0 escritora Roseana Murray, um dos grandes nomes da literatura infantojuvenil brasileira, conhecida por sua vasta produ\u00e7\u00e3o liter\u00e1ria que encanta leitores de todas as idades, e a Hugo de Carvalho Ramos (1895-1921), \u00edcone da literatura goiana, cuja obra retrata com sensibilidade a vida e os costumes do estado.<\/p>\n\n\n\n<p><\/p>\n\n\n\n<p>\u201cEstou muito feliz por esta homenagem. Piren\u00f3polis \u00e9 uma cidade verdadeiramente linda e sua Festa tamb\u00e9m. Recebo todas estas homenagens com surpresa e gratid\u00e3o. A minha expectativa \u00e9 que seja tudo magia! Vou abrir o evento e sempre d\u00e1 um friozinho de medo. \u00c9 muita responsabilidade\u201d, afirma Roseana Murray, que vai proferir as palestras na Flipiri: \u201cA luz que acende palavras\u201d e \u201cA poesia \u00e9 um olhar\u201d, em tr\u00eas encontros com o p\u00fablico e convidados.<\/p>\n\n\n\n<p><\/p>\n\n\n\n<p>Durante tr\u00eas dias, a cidade que respira hist\u00f3ria reunir\u00e1 escritores, ilustradores, m\u00fasicos e leitores de todas as idades em torno do livro e das mais diversas formas de express\u00e3o cultural. Ainda mais vibrante com a expectativa da comemora\u00e7\u00e3o dos 300 anos de funda\u00e7\u00e3o, que ser\u00e1 celebrada em 2027, Piren\u00f3polis est\u00e1 mais que pronta para receber o p\u00fablico com o acolhimento que lhe \u00e9 peculiar.<\/p>\n\n\n\n<p><\/p>\n\n\n\n<p>Al\u00e9m de se encantar com a for\u00e7a criativa e ternura de Roseana Murray (RJ), o p\u00fablico ter\u00e1 a oportunidade de interagir com autores de refer\u00eancias e proced\u00eancias diversas. Entre eles, nomes como Jo\u00e3o Anzanelo Carrascoza (SP), Manuel Filho (SP), Leila Bortolazzi (SP), Corina Campos (SP), L\u00e1zaro Ribeiro (GO), Hellen Vieira da Fonseca (DF), Telma Lopes (GO), Nilson James (GO), Pedro Gordilho (BA\/DF), Adriana Santos de Confresa (MT), ?Lionizia Goy\u00e1 (GO) e Gabriela Buonocore (MA). \u00c9 este encontro que faz da Flipiri um espa\u00e7o de conex\u00e3o, aprendizado e celebra\u00e7\u00e3o da cultura.<\/p>\n\n\n\n<p><\/p>\n\n\n\n<p><strong>Cen\u00e1rio inspirador<br><\/strong>O charme do centro hist\u00f3rico, tombado pelo IPHAN, \u00e9 o cen\u00e1rio perfeito para uma experi\u00eancia cultural \u00fanica, com a possibilidade de deslocamentos a p\u00e9 at\u00e9 os espa\u00e7os que recebem a programa\u00e7\u00e3o: o Theatro Sebasti\u00e3o Pompeo de Pina, a Casa de C\u00e2mara e Cadeia, o tradicional Um Caf\u00e9 Bistr\u00f4 e o sal\u00e3o paroquial da Igreja Matriz Nossa Senhora do Ros\u00e1rio. Entre uma atividade e outra, o convite \u00e9 tamb\u00e9m para explorar a culin\u00e1ria goiana, refrescar-se nas incont\u00e1veis cachoeiras, e se encantar com o conjunto arquitet\u00f4nico da linda cidade.<\/p>\n\n\n\n<p><\/p>\n\n\n\n<p>\u201cFalar da Flipiri \u00e9 motivador, porque foi uma festa que come\u00e7amos em 2009 com a Casa de Autores e que nossa cidade precisava. Piren\u00f3polis, que teve o primeiro jornal do Centro-Oeste no s\u00e9culo XIX, merecia uma grande festa da literatura. Nestes 15 anos, vimos crian\u00e7as se desenvolverem, escolas premiadas e a alegria de levar livros para as salas de aula. \u00c9 gratificante colher os frutos desse investimento. Para o futuro, a meta \u00e9 ampliar ainda mais a Flipiri: na celebra\u00e7\u00e3o dos 300 anos da cidade, em 2026\/2027, faremos edi\u00e7\u00f5es ainda maiores dessa festa que j\u00e1 \u00e9 parte da identidade local\u201d, revela o Nivaldo Melo, prefeito de Piren\u00f3polis.<\/p>\n\n\n\n<p><br>A Flipiri \u00e9 realizada pelo Instituto Casa de Autores (ICA), de Bras\u00edlia, em parceria com a Prefeitura de Piren\u00f3polis, por meio da Secretaria Municipal de Educa\u00e7\u00e3o e Cultura. O evento conta com patroc\u00ednios do Instituto Pedro Gordilho, da ag\u00eancia de viagens Viajar Para Onde e do SICOOB. O apoio institucional vem da Secretaria de Estado de Educa\u00e7\u00e3o de Goi\u00e1s e Secretarias Municipal de Turismo. Tamb\u00e9m s\u00e3o parceiros da festa: Saneago, Festival Guardi\u00f5es das Artes e Academia Pirenopolina de Letras, Artes e M\u00fasica (Aplam). Estabelecimentos do com\u00e9rcio local, tamb\u00e9m apoiam a Flipiri, oferecendo descontos a participantes do evento.<\/p>\n\n\n\n<p><\/p>\n\n\n\n<p><strong>Programa\u00e7\u00e3o diversificada<br><\/strong>A Flipiri 2025 oferece uma programa\u00e7\u00e3o que envolve literatura, arte e conviv\u00eancia comunit\u00e1ria. Entre as atra\u00e7\u00f5es, que somam mais de 95 horas, est\u00e3o os lan\u00e7amentos e aut\u00f3grafos de livros, reunindo dezenas de t\u00edtulos de autores independentes e, tamb\u00e9m, consagrados. Al\u00e9m da compra, diretamente com os autores, o p\u00fablico poder\u00e1 adquirir t\u00edtulos diversos nos espa\u00e7os da Iguana Banca, Jabuti Livraria e Caf\u00e9 e a Editora Ensinamentos, no interior do Sal\u00e3o Paroquial. Haver\u00e1 rodas de conversa, palestras e confer\u00eancias, criando espa\u00e7os para reflex\u00e3o sobre literatura, leitura e educa\u00e7\u00e3o. <\/p>\n\n\n\n<p><\/p>\n\n\n\n<p>A programa\u00e7\u00e3o infantil ganha destaque com a tradicional Maratona de Conta\u00e7\u00e3o de Hist\u00f3rias, show Maria Grampinho, de D\u00e9bora di S\u00e1, e apresenta\u00e7\u00f5es da Turma do Caracol e Cia Boca do Lixo. O evento ainda contar\u00e1 com oficinas voltadas com foco no corpo docente, exposi\u00e7\u00f5es e experi\u00eancias visuais, integrando artistas locais e nacionais, e a tradicional caminhada po\u00e9tica pelo centro hist\u00f3rico, que aproxima o p\u00fablico dos espa\u00e7os hist\u00f3ricos de Piren\u00f3polis, celebrando a cultura e a hist\u00f3ria local.<\/p>\n\n\n\n<p><\/p>\n\n\n\n<p>\u201cJunto comigo, mais de 28 escritoras e escritores do ICA que atuam na constru\u00e7\u00e3o dessa Festa, colocam em pr\u00e1tica seu maior princ\u00edpio: contribuir para a constru\u00e7\u00e3o de uma sociedade leitora. Tem sido um desafio muito bom! Acredito que, por meio da leitura, nos conhecemos melhor e podemos atuar nas mudan\u00e7as necess\u00e1rias, tanto no \u00e2mbito individual quanto no coletivo\u201d, afirma M\u00e1rcia Lages, coordenadora Executiva da Festa.<\/p>\n\n\n\n<p><\/p>\n\n\n\n<p>Na conex\u00e3o entre literatura e m\u00fasica, ampliando a oferta cultural, a novidade \u00e9 a integra\u00e7\u00e3o do Festival Guardi\u00f5es da Arte, promovido pelo Instituto Guardi\u00e3 do Ser, ao evento. Entre as atra\u00e7\u00f5es, a cantora Roberta Campos encerra o evento com o show \u201cCoisas de Viver\u201d. Ao longo dos dias tamb\u00e9m subir\u00e3o ao palco Banda Euterpe, Kalango Duo, Eli, Ot\u00e1vio Maciel, Marcelo Del Matos e Renato Castelo. \u201cEsta parceria fortalece a cadeia art\u00edstica e amplia o alcance das a\u00e7\u00f5es culturais e socioambientais, valorizando n\u00e3o s\u00f3 Piren\u00f3polis, mas todo o estado de Goi\u00e1s\u201d, afirma Dante Ventura, presidente do Instituto Guardi\u00e3 do Ser.<\/p>\n\n\n\n<p><\/p>\n\n\n\n<p><strong>Homenageados<br><\/strong>Hugo de Carvalho Ramos \u2013 O imortal da literatura goiana<br>A Flipiri 2025 presta homenagem a Hugo de Carvalho Ramos, um dos maiores nomes da literatura de Goi\u00e1s. Poeta e contista de talento precoce, Hugo eternizou em suas obras a vida, os costumes e as belezas do estado. Seu livro mais celebrado, \u201cTropas e Boiadas\u201d (1917), \u00e9 considerado um retrato aut\u00eantico da alma goiana, influenciando escritores como Guimar\u00e3es Rosa e Bernardo \u00c9lis. A obra foi eleita como a mais importante do s\u00e9culo XX, um legado que segue iluminando novas gera\u00e7\u00f5es.<br>Roseana Murray \u2013 A poesia que vence o tempo<br>Com mais de 100 livros publicados, Roseana Murray \u00e9 uma das vozes mais importantes da literatura infantojuvenil brasileira. Sua trajet\u00f3ria \u00e9 marcada por pr\u00eamios e reconhecimentos, como os quatro pr\u00eamios da Funda\u00e7\u00e3o Nacional do Livro Infantil e Juvenil, o Trof\u00e9u APCA e o Pr\u00eamio da Academia Brasileira de Letras. Ap\u00f3s uma trag\u00e9dia pessoal que a fez perder um dos bra\u00e7os, Roseana lan\u00e7ou a obra \u201cO Bra\u00e7o M\u00e1gico\u201d, celebrando a esperan\u00e7a e a reinven\u00e7\u00e3o.<\/p>\n\n\n\n<p><strong>Flipiri Itinerante: a festa que vai at\u00e9 as escolas<br><\/strong>Antes da Festa aberta ao p\u00fablico, aconteceu a Flipiri Itinerante, vertente do evento que leva autores diretamente \u00e0s escolas p\u00fablicas de Piren\u00f3polis, promovendo encontros com alunos, professores e comunidades rurais. O projeto cumpriu plenamente os objetivos de aproximar a literatura do cotidiano escolar, estimular a leitura, fortalecer a imagina\u00e7\u00e3o e criar la\u00e7os entre autores, professores, crian\u00e7as e jovens.<\/p>\n\n\n\n<p><\/p>\n\n\n\n<p>\u201cTenho a felicidade de ter resgatado a parceria com a Casa de Autores para a realiza\u00e7\u00e3o da Festa Liter\u00e1ria de Piren\u00f3polis (Flipiri), desde o ano de 2021. Trata-se de um evento de grande relev\u00e2ncia para a Seduc-Goi\u00e1s, por aproximar nossos estudantes da literatura e de seus autores. Neste ano, a experi\u00eancia ganhou ainda mais significado com a entrega dos kits de livros para as escolas envolvidas, acompanhada pelo di\u00e1logo com os pr\u00f3prios autores, que puderam compartilhar suas obras, hist\u00f3rias e vis\u00f5es de mundo diretamente com os jovens leitores\u201d, festeja F\u00e1tima Gavioli, secret\u00e1ria de Estado da Educa\u00e7\u00e3o.<\/p>\n\n\n\n<p><\/p>\n\n\n\n<p>Complementando, Renato Gomes, secret\u00e1rio de Educa\u00e7\u00e3o e Cultura de Piren\u00f3polis, destacou o impacto do evento na rede municipal: \u201cA Flipiri \u00e9 um momento especial de encontro entre leitores e escritores, e enriquece a rede municipal a cada edi\u00e7\u00e3o, com abund\u00e2ncia de leitura e valiosas trocas de experi\u00eancias\u201d.<br>A itiner\u00e2ncia teve um alcance expressivo, mobilizando toda a estrutura educacional de Piren\u00f3polis. <\/p>\n\n\n\n<p><\/p>\n\n\n\n<p>Durante a a\u00e7\u00e3o, 358 professores foram diretamente impactados, criando uma rede de transforma\u00e7\u00e3o que vai al\u00e9m das salas de aula. A rede municipal, formada por 17 escolas, atende 4.010 estudantes da Educa\u00e7\u00e3o Infantil e Anos Iniciais do Ensino Fundamental, enquanto a rede estadual, com 9 escolas, re\u00fane 144 professores respons\u00e1veis por 2.563 alunos dos Anos Finais, Ensino M\u00e9dio, Educa\u00e7\u00e3o de Jovens e Adultos e Educa\u00e7\u00e3o Profissional. Ao final, mais de 6 mil estudantes foram beneficiados, al\u00e9m de suas fam\u00edlias e da comunidade, fortalecendo o v\u00ednculo entre literatura, educa\u00e7\u00e3o e transforma\u00e7\u00e3o social e ampliando o impacto do projeto em toda a cidade e nos povoados rurais.<\/p>\n\n\n\n<p><\/p>\n\n\n\n<p><strong>Hist\u00f3rico<br><\/strong>Criada em 2009 pela escritora e produtora cultural Iris Borges, a Flipiri nasceu com o prop\u00f3sito de formar leitores e integrar a literatura \u00e0 vida comunit\u00e1ria.<\/p>\n\n\n\n<p><\/p>\n\n\n\n<p>Desde ent\u00e3o, o evento j\u00e1 reuniu centenas de escritores e milhares de visitantes, al\u00e9m de doar mais de 15 mil livros \u00e0 rede p\u00fablica de ensino.<\/p>\n\n\n\n<p><\/p>\n\n\n\n<p>Ao longo de sua trajet\u00f3ria, j\u00e1 foram homenageados grandes nomes da literatura brasileira, como In\u00e1cio de Loyola Brand\u00e3o, Cora Coralina, Guido Heleno, Lu\u00eds Fernando Ver\u00edssimo, Elder Rocha Lima, Jos\u00e9 J. Veiga, Eli Brasiliense, Bernardo \u00c9lis, Fleury de Campos Curado, Carmo Bernardes, Adriano C\u00e9sar Curado e Goiandira Ortiz.<\/p>\n\n\n\n<p><strong>Programa\u00e7\u00e3o<\/strong><br><strong>QUINTA-FEIRA, 9 DE OUTUBRO<br>Sal\u00e3o Hugo de Carvalho Ramos\/Palco<br><\/strong>(sal\u00e3o paroquial da Igreja Matriz Nossa Senhora do Ros\u00e1rio)<br>Das 14h \u00e0s 17h \u2013 Hist\u00f3rias no Palco \u2013 Apresenta\u00e7\u00e3o dos alunos das escolas estaduais \/ Media\u00e7\u00e3o: Lidu\u00edna Bartholo<br>17h -Abertura da Exposi\u00e7\u00e3o Permanente: Passaredo\/ Vald\u00e9rio Costa<br>17h- Esquenta FLIPIRI: Cortejo: Sal\u00e3o Central &#8211; Prefeitura \u2013 Coreto\/ Bloco Ipad\u00ea Maracatu Coepi<br>Theatro Sebasti\u00e3o Pompeo Pina<br>\u00c0s 17h \u2013 O DF no limiar dos anos 60 \u2013 Debatedor: Pedro Gordilho<br>Seguido de Can\u00e7\u00f5es Brasileiras no Piano<br>Das 18h50 \u00e0s 19h30 \u2013 Solenidade de Abertura: Alumiando a FLIPIRI 2025\/ Media\u00e7\u00e3o: R\u00e9gia Diniz e Lidu\u00edna Bartholo<br>Das 19h45h \u00e0s 20h35 \u2013 A luz que acende palavras \u2013 Confer\u00eancia com a escritora homenageada Roseana Murra<br>Das 20h45 \u00e0s 21h20 \u2013 Fale Baixo, Menina! \u2013 Espet\u00e1culo com Paepalanthus<br>Das 21h30 \u00e0s 23h \u2013 Show musical com a Banda Euterpe<br>Hall do Theatro<br>\u00c0s 19h \u2013 Abertura da Exposi\u00e7\u00e3o Goyatakuba, de Lion\u00edzia Goy\u00e1<\/p>\n\n\n\n<p><strong>SEXTA-FEIRA, 10 DE OUTUBRO<br>Theatro Sebasti\u00e3o Pompeo Pina<br><\/strong>Das 8h30 \u00e0s 8h45 \u2013 Show Teatral PAR: Lendas e Cantos \/ \u00c2ngela Caf\u00e9 e S\u00e9rgio Duboc<br>Das 9h30 \u00e0s 10h15 \u2013 Show Teatral TRICONTANDO\/ Hozana Costa e Rose Costa<br>Das 10h30 \u00e0s 11h45 \u2013 Roda de Conversa: Como construir cidades leitoras criativas e inclusivas? \/ Debatedores: Dinor\u00e1 Couto e Gedson Oliveira \/ Media\u00e7\u00e3o: Adriana Ara\u00fajo<br>Das 14h \u00e0s 14h45 \u2013 Show CIA Boca do Lixo<br>Das 15h \u00e0s 15h45 \u2013 Show CIA Boca do Lixo<br>Das 16h \u00e0s 17h \u2013 Novas Formas de Contar Hist\u00f3rias \/ Debatedores: Lenora Barbo e Jorge Cartaxo (IHGDF) Media\u00e7\u00e3o: Clara Arreguy<br>Das 17h30 \u00e0s 18h45 \u2013 Como a energia liter\u00e1ria do goiano Hugo de Carvalho Ramos influenciou outros escritores? \/ Debatedores: L\u00e1zaro Ribeiro e Maur\u00edcio Melo<br>Das 19h \u00e0s 20h15 Ligados pela Literatura: texto, imagina\u00e7\u00e3o e ideias, o elo que conecta pessoas<br>Das 20h30 \u00e0s 22h \u2013 Show musical com Kalango Duo + Eli<br><strong>C\u00e2mara e Cadeia<br><\/strong>Das 18h \u00e0s 19h30 \u2013 A Enxada de Bernardo Elis \/ Debatedor: Nilson Jaime<br>Das 19h30 \u00e0s 21h \u2013 Pr\u00e9 Lan\u00e7amento do Livro &#8220;Piren\u00f3polis Tem\u2026&#8221; e Recital em Homenagem a Ita e Alaor\/ APLAM e DUO &#8211; Anderson Rocha e M\u00aa L\u00facia Roriz<\/p>\n\n\n\n<p><strong>Sal\u00e3o Hugo de Carvalho Ramos\/Palco<br><\/strong>(sal\u00e3o paroquial da Igreja Matriz Nossa Senhora do Ros\u00e1rio)<br>Das 8h15 \u00e0s 22h- CONVESCOTE: podcast com bate-papo inteligente, descontra\u00eddo e cheio de descobertas\/ R\u00f4mulo Vaz<br>Das 8h30 \u00e0s 8h45\/ 14h as 14h15 \u2013 Conta\u00e7\u00e3o de Hist\u00f3rias\/ Ana Solino<br>Das 8h45 \u00e0s 10h\/ 14h15 as 15h30\u2013 Roda de Conversa: A Poesia \u00e9 um Olhar\/ Roseana Murray<br>Das 10h30 \u00e0s 11h45- Roda de Conversa: Criatividade Liter\u00e1ria X Programas de Livro e Leitura\/ Adriana Santos e D\u00e9bora Bianca | Media\u00e7\u00e3o: Iris Borges<br>Das 16h \u00e0s 17h15 \u2013 Vamos falar das adolesc\u00eancias? \/ Debatedores: Iza Junqueira e Marcelo Pio \/ Media\u00e7\u00e3o: M\u00e1rcia Lages<br>Das 18h \u00e0s 19h \u2013 A for\u00e7a criativa em n\u00f3s \/ Debatedores: Dante Ventura e Cl\u00e1udia Moraes \/ Media\u00e7\u00e3o: Eraldo<br>Das 19h15 \u00e0s 20h- Show Musical \/ Marcelo e Renato<\/p>\n\n\n\n<p><strong>Sal\u00e3o Hugo de Carvalho Ramos\/Aut\u00f3grafos<br><\/strong>(sal\u00e3o paroquial da Igreja Matriz Nossa Senhora do Ros\u00e1rio)<\/p>\n\n\n\n<p>Das 15h \u00e0s 21h \u2013 Lan\u00e7amento e aut\u00f3grafo de livros<\/p>\n\n\n\n<p><strong>Escola Municipal Joaquim Alves<br><\/strong>Das 8h30 \u00e0s 11h e das 14h \u00e0s 16h30\u2013 (acontecer\u00e3o em salas separadas)<br>\u2022 A Arte de Ser Professor \/ Mediador: Theognis Florentino<br>\u2022 Incluir, Cuidar e Ensinar: a educa\u00e7\u00e3o como direito de todos\/ Mediadora: Patr\u00edcia Coelho<br>\u2022 Curr\u00edculo Vivo: Metodologias para a constitui\u00e7\u00e3o do protagonismo Infantil e Docente \/ Mediadora: Claudia Moraes<br>\u2022 Media\u00e7\u00e3o de Leitura \/ Mediadora: Jacqueline de Mattos<br>\u2022 Matem\u00e1tica na Vida \/ Mediadora: Maria das Dores Brigag\u00e3o<br>\u2022 Conta\u00e7\u00e3o de Hist\u00f3rias \/ Mediadora: Ana Solino<br>Um Caf\u00e9 Bistr\u00f4<br>\u00c0s 16h \u2013 Abertura da Exposi\u00e7\u00e3o Mulheres nas Labaredas de Si, de Gabriela Coelho<\/p>\n\n\n\n<p><strong>S\u00c1BADO, 11 DE OUTUBRO<br>Theatro Sebasti\u00e3o Pompeo Pina<br><\/strong>Das 9h30 \u00e0s 10h45 \u2013 Como a mem\u00f3ria desperta o sentimento liter\u00e1rio criativo? \/ Debatedores: Beto Seabra e Maur\u00edcio Melo \/ Media\u00e7\u00e3o: \u00c2ngela Caf\u00e9<br>Das 11h as 12h15- Roda de Conversa: Mercado Editorial e suas tend\u00eancias atuais \/ Debatedores: \u00c1lvaro Modenell, Clara Arreguy, Theognis Florentino \/ Media\u00e7\u00e3o: Iris Borges<br>Das 14h \u00e0s 15h \u2013 Maria Grampinho, com D\u00e9bora di S\u00e1<br>Das 16h \u00e0s 17h \u2013 Show Turma do Caracol<br>Das 19h \u00e0s 20h Roda de Conversa: Ler e Escrever &#8211; luzes e sombras da mem\u00f3ria\/ Jo\u00e3o Anzanello Carrascoza e Maur\u00edcio Melo<br>Das 20h10 \u00e0s 20h45 -Solenidade de Encerramento: Caminhando, lendo e criando com energia \/ Media\u00e7\u00e3o: Rose Costa<br>Das 21h \u00e0s 23h \u2013 Show musical com Ot\u00e1vio Maciel e Atra\u00e7\u00e3o Nacional Roberta Campos<\/p>\n\n\n\n<p><strong>C\u00e2mara e Cadeia<br><\/strong>Das 9h \u00e0s 10h30 Sess\u00e3o especial da Aplam pelo Ano Cultural\/ Acad\u00eamico Luiz de Aquino Alves Neto (na Academia Goiana de Letras)<br>Das 10h45 \u00e1s 12h Roda de Conversa: Mulheres, Criatividade e Livros\/ Debatedoras: Stella Maris, Telma Lopes e Ros\u00e2ngela Vieira \/ Media\u00e7\u00e3o: Aline L\u00f4bo<br><strong>Centro Hist\u00f3rico<br><\/strong>Das 8h30 \u00e0s 10h30 \u2013 Caminhada hist\u00f3rica pelas ruas de Piren\u00f3polis, com Iris Borges e M\u00e1rcia \u00c1urea Oliveira (concentra\u00e7\u00e3o no Theatro Sebasti\u00e3o Pompeo Pina)<\/p>\n\n\n\n<p><strong>Centro Municipal de Artes e M\u00fasica Ita e Alaor<br><\/strong>Das 9h \u00e0s 12h \u2013 Maratona de Conta\u00e7\u00e3o de Hist\u00f3ria \/ Media\u00e7\u00e3o: D\u00e9bora Bianca<\/p>\n\n\n\n<p><strong>Sal\u00e3o Hugo de Carvalho Ramos\/Palco<br><\/strong>(sal\u00e3o paroquial da Igreja Matriz Nossa Senhora do Ros\u00e1rio)<\/p>\n\n\n\n<p>Das 09h30 \u00e0s 10h45 \u2013 Roda de Conversa: Como manter a energia criadora nos trabalhos em grupo? \/ Debatedores: Patr\u00edcia Coelho, Patr\u00edcia Ayer e Wellington dos Santos<br>Das 11h \u00e0s 12h15 \u2013 Roda de Conversa: Ilustra\u00e7\u00e3o de Livros &#8211; A For\u00e7a da Palavra Vista\/ Debatedores: Elder Galv\u00e3o, Andr\u00e9 Cerino e Roberto Pompeo \/ Media\u00e7\u00e3o: Maria Am\u00e9lia Eloi<br>Das 13h30 \u00e0s 14h45 \u2013 Roda de Conversa: Educa\u00e7\u00e3o e sua energia criativa e amorosa \/ Debatedores: Hellen Vieira, Alcione da Luz e Gabriela Buonocore \/ Media\u00e7\u00e3o: M\u00e1rcia Lages<br>Das 15h \u00e0s 16h15 &#8211; Roda de Conversa: O processo de Ler e Criar do Escritor\/Cristiano Paulo, Miguel Sartori e Florismar Peixoto | Media\u00e7\u00e3o: Hozana Costa<br>Das 16h30 \u00e0s 18h30 -Show de Talentos\/ Media\u00e7\u00e3o: Jer\u00f4nimo Forzani<\/p>\n\n\n\n<p><strong>Sal\u00e3o Hugo de Carvalho Ramos\/Aut\u00f3grafos<br><\/strong>(sal\u00e3o paroquial da Igreja Matriz Nossa Senhora do Ros\u00e1rio)<br>Das 9h \u00e0s 20h \u2013 Lan\u00e7amento e aut\u00f3grafo de livros<\/p>\n\n\n\n<p><\/p>\n\n\n\n<p><strong>Servi\u00e7o \u2013 FLIPIRI 2025<br><\/strong>Data: 9 a 11 de outubro de 2025<br>Local: Centro Hist\u00f3rico de Piren\u00f3polis \u2013 GO<br>Entrada: Gratuita<br>Transmiss\u00e3o online: Redes sociais e canal do YouTube da Flipiri<br>Atividades: Lan\u00e7amentos de livros, palestras, conta\u00e7\u00f5es de hist\u00f3rias, shows, exposi\u00e7\u00f5es, oficinas e cortejo cultural.<\/p>\n\n\n\n<blockquote class=\"wp-block-quote\"><p><br><strong>Acompanhe a Flipiri<\/strong><br>Instagram: flipiri.oficial\u00a0 \u00a0 \u00a0<br>Site: <a href=\"http:\/\/www.flipiri.art.br\">www.flipiri.art.br<\/a>\u00a0\u00a0 \u00a0 \u00a0<\/p><\/blockquote>\n","protected":false},"excerpt":{"rendered":"<p class=\"excerpt\">Com programa\u00e7\u00e3o gratuita, festa homenageia a escritora Roseana Murray e celebra a for\u00e7a criativa por meio da literatura, m\u00fasica e artes De 9 a 11 de outubro, Piren\u00f3polis, a charmosa cidade hist\u00f3rica localizada entre Bras\u00edlia e Goi\u00e2nia, ser\u00e1 palco de uma grande celebra\u00e7\u00e3o da literatura, da m\u00fasica e das artes. Em sua 15\u00aa edi\u00e7\u00e3o, a [&hellip;]<\/p>\n","protected":false},"author":1,"featured_media":0,"comment_status":"open","ping_status":"open","sticky":false,"template":"","format":"standard","meta":[],"categories":[8,17],"tags":[22,24,113,83,92],"yoast_head":"<!-- This site is optimized with the Yoast SEO plugin v18.3 - https:\/\/yoast.com\/wordpress\/plugins\/seo\/ -->\n<title>15\u00aa Flipiri transforma Piren\u00f3polis em palco liter\u00e1rio de 9 a 11 de outubro - Manchester FM 93,3<\/title>\n<meta name=\"robots\" content=\"index, follow, max-snippet:-1, max-image-preview:large, max-video-preview:-1\" \/>\n<link rel=\"canonical\" href=\"https:\/\/www.radiomanchester.com.br\/fm\/15a-flipiri-transforma-pirenopolis-em-palco-literario-de-9-a-11-de-outubro\/\" \/>\n<meta property=\"og:locale\" content=\"pt_BR\" \/>\n<meta property=\"og:type\" content=\"article\" \/>\n<meta property=\"og:title\" content=\"15\u00aa Flipiri transforma Piren\u00f3polis em palco liter\u00e1rio de 9 a 11 de outubro - Manchester FM 93,3\" \/>\n<meta property=\"og:description\" content=\"Com programa\u00e7\u00e3o gratuita, festa homenageia a escritora Roseana Murray e celebra a for\u00e7a criativa por meio da literatura, m\u00fasica e artes De 9 a 11 de outubro, Piren\u00f3polis, a charmosa cidade hist\u00f3rica localizada entre Bras\u00edlia e Goi\u00e2nia, ser\u00e1 palco de uma grande celebra\u00e7\u00e3o da literatura, da m\u00fasica e das artes. Em sua 15\u00aa edi\u00e7\u00e3o, a [&hellip;]\" \/>\n<meta property=\"og:url\" content=\"https:\/\/www.radiomanchester.com.br\/fm\/15a-flipiri-transforma-pirenopolis-em-palco-literario-de-9-a-11-de-outubro\/\" \/>\n<meta property=\"og:site_name\" content=\"Manchester FM 93,3\" \/>\n<meta property=\"article:published_time\" content=\"2025-10-07T22:55:16+00:00\" \/>\n<meta property=\"article:modified_time\" content=\"2025-10-07T22:55:19+00:00\" \/>\n<meta name=\"twitter:card\" content=\"summary_large_image\" \/>\n<meta name=\"twitter:label1\" content=\"Escrito por\" \/>\n\t<meta name=\"twitter:data1\" content=\"admin\" \/>\n\t<meta name=\"twitter:label2\" content=\"Est. tempo de leitura\" \/>\n\t<meta name=\"twitter:data2\" content=\"15 minutos\" \/>\n<script type=\"application\/ld+json\" class=\"yoast-schema-graph\">{\"@context\":\"https:\/\/schema.org\",\"@graph\":[{\"@type\":\"WebSite\",\"@id\":\"https:\/\/www.radiomanchester.com.br\/fm\/#website\",\"url\":\"https:\/\/www.radiomanchester.com.br\/fm\/\",\"name\":\"Manchester FM 93,3\",\"description\":\"Todo Mundo Ouve!\",\"potentialAction\":[{\"@type\":\"SearchAction\",\"target\":{\"@type\":\"EntryPoint\",\"urlTemplate\":\"https:\/\/www.radiomanchester.com.br\/fm\/?s={search_term_string}\"},\"query-input\":\"required name=search_term_string\"}],\"inLanguage\":\"pt-BR\"},{\"@type\":\"WebPage\",\"@id\":\"https:\/\/www.radiomanchester.com.br\/fm\/15a-flipiri-transforma-pirenopolis-em-palco-literario-de-9-a-11-de-outubro\/#webpage\",\"url\":\"https:\/\/www.radiomanchester.com.br\/fm\/15a-flipiri-transforma-pirenopolis-em-palco-literario-de-9-a-11-de-outubro\/\",\"name\":\"15\u00aa Flipiri transforma Piren\u00f3polis em palco liter\u00e1rio de 9 a 11 de outubro - Manchester FM 93,3\",\"isPartOf\":{\"@id\":\"https:\/\/www.radiomanchester.com.br\/fm\/#website\"},\"datePublished\":\"2025-10-07T22:55:16+00:00\",\"dateModified\":\"2025-10-07T22:55:19+00:00\",\"author\":{\"@id\":\"https:\/\/www.radiomanchester.com.br\/fm\/#\/schema\/person\/408a7b4d4e32cbebd90e2782852abca3\"},\"breadcrumb\":{\"@id\":\"https:\/\/www.radiomanchester.com.br\/fm\/15a-flipiri-transforma-pirenopolis-em-palco-literario-de-9-a-11-de-outubro\/#breadcrumb\"},\"inLanguage\":\"pt-BR\",\"potentialAction\":[{\"@type\":\"ReadAction\",\"target\":[\"https:\/\/www.radiomanchester.com.br\/fm\/15a-flipiri-transforma-pirenopolis-em-palco-literario-de-9-a-11-de-outubro\/\"]}]},{\"@type\":\"BreadcrumbList\",\"@id\":\"https:\/\/www.radiomanchester.com.br\/fm\/15a-flipiri-transforma-pirenopolis-em-palco-literario-de-9-a-11-de-outubro\/#breadcrumb\",\"itemListElement\":[{\"@type\":\"ListItem\",\"position\":1,\"name\":\"Home\",\"item\":\"https:\/\/www.radiomanchester.com.br\/fm\/\"},{\"@type\":\"ListItem\",\"position\":2,\"name\":\"15\u00aa Flipiri transforma Piren\u00f3polis em palco liter\u00e1rio de 9 a 11 de outubro\"}]},{\"@type\":\"Person\",\"@id\":\"https:\/\/www.radiomanchester.com.br\/fm\/#\/schema\/person\/408a7b4d4e32cbebd90e2782852abca3\",\"name\":\"admin\",\"image\":{\"@type\":\"ImageObject\",\"@id\":\"https:\/\/www.radiomanchester.com.br\/fm\/#personlogo\",\"inLanguage\":\"pt-BR\",\"url\":\"https:\/\/secure.gravatar.com\/avatar\/115a974dba3376872eb3addeb276301c?s=96&d=mm&r=g\",\"contentUrl\":\"https:\/\/secure.gravatar.com\/avatar\/115a974dba3376872eb3addeb276301c?s=96&d=mm&r=g\",\"caption\":\"admin\"},\"url\":\"https:\/\/www.radiomanchester.com.br\/fm\/author\/admin\/\"}]}<\/script>\n<!-- \/ Yoast SEO plugin. -->","yoast_head_json":{"title":"15\u00aa Flipiri transforma Piren\u00f3polis em palco liter\u00e1rio de 9 a 11 de outubro - Manchester FM 93,3","robots":{"index":"index","follow":"follow","max-snippet":"max-snippet:-1","max-image-preview":"max-image-preview:large","max-video-preview":"max-video-preview:-1"},"canonical":"https:\/\/www.radiomanchester.com.br\/fm\/15a-flipiri-transforma-pirenopolis-em-palco-literario-de-9-a-11-de-outubro\/","og_locale":"pt_BR","og_type":"article","og_title":"15\u00aa Flipiri transforma Piren\u00f3polis em palco liter\u00e1rio de 9 a 11 de outubro - Manchester FM 93,3","og_description":"Com programa\u00e7\u00e3o gratuita, festa homenageia a escritora Roseana Murray e celebra a for\u00e7a criativa por meio da literatura, m\u00fasica e artes De 9 a 11 de outubro, Piren\u00f3polis, a charmosa cidade hist\u00f3rica localizada entre Bras\u00edlia e Goi\u00e2nia, ser\u00e1 palco de uma grande celebra\u00e7\u00e3o da literatura, da m\u00fasica e das artes. Em sua 15\u00aa edi\u00e7\u00e3o, a [&hellip;]","og_url":"https:\/\/www.radiomanchester.com.br\/fm\/15a-flipiri-transforma-pirenopolis-em-palco-literario-de-9-a-11-de-outubro\/","og_site_name":"Manchester FM 93,3","article_published_time":"2025-10-07T22:55:16+00:00","article_modified_time":"2025-10-07T22:55:19+00:00","twitter_card":"summary_large_image","twitter_misc":{"Escrito por":"admin","Est. tempo de leitura":"15 minutos"},"schema":{"@context":"https:\/\/schema.org","@graph":[{"@type":"WebSite","@id":"https:\/\/www.radiomanchester.com.br\/fm\/#website","url":"https:\/\/www.radiomanchester.com.br\/fm\/","name":"Manchester FM 93,3","description":"Todo Mundo Ouve!","potentialAction":[{"@type":"SearchAction","target":{"@type":"EntryPoint","urlTemplate":"https:\/\/www.radiomanchester.com.br\/fm\/?s={search_term_string}"},"query-input":"required name=search_term_string"}],"inLanguage":"pt-BR"},{"@type":"WebPage","@id":"https:\/\/www.radiomanchester.com.br\/fm\/15a-flipiri-transforma-pirenopolis-em-palco-literario-de-9-a-11-de-outubro\/#webpage","url":"https:\/\/www.radiomanchester.com.br\/fm\/15a-flipiri-transforma-pirenopolis-em-palco-literario-de-9-a-11-de-outubro\/","name":"15\u00aa Flipiri transforma Piren\u00f3polis em palco liter\u00e1rio de 9 a 11 de outubro - Manchester FM 93,3","isPartOf":{"@id":"https:\/\/www.radiomanchester.com.br\/fm\/#website"},"datePublished":"2025-10-07T22:55:16+00:00","dateModified":"2025-10-07T22:55:19+00:00","author":{"@id":"https:\/\/www.radiomanchester.com.br\/fm\/#\/schema\/person\/408a7b4d4e32cbebd90e2782852abca3"},"breadcrumb":{"@id":"https:\/\/www.radiomanchester.com.br\/fm\/15a-flipiri-transforma-pirenopolis-em-palco-literario-de-9-a-11-de-outubro\/#breadcrumb"},"inLanguage":"pt-BR","potentialAction":[{"@type":"ReadAction","target":["https:\/\/www.radiomanchester.com.br\/fm\/15a-flipiri-transforma-pirenopolis-em-palco-literario-de-9-a-11-de-outubro\/"]}]},{"@type":"BreadcrumbList","@id":"https:\/\/www.radiomanchester.com.br\/fm\/15a-flipiri-transforma-pirenopolis-em-palco-literario-de-9-a-11-de-outubro\/#breadcrumb","itemListElement":[{"@type":"ListItem","position":1,"name":"Home","item":"https:\/\/www.radiomanchester.com.br\/fm\/"},{"@type":"ListItem","position":2,"name":"15\u00aa Flipiri transforma Piren\u00f3polis em palco liter\u00e1rio de 9 a 11 de outubro"}]},{"@type":"Person","@id":"https:\/\/www.radiomanchester.com.br\/fm\/#\/schema\/person\/408a7b4d4e32cbebd90e2782852abca3","name":"admin","image":{"@type":"ImageObject","@id":"https:\/\/www.radiomanchester.com.br\/fm\/#personlogo","inLanguage":"pt-BR","url":"https:\/\/secure.gravatar.com\/avatar\/115a974dba3376872eb3addeb276301c?s=96&d=mm&r=g","contentUrl":"https:\/\/secure.gravatar.com\/avatar\/115a974dba3376872eb3addeb276301c?s=96&d=mm&r=g","caption":"admin"},"url":"https:\/\/www.radiomanchester.com.br\/fm\/author\/admin\/"}]}},"_links":{"self":[{"href":"https:\/\/www.radiomanchester.com.br\/fm\/wp-json\/wp\/v2\/posts\/16666"}],"collection":[{"href":"https:\/\/www.radiomanchester.com.br\/fm\/wp-json\/wp\/v2\/posts"}],"about":[{"href":"https:\/\/www.radiomanchester.com.br\/fm\/wp-json\/wp\/v2\/types\/post"}],"author":[{"embeddable":true,"href":"https:\/\/www.radiomanchester.com.br\/fm\/wp-json\/wp\/v2\/users\/1"}],"replies":[{"embeddable":true,"href":"https:\/\/www.radiomanchester.com.br\/fm\/wp-json\/wp\/v2\/comments?post=16666"}],"version-history":[{"count":1,"href":"https:\/\/www.radiomanchester.com.br\/fm\/wp-json\/wp\/v2\/posts\/16666\/revisions"}],"predecessor-version":[{"id":16667,"href":"https:\/\/www.radiomanchester.com.br\/fm\/wp-json\/wp\/v2\/posts\/16666\/revisions\/16667"}],"wp:attachment":[{"href":"https:\/\/www.radiomanchester.com.br\/fm\/wp-json\/wp\/v2\/media?parent=16666"}],"wp:term":[{"taxonomy":"category","embeddable":true,"href":"https:\/\/www.radiomanchester.com.br\/fm\/wp-json\/wp\/v2\/categories?post=16666"},{"taxonomy":"post_tag","embeddable":true,"href":"https:\/\/www.radiomanchester.com.br\/fm\/wp-json\/wp\/v2\/tags?post=16666"}],"curies":[{"name":"wp","href":"https:\/\/api.w.org\/{rel}","templated":true}]}}