{"id":16671,"date":"2025-10-08T21:03:35","date_gmt":"2025-10-09T00:03:35","guid":{"rendered":"https:\/\/www.radiomanchester.com.br\/fm\/?p=16671"},"modified":"2025-10-08T21:03:37","modified_gmt":"2025-10-09T00:03:37","slug":"procon-anapolis-identifica-diferenca-de-ate-201-em-precos-de-produtos-da-cesta-basica","status":"publish","type":"post","link":"https:\/\/www.radiomanchester.com.br\/fm\/procon-anapolis-identifica-diferenca-de-ate-201-em-precos-de-produtos-da-cesta-basica\/","title":{"rendered":"Procon An\u00e1polis identifica diferen\u00e7a de at\u00e9 201% em pre\u00e7os de produtos da cesta b\u00e1sica"},"content":{"rendered":"\n<p><\/p>\n\n\n\n<p>O Procon An\u00e1polis realizou, entre os dias 1\u00ba e 3 de outubro, uma pesquisa comparativa de pre\u00e7os da cesta b\u00e1sica em seis estabelecimentos comerciais do munic\u00edpio, localizados em diferentes regi\u00f5es. O objetivo da a\u00e7\u00e3o \u00e9 alertar o consumidor sobre as varia\u00e7\u00f5es de pre\u00e7os de produtos essenciais, promovendo uma compra mais consciente e informada.<\/p>\n\n\n\n<p>Os supermercados visitados foram: Super Vi, Di Casa, Senna, Oliveira, Melo e Ponto Frios. Entre os produtos com maior varia\u00e7\u00e3o est\u00e3o:<\/p>\n\n\n\n<p>\u2022 Banana prata (kg)<br>Maior pre\u00e7o: R$ 8,99 \u2013 Senna<br>Menor pre\u00e7o: R$ 2,99 \u2013 Super Vi<br>Varia\u00e7\u00e3o: 201%<\/p>\n\n\n\n<p>\u2022 Tomate (kg)<br>Maior pre\u00e7o: R$ 7,99 \u2013 Di Casa<br>Menor pre\u00e7o: R$ 3,19 \u2013 Melo<br>Varia\u00e7\u00e3o: 150%<\/p>\n\n\n\n<p>\u2022 Sab\u00e3o em p\u00f3 (sach\u00ea ou caixa 800g)<br>Maior pre\u00e7o: R$ 10,49 \u2013 Oliveira<br>Menor pre\u00e7o: R$ 4,49 \u2013 Melo<br>Varia\u00e7\u00e3o: 134%<\/p>\n\n\n\n<p>\u2022 Creme dental (tubo 90g)<br>Maior pre\u00e7o: R$ 5,99 \u2013 Super Vi<br>Menor pre\u00e7o: R$ 2,79 \u2013 Di Casa<br>Varia\u00e7\u00e3o: 115%<\/p>\n\n\n\n<p>\u2022 Batata inglesa (kg)<br>Maior pre\u00e7o: R$ 3,99 \u2013 Di Casa<br>Menor pre\u00e7o: R$ 1,99 \u2013 Melo<br>Varia\u00e7\u00e3o: 101%<\/p>\n\n\n\n<p>Segundo levantamento do Procon An\u00e1polis, o valor m\u00e9dio da cesta b\u00e1sica individual registrou aumento no m\u00eas de outubro, passando de R$ 566,31 em setembro para R$ 628,55. A varia\u00e7\u00e3o representa um acr\u00e9scimo de R$ 62,24, o que equivale a 41,4% do sal\u00e1rio m\u00ednimo vigente (R$ 1.518,00), comprometendo uma parcela significativa da renda mensal do trabalhador.<\/p>\n\n\n\n<p>O \u00f3rg\u00e3o tamb\u00e9m refor\u00e7a a import\u00e2ncia da aten\u00e7\u00e3o dos consumidores quanto \u00e0s altera\u00e7\u00f5es nas embalagens de produtos, como o sab\u00e3o em barra, cuja gramatura vem sendo reduzida por algumas marcas. A pr\u00e1tica, embora legal desde que devidamente informada no r\u00f3tulo, exige cuidado redobrado no momento da compra.<\/p>\n\n\n\n<p>Caso o consumidor identifique irregularidades ou se sinta lesado, pode acionar o Procon An\u00e1polis por meio do Zap da Prefeitura, no n\u00famero (62) 98551-6888, ou pelo telefone (62)\u00a098551-8185.<\/p>\n\n\n\n<div class=\"wp-block-file\"><object class=\"wp-block-file__embed\" data=\"https:\/\/www.radiomanchester.com.br\/fm\/wp-content\/uploads\/2025\/10\/plan-e-rel-cesta-basica-25.pdf\" type=\"application\/pdf\" style=\"width:100%;height:600px\" aria-label=\"Incorporado de plan-e-rel-cesta-basica-25.\"><\/object><a id=\"wp-block-file--media-7e783f6e-8d75-4087-990b-34cbeaf20502\" href=\"https:\/\/www.radiomanchester.com.br\/fm\/wp-content\/uploads\/2025\/10\/plan-e-rel-cesta-basica-25.pdf\">plan-e-rel-cesta-basica-25<\/a><a href=\"https:\/\/www.radiomanchester.com.br\/fm\/wp-content\/uploads\/2025\/10\/plan-e-rel-cesta-basica-25.pdf\" class=\"wp-block-file__button\" download aria-describedby=\"wp-block-file--media-7e783f6e-8d75-4087-990b-34cbeaf20502\">Baixar<\/a><\/div>\n\n\n","protected":false},"excerpt":{"rendered":"<p class=\"excerpt\">O Procon An\u00e1polis realizou, entre os dias 1\u00ba e 3 de outubro, uma pesquisa comparativa de pre\u00e7os da cesta b\u00e1sica em seis estabelecimentos comerciais do munic\u00edpio, localizados em diferentes regi\u00f5es. O objetivo da a\u00e7\u00e3o \u00e9 alertar o consumidor sobre as varia\u00e7\u00f5es de pre\u00e7os de produtos essenciais, promovendo uma compra mais consciente e informada. Os supermercados [&hellip;]<\/p>\n","protected":false},"author":1,"featured_media":0,"comment_status":"open","ping_status":"open","sticky":false,"template":"","format":"standard","meta":[],"categories":[8,17],"tags":[22,24,113,83,129,92],"yoast_head":"<!-- This site is optimized with the Yoast SEO plugin v18.3 - https:\/\/yoast.com\/wordpress\/plugins\/seo\/ -->\n<title>Procon An\u00e1polis identifica diferen\u00e7a de at\u00e9 201% em pre\u00e7os de produtos da cesta b\u00e1sica - Manchester FM 93,3<\/title>\n<meta name=\"robots\" content=\"index, follow, max-snippet:-1, max-image-preview:large, max-video-preview:-1\" \/>\n<link rel=\"canonical\" href=\"https:\/\/www.radiomanchester.com.br\/fm\/procon-anapolis-identifica-diferenca-de-ate-201-em-precos-de-produtos-da-cesta-basica\/\" \/>\n<meta property=\"og:locale\" content=\"pt_BR\" \/>\n<meta property=\"og:type\" content=\"article\" \/>\n<meta property=\"og:title\" content=\"Procon An\u00e1polis identifica diferen\u00e7a de at\u00e9 201% em pre\u00e7os de produtos da cesta b\u00e1sica - Manchester FM 93,3\" \/>\n<meta property=\"og:description\" content=\"O Procon An\u00e1polis realizou, entre os dias 1\u00ba e 3 de outubro, uma pesquisa comparativa de pre\u00e7os da cesta b\u00e1sica em seis estabelecimentos comerciais do munic\u00edpio, localizados em diferentes regi\u00f5es. O objetivo da a\u00e7\u00e3o \u00e9 alertar o consumidor sobre as varia\u00e7\u00f5es de pre\u00e7os de produtos essenciais, promovendo uma compra mais consciente e informada. Os supermercados [&hellip;]\" \/>\n<meta property=\"og:url\" content=\"https:\/\/www.radiomanchester.com.br\/fm\/procon-anapolis-identifica-diferenca-de-ate-201-em-precos-de-produtos-da-cesta-basica\/\" \/>\n<meta property=\"og:site_name\" content=\"Manchester FM 93,3\" \/>\n<meta property=\"article:published_time\" content=\"2025-10-09T00:03:35+00:00\" \/>\n<meta property=\"article:modified_time\" content=\"2025-10-09T00:03:37+00:00\" \/>\n<meta name=\"twitter:card\" content=\"summary_large_image\" \/>\n<meta name=\"twitter:label1\" content=\"Escrito por\" \/>\n\t<meta name=\"twitter:data1\" content=\"admin\" \/>\n\t<meta name=\"twitter:label2\" content=\"Est. tempo de leitura\" \/>\n\t<meta name=\"twitter:data2\" content=\"2 minutos\" \/>\n<script type=\"application\/ld+json\" class=\"yoast-schema-graph\">{\"@context\":\"https:\/\/schema.org\",\"@graph\":[{\"@type\":\"WebSite\",\"@id\":\"https:\/\/www.radiomanchester.com.br\/fm\/#website\",\"url\":\"https:\/\/www.radiomanchester.com.br\/fm\/\",\"name\":\"Manchester FM 93,3\",\"description\":\"Todo Mundo Ouve!\",\"potentialAction\":[{\"@type\":\"SearchAction\",\"target\":{\"@type\":\"EntryPoint\",\"urlTemplate\":\"https:\/\/www.radiomanchester.com.br\/fm\/?s={search_term_string}\"},\"query-input\":\"required name=search_term_string\"}],\"inLanguage\":\"pt-BR\"},{\"@type\":\"WebPage\",\"@id\":\"https:\/\/www.radiomanchester.com.br\/fm\/procon-anapolis-identifica-diferenca-de-ate-201-em-precos-de-produtos-da-cesta-basica\/#webpage\",\"url\":\"https:\/\/www.radiomanchester.com.br\/fm\/procon-anapolis-identifica-diferenca-de-ate-201-em-precos-de-produtos-da-cesta-basica\/\",\"name\":\"Procon An\u00e1polis identifica diferen\u00e7a de at\u00e9 201% em pre\u00e7os de produtos da cesta b\u00e1sica - Manchester FM 93,3\",\"isPartOf\":{\"@id\":\"https:\/\/www.radiomanchester.com.br\/fm\/#website\"},\"datePublished\":\"2025-10-09T00:03:35+00:00\",\"dateModified\":\"2025-10-09T00:03:37+00:00\",\"author\":{\"@id\":\"https:\/\/www.radiomanchester.com.br\/fm\/#\/schema\/person\/408a7b4d4e32cbebd90e2782852abca3\"},\"breadcrumb\":{\"@id\":\"https:\/\/www.radiomanchester.com.br\/fm\/procon-anapolis-identifica-diferenca-de-ate-201-em-precos-de-produtos-da-cesta-basica\/#breadcrumb\"},\"inLanguage\":\"pt-BR\",\"potentialAction\":[{\"@type\":\"ReadAction\",\"target\":[\"https:\/\/www.radiomanchester.com.br\/fm\/procon-anapolis-identifica-diferenca-de-ate-201-em-precos-de-produtos-da-cesta-basica\/\"]}]},{\"@type\":\"BreadcrumbList\",\"@id\":\"https:\/\/www.radiomanchester.com.br\/fm\/procon-anapolis-identifica-diferenca-de-ate-201-em-precos-de-produtos-da-cesta-basica\/#breadcrumb\",\"itemListElement\":[{\"@type\":\"ListItem\",\"position\":1,\"name\":\"Home\",\"item\":\"https:\/\/www.radiomanchester.com.br\/fm\/\"},{\"@type\":\"ListItem\",\"position\":2,\"name\":\"Procon An\u00e1polis identifica diferen\u00e7a de at\u00e9 201% em pre\u00e7os de produtos da cesta b\u00e1sica\"}]},{\"@type\":\"Person\",\"@id\":\"https:\/\/www.radiomanchester.com.br\/fm\/#\/schema\/person\/408a7b4d4e32cbebd90e2782852abca3\",\"name\":\"admin\",\"image\":{\"@type\":\"ImageObject\",\"@id\":\"https:\/\/www.radiomanchester.com.br\/fm\/#personlogo\",\"inLanguage\":\"pt-BR\",\"url\":\"https:\/\/secure.gravatar.com\/avatar\/115a974dba3376872eb3addeb276301c?s=96&d=mm&r=g\",\"contentUrl\":\"https:\/\/secure.gravatar.com\/avatar\/115a974dba3376872eb3addeb276301c?s=96&d=mm&r=g\",\"caption\":\"admin\"},\"url\":\"https:\/\/www.radiomanchester.com.br\/fm\/author\/admin\/\"}]}<\/script>\n<!-- \/ Yoast SEO plugin. -->","yoast_head_json":{"title":"Procon An\u00e1polis identifica diferen\u00e7a de at\u00e9 201% em pre\u00e7os de produtos da cesta b\u00e1sica - Manchester FM 93,3","robots":{"index":"index","follow":"follow","max-snippet":"max-snippet:-1","max-image-preview":"max-image-preview:large","max-video-preview":"max-video-preview:-1"},"canonical":"https:\/\/www.radiomanchester.com.br\/fm\/procon-anapolis-identifica-diferenca-de-ate-201-em-precos-de-produtos-da-cesta-basica\/","og_locale":"pt_BR","og_type":"article","og_title":"Procon An\u00e1polis identifica diferen\u00e7a de at\u00e9 201% em pre\u00e7os de produtos da cesta b\u00e1sica - Manchester FM 93,3","og_description":"O Procon An\u00e1polis realizou, entre os dias 1\u00ba e 3 de outubro, uma pesquisa comparativa de pre\u00e7os da cesta b\u00e1sica em seis estabelecimentos comerciais do munic\u00edpio, localizados em diferentes regi\u00f5es. O objetivo da a\u00e7\u00e3o \u00e9 alertar o consumidor sobre as varia\u00e7\u00f5es de pre\u00e7os de produtos essenciais, promovendo uma compra mais consciente e informada. Os supermercados [&hellip;]","og_url":"https:\/\/www.radiomanchester.com.br\/fm\/procon-anapolis-identifica-diferenca-de-ate-201-em-precos-de-produtos-da-cesta-basica\/","og_site_name":"Manchester FM 93,3","article_published_time":"2025-10-09T00:03:35+00:00","article_modified_time":"2025-10-09T00:03:37+00:00","twitter_card":"summary_large_image","twitter_misc":{"Escrito por":"admin","Est. tempo de leitura":"2 minutos"},"schema":{"@context":"https:\/\/schema.org","@graph":[{"@type":"WebSite","@id":"https:\/\/www.radiomanchester.com.br\/fm\/#website","url":"https:\/\/www.radiomanchester.com.br\/fm\/","name":"Manchester FM 93,3","description":"Todo Mundo Ouve!","potentialAction":[{"@type":"SearchAction","target":{"@type":"EntryPoint","urlTemplate":"https:\/\/www.radiomanchester.com.br\/fm\/?s={search_term_string}"},"query-input":"required name=search_term_string"}],"inLanguage":"pt-BR"},{"@type":"WebPage","@id":"https:\/\/www.radiomanchester.com.br\/fm\/procon-anapolis-identifica-diferenca-de-ate-201-em-precos-de-produtos-da-cesta-basica\/#webpage","url":"https:\/\/www.radiomanchester.com.br\/fm\/procon-anapolis-identifica-diferenca-de-ate-201-em-precos-de-produtos-da-cesta-basica\/","name":"Procon An\u00e1polis identifica diferen\u00e7a de at\u00e9 201% em pre\u00e7os de produtos da cesta b\u00e1sica - Manchester FM 93,3","isPartOf":{"@id":"https:\/\/www.radiomanchester.com.br\/fm\/#website"},"datePublished":"2025-10-09T00:03:35+00:00","dateModified":"2025-10-09T00:03:37+00:00","author":{"@id":"https:\/\/www.radiomanchester.com.br\/fm\/#\/schema\/person\/408a7b4d4e32cbebd90e2782852abca3"},"breadcrumb":{"@id":"https:\/\/www.radiomanchester.com.br\/fm\/procon-anapolis-identifica-diferenca-de-ate-201-em-precos-de-produtos-da-cesta-basica\/#breadcrumb"},"inLanguage":"pt-BR","potentialAction":[{"@type":"ReadAction","target":["https:\/\/www.radiomanchester.com.br\/fm\/procon-anapolis-identifica-diferenca-de-ate-201-em-precos-de-produtos-da-cesta-basica\/"]}]},{"@type":"BreadcrumbList","@id":"https:\/\/www.radiomanchester.com.br\/fm\/procon-anapolis-identifica-diferenca-de-ate-201-em-precos-de-produtos-da-cesta-basica\/#breadcrumb","itemListElement":[{"@type":"ListItem","position":1,"name":"Home","item":"https:\/\/www.radiomanchester.com.br\/fm\/"},{"@type":"ListItem","position":2,"name":"Procon An\u00e1polis identifica diferen\u00e7a de at\u00e9 201% em pre\u00e7os de produtos da cesta b\u00e1sica"}]},{"@type":"Person","@id":"https:\/\/www.radiomanchester.com.br\/fm\/#\/schema\/person\/408a7b4d4e32cbebd90e2782852abca3","name":"admin","image":{"@type":"ImageObject","@id":"https:\/\/www.radiomanchester.com.br\/fm\/#personlogo","inLanguage":"pt-BR","url":"https:\/\/secure.gravatar.com\/avatar\/115a974dba3376872eb3addeb276301c?s=96&d=mm&r=g","contentUrl":"https:\/\/secure.gravatar.com\/avatar\/115a974dba3376872eb3addeb276301c?s=96&d=mm&r=g","caption":"admin"},"url":"https:\/\/www.radiomanchester.com.br\/fm\/author\/admin\/"}]}},"_links":{"self":[{"href":"https:\/\/www.radiomanchester.com.br\/fm\/wp-json\/wp\/v2\/posts\/16671"}],"collection":[{"href":"https:\/\/www.radiomanchester.com.br\/fm\/wp-json\/wp\/v2\/posts"}],"about":[{"href":"https:\/\/www.radiomanchester.com.br\/fm\/wp-json\/wp\/v2\/types\/post"}],"author":[{"embeddable":true,"href":"https:\/\/www.radiomanchester.com.br\/fm\/wp-json\/wp\/v2\/users\/1"}],"replies":[{"embeddable":true,"href":"https:\/\/www.radiomanchester.com.br\/fm\/wp-json\/wp\/v2\/comments?post=16671"}],"version-history":[{"count":1,"href":"https:\/\/www.radiomanchester.com.br\/fm\/wp-json\/wp\/v2\/posts\/16671\/revisions"}],"predecessor-version":[{"id":16673,"href":"https:\/\/www.radiomanchester.com.br\/fm\/wp-json\/wp\/v2\/posts\/16671\/revisions\/16673"}],"wp:attachment":[{"href":"https:\/\/www.radiomanchester.com.br\/fm\/wp-json\/wp\/v2\/media?parent=16671"}],"wp:term":[{"taxonomy":"category","embeddable":true,"href":"https:\/\/www.radiomanchester.com.br\/fm\/wp-json\/wp\/v2\/categories?post=16671"},{"taxonomy":"post_tag","embeddable":true,"href":"https:\/\/www.radiomanchester.com.br\/fm\/wp-json\/wp\/v2\/tags?post=16671"}],"curies":[{"name":"wp","href":"https:\/\/api.w.org\/{rel}","templated":true}]}}