{"id":16675,"date":"2025-10-09T07:00:00","date_gmt":"2025-10-09T10:00:00","guid":{"rendered":"https:\/\/www.radiomanchester.com.br\/fm\/?p=16675"},"modified":"2025-10-08T22:26:52","modified_gmt":"2025-10-09T01:26:52","slug":"colegios-militares-estaduais-abrem-inscricoes-para-processo-seletivo-2026","status":"publish","type":"post","link":"https:\/\/www.radiomanchester.com.br\/fm\/colegios-militares-estaduais-abrem-inscricoes-para-processo-seletivo-2026\/","title":{"rendered":"Col\u00e9gios militares estaduais abrem inscri\u00e7\u00f5es para processo seletivo 2026"},"content":{"rendered":"\n<p><\/p>\n\n\n\n<p>O Comando de Ensino da Policia Militar do Estado de Goi\u00e1s torna p\u00fablico o Edital n.\u00ba 001\/2025-CEPM, que normatiza o Processo Seletivo para ingresso de novos alunos nas Unidades dos Col\u00e9gios Estaduais da Pol\u00edcia Militar de Goi\u00e1s (CEPMGs), para o ano letivo de 2026.<\/p>\n\n\n\n<p><strong>Inscri\u00e7\u00f5es para processo seletivo dos col\u00e9gios militares estaduais<br><\/strong>As inscri\u00e7\u00f5es para o processo seletivo 2026 s\u00e3o realizadas exclusivamente pela internet, at\u00e9 as 18horas do dia 31 de outubro, pelo link <a href=\"http:\/\/cepmgo.gr8.com.br\/\">cepmgo.gr8.com.br<\/a> .<\/p>\n\n\n\n<p><strong>Sorteio<\/strong><br>O sorteio ser\u00e1 digital e transmitido ao vivo por meio de lives no Canal do Comando de Ensino no Facebook <a href=\"https:\/\/www.facebook.com\/ensino.pmgo.5\">https:\/\/www.facebook.com\/ensino.pmgo.5<\/a><\/p>\n\n\n\n<p>Ser\u00e1 realizada uma live individualizada para o sorteio de vagas para cada CEPMG, sendo que a data e o hor\u00e1rio do sorteio de cada unidade foram estabelecidos em ordem alfab\u00e9tica, conforme rela\u00e7\u00e3o divulgada no edital.<\/p>\n\n\n\n<p>Per\u00edodo de sorteio de 11\/11\/2025 \u00e0 12\/11\/2025, no hor\u00e1rio das 8 \u00e0s 19 horas.<\/p>\n\n\n\n<p><strong>Aten\u00e7\u00e3o!<br><\/strong>Cada candidato poder\u00e1 se inscrever somente uma vez, ficando vedada a inscri\u00e7\u00e3o em duas ou mais unidades, sob pena de desclassifica\u00e7\u00e3o.<\/p>\n\n\n\n<p>Ap\u00f3s a realiza\u00e7\u00e3o do sorteio, as listas dos candidatos sorteados ser\u00e3o divulgadas no facebook pelo link <a href=\"https:\/\/www.facebook.com\/ensino.pmgo.5\">https:\/\/www.facebook.com\/ensino.pmgo.5<\/a> e tamb\u00e9m no portal <a href=\"http:\/\/cepmgo.gr8.com.br\">cepmgo.gr8.com.br<\/a>.<\/p>\n\n\n\n<p>Clique nos links abaixo para baixar o edital<\/p>\n\n\n\n<p><a href=\"https:\/\/www.portalcepmg.com.br\/wp-content\/uploads\/2025\/09\/Edital-SORTEIO-VAGAS-2026.pdf\">Edital SORTEIO VAGAS 2026<\/a><\/p>\n\n\n\n<p>porGoverno de Goi\u00e1s<\/p>\n","protected":false},"excerpt":{"rendered":"<p class=\"excerpt\">O Comando de Ensino da Policia Militar do Estado de Goi\u00e1s torna p\u00fablico o Edital n.\u00ba 001\/2025-CEPM, que normatiza o Processo Seletivo para ingresso de novos alunos nas Unidades dos Col\u00e9gios Estaduais da Pol\u00edcia Militar de Goi\u00e1s (CEPMGs), para o ano letivo de 2026. Inscri\u00e7\u00f5es para processo seletivo dos col\u00e9gios militares estaduaisAs inscri\u00e7\u00f5es para o [&hellip;]<\/p>\n","protected":false},"author":1,"featured_media":0,"comment_status":"open","ping_status":"open","sticky":false,"template":"","format":"standard","meta":[],"categories":[8,17],"tags":[22,24,172,113,83,92],"yoast_head":"<!-- This site is optimized with the Yoast SEO plugin v18.3 - https:\/\/yoast.com\/wordpress\/plugins\/seo\/ -->\n<title>Col\u00e9gios militares estaduais abrem inscri\u00e7\u00f5es para processo seletivo 2026 - Manchester FM 93,3<\/title>\n<meta name=\"robots\" content=\"index, follow, max-snippet:-1, max-image-preview:large, max-video-preview:-1\" \/>\n<link rel=\"canonical\" href=\"https:\/\/www.radiomanchester.com.br\/fm\/colegios-militares-estaduais-abrem-inscricoes-para-processo-seletivo-2026\/\" \/>\n<meta property=\"og:locale\" content=\"pt_BR\" \/>\n<meta property=\"og:type\" content=\"article\" \/>\n<meta property=\"og:title\" content=\"Col\u00e9gios militares estaduais abrem inscri\u00e7\u00f5es para processo seletivo 2026 - Manchester FM 93,3\" \/>\n<meta property=\"og:description\" content=\"O Comando de Ensino da Policia Militar do Estado de Goi\u00e1s torna p\u00fablico o Edital n.\u00ba 001\/2025-CEPM, que normatiza o Processo Seletivo para ingresso de novos alunos nas Unidades dos Col\u00e9gios Estaduais da Pol\u00edcia Militar de Goi\u00e1s (CEPMGs), para o ano letivo de 2026. Inscri\u00e7\u00f5es para processo seletivo dos col\u00e9gios militares estaduaisAs inscri\u00e7\u00f5es para o [&hellip;]\" \/>\n<meta property=\"og:url\" content=\"https:\/\/www.radiomanchester.com.br\/fm\/colegios-militares-estaduais-abrem-inscricoes-para-processo-seletivo-2026\/\" \/>\n<meta property=\"og:site_name\" content=\"Manchester FM 93,3\" \/>\n<meta property=\"article:published_time\" content=\"2025-10-09T10:00:00+00:00\" \/>\n<meta property=\"article:modified_time\" content=\"2025-10-09T01:26:52+00:00\" \/>\n<meta name=\"twitter:card\" content=\"summary_large_image\" \/>\n<meta name=\"twitter:label1\" content=\"Escrito por\" \/>\n\t<meta name=\"twitter:data1\" content=\"admin\" \/>\n\t<meta name=\"twitter:label2\" content=\"Est. tempo de leitura\" \/>\n\t<meta name=\"twitter:data2\" content=\"2 minutos\" \/>\n<script type=\"application\/ld+json\" class=\"yoast-schema-graph\">{\"@context\":\"https:\/\/schema.org\",\"@graph\":[{\"@type\":\"WebSite\",\"@id\":\"https:\/\/www.radiomanchester.com.br\/fm\/#website\",\"url\":\"https:\/\/www.radiomanchester.com.br\/fm\/\",\"name\":\"Manchester FM 93,3\",\"description\":\"Todo Mundo Ouve!\",\"potentialAction\":[{\"@type\":\"SearchAction\",\"target\":{\"@type\":\"EntryPoint\",\"urlTemplate\":\"https:\/\/www.radiomanchester.com.br\/fm\/?s={search_term_string}\"},\"query-input\":\"required name=search_term_string\"}],\"inLanguage\":\"pt-BR\"},{\"@type\":\"WebPage\",\"@id\":\"https:\/\/www.radiomanchester.com.br\/fm\/colegios-militares-estaduais-abrem-inscricoes-para-processo-seletivo-2026\/#webpage\",\"url\":\"https:\/\/www.radiomanchester.com.br\/fm\/colegios-militares-estaduais-abrem-inscricoes-para-processo-seletivo-2026\/\",\"name\":\"Col\u00e9gios militares estaduais abrem inscri\u00e7\u00f5es para processo seletivo 2026 - Manchester FM 93,3\",\"isPartOf\":{\"@id\":\"https:\/\/www.radiomanchester.com.br\/fm\/#website\"},\"datePublished\":\"2025-10-09T10:00:00+00:00\",\"dateModified\":\"2025-10-09T01:26:52+00:00\",\"author\":{\"@id\":\"https:\/\/www.radiomanchester.com.br\/fm\/#\/schema\/person\/408a7b4d4e32cbebd90e2782852abca3\"},\"breadcrumb\":{\"@id\":\"https:\/\/www.radiomanchester.com.br\/fm\/colegios-militares-estaduais-abrem-inscricoes-para-processo-seletivo-2026\/#breadcrumb\"},\"inLanguage\":\"pt-BR\",\"potentialAction\":[{\"@type\":\"ReadAction\",\"target\":[\"https:\/\/www.radiomanchester.com.br\/fm\/colegios-militares-estaduais-abrem-inscricoes-para-processo-seletivo-2026\/\"]}]},{\"@type\":\"BreadcrumbList\",\"@id\":\"https:\/\/www.radiomanchester.com.br\/fm\/colegios-militares-estaduais-abrem-inscricoes-para-processo-seletivo-2026\/#breadcrumb\",\"itemListElement\":[{\"@type\":\"ListItem\",\"position\":1,\"name\":\"Home\",\"item\":\"https:\/\/www.radiomanchester.com.br\/fm\/\"},{\"@type\":\"ListItem\",\"position\":2,\"name\":\"Col\u00e9gios militares estaduais abrem inscri\u00e7\u00f5es para processo seletivo 2026\"}]},{\"@type\":\"Person\",\"@id\":\"https:\/\/www.radiomanchester.com.br\/fm\/#\/schema\/person\/408a7b4d4e32cbebd90e2782852abca3\",\"name\":\"admin\",\"image\":{\"@type\":\"ImageObject\",\"@id\":\"https:\/\/www.radiomanchester.com.br\/fm\/#personlogo\",\"inLanguage\":\"pt-BR\",\"url\":\"https:\/\/secure.gravatar.com\/avatar\/115a974dba3376872eb3addeb276301c?s=96&d=mm&r=g\",\"contentUrl\":\"https:\/\/secure.gravatar.com\/avatar\/115a974dba3376872eb3addeb276301c?s=96&d=mm&r=g\",\"caption\":\"admin\"},\"url\":\"https:\/\/www.radiomanchester.com.br\/fm\/author\/admin\/\"}]}<\/script>\n<!-- \/ Yoast SEO plugin. -->","yoast_head_json":{"title":"Col\u00e9gios militares estaduais abrem inscri\u00e7\u00f5es para processo seletivo 2026 - Manchester FM 93,3","robots":{"index":"index","follow":"follow","max-snippet":"max-snippet:-1","max-image-preview":"max-image-preview:large","max-video-preview":"max-video-preview:-1"},"canonical":"https:\/\/www.radiomanchester.com.br\/fm\/colegios-militares-estaduais-abrem-inscricoes-para-processo-seletivo-2026\/","og_locale":"pt_BR","og_type":"article","og_title":"Col\u00e9gios militares estaduais abrem inscri\u00e7\u00f5es para processo seletivo 2026 - Manchester FM 93,3","og_description":"O Comando de Ensino da Policia Militar do Estado de Goi\u00e1s torna p\u00fablico o Edital n.\u00ba 001\/2025-CEPM, que normatiza o Processo Seletivo para ingresso de novos alunos nas Unidades dos Col\u00e9gios Estaduais da Pol\u00edcia Militar de Goi\u00e1s (CEPMGs), para o ano letivo de 2026. Inscri\u00e7\u00f5es para processo seletivo dos col\u00e9gios militares estaduaisAs inscri\u00e7\u00f5es para o [&hellip;]","og_url":"https:\/\/www.radiomanchester.com.br\/fm\/colegios-militares-estaduais-abrem-inscricoes-para-processo-seletivo-2026\/","og_site_name":"Manchester FM 93,3","article_published_time":"2025-10-09T10:00:00+00:00","article_modified_time":"2025-10-09T01:26:52+00:00","twitter_card":"summary_large_image","twitter_misc":{"Escrito por":"admin","Est. tempo de leitura":"2 minutos"},"schema":{"@context":"https:\/\/schema.org","@graph":[{"@type":"WebSite","@id":"https:\/\/www.radiomanchester.com.br\/fm\/#website","url":"https:\/\/www.radiomanchester.com.br\/fm\/","name":"Manchester FM 93,3","description":"Todo Mundo Ouve!","potentialAction":[{"@type":"SearchAction","target":{"@type":"EntryPoint","urlTemplate":"https:\/\/www.radiomanchester.com.br\/fm\/?s={search_term_string}"},"query-input":"required name=search_term_string"}],"inLanguage":"pt-BR"},{"@type":"WebPage","@id":"https:\/\/www.radiomanchester.com.br\/fm\/colegios-militares-estaduais-abrem-inscricoes-para-processo-seletivo-2026\/#webpage","url":"https:\/\/www.radiomanchester.com.br\/fm\/colegios-militares-estaduais-abrem-inscricoes-para-processo-seletivo-2026\/","name":"Col\u00e9gios militares estaduais abrem inscri\u00e7\u00f5es para processo seletivo 2026 - Manchester FM 93,3","isPartOf":{"@id":"https:\/\/www.radiomanchester.com.br\/fm\/#website"},"datePublished":"2025-10-09T10:00:00+00:00","dateModified":"2025-10-09T01:26:52+00:00","author":{"@id":"https:\/\/www.radiomanchester.com.br\/fm\/#\/schema\/person\/408a7b4d4e32cbebd90e2782852abca3"},"breadcrumb":{"@id":"https:\/\/www.radiomanchester.com.br\/fm\/colegios-militares-estaduais-abrem-inscricoes-para-processo-seletivo-2026\/#breadcrumb"},"inLanguage":"pt-BR","potentialAction":[{"@type":"ReadAction","target":["https:\/\/www.radiomanchester.com.br\/fm\/colegios-militares-estaduais-abrem-inscricoes-para-processo-seletivo-2026\/"]}]},{"@type":"BreadcrumbList","@id":"https:\/\/www.radiomanchester.com.br\/fm\/colegios-militares-estaduais-abrem-inscricoes-para-processo-seletivo-2026\/#breadcrumb","itemListElement":[{"@type":"ListItem","position":1,"name":"Home","item":"https:\/\/www.radiomanchester.com.br\/fm\/"},{"@type":"ListItem","position":2,"name":"Col\u00e9gios militares estaduais abrem inscri\u00e7\u00f5es para processo seletivo 2026"}]},{"@type":"Person","@id":"https:\/\/www.radiomanchester.com.br\/fm\/#\/schema\/person\/408a7b4d4e32cbebd90e2782852abca3","name":"admin","image":{"@type":"ImageObject","@id":"https:\/\/www.radiomanchester.com.br\/fm\/#personlogo","inLanguage":"pt-BR","url":"https:\/\/secure.gravatar.com\/avatar\/115a974dba3376872eb3addeb276301c?s=96&d=mm&r=g","contentUrl":"https:\/\/secure.gravatar.com\/avatar\/115a974dba3376872eb3addeb276301c?s=96&d=mm&r=g","caption":"admin"},"url":"https:\/\/www.radiomanchester.com.br\/fm\/author\/admin\/"}]}},"_links":{"self":[{"href":"https:\/\/www.radiomanchester.com.br\/fm\/wp-json\/wp\/v2\/posts\/16675"}],"collection":[{"href":"https:\/\/www.radiomanchester.com.br\/fm\/wp-json\/wp\/v2\/posts"}],"about":[{"href":"https:\/\/www.radiomanchester.com.br\/fm\/wp-json\/wp\/v2\/types\/post"}],"author":[{"embeddable":true,"href":"https:\/\/www.radiomanchester.com.br\/fm\/wp-json\/wp\/v2\/users\/1"}],"replies":[{"embeddable":true,"href":"https:\/\/www.radiomanchester.com.br\/fm\/wp-json\/wp\/v2\/comments?post=16675"}],"version-history":[{"count":1,"href":"https:\/\/www.radiomanchester.com.br\/fm\/wp-json\/wp\/v2\/posts\/16675\/revisions"}],"predecessor-version":[{"id":16676,"href":"https:\/\/www.radiomanchester.com.br\/fm\/wp-json\/wp\/v2\/posts\/16675\/revisions\/16676"}],"wp:attachment":[{"href":"https:\/\/www.radiomanchester.com.br\/fm\/wp-json\/wp\/v2\/media?parent=16675"}],"wp:term":[{"taxonomy":"category","embeddable":true,"href":"https:\/\/www.radiomanchester.com.br\/fm\/wp-json\/wp\/v2\/categories?post=16675"},{"taxonomy":"post_tag","embeddable":true,"href":"https:\/\/www.radiomanchester.com.br\/fm\/wp-json\/wp\/v2\/tags?post=16675"}],"curies":[{"name":"wp","href":"https:\/\/api.w.org\/{rel}","templated":true}]}}