{"id":16677,"date":"2025-10-10T18:39:35","date_gmt":"2025-10-10T21:39:35","guid":{"rendered":"https:\/\/www.radiomanchester.com.br\/fm\/?p=16677"},"modified":"2025-10-10T18:39:36","modified_gmt":"2025-10-10T21:39:36","slug":"procon-anapolis-divulga-pesquisa-de-precos-para-o-dia-das-criancas","status":"publish","type":"post","link":"https:\/\/www.radiomanchester.com.br\/fm\/procon-anapolis-divulga-pesquisa-de-precos-para-o-dia-das-criancas\/","title":{"rendered":"Procon An\u00e1polis divulga pesquisa de pre\u00e7os para o Dia das Crian\u00e7as"},"content":{"rendered":"\n<p>O Procon An\u00e1polis realizou uma pesquisa comparativa de pre\u00e7os entre os dias 29 de setembro e 6 de outubro, com foco no Dia das Crian\u00e7as. O levantamento foi feito em cinco estabelecimentos comerciais de diferentes regi\u00f5es da cidade e incluiu 22 itens. A iniciativa tem como objetivo auxiliar os consumidores a fazerem escolhas mais conscientes e econ\u00f4micas na hora da compra.<\/p>\n\n\n\n<p>Os estabelecimentos visitados foram: Happy Kids, Carrefour, Ri-Happy, Brinque Veste e Sky Toys.<\/p>\n\n\n\n<p>Principais varia\u00e7\u00f5es de pre\u00e7os:<\/p>\n\n\n\n<p>Disney Princesa B\u00e1sica<br>Maior Pre\u00e7o: R$ 144,99 &#8211; Sky Toys<br>Menor Pre\u00e7o: R$ 29,99 \u2013 Carrefour<br>Varia\u00e7\u00e3o: 383%<\/p>\n\n\n\n<p>Barbie Fashonista<br>Maior Pre\u00e7o: R$ 99,99 \u2013 Ri Happy<br>Menor Pre\u00e7o: R$ 29,40 &#8211; Carrefour<br>Varia\u00e7\u00e3o: 240%<\/p>\n\n\n\n<p>Barbie Dreamatopia &#8211; Sereia<br>Maior Pre\u00e7o: R$ 109,99 \u2013 Brinque Veste<br>Menor Pre\u00e7o: R$ 49,99 &#8211; Carrefour<br>Varia\u00e7\u00e3o: 120%<\/p>\n\n\n\n<p>Triciclo Velocita com empurrador<br>Maior Pre\u00e7o: R$ 299,99 \u2013 Brinque Veste<br>Menor Pre\u00e7o: R$ 140,00 &#8211; Carrefour<br>Varia\u00e7\u00e3o: 114%<\/p>\n\n\n\n<p>Barbie Bailarina<br>Maior Pre\u00e7o: R$ 69,99 \u2013 Sky Toys<br>Menor Pre\u00e7o: R$ 34,99 &#8211; Carrefour<br>Varia\u00e7\u00e3o: 100%<\/p>\n\n\n\n<p>Al\u00e9m da import\u00e2ncia da pesquisa de pre\u00e7os para garantir economia, o Procon destaca a obrigatoriedade da nota fiscal, que assegura os direitos do consumidor em qualquer transa\u00e7\u00e3o.<\/p>\n\n\n\n<p>O \u00f3rg\u00e3o tamb\u00e9m destaca a aten\u00e7\u00e3o que deve ser dada aos produtos destinados ao p\u00fablico infantil, principalmente brinquedos, que precisam conter informa\u00e7\u00f5es claras sobre faixa et\u00e1ria, instru\u00e7\u00f5es de uso e o selo de seguran\u00e7a do Inmetro, garantindo a qualidade e seguran\u00e7a dos itens adquiridos.<\/p>\n\n\n\n<p>Para fortalecer a defesa do consumidor, o Procon An\u00e1polis disponibiliza canais oficiais para den\u00fancias e reclama\u00e7\u00f5es, facilitando o acesso da popula\u00e7\u00e3o a uma resposta r\u00e1pida e eficaz diante de pr\u00e1ticas abusivas. Os contatos para registro de den\u00fancias s\u00e3o o Zap da Prefeitura (62) 9 8551-6888 e o telefone institucional do Procon (62)\u00a09\u00a08551-8185.<\/p>\n\n\n\n<div class=\"wp-block-file\"><object class=\"wp-block-file__embed\" data=\"https:\/\/www.radiomanchester.com.br\/fm\/wp-content\/uploads\/2025\/10\/plan-e-rel.pdf\" type=\"application\/pdf\" style=\"width:100%;height:600px\" aria-label=\"Incorporado de plan-e-rel.\"><\/object><a id=\"wp-block-file--media-dafc341b-7b30-4122-a8c0-bd4208729f0f\" href=\"https:\/\/www.radiomanchester.com.br\/fm\/wp-content\/uploads\/2025\/10\/plan-e-rel.pdf\">plan-e-rel<\/a><a href=\"https:\/\/www.radiomanchester.com.br\/fm\/wp-content\/uploads\/2025\/10\/plan-e-rel.pdf\" class=\"wp-block-file__button\" download aria-describedby=\"wp-block-file--media-dafc341b-7b30-4122-a8c0-bd4208729f0f\">Baixar<\/a><\/div>\n","protected":false},"excerpt":{"rendered":"<p class=\"excerpt\">O Procon An\u00e1polis realizou uma pesquisa comparativa de pre\u00e7os entre os dias 29 de setembro e 6 de outubro, com foco no Dia das Crian\u00e7as. O levantamento foi feito em cinco estabelecimentos comerciais de diferentes regi\u00f5es da cidade e incluiu 22 itens. A iniciativa tem como objetivo auxiliar os consumidores a fazerem escolhas mais conscientes [&hellip;]<\/p>\n","protected":false},"author":1,"featured_media":0,"comment_status":"open","ping_status":"open","sticky":false,"template":"","format":"standard","meta":[],"categories":[8,17],"tags":[22,24,113,83,92],"yoast_head":"<!-- This site is optimized with the Yoast SEO plugin v18.3 - https:\/\/yoast.com\/wordpress\/plugins\/seo\/ -->\n<title>Procon An\u00e1polis divulga pesquisa de pre\u00e7os para o Dia das Crian\u00e7as - Manchester FM 93,3<\/title>\n<meta name=\"robots\" content=\"index, follow, max-snippet:-1, max-image-preview:large, max-video-preview:-1\" \/>\n<link rel=\"canonical\" href=\"https:\/\/www.radiomanchester.com.br\/fm\/procon-anapolis-divulga-pesquisa-de-precos-para-o-dia-das-criancas\/\" \/>\n<meta property=\"og:locale\" content=\"pt_BR\" \/>\n<meta property=\"og:type\" content=\"article\" \/>\n<meta property=\"og:title\" content=\"Procon An\u00e1polis divulga pesquisa de pre\u00e7os para o Dia das Crian\u00e7as - Manchester FM 93,3\" \/>\n<meta property=\"og:description\" content=\"O Procon An\u00e1polis realizou uma pesquisa comparativa de pre\u00e7os entre os dias 29 de setembro e 6 de outubro, com foco no Dia das Crian\u00e7as. O levantamento foi feito em cinco estabelecimentos comerciais de diferentes regi\u00f5es da cidade e incluiu 22 itens. A iniciativa tem como objetivo auxiliar os consumidores a fazerem escolhas mais conscientes [&hellip;]\" \/>\n<meta property=\"og:url\" content=\"https:\/\/www.radiomanchester.com.br\/fm\/procon-anapolis-divulga-pesquisa-de-precos-para-o-dia-das-criancas\/\" \/>\n<meta property=\"og:site_name\" content=\"Manchester FM 93,3\" \/>\n<meta property=\"article:published_time\" content=\"2025-10-10T21:39:35+00:00\" \/>\n<meta property=\"article:modified_time\" content=\"2025-10-10T21:39:36+00:00\" \/>\n<meta name=\"twitter:card\" content=\"summary_large_image\" \/>\n<meta name=\"twitter:label1\" content=\"Escrito por\" \/>\n\t<meta name=\"twitter:data1\" content=\"admin\" \/>\n\t<meta name=\"twitter:label2\" content=\"Est. tempo de leitura\" \/>\n\t<meta name=\"twitter:data2\" content=\"2 minutos\" \/>\n<script type=\"application\/ld+json\" class=\"yoast-schema-graph\">{\"@context\":\"https:\/\/schema.org\",\"@graph\":[{\"@type\":\"WebSite\",\"@id\":\"https:\/\/www.radiomanchester.com.br\/fm\/#website\",\"url\":\"https:\/\/www.radiomanchester.com.br\/fm\/\",\"name\":\"Manchester FM 93,3\",\"description\":\"Todo Mundo Ouve!\",\"potentialAction\":[{\"@type\":\"SearchAction\",\"target\":{\"@type\":\"EntryPoint\",\"urlTemplate\":\"https:\/\/www.radiomanchester.com.br\/fm\/?s={search_term_string}\"},\"query-input\":\"required name=search_term_string\"}],\"inLanguage\":\"pt-BR\"},{\"@type\":\"WebPage\",\"@id\":\"https:\/\/www.radiomanchester.com.br\/fm\/procon-anapolis-divulga-pesquisa-de-precos-para-o-dia-das-criancas\/#webpage\",\"url\":\"https:\/\/www.radiomanchester.com.br\/fm\/procon-anapolis-divulga-pesquisa-de-precos-para-o-dia-das-criancas\/\",\"name\":\"Procon An\u00e1polis divulga pesquisa de pre\u00e7os para o Dia das Crian\u00e7as - Manchester FM 93,3\",\"isPartOf\":{\"@id\":\"https:\/\/www.radiomanchester.com.br\/fm\/#website\"},\"datePublished\":\"2025-10-10T21:39:35+00:00\",\"dateModified\":\"2025-10-10T21:39:36+00:00\",\"author\":{\"@id\":\"https:\/\/www.radiomanchester.com.br\/fm\/#\/schema\/person\/408a7b4d4e32cbebd90e2782852abca3\"},\"breadcrumb\":{\"@id\":\"https:\/\/www.radiomanchester.com.br\/fm\/procon-anapolis-divulga-pesquisa-de-precos-para-o-dia-das-criancas\/#breadcrumb\"},\"inLanguage\":\"pt-BR\",\"potentialAction\":[{\"@type\":\"ReadAction\",\"target\":[\"https:\/\/www.radiomanchester.com.br\/fm\/procon-anapolis-divulga-pesquisa-de-precos-para-o-dia-das-criancas\/\"]}]},{\"@type\":\"BreadcrumbList\",\"@id\":\"https:\/\/www.radiomanchester.com.br\/fm\/procon-anapolis-divulga-pesquisa-de-precos-para-o-dia-das-criancas\/#breadcrumb\",\"itemListElement\":[{\"@type\":\"ListItem\",\"position\":1,\"name\":\"Home\",\"item\":\"https:\/\/www.radiomanchester.com.br\/fm\/\"},{\"@type\":\"ListItem\",\"position\":2,\"name\":\"Procon An\u00e1polis divulga pesquisa de pre\u00e7os para o Dia das Crian\u00e7as\"}]},{\"@type\":\"Person\",\"@id\":\"https:\/\/www.radiomanchester.com.br\/fm\/#\/schema\/person\/408a7b4d4e32cbebd90e2782852abca3\",\"name\":\"admin\",\"image\":{\"@type\":\"ImageObject\",\"@id\":\"https:\/\/www.radiomanchester.com.br\/fm\/#personlogo\",\"inLanguage\":\"pt-BR\",\"url\":\"https:\/\/secure.gravatar.com\/avatar\/115a974dba3376872eb3addeb276301c?s=96&d=mm&r=g\",\"contentUrl\":\"https:\/\/secure.gravatar.com\/avatar\/115a974dba3376872eb3addeb276301c?s=96&d=mm&r=g\",\"caption\":\"admin\"},\"url\":\"https:\/\/www.radiomanchester.com.br\/fm\/author\/admin\/\"}]}<\/script>\n<!-- \/ Yoast SEO plugin. -->","yoast_head_json":{"title":"Procon An\u00e1polis divulga pesquisa de pre\u00e7os para o Dia das Crian\u00e7as - Manchester FM 93,3","robots":{"index":"index","follow":"follow","max-snippet":"max-snippet:-1","max-image-preview":"max-image-preview:large","max-video-preview":"max-video-preview:-1"},"canonical":"https:\/\/www.radiomanchester.com.br\/fm\/procon-anapolis-divulga-pesquisa-de-precos-para-o-dia-das-criancas\/","og_locale":"pt_BR","og_type":"article","og_title":"Procon An\u00e1polis divulga pesquisa de pre\u00e7os para o Dia das Crian\u00e7as - Manchester FM 93,3","og_description":"O Procon An\u00e1polis realizou uma pesquisa comparativa de pre\u00e7os entre os dias 29 de setembro e 6 de outubro, com foco no Dia das Crian\u00e7as. O levantamento foi feito em cinco estabelecimentos comerciais de diferentes regi\u00f5es da cidade e incluiu 22 itens. A iniciativa tem como objetivo auxiliar os consumidores a fazerem escolhas mais conscientes [&hellip;]","og_url":"https:\/\/www.radiomanchester.com.br\/fm\/procon-anapolis-divulga-pesquisa-de-precos-para-o-dia-das-criancas\/","og_site_name":"Manchester FM 93,3","article_published_time":"2025-10-10T21:39:35+00:00","article_modified_time":"2025-10-10T21:39:36+00:00","twitter_card":"summary_large_image","twitter_misc":{"Escrito por":"admin","Est. tempo de leitura":"2 minutos"},"schema":{"@context":"https:\/\/schema.org","@graph":[{"@type":"WebSite","@id":"https:\/\/www.radiomanchester.com.br\/fm\/#website","url":"https:\/\/www.radiomanchester.com.br\/fm\/","name":"Manchester FM 93,3","description":"Todo Mundo Ouve!","potentialAction":[{"@type":"SearchAction","target":{"@type":"EntryPoint","urlTemplate":"https:\/\/www.radiomanchester.com.br\/fm\/?s={search_term_string}"},"query-input":"required name=search_term_string"}],"inLanguage":"pt-BR"},{"@type":"WebPage","@id":"https:\/\/www.radiomanchester.com.br\/fm\/procon-anapolis-divulga-pesquisa-de-precos-para-o-dia-das-criancas\/#webpage","url":"https:\/\/www.radiomanchester.com.br\/fm\/procon-anapolis-divulga-pesquisa-de-precos-para-o-dia-das-criancas\/","name":"Procon An\u00e1polis divulga pesquisa de pre\u00e7os para o Dia das Crian\u00e7as - Manchester FM 93,3","isPartOf":{"@id":"https:\/\/www.radiomanchester.com.br\/fm\/#website"},"datePublished":"2025-10-10T21:39:35+00:00","dateModified":"2025-10-10T21:39:36+00:00","author":{"@id":"https:\/\/www.radiomanchester.com.br\/fm\/#\/schema\/person\/408a7b4d4e32cbebd90e2782852abca3"},"breadcrumb":{"@id":"https:\/\/www.radiomanchester.com.br\/fm\/procon-anapolis-divulga-pesquisa-de-precos-para-o-dia-das-criancas\/#breadcrumb"},"inLanguage":"pt-BR","potentialAction":[{"@type":"ReadAction","target":["https:\/\/www.radiomanchester.com.br\/fm\/procon-anapolis-divulga-pesquisa-de-precos-para-o-dia-das-criancas\/"]}]},{"@type":"BreadcrumbList","@id":"https:\/\/www.radiomanchester.com.br\/fm\/procon-anapolis-divulga-pesquisa-de-precos-para-o-dia-das-criancas\/#breadcrumb","itemListElement":[{"@type":"ListItem","position":1,"name":"Home","item":"https:\/\/www.radiomanchester.com.br\/fm\/"},{"@type":"ListItem","position":2,"name":"Procon An\u00e1polis divulga pesquisa de pre\u00e7os para o Dia das Crian\u00e7as"}]},{"@type":"Person","@id":"https:\/\/www.radiomanchester.com.br\/fm\/#\/schema\/person\/408a7b4d4e32cbebd90e2782852abca3","name":"admin","image":{"@type":"ImageObject","@id":"https:\/\/www.radiomanchester.com.br\/fm\/#personlogo","inLanguage":"pt-BR","url":"https:\/\/secure.gravatar.com\/avatar\/115a974dba3376872eb3addeb276301c?s=96&d=mm&r=g","contentUrl":"https:\/\/secure.gravatar.com\/avatar\/115a974dba3376872eb3addeb276301c?s=96&d=mm&r=g","caption":"admin"},"url":"https:\/\/www.radiomanchester.com.br\/fm\/author\/admin\/"}]}},"_links":{"self":[{"href":"https:\/\/www.radiomanchester.com.br\/fm\/wp-json\/wp\/v2\/posts\/16677"}],"collection":[{"href":"https:\/\/www.radiomanchester.com.br\/fm\/wp-json\/wp\/v2\/posts"}],"about":[{"href":"https:\/\/www.radiomanchester.com.br\/fm\/wp-json\/wp\/v2\/types\/post"}],"author":[{"embeddable":true,"href":"https:\/\/www.radiomanchester.com.br\/fm\/wp-json\/wp\/v2\/users\/1"}],"replies":[{"embeddable":true,"href":"https:\/\/www.radiomanchester.com.br\/fm\/wp-json\/wp\/v2\/comments?post=16677"}],"version-history":[{"count":1,"href":"https:\/\/www.radiomanchester.com.br\/fm\/wp-json\/wp\/v2\/posts\/16677\/revisions"}],"predecessor-version":[{"id":16679,"href":"https:\/\/www.radiomanchester.com.br\/fm\/wp-json\/wp\/v2\/posts\/16677\/revisions\/16679"}],"wp:attachment":[{"href":"https:\/\/www.radiomanchester.com.br\/fm\/wp-json\/wp\/v2\/media?parent=16677"}],"wp:term":[{"taxonomy":"category","embeddable":true,"href":"https:\/\/www.radiomanchester.com.br\/fm\/wp-json\/wp\/v2\/categories?post=16677"},{"taxonomy":"post_tag","embeddable":true,"href":"https:\/\/www.radiomanchester.com.br\/fm\/wp-json\/wp\/v2\/tags?post=16677"}],"curies":[{"name":"wp","href":"https:\/\/api.w.org\/{rel}","templated":true}]}}