{"id":16715,"date":"2025-10-16T18:40:19","date_gmt":"2025-10-16T21:40:19","guid":{"rendered":"https:\/\/www.radiomanchester.com.br\/fm\/?p=16715"},"modified":"2025-10-16T18:40:22","modified_gmt":"2025-10-16T21:40:22","slug":"duas-pessoas-morrem-em-acidente-proximo-ao-filostro-machado","status":"publish","type":"post","link":"https:\/\/www.radiomanchester.com.br\/fm\/duas-pessoas-morrem-em-acidente-proximo-ao-filostro-machado\/","title":{"rendered":"Duas pessoas morrem em acidente pr\u00f3ximo ao Filostro Machado"},"content":{"rendered":"\n<p><\/p>\n\n\n\n<p>O acidente aconteceu na Avenida Ayrton Senna, local conhecido como baixada do Filostro, na regi\u00e3o leste da cidade. Segundo testemunhas, duas pessoas estavam numa moto, quando ao tentar desviar de um carro, o condutor da motocicleta perdeu o controle da dire\u00e7\u00e3o, houve colis\u00e3o com um poste e a moto entrou num terreno. O impacto foi forte, que mesmo ap\u00f3s os esfor\u00e7os dos socorristas, as v\u00edtimas n\u00e3o resistiram.<\/p>\n\n\n\n<p>As v\u00edtimas s\u00e3o Jander Xavier Costa de 33 anos, era o condutor da moto e Luana de Souza Santos de 18 anos, a passageira.<\/p>\n\n\n\n<p>Agentes policiais da Delegacia de Investiga\u00e7\u00e3o de Crimes de Tr\u00e2nsito foram ao local para iniciar as investiga\u00e7\u00f5es que v\u00e3o apontar a motiva\u00e7\u00e3o do acidente com resultado morte.<\/p>\n","protected":false},"excerpt":{"rendered":"<p class=\"excerpt\">O acidente aconteceu na Avenida Ayrton Senna, local conhecido como baixada do Filostro, na regi\u00e3o leste da cidade. Segundo testemunhas, duas pessoas estavam numa moto, quando ao tentar desviar de um carro, o condutor da motocicleta perdeu o controle da dire\u00e7\u00e3o, houve colis\u00e3o com um poste e a moto entrou num terreno. O impacto foi [&hellip;]<\/p>\n","protected":false},"author":1,"featured_media":0,"comment_status":"open","ping_status":"open","sticky":false,"template":"","format":"standard","meta":[],"categories":[8,17],"tags":[22,24,113,83,92],"yoast_head":"<!-- This site is optimized with the Yoast SEO plugin v18.3 - https:\/\/yoast.com\/wordpress\/plugins\/seo\/ -->\n<title>Duas pessoas morrem em acidente pr\u00f3ximo ao Filostro Machado - Manchester FM 93,3<\/title>\n<meta name=\"robots\" content=\"index, follow, max-snippet:-1, max-image-preview:large, max-video-preview:-1\" \/>\n<link rel=\"canonical\" href=\"https:\/\/www.radiomanchester.com.br\/fm\/duas-pessoas-morrem-em-acidente-proximo-ao-filostro-machado\/\" \/>\n<meta property=\"og:locale\" content=\"pt_BR\" \/>\n<meta property=\"og:type\" content=\"article\" \/>\n<meta property=\"og:title\" content=\"Duas pessoas morrem em acidente pr\u00f3ximo ao Filostro Machado - Manchester FM 93,3\" \/>\n<meta property=\"og:description\" content=\"O acidente aconteceu na Avenida Ayrton Senna, local conhecido como baixada do Filostro, na regi\u00e3o leste da cidade. Segundo testemunhas, duas pessoas estavam numa moto, quando ao tentar desviar de um carro, o condutor da motocicleta perdeu o controle da dire\u00e7\u00e3o, houve colis\u00e3o com um poste e a moto entrou num terreno. O impacto foi [&hellip;]\" \/>\n<meta property=\"og:url\" content=\"https:\/\/www.radiomanchester.com.br\/fm\/duas-pessoas-morrem-em-acidente-proximo-ao-filostro-machado\/\" \/>\n<meta property=\"og:site_name\" content=\"Manchester FM 93,3\" \/>\n<meta property=\"article:published_time\" content=\"2025-10-16T21:40:19+00:00\" \/>\n<meta property=\"article:modified_time\" content=\"2025-10-16T21:40:22+00:00\" \/>\n<meta name=\"twitter:card\" content=\"summary_large_image\" \/>\n<meta name=\"twitter:label1\" content=\"Escrito por\" \/>\n\t<meta name=\"twitter:data1\" content=\"admin\" \/>\n\t<meta name=\"twitter:label2\" content=\"Est. tempo de leitura\" \/>\n\t<meta name=\"twitter:data2\" content=\"1 minuto\" \/>\n<script type=\"application\/ld+json\" class=\"yoast-schema-graph\">{\"@context\":\"https:\/\/schema.org\",\"@graph\":[{\"@type\":\"WebSite\",\"@id\":\"https:\/\/www.radiomanchester.com.br\/fm\/#website\",\"url\":\"https:\/\/www.radiomanchester.com.br\/fm\/\",\"name\":\"Manchester FM 93,3\",\"description\":\"Todo Mundo Ouve!\",\"potentialAction\":[{\"@type\":\"SearchAction\",\"target\":{\"@type\":\"EntryPoint\",\"urlTemplate\":\"https:\/\/www.radiomanchester.com.br\/fm\/?s={search_term_string}\"},\"query-input\":\"required name=search_term_string\"}],\"inLanguage\":\"pt-BR\"},{\"@type\":\"WebPage\",\"@id\":\"https:\/\/www.radiomanchester.com.br\/fm\/duas-pessoas-morrem-em-acidente-proximo-ao-filostro-machado\/#webpage\",\"url\":\"https:\/\/www.radiomanchester.com.br\/fm\/duas-pessoas-morrem-em-acidente-proximo-ao-filostro-machado\/\",\"name\":\"Duas pessoas morrem em acidente pr\u00f3ximo ao Filostro Machado - Manchester FM 93,3\",\"isPartOf\":{\"@id\":\"https:\/\/www.radiomanchester.com.br\/fm\/#website\"},\"datePublished\":\"2025-10-16T21:40:19+00:00\",\"dateModified\":\"2025-10-16T21:40:22+00:00\",\"author\":{\"@id\":\"https:\/\/www.radiomanchester.com.br\/fm\/#\/schema\/person\/408a7b4d4e32cbebd90e2782852abca3\"},\"breadcrumb\":{\"@id\":\"https:\/\/www.radiomanchester.com.br\/fm\/duas-pessoas-morrem-em-acidente-proximo-ao-filostro-machado\/#breadcrumb\"},\"inLanguage\":\"pt-BR\",\"potentialAction\":[{\"@type\":\"ReadAction\",\"target\":[\"https:\/\/www.radiomanchester.com.br\/fm\/duas-pessoas-morrem-em-acidente-proximo-ao-filostro-machado\/\"]}]},{\"@type\":\"BreadcrumbList\",\"@id\":\"https:\/\/www.radiomanchester.com.br\/fm\/duas-pessoas-morrem-em-acidente-proximo-ao-filostro-machado\/#breadcrumb\",\"itemListElement\":[{\"@type\":\"ListItem\",\"position\":1,\"name\":\"Home\",\"item\":\"https:\/\/www.radiomanchester.com.br\/fm\/\"},{\"@type\":\"ListItem\",\"position\":2,\"name\":\"Duas pessoas morrem em acidente pr\u00f3ximo ao Filostro Machado\"}]},{\"@type\":\"Person\",\"@id\":\"https:\/\/www.radiomanchester.com.br\/fm\/#\/schema\/person\/408a7b4d4e32cbebd90e2782852abca3\",\"name\":\"admin\",\"image\":{\"@type\":\"ImageObject\",\"@id\":\"https:\/\/www.radiomanchester.com.br\/fm\/#personlogo\",\"inLanguage\":\"pt-BR\",\"url\":\"https:\/\/secure.gravatar.com\/avatar\/115a974dba3376872eb3addeb276301c?s=96&d=mm&r=g\",\"contentUrl\":\"https:\/\/secure.gravatar.com\/avatar\/115a974dba3376872eb3addeb276301c?s=96&d=mm&r=g\",\"caption\":\"admin\"},\"url\":\"https:\/\/www.radiomanchester.com.br\/fm\/author\/admin\/\"}]}<\/script>\n<!-- \/ Yoast SEO plugin. -->","yoast_head_json":{"title":"Duas pessoas morrem em acidente pr\u00f3ximo ao Filostro Machado - Manchester FM 93,3","robots":{"index":"index","follow":"follow","max-snippet":"max-snippet:-1","max-image-preview":"max-image-preview:large","max-video-preview":"max-video-preview:-1"},"canonical":"https:\/\/www.radiomanchester.com.br\/fm\/duas-pessoas-morrem-em-acidente-proximo-ao-filostro-machado\/","og_locale":"pt_BR","og_type":"article","og_title":"Duas pessoas morrem em acidente pr\u00f3ximo ao Filostro Machado - Manchester FM 93,3","og_description":"O acidente aconteceu na Avenida Ayrton Senna, local conhecido como baixada do Filostro, na regi\u00e3o leste da cidade. Segundo testemunhas, duas pessoas estavam numa moto, quando ao tentar desviar de um carro, o condutor da motocicleta perdeu o controle da dire\u00e7\u00e3o, houve colis\u00e3o com um poste e a moto entrou num terreno. O impacto foi [&hellip;]","og_url":"https:\/\/www.radiomanchester.com.br\/fm\/duas-pessoas-morrem-em-acidente-proximo-ao-filostro-machado\/","og_site_name":"Manchester FM 93,3","article_published_time":"2025-10-16T21:40:19+00:00","article_modified_time":"2025-10-16T21:40:22+00:00","twitter_card":"summary_large_image","twitter_misc":{"Escrito por":"admin","Est. tempo de leitura":"1 minuto"},"schema":{"@context":"https:\/\/schema.org","@graph":[{"@type":"WebSite","@id":"https:\/\/www.radiomanchester.com.br\/fm\/#website","url":"https:\/\/www.radiomanchester.com.br\/fm\/","name":"Manchester FM 93,3","description":"Todo Mundo Ouve!","potentialAction":[{"@type":"SearchAction","target":{"@type":"EntryPoint","urlTemplate":"https:\/\/www.radiomanchester.com.br\/fm\/?s={search_term_string}"},"query-input":"required name=search_term_string"}],"inLanguage":"pt-BR"},{"@type":"WebPage","@id":"https:\/\/www.radiomanchester.com.br\/fm\/duas-pessoas-morrem-em-acidente-proximo-ao-filostro-machado\/#webpage","url":"https:\/\/www.radiomanchester.com.br\/fm\/duas-pessoas-morrem-em-acidente-proximo-ao-filostro-machado\/","name":"Duas pessoas morrem em acidente pr\u00f3ximo ao Filostro Machado - Manchester FM 93,3","isPartOf":{"@id":"https:\/\/www.radiomanchester.com.br\/fm\/#website"},"datePublished":"2025-10-16T21:40:19+00:00","dateModified":"2025-10-16T21:40:22+00:00","author":{"@id":"https:\/\/www.radiomanchester.com.br\/fm\/#\/schema\/person\/408a7b4d4e32cbebd90e2782852abca3"},"breadcrumb":{"@id":"https:\/\/www.radiomanchester.com.br\/fm\/duas-pessoas-morrem-em-acidente-proximo-ao-filostro-machado\/#breadcrumb"},"inLanguage":"pt-BR","potentialAction":[{"@type":"ReadAction","target":["https:\/\/www.radiomanchester.com.br\/fm\/duas-pessoas-morrem-em-acidente-proximo-ao-filostro-machado\/"]}]},{"@type":"BreadcrumbList","@id":"https:\/\/www.radiomanchester.com.br\/fm\/duas-pessoas-morrem-em-acidente-proximo-ao-filostro-machado\/#breadcrumb","itemListElement":[{"@type":"ListItem","position":1,"name":"Home","item":"https:\/\/www.radiomanchester.com.br\/fm\/"},{"@type":"ListItem","position":2,"name":"Duas pessoas morrem em acidente pr\u00f3ximo ao Filostro Machado"}]},{"@type":"Person","@id":"https:\/\/www.radiomanchester.com.br\/fm\/#\/schema\/person\/408a7b4d4e32cbebd90e2782852abca3","name":"admin","image":{"@type":"ImageObject","@id":"https:\/\/www.radiomanchester.com.br\/fm\/#personlogo","inLanguage":"pt-BR","url":"https:\/\/secure.gravatar.com\/avatar\/115a974dba3376872eb3addeb276301c?s=96&d=mm&r=g","contentUrl":"https:\/\/secure.gravatar.com\/avatar\/115a974dba3376872eb3addeb276301c?s=96&d=mm&r=g","caption":"admin"},"url":"https:\/\/www.radiomanchester.com.br\/fm\/author\/admin\/"}]}},"_links":{"self":[{"href":"https:\/\/www.radiomanchester.com.br\/fm\/wp-json\/wp\/v2\/posts\/16715"}],"collection":[{"href":"https:\/\/www.radiomanchester.com.br\/fm\/wp-json\/wp\/v2\/posts"}],"about":[{"href":"https:\/\/www.radiomanchester.com.br\/fm\/wp-json\/wp\/v2\/types\/post"}],"author":[{"embeddable":true,"href":"https:\/\/www.radiomanchester.com.br\/fm\/wp-json\/wp\/v2\/users\/1"}],"replies":[{"embeddable":true,"href":"https:\/\/www.radiomanchester.com.br\/fm\/wp-json\/wp\/v2\/comments?post=16715"}],"version-history":[{"count":1,"href":"https:\/\/www.radiomanchester.com.br\/fm\/wp-json\/wp\/v2\/posts\/16715\/revisions"}],"predecessor-version":[{"id":16716,"href":"https:\/\/www.radiomanchester.com.br\/fm\/wp-json\/wp\/v2\/posts\/16715\/revisions\/16716"}],"wp:attachment":[{"href":"https:\/\/www.radiomanchester.com.br\/fm\/wp-json\/wp\/v2\/media?parent=16715"}],"wp:term":[{"taxonomy":"category","embeddable":true,"href":"https:\/\/www.radiomanchester.com.br\/fm\/wp-json\/wp\/v2\/categories?post=16715"},{"taxonomy":"post_tag","embeddable":true,"href":"https:\/\/www.radiomanchester.com.br\/fm\/wp-json\/wp\/v2\/tags?post=16715"}],"curies":[{"name":"wp","href":"https:\/\/api.w.org\/{rel}","templated":true}]}}