{"id":16720,"date":"2025-10-17T07:00:00","date_gmt":"2025-10-17T10:00:00","guid":{"rendered":"https:\/\/www.radiomanchester.com.br\/fm\/?p=16720"},"modified":"2025-10-16T20:09:38","modified_gmt":"2025-10-16T23:09:38","slug":"dia-d-de-multivacinacao-sera-realizado-no-parque-ipiranga-e-em-outros-36-pontos-de-anapolis","status":"publish","type":"post","link":"https:\/\/www.radiomanchester.com.br\/fm\/dia-d-de-multivacinacao-sera-realizado-no-parque-ipiranga-e-em-outros-36-pontos-de-anapolis\/","title":{"rendered":"Dia D de Multivacina\u00e7\u00e3o ser\u00e1 realizado no Parque Ipiranga e em outros 36 pontos de An\u00e1polis"},"content":{"rendered":"\n<p><\/p>\n\n\n\n<p>Os anapolinos poder\u00e3o atualizar a caderneta de vacina\u00e7\u00e3o no Dia D de Multivacina\u00e7\u00e3o, que acontece neste s\u00e1bado (18\/10), em todas as Unidades de Sa\u00fade da Fam\u00edlia (USFs) e em pontos estrat\u00e9gicos da cidade.<\/p>\n\n\n\n<p>A a\u00e7\u00e3o faz parte de uma campanha nacional que tem como objetivo atualizar a caderneta de vacina\u00e7\u00e3o e oferecer diversas vacinas para toda a popula\u00e7\u00e3o.<\/p>\n\n\n\n<p>Nas USFs dos bairros, as vacinas estar\u00e3o dispon\u00edveis das 8h \u00e0s 16h. A atualiza\u00e7\u00e3o dos imunizantes tamb\u00e9m poder\u00e1 ser feita das 8h \u00e0s 17h no Anashopping (t\u00e9rreo), no Parque Ipiranga (van da vacina) e na Faculdade Fama.<\/p>\n\n\n\n<p>De acordo com a gerente de Imuniza\u00e7\u00e3o, Polyana Benfica, a a\u00e7\u00e3o acontecer\u00e1 em toda a cidade, possibilitando que a popula\u00e7\u00e3o tenha acesso \u00e0 vacina\u00e7\u00e3o em diversas regi\u00f5es.<\/p>\n\n\n\n<p>\u201cRealizar essa campanha no s\u00e1bado beneficia as pessoas que t\u00eam uma rotina corrida e n\u00e3o conseguem atualizar as vacinas durante a semana. Neste ano, uma novidade s\u00e3o os pontos estrat\u00e9gicos al\u00e9m das Unidades de Sa\u00fade da Fam\u00edlia, o que possibilita uma maior cobertura vacinal\u201d, destacou.<\/p>\n\n\n\n<p>O Dia D de Multivacina\u00e7\u00e3o disponibilizar\u00e1 diversos tipos de vacinas das 8h \u00e0s 16h, nas seguintes USFs:<\/p>\n\n\n\n<p>Abadia Lopes; Adriana Parque; Anexo Itamaraty; Arco \u00cdris; Arco Verde; Bairro de Lourdes; Bandeiras; Calixt\u00f3polis; Ch\u00e1cara S\u00e3o Pedro; Filostro Machado; Goial\u00e2ndia e Joan\u00e1polis; Interl\u00e2ndia; Jardim Esperan\u00e7a; Jardim Guanabara; Jardim Su\u00ed\u00e7a; JK; Jo\u00e3o Luiz de Oliveira; Munir Calixto; Parque das Primaveras; Parque Iracema; Recanto do Sol; Santa Maria; Santo Ant\u00f4nio; Santos Dumont; S\u00e3o Carlos; S\u00e3o Jos\u00e9; S\u00e3o Louren\u00e7o; S\u00e3o Vicente; Souz\u00e2nia; Tropical; Vila Formosa; Vila Fabril; Vila Uni\u00e3o; Vivian Parque.<\/p>\n\n\n\n<p>No mesmo dia, das 8h \u00e0s 17h, as vacinas estar\u00e3o dispon\u00edveis nos seguintes pontos estrat\u00e9gicos:<\/p>\n\n\n\n<p>-Anashopping (t\u00e9rreo);<br>-Parque Ipiranga (van da vacina);<br>-Faculdade&nbsp;Fama.<\/p>\n","protected":false},"excerpt":{"rendered":"<p class=\"excerpt\">Os anapolinos poder\u00e3o atualizar a caderneta de vacina\u00e7\u00e3o no Dia D de Multivacina\u00e7\u00e3o, que acontece neste s\u00e1bado (18\/10), em todas as Unidades de Sa\u00fade da Fam\u00edlia (USFs) e em pontos estrat\u00e9gicos da cidade. A a\u00e7\u00e3o faz parte de uma campanha nacional que tem como objetivo atualizar a caderneta de vacina\u00e7\u00e3o e oferecer diversas vacinas para [&hellip;]<\/p>\n","protected":false},"author":1,"featured_media":0,"comment_status":"open","ping_status":"open","sticky":false,"template":"","format":"standard","meta":[],"categories":[8,17],"tags":[22,24,113,83,129,92],"yoast_head":"<!-- This site is optimized with the Yoast SEO plugin v18.3 - https:\/\/yoast.com\/wordpress\/plugins\/seo\/ -->\n<title>Dia D de Multivacina\u00e7\u00e3o ser\u00e1 realizado no Parque Ipiranga e em outros 36 pontos de An\u00e1polis - Manchester FM 93,3<\/title>\n<meta name=\"robots\" content=\"index, follow, max-snippet:-1, max-image-preview:large, max-video-preview:-1\" \/>\n<link rel=\"canonical\" href=\"https:\/\/www.radiomanchester.com.br\/fm\/dia-d-de-multivacinacao-sera-realizado-no-parque-ipiranga-e-em-outros-36-pontos-de-anapolis\/\" \/>\n<meta property=\"og:locale\" content=\"pt_BR\" \/>\n<meta property=\"og:type\" content=\"article\" \/>\n<meta property=\"og:title\" content=\"Dia D de Multivacina\u00e7\u00e3o ser\u00e1 realizado no Parque Ipiranga e em outros 36 pontos de An\u00e1polis - Manchester FM 93,3\" \/>\n<meta property=\"og:description\" content=\"Os anapolinos poder\u00e3o atualizar a caderneta de vacina\u00e7\u00e3o no Dia D de Multivacina\u00e7\u00e3o, que acontece neste s\u00e1bado (18\/10), em todas as Unidades de Sa\u00fade da Fam\u00edlia (USFs) e em pontos estrat\u00e9gicos da cidade. A a\u00e7\u00e3o faz parte de uma campanha nacional que tem como objetivo atualizar a caderneta de vacina\u00e7\u00e3o e oferecer diversas vacinas para [&hellip;]\" \/>\n<meta property=\"og:url\" content=\"https:\/\/www.radiomanchester.com.br\/fm\/dia-d-de-multivacinacao-sera-realizado-no-parque-ipiranga-e-em-outros-36-pontos-de-anapolis\/\" \/>\n<meta property=\"og:site_name\" content=\"Manchester FM 93,3\" \/>\n<meta property=\"article:published_time\" content=\"2025-10-17T10:00:00+00:00\" \/>\n<meta property=\"article:modified_time\" content=\"2025-10-16T23:09:38+00:00\" \/>\n<meta name=\"twitter:card\" content=\"summary_large_image\" \/>\n<meta name=\"twitter:label1\" content=\"Escrito por\" \/>\n\t<meta name=\"twitter:data1\" content=\"admin\" \/>\n\t<meta name=\"twitter:label2\" content=\"Est. tempo de leitura\" \/>\n\t<meta name=\"twitter:data2\" content=\"2 minutos\" \/>\n<script type=\"application\/ld+json\" class=\"yoast-schema-graph\">{\"@context\":\"https:\/\/schema.org\",\"@graph\":[{\"@type\":\"WebSite\",\"@id\":\"https:\/\/www.radiomanchester.com.br\/fm\/#website\",\"url\":\"https:\/\/www.radiomanchester.com.br\/fm\/\",\"name\":\"Manchester FM 93,3\",\"description\":\"Todo Mundo Ouve!\",\"potentialAction\":[{\"@type\":\"SearchAction\",\"target\":{\"@type\":\"EntryPoint\",\"urlTemplate\":\"https:\/\/www.radiomanchester.com.br\/fm\/?s={search_term_string}\"},\"query-input\":\"required name=search_term_string\"}],\"inLanguage\":\"pt-BR\"},{\"@type\":\"WebPage\",\"@id\":\"https:\/\/www.radiomanchester.com.br\/fm\/dia-d-de-multivacinacao-sera-realizado-no-parque-ipiranga-e-em-outros-36-pontos-de-anapolis\/#webpage\",\"url\":\"https:\/\/www.radiomanchester.com.br\/fm\/dia-d-de-multivacinacao-sera-realizado-no-parque-ipiranga-e-em-outros-36-pontos-de-anapolis\/\",\"name\":\"Dia D de Multivacina\u00e7\u00e3o ser\u00e1 realizado no Parque Ipiranga e em outros 36 pontos de An\u00e1polis - Manchester FM 93,3\",\"isPartOf\":{\"@id\":\"https:\/\/www.radiomanchester.com.br\/fm\/#website\"},\"datePublished\":\"2025-10-17T10:00:00+00:00\",\"dateModified\":\"2025-10-16T23:09:38+00:00\",\"author\":{\"@id\":\"https:\/\/www.radiomanchester.com.br\/fm\/#\/schema\/person\/408a7b4d4e32cbebd90e2782852abca3\"},\"breadcrumb\":{\"@id\":\"https:\/\/www.radiomanchester.com.br\/fm\/dia-d-de-multivacinacao-sera-realizado-no-parque-ipiranga-e-em-outros-36-pontos-de-anapolis\/#breadcrumb\"},\"inLanguage\":\"pt-BR\",\"potentialAction\":[{\"@type\":\"ReadAction\",\"target\":[\"https:\/\/www.radiomanchester.com.br\/fm\/dia-d-de-multivacinacao-sera-realizado-no-parque-ipiranga-e-em-outros-36-pontos-de-anapolis\/\"]}]},{\"@type\":\"BreadcrumbList\",\"@id\":\"https:\/\/www.radiomanchester.com.br\/fm\/dia-d-de-multivacinacao-sera-realizado-no-parque-ipiranga-e-em-outros-36-pontos-de-anapolis\/#breadcrumb\",\"itemListElement\":[{\"@type\":\"ListItem\",\"position\":1,\"name\":\"Home\",\"item\":\"https:\/\/www.radiomanchester.com.br\/fm\/\"},{\"@type\":\"ListItem\",\"position\":2,\"name\":\"Dia D de Multivacina\u00e7\u00e3o ser\u00e1 realizado no Parque Ipiranga e em outros 36 pontos de An\u00e1polis\"}]},{\"@type\":\"Person\",\"@id\":\"https:\/\/www.radiomanchester.com.br\/fm\/#\/schema\/person\/408a7b4d4e32cbebd90e2782852abca3\",\"name\":\"admin\",\"image\":{\"@type\":\"ImageObject\",\"@id\":\"https:\/\/www.radiomanchester.com.br\/fm\/#personlogo\",\"inLanguage\":\"pt-BR\",\"url\":\"https:\/\/secure.gravatar.com\/avatar\/115a974dba3376872eb3addeb276301c?s=96&d=mm&r=g\",\"contentUrl\":\"https:\/\/secure.gravatar.com\/avatar\/115a974dba3376872eb3addeb276301c?s=96&d=mm&r=g\",\"caption\":\"admin\"},\"url\":\"https:\/\/www.radiomanchester.com.br\/fm\/author\/admin\/\"}]}<\/script>\n<!-- \/ Yoast SEO plugin. -->","yoast_head_json":{"title":"Dia D de Multivacina\u00e7\u00e3o ser\u00e1 realizado no Parque Ipiranga e em outros 36 pontos de An\u00e1polis - Manchester FM 93,3","robots":{"index":"index","follow":"follow","max-snippet":"max-snippet:-1","max-image-preview":"max-image-preview:large","max-video-preview":"max-video-preview:-1"},"canonical":"https:\/\/www.radiomanchester.com.br\/fm\/dia-d-de-multivacinacao-sera-realizado-no-parque-ipiranga-e-em-outros-36-pontos-de-anapolis\/","og_locale":"pt_BR","og_type":"article","og_title":"Dia D de Multivacina\u00e7\u00e3o ser\u00e1 realizado no Parque Ipiranga e em outros 36 pontos de An\u00e1polis - Manchester FM 93,3","og_description":"Os anapolinos poder\u00e3o atualizar a caderneta de vacina\u00e7\u00e3o no Dia D de Multivacina\u00e7\u00e3o, que acontece neste s\u00e1bado (18\/10), em todas as Unidades de Sa\u00fade da Fam\u00edlia (USFs) e em pontos estrat\u00e9gicos da cidade. A a\u00e7\u00e3o faz parte de uma campanha nacional que tem como objetivo atualizar a caderneta de vacina\u00e7\u00e3o e oferecer diversas vacinas para [&hellip;]","og_url":"https:\/\/www.radiomanchester.com.br\/fm\/dia-d-de-multivacinacao-sera-realizado-no-parque-ipiranga-e-em-outros-36-pontos-de-anapolis\/","og_site_name":"Manchester FM 93,3","article_published_time":"2025-10-17T10:00:00+00:00","article_modified_time":"2025-10-16T23:09:38+00:00","twitter_card":"summary_large_image","twitter_misc":{"Escrito por":"admin","Est. tempo de leitura":"2 minutos"},"schema":{"@context":"https:\/\/schema.org","@graph":[{"@type":"WebSite","@id":"https:\/\/www.radiomanchester.com.br\/fm\/#website","url":"https:\/\/www.radiomanchester.com.br\/fm\/","name":"Manchester FM 93,3","description":"Todo Mundo Ouve!","potentialAction":[{"@type":"SearchAction","target":{"@type":"EntryPoint","urlTemplate":"https:\/\/www.radiomanchester.com.br\/fm\/?s={search_term_string}"},"query-input":"required name=search_term_string"}],"inLanguage":"pt-BR"},{"@type":"WebPage","@id":"https:\/\/www.radiomanchester.com.br\/fm\/dia-d-de-multivacinacao-sera-realizado-no-parque-ipiranga-e-em-outros-36-pontos-de-anapolis\/#webpage","url":"https:\/\/www.radiomanchester.com.br\/fm\/dia-d-de-multivacinacao-sera-realizado-no-parque-ipiranga-e-em-outros-36-pontos-de-anapolis\/","name":"Dia D de Multivacina\u00e7\u00e3o ser\u00e1 realizado no Parque Ipiranga e em outros 36 pontos de An\u00e1polis - Manchester FM 93,3","isPartOf":{"@id":"https:\/\/www.radiomanchester.com.br\/fm\/#website"},"datePublished":"2025-10-17T10:00:00+00:00","dateModified":"2025-10-16T23:09:38+00:00","author":{"@id":"https:\/\/www.radiomanchester.com.br\/fm\/#\/schema\/person\/408a7b4d4e32cbebd90e2782852abca3"},"breadcrumb":{"@id":"https:\/\/www.radiomanchester.com.br\/fm\/dia-d-de-multivacinacao-sera-realizado-no-parque-ipiranga-e-em-outros-36-pontos-de-anapolis\/#breadcrumb"},"inLanguage":"pt-BR","potentialAction":[{"@type":"ReadAction","target":["https:\/\/www.radiomanchester.com.br\/fm\/dia-d-de-multivacinacao-sera-realizado-no-parque-ipiranga-e-em-outros-36-pontos-de-anapolis\/"]}]},{"@type":"BreadcrumbList","@id":"https:\/\/www.radiomanchester.com.br\/fm\/dia-d-de-multivacinacao-sera-realizado-no-parque-ipiranga-e-em-outros-36-pontos-de-anapolis\/#breadcrumb","itemListElement":[{"@type":"ListItem","position":1,"name":"Home","item":"https:\/\/www.radiomanchester.com.br\/fm\/"},{"@type":"ListItem","position":2,"name":"Dia D de Multivacina\u00e7\u00e3o ser\u00e1 realizado no Parque Ipiranga e em outros 36 pontos de An\u00e1polis"}]},{"@type":"Person","@id":"https:\/\/www.radiomanchester.com.br\/fm\/#\/schema\/person\/408a7b4d4e32cbebd90e2782852abca3","name":"admin","image":{"@type":"ImageObject","@id":"https:\/\/www.radiomanchester.com.br\/fm\/#personlogo","inLanguage":"pt-BR","url":"https:\/\/secure.gravatar.com\/avatar\/115a974dba3376872eb3addeb276301c?s=96&d=mm&r=g","contentUrl":"https:\/\/secure.gravatar.com\/avatar\/115a974dba3376872eb3addeb276301c?s=96&d=mm&r=g","caption":"admin"},"url":"https:\/\/www.radiomanchester.com.br\/fm\/author\/admin\/"}]}},"_links":{"self":[{"href":"https:\/\/www.radiomanchester.com.br\/fm\/wp-json\/wp\/v2\/posts\/16720"}],"collection":[{"href":"https:\/\/www.radiomanchester.com.br\/fm\/wp-json\/wp\/v2\/posts"}],"about":[{"href":"https:\/\/www.radiomanchester.com.br\/fm\/wp-json\/wp\/v2\/types\/post"}],"author":[{"embeddable":true,"href":"https:\/\/www.radiomanchester.com.br\/fm\/wp-json\/wp\/v2\/users\/1"}],"replies":[{"embeddable":true,"href":"https:\/\/www.radiomanchester.com.br\/fm\/wp-json\/wp\/v2\/comments?post=16720"}],"version-history":[{"count":1,"href":"https:\/\/www.radiomanchester.com.br\/fm\/wp-json\/wp\/v2\/posts\/16720\/revisions"}],"predecessor-version":[{"id":16721,"href":"https:\/\/www.radiomanchester.com.br\/fm\/wp-json\/wp\/v2\/posts\/16720\/revisions\/16721"}],"wp:attachment":[{"href":"https:\/\/www.radiomanchester.com.br\/fm\/wp-json\/wp\/v2\/media?parent=16720"}],"wp:term":[{"taxonomy":"category","embeddable":true,"href":"https:\/\/www.radiomanchester.com.br\/fm\/wp-json\/wp\/v2\/categories?post=16720"},{"taxonomy":"post_tag","embeddable":true,"href":"https:\/\/www.radiomanchester.com.br\/fm\/wp-json\/wp\/v2\/tags?post=16720"}],"curies":[{"name":"wp","href":"https:\/\/api.w.org\/{rel}","templated":true}]}}