{"id":16743,"date":"2025-10-22T07:00:00","date_gmt":"2025-10-22T10:00:00","guid":{"rendered":"https:\/\/www.radiomanchester.com.br\/fm\/?p=16743"},"modified":"2025-10-21T19:45:32","modified_gmt":"2025-10-21T22:45:32","slug":"ministro-luiz-fux-pede-para-deixar-primeira-turma-do-supremo","status":"publish","type":"post","link":"https:\/\/www.radiomanchester.com.br\/fm\/ministro-luiz-fux-pede-para-deixar-primeira-turma-do-supremo\/","title":{"rendered":"Ministro Luiz Fux pede para deixar Primeira Turma do Supremo"},"content":{"rendered":"\n<p><em><strong>Colegiado \u00e9 respons\u00e1vel por julgar a\u00e7\u00f5es penais da trama golpista<\/strong><\/em><\/p>\n\n\n\n<hr class=\"wp-block-separator\"\/>\n\n\n\n<p>O ministro Luiz Fux, do Supremo Tribunal Federal (STF), pediu nesta ter\u00e7a-feira (21\/10) autoriza\u00e7\u00e3o para ser transferido para a Segunda Turma da Corte. Atual integrante da Primeira Turma, colegiado respons\u00e1vel pelo julgamento das a\u00e7\u00f5es penais da trama golpista, Fux enviou ao presidente da Corte, ministro Edson Fachin, um of\u00edcio demonstrando o interesse de realizar a mudan\u00e7a.<\/p>\n\n\n\n<p>A vaga na Segunda Turma foi aberta com a aposentadoria antecipada de Lu\u00eds Roberto Barroso. Se estivesse permanecido na Corte, Barroso deveria ocupar uma vaga nesse colegiado.<\/p>\n\n\n\n<p>Com a solicita\u00e7\u00e3o de Fux, a Primeira Turma poder\u00e1 ficar somente com quatro integrantes. A quinta vaga seria ocupada somente ap\u00f3s a nomea\u00e7\u00e3o de um novo ministro pelo presidente Luiz In\u00e1cio Lula da Silva para a vaga de Barroso.<\/p>\n\n\n\n<p>A Segunda Turma \u00e9 composta pelos ministros Andr\u00e9 Mendon\u00e7a, Nunes Marques, Gilmar Mendes e Dias Toffoli.<\/p>\n\n\n\n<p>porAg\u00eancia Brasil<\/p>\n","protected":false},"excerpt":{"rendered":"<p class=\"excerpt\">Colegiado \u00e9 respons\u00e1vel por julgar a\u00e7\u00f5es penais da trama golpista O ministro Luiz Fux, do Supremo Tribunal Federal (STF), pediu nesta ter\u00e7a-feira (21\/10) autoriza\u00e7\u00e3o para ser transferido para a Segunda Turma da Corte. Atual integrante da Primeira Turma, colegiado respons\u00e1vel pelo julgamento das a\u00e7\u00f5es penais da trama golpista, Fux enviou ao presidente da Corte, ministro [&hellip;]<\/p>\n","protected":false},"author":1,"featured_media":0,"comment_status":"open","ping_status":"open","sticky":false,"template":"","format":"standard","meta":[],"categories":[8,17],"tags":[22,24,113,83,92],"yoast_head":"<!-- This site is optimized with the Yoast SEO plugin v18.3 - https:\/\/yoast.com\/wordpress\/plugins\/seo\/ -->\n<title>Ministro Luiz Fux pede para deixar Primeira Turma do Supremo - Manchester FM 93,3<\/title>\n<meta name=\"robots\" content=\"index, follow, max-snippet:-1, max-image-preview:large, max-video-preview:-1\" \/>\n<link rel=\"canonical\" href=\"https:\/\/www.radiomanchester.com.br\/fm\/ministro-luiz-fux-pede-para-deixar-primeira-turma-do-supremo\/\" \/>\n<meta property=\"og:locale\" content=\"pt_BR\" \/>\n<meta property=\"og:type\" content=\"article\" \/>\n<meta property=\"og:title\" content=\"Ministro Luiz Fux pede para deixar Primeira Turma do Supremo - Manchester FM 93,3\" \/>\n<meta property=\"og:description\" content=\"Colegiado \u00e9 respons\u00e1vel por julgar a\u00e7\u00f5es penais da trama golpista O ministro Luiz Fux, do Supremo Tribunal Federal (STF), pediu nesta ter\u00e7a-feira (21\/10) autoriza\u00e7\u00e3o para ser transferido para a Segunda Turma da Corte. Atual integrante da Primeira Turma, colegiado respons\u00e1vel pelo julgamento das a\u00e7\u00f5es penais da trama golpista, Fux enviou ao presidente da Corte, ministro [&hellip;]\" \/>\n<meta property=\"og:url\" content=\"https:\/\/www.radiomanchester.com.br\/fm\/ministro-luiz-fux-pede-para-deixar-primeira-turma-do-supremo\/\" \/>\n<meta property=\"og:site_name\" content=\"Manchester FM 93,3\" \/>\n<meta property=\"article:published_time\" content=\"2025-10-22T10:00:00+00:00\" \/>\n<meta property=\"article:modified_time\" content=\"2025-10-21T22:45:32+00:00\" \/>\n<meta name=\"twitter:card\" content=\"summary_large_image\" \/>\n<meta name=\"twitter:label1\" content=\"Escrito por\" \/>\n\t<meta name=\"twitter:data1\" content=\"admin\" \/>\n\t<meta name=\"twitter:label2\" content=\"Est. tempo de leitura\" \/>\n\t<meta name=\"twitter:data2\" content=\"1 minuto\" \/>\n<script type=\"application\/ld+json\" class=\"yoast-schema-graph\">{\"@context\":\"https:\/\/schema.org\",\"@graph\":[{\"@type\":\"WebSite\",\"@id\":\"https:\/\/www.radiomanchester.com.br\/fm\/#website\",\"url\":\"https:\/\/www.radiomanchester.com.br\/fm\/\",\"name\":\"Manchester FM 93,3\",\"description\":\"Todo Mundo Ouve!\",\"potentialAction\":[{\"@type\":\"SearchAction\",\"target\":{\"@type\":\"EntryPoint\",\"urlTemplate\":\"https:\/\/www.radiomanchester.com.br\/fm\/?s={search_term_string}\"},\"query-input\":\"required name=search_term_string\"}],\"inLanguage\":\"pt-BR\"},{\"@type\":\"WebPage\",\"@id\":\"https:\/\/www.radiomanchester.com.br\/fm\/ministro-luiz-fux-pede-para-deixar-primeira-turma-do-supremo\/#webpage\",\"url\":\"https:\/\/www.radiomanchester.com.br\/fm\/ministro-luiz-fux-pede-para-deixar-primeira-turma-do-supremo\/\",\"name\":\"Ministro Luiz Fux pede para deixar Primeira Turma do Supremo - Manchester FM 93,3\",\"isPartOf\":{\"@id\":\"https:\/\/www.radiomanchester.com.br\/fm\/#website\"},\"datePublished\":\"2025-10-22T10:00:00+00:00\",\"dateModified\":\"2025-10-21T22:45:32+00:00\",\"author\":{\"@id\":\"https:\/\/www.radiomanchester.com.br\/fm\/#\/schema\/person\/408a7b4d4e32cbebd90e2782852abca3\"},\"breadcrumb\":{\"@id\":\"https:\/\/www.radiomanchester.com.br\/fm\/ministro-luiz-fux-pede-para-deixar-primeira-turma-do-supremo\/#breadcrumb\"},\"inLanguage\":\"pt-BR\",\"potentialAction\":[{\"@type\":\"ReadAction\",\"target\":[\"https:\/\/www.radiomanchester.com.br\/fm\/ministro-luiz-fux-pede-para-deixar-primeira-turma-do-supremo\/\"]}]},{\"@type\":\"BreadcrumbList\",\"@id\":\"https:\/\/www.radiomanchester.com.br\/fm\/ministro-luiz-fux-pede-para-deixar-primeira-turma-do-supremo\/#breadcrumb\",\"itemListElement\":[{\"@type\":\"ListItem\",\"position\":1,\"name\":\"Home\",\"item\":\"https:\/\/www.radiomanchester.com.br\/fm\/\"},{\"@type\":\"ListItem\",\"position\":2,\"name\":\"Ministro Luiz Fux pede para deixar Primeira Turma do Supremo\"}]},{\"@type\":\"Person\",\"@id\":\"https:\/\/www.radiomanchester.com.br\/fm\/#\/schema\/person\/408a7b4d4e32cbebd90e2782852abca3\",\"name\":\"admin\",\"image\":{\"@type\":\"ImageObject\",\"@id\":\"https:\/\/www.radiomanchester.com.br\/fm\/#personlogo\",\"inLanguage\":\"pt-BR\",\"url\":\"https:\/\/secure.gravatar.com\/avatar\/115a974dba3376872eb3addeb276301c?s=96&d=mm&r=g\",\"contentUrl\":\"https:\/\/secure.gravatar.com\/avatar\/115a974dba3376872eb3addeb276301c?s=96&d=mm&r=g\",\"caption\":\"admin\"},\"url\":\"https:\/\/www.radiomanchester.com.br\/fm\/author\/admin\/\"}]}<\/script>\n<!-- \/ Yoast SEO plugin. -->","yoast_head_json":{"title":"Ministro Luiz Fux pede para deixar Primeira Turma do Supremo - Manchester FM 93,3","robots":{"index":"index","follow":"follow","max-snippet":"max-snippet:-1","max-image-preview":"max-image-preview:large","max-video-preview":"max-video-preview:-1"},"canonical":"https:\/\/www.radiomanchester.com.br\/fm\/ministro-luiz-fux-pede-para-deixar-primeira-turma-do-supremo\/","og_locale":"pt_BR","og_type":"article","og_title":"Ministro Luiz Fux pede para deixar Primeira Turma do Supremo - Manchester FM 93,3","og_description":"Colegiado \u00e9 respons\u00e1vel por julgar a\u00e7\u00f5es penais da trama golpista O ministro Luiz Fux, do Supremo Tribunal Federal (STF), pediu nesta ter\u00e7a-feira (21\/10) autoriza\u00e7\u00e3o para ser transferido para a Segunda Turma da Corte. Atual integrante da Primeira Turma, colegiado respons\u00e1vel pelo julgamento das a\u00e7\u00f5es penais da trama golpista, Fux enviou ao presidente da Corte, ministro [&hellip;]","og_url":"https:\/\/www.radiomanchester.com.br\/fm\/ministro-luiz-fux-pede-para-deixar-primeira-turma-do-supremo\/","og_site_name":"Manchester FM 93,3","article_published_time":"2025-10-22T10:00:00+00:00","article_modified_time":"2025-10-21T22:45:32+00:00","twitter_card":"summary_large_image","twitter_misc":{"Escrito por":"admin","Est. tempo de leitura":"1 minuto"},"schema":{"@context":"https:\/\/schema.org","@graph":[{"@type":"WebSite","@id":"https:\/\/www.radiomanchester.com.br\/fm\/#website","url":"https:\/\/www.radiomanchester.com.br\/fm\/","name":"Manchester FM 93,3","description":"Todo Mundo Ouve!","potentialAction":[{"@type":"SearchAction","target":{"@type":"EntryPoint","urlTemplate":"https:\/\/www.radiomanchester.com.br\/fm\/?s={search_term_string}"},"query-input":"required name=search_term_string"}],"inLanguage":"pt-BR"},{"@type":"WebPage","@id":"https:\/\/www.radiomanchester.com.br\/fm\/ministro-luiz-fux-pede-para-deixar-primeira-turma-do-supremo\/#webpage","url":"https:\/\/www.radiomanchester.com.br\/fm\/ministro-luiz-fux-pede-para-deixar-primeira-turma-do-supremo\/","name":"Ministro Luiz Fux pede para deixar Primeira Turma do Supremo - Manchester FM 93,3","isPartOf":{"@id":"https:\/\/www.radiomanchester.com.br\/fm\/#website"},"datePublished":"2025-10-22T10:00:00+00:00","dateModified":"2025-10-21T22:45:32+00:00","author":{"@id":"https:\/\/www.radiomanchester.com.br\/fm\/#\/schema\/person\/408a7b4d4e32cbebd90e2782852abca3"},"breadcrumb":{"@id":"https:\/\/www.radiomanchester.com.br\/fm\/ministro-luiz-fux-pede-para-deixar-primeira-turma-do-supremo\/#breadcrumb"},"inLanguage":"pt-BR","potentialAction":[{"@type":"ReadAction","target":["https:\/\/www.radiomanchester.com.br\/fm\/ministro-luiz-fux-pede-para-deixar-primeira-turma-do-supremo\/"]}]},{"@type":"BreadcrumbList","@id":"https:\/\/www.radiomanchester.com.br\/fm\/ministro-luiz-fux-pede-para-deixar-primeira-turma-do-supremo\/#breadcrumb","itemListElement":[{"@type":"ListItem","position":1,"name":"Home","item":"https:\/\/www.radiomanchester.com.br\/fm\/"},{"@type":"ListItem","position":2,"name":"Ministro Luiz Fux pede para deixar Primeira Turma do Supremo"}]},{"@type":"Person","@id":"https:\/\/www.radiomanchester.com.br\/fm\/#\/schema\/person\/408a7b4d4e32cbebd90e2782852abca3","name":"admin","image":{"@type":"ImageObject","@id":"https:\/\/www.radiomanchester.com.br\/fm\/#personlogo","inLanguage":"pt-BR","url":"https:\/\/secure.gravatar.com\/avatar\/115a974dba3376872eb3addeb276301c?s=96&d=mm&r=g","contentUrl":"https:\/\/secure.gravatar.com\/avatar\/115a974dba3376872eb3addeb276301c?s=96&d=mm&r=g","caption":"admin"},"url":"https:\/\/www.radiomanchester.com.br\/fm\/author\/admin\/"}]}},"_links":{"self":[{"href":"https:\/\/www.radiomanchester.com.br\/fm\/wp-json\/wp\/v2\/posts\/16743"}],"collection":[{"href":"https:\/\/www.radiomanchester.com.br\/fm\/wp-json\/wp\/v2\/posts"}],"about":[{"href":"https:\/\/www.radiomanchester.com.br\/fm\/wp-json\/wp\/v2\/types\/post"}],"author":[{"embeddable":true,"href":"https:\/\/www.radiomanchester.com.br\/fm\/wp-json\/wp\/v2\/users\/1"}],"replies":[{"embeddable":true,"href":"https:\/\/www.radiomanchester.com.br\/fm\/wp-json\/wp\/v2\/comments?post=16743"}],"version-history":[{"count":1,"href":"https:\/\/www.radiomanchester.com.br\/fm\/wp-json\/wp\/v2\/posts\/16743\/revisions"}],"predecessor-version":[{"id":16744,"href":"https:\/\/www.radiomanchester.com.br\/fm\/wp-json\/wp\/v2\/posts\/16743\/revisions\/16744"}],"wp:attachment":[{"href":"https:\/\/www.radiomanchester.com.br\/fm\/wp-json\/wp\/v2\/media?parent=16743"}],"wp:term":[{"taxonomy":"category","embeddable":true,"href":"https:\/\/www.radiomanchester.com.br\/fm\/wp-json\/wp\/v2\/categories?post=16743"},{"taxonomy":"post_tag","embeddable":true,"href":"https:\/\/www.radiomanchester.com.br\/fm\/wp-json\/wp\/v2\/tags?post=16743"}],"curies":[{"name":"wp","href":"https:\/\/api.w.org\/{rel}","templated":true}]}}