{"id":16756,"date":"2025-10-23T19:10:27","date_gmt":"2025-10-23T22:10:27","guid":{"rendered":"https:\/\/www.radiomanchester.com.br\/fm\/?p=16756"},"modified":"2025-10-23T19:10:29","modified_gmt":"2025-10-23T22:10:29","slug":"brasil-registra-10-mortes-causadas-por-metanol","status":"publish","type":"post","link":"https:\/\/www.radiomanchester.com.br\/fm\/brasil-registra-10-mortes-causadas-por-metanol\/","title":{"rendered":"Brasil registra 10 mortes causadas por metanol"},"content":{"rendered":"\n<p><\/p>\n\n\n\n<p>O Brasil continua em alerta com os aumentos nos casos de \u00f3bitos causados supostamente por intoxica\u00e7\u00e3o com metanol. O n\u00famero de pessoas mortas intoxicadas por metanol ap\u00f3s o consumo de bebidas alco\u00f3licas, no Brasil, chegou a 10, conforme atualiza\u00e7\u00e3o do Minist\u00e9rio da Sa\u00fade nesta quarta-feira (22\/10). Ao todo, 112 notifica\u00e7\u00f5es foram registradas, sendo 53 casos confirmados e 59 em investiga\u00e7\u00e3o. Outras 609 notifica\u00e7\u00f5es foram descartadas.<\/p>\n\n\n\n<p>Os \u00f3bitos pela intoxica\u00e7\u00e3o foram confirmados nos seguintes estados: sete no estado de S\u00e3o Paulo, dois em Pernambuco e um no Paran\u00e1. Outras 11 mortes suspeitas seguem?em investiga\u00e7\u00e3o, sendo?seis em PE, duas no PR, uma em SP, uma no MS e uma em MG. Outras 28 notifica\u00e7\u00f5es de \u00f3bitos foram descartadas.<\/p>\n\n\n\n<p>Veja situa\u00e7\u00e3o por estado.<\/p>\n\n\n\n<p>S\u00e3o Paulo:<br>\u2013 42 casos confirmados<br>\u2013 18 em investiga\u00e7\u00e3o<br>\u2013 423 notifica\u00e7\u00f5es descartadas<br>Pernambuco:<br>\u2013 3 casos confirmados<br>\u2013 26 em investiga\u00e7\u00e3o<br>Paran\u00e1:<br>\u2013 6 casos confirmados<br>\u2013 4 em investiga\u00e7\u00e3o<br>Mato Grosso:<br>\u2013 1 caso confirmado<br>\u2013 1 em investiga\u00e7\u00e3o<br>Rio Grande do Sul:<br>\u2013 1 caso confirmado<br>Rio de Janeiro:<br>\u2013 1 caso em investiga\u00e7\u00e3o<br>Piau\u00ed:<br>\u2013 4 casos em investiga\u00e7\u00e3o<br>Mato Grosso do Sul:<br>\u2013 1 caso em investiga\u00e7\u00e3o<br>Goi\u00e1s:<br>\u2013 1 caso em investiga\u00e7\u00e3o<br>Tocantins:<br>\u2013 1 caso em investiga\u00e7\u00e3o<\/p>\n\n\n\n<p>Toxicidade<br>O metanol \u00e9 um \u00e1lcool simples, l\u00edquido, incolor e altamente t\u00f3xico. Ele \u00e9 usado principalmente na ind\u00fastria qu\u00edmica, como mat\u00e9ria-prima na fabrica\u00e7\u00e3o de solventes, pl\u00e1sticos, tintas e combust\u00edveis.<\/p>\n\n\n\n<p>Quando ingerido e metabolizado pelo organismo, ele \u00e9 transformado em subst\u00e2ncias t\u00f3xicas, como formalde\u00eddo e \u00e1cido f\u00f3rmico, que atacam o sistema nervoso central e o nervo \u00f3ptico.<\/p>\n\n\n\n<p>A ingest\u00e3o de apenas 10 ml j\u00e1 pode causar cegueira, e 30 ml podem ser fatais. Os sintomas de intoxica\u00e7\u00e3o, muitas vezes, demoram a aparecer e podem ser confundidos com uma simples ressaca, o que atrasa o diagn\u00f3stico e o tratamento.<\/p>\n\n\n\n<p>porR3pMetr0p0les parceiro Manchester<\/p>\n","protected":false},"excerpt":{"rendered":"<p class=\"excerpt\">O Brasil continua em alerta com os aumentos nos casos de \u00f3bitos causados supostamente por intoxica\u00e7\u00e3o com metanol. O n\u00famero de pessoas mortas intoxicadas por metanol ap\u00f3s o consumo de bebidas alco\u00f3licas, no Brasil, chegou a 10, conforme atualiza\u00e7\u00e3o do Minist\u00e9rio da Sa\u00fade nesta quarta-feira (22\/10). Ao todo, 112 notifica\u00e7\u00f5es foram registradas, sendo 53 casos [&hellip;]<\/p>\n","protected":false},"author":1,"featured_media":0,"comment_status":"open","ping_status":"open","sticky":false,"template":"","format":"standard","meta":[],"categories":[8,17],"tags":[22,24,113,83,92],"yoast_head":"<!-- This site is optimized with the Yoast SEO plugin v18.3 - https:\/\/yoast.com\/wordpress\/plugins\/seo\/ -->\n<title>Brasil registra 10 mortes causadas por metanol - Manchester FM 93,3<\/title>\n<meta name=\"robots\" content=\"index, follow, max-snippet:-1, max-image-preview:large, max-video-preview:-1\" \/>\n<link rel=\"canonical\" href=\"https:\/\/www.radiomanchester.com.br\/fm\/brasil-registra-10-mortes-causadas-por-metanol\/\" \/>\n<meta property=\"og:locale\" content=\"pt_BR\" \/>\n<meta property=\"og:type\" content=\"article\" \/>\n<meta property=\"og:title\" content=\"Brasil registra 10 mortes causadas por metanol - Manchester FM 93,3\" \/>\n<meta property=\"og:description\" content=\"O Brasil continua em alerta com os aumentos nos casos de \u00f3bitos causados supostamente por intoxica\u00e7\u00e3o com metanol. O n\u00famero de pessoas mortas intoxicadas por metanol ap\u00f3s o consumo de bebidas alco\u00f3licas, no Brasil, chegou a 10, conforme atualiza\u00e7\u00e3o do Minist\u00e9rio da Sa\u00fade nesta quarta-feira (22\/10). Ao todo, 112 notifica\u00e7\u00f5es foram registradas, sendo 53 casos [&hellip;]\" \/>\n<meta property=\"og:url\" content=\"https:\/\/www.radiomanchester.com.br\/fm\/brasil-registra-10-mortes-causadas-por-metanol\/\" \/>\n<meta property=\"og:site_name\" content=\"Manchester FM 93,3\" \/>\n<meta property=\"article:published_time\" content=\"2025-10-23T22:10:27+00:00\" \/>\n<meta property=\"article:modified_time\" content=\"2025-10-23T22:10:29+00:00\" \/>\n<meta name=\"twitter:card\" content=\"summary_large_image\" \/>\n<meta name=\"twitter:label1\" content=\"Escrito por\" \/>\n\t<meta name=\"twitter:data1\" content=\"admin\" \/>\n\t<meta name=\"twitter:label2\" content=\"Est. tempo de leitura\" \/>\n\t<meta name=\"twitter:data2\" content=\"2 minutos\" \/>\n<script type=\"application\/ld+json\" class=\"yoast-schema-graph\">{\"@context\":\"https:\/\/schema.org\",\"@graph\":[{\"@type\":\"WebSite\",\"@id\":\"https:\/\/www.radiomanchester.com.br\/fm\/#website\",\"url\":\"https:\/\/www.radiomanchester.com.br\/fm\/\",\"name\":\"Manchester FM 93,3\",\"description\":\"Todo Mundo Ouve!\",\"potentialAction\":[{\"@type\":\"SearchAction\",\"target\":{\"@type\":\"EntryPoint\",\"urlTemplate\":\"https:\/\/www.radiomanchester.com.br\/fm\/?s={search_term_string}\"},\"query-input\":\"required name=search_term_string\"}],\"inLanguage\":\"pt-BR\"},{\"@type\":\"WebPage\",\"@id\":\"https:\/\/www.radiomanchester.com.br\/fm\/brasil-registra-10-mortes-causadas-por-metanol\/#webpage\",\"url\":\"https:\/\/www.radiomanchester.com.br\/fm\/brasil-registra-10-mortes-causadas-por-metanol\/\",\"name\":\"Brasil registra 10 mortes causadas por metanol - Manchester FM 93,3\",\"isPartOf\":{\"@id\":\"https:\/\/www.radiomanchester.com.br\/fm\/#website\"},\"datePublished\":\"2025-10-23T22:10:27+00:00\",\"dateModified\":\"2025-10-23T22:10:29+00:00\",\"author\":{\"@id\":\"https:\/\/www.radiomanchester.com.br\/fm\/#\/schema\/person\/408a7b4d4e32cbebd90e2782852abca3\"},\"breadcrumb\":{\"@id\":\"https:\/\/www.radiomanchester.com.br\/fm\/brasil-registra-10-mortes-causadas-por-metanol\/#breadcrumb\"},\"inLanguage\":\"pt-BR\",\"potentialAction\":[{\"@type\":\"ReadAction\",\"target\":[\"https:\/\/www.radiomanchester.com.br\/fm\/brasil-registra-10-mortes-causadas-por-metanol\/\"]}]},{\"@type\":\"BreadcrumbList\",\"@id\":\"https:\/\/www.radiomanchester.com.br\/fm\/brasil-registra-10-mortes-causadas-por-metanol\/#breadcrumb\",\"itemListElement\":[{\"@type\":\"ListItem\",\"position\":1,\"name\":\"Home\",\"item\":\"https:\/\/www.radiomanchester.com.br\/fm\/\"},{\"@type\":\"ListItem\",\"position\":2,\"name\":\"Brasil registra 10 mortes causadas por metanol\"}]},{\"@type\":\"Person\",\"@id\":\"https:\/\/www.radiomanchester.com.br\/fm\/#\/schema\/person\/408a7b4d4e32cbebd90e2782852abca3\",\"name\":\"admin\",\"image\":{\"@type\":\"ImageObject\",\"@id\":\"https:\/\/www.radiomanchester.com.br\/fm\/#personlogo\",\"inLanguage\":\"pt-BR\",\"url\":\"https:\/\/secure.gravatar.com\/avatar\/115a974dba3376872eb3addeb276301c?s=96&d=mm&r=g\",\"contentUrl\":\"https:\/\/secure.gravatar.com\/avatar\/115a974dba3376872eb3addeb276301c?s=96&d=mm&r=g\",\"caption\":\"admin\"},\"url\":\"https:\/\/www.radiomanchester.com.br\/fm\/author\/admin\/\"}]}<\/script>\n<!-- \/ Yoast SEO plugin. -->","yoast_head_json":{"title":"Brasil registra 10 mortes causadas por metanol - Manchester FM 93,3","robots":{"index":"index","follow":"follow","max-snippet":"max-snippet:-1","max-image-preview":"max-image-preview:large","max-video-preview":"max-video-preview:-1"},"canonical":"https:\/\/www.radiomanchester.com.br\/fm\/brasil-registra-10-mortes-causadas-por-metanol\/","og_locale":"pt_BR","og_type":"article","og_title":"Brasil registra 10 mortes causadas por metanol - Manchester FM 93,3","og_description":"O Brasil continua em alerta com os aumentos nos casos de \u00f3bitos causados supostamente por intoxica\u00e7\u00e3o com metanol. O n\u00famero de pessoas mortas intoxicadas por metanol ap\u00f3s o consumo de bebidas alco\u00f3licas, no Brasil, chegou a 10, conforme atualiza\u00e7\u00e3o do Minist\u00e9rio da Sa\u00fade nesta quarta-feira (22\/10). Ao todo, 112 notifica\u00e7\u00f5es foram registradas, sendo 53 casos [&hellip;]","og_url":"https:\/\/www.radiomanchester.com.br\/fm\/brasil-registra-10-mortes-causadas-por-metanol\/","og_site_name":"Manchester FM 93,3","article_published_time":"2025-10-23T22:10:27+00:00","article_modified_time":"2025-10-23T22:10:29+00:00","twitter_card":"summary_large_image","twitter_misc":{"Escrito por":"admin","Est. tempo de leitura":"2 minutos"},"schema":{"@context":"https:\/\/schema.org","@graph":[{"@type":"WebSite","@id":"https:\/\/www.radiomanchester.com.br\/fm\/#website","url":"https:\/\/www.radiomanchester.com.br\/fm\/","name":"Manchester FM 93,3","description":"Todo Mundo Ouve!","potentialAction":[{"@type":"SearchAction","target":{"@type":"EntryPoint","urlTemplate":"https:\/\/www.radiomanchester.com.br\/fm\/?s={search_term_string}"},"query-input":"required name=search_term_string"}],"inLanguage":"pt-BR"},{"@type":"WebPage","@id":"https:\/\/www.radiomanchester.com.br\/fm\/brasil-registra-10-mortes-causadas-por-metanol\/#webpage","url":"https:\/\/www.radiomanchester.com.br\/fm\/brasil-registra-10-mortes-causadas-por-metanol\/","name":"Brasil registra 10 mortes causadas por metanol - Manchester FM 93,3","isPartOf":{"@id":"https:\/\/www.radiomanchester.com.br\/fm\/#website"},"datePublished":"2025-10-23T22:10:27+00:00","dateModified":"2025-10-23T22:10:29+00:00","author":{"@id":"https:\/\/www.radiomanchester.com.br\/fm\/#\/schema\/person\/408a7b4d4e32cbebd90e2782852abca3"},"breadcrumb":{"@id":"https:\/\/www.radiomanchester.com.br\/fm\/brasil-registra-10-mortes-causadas-por-metanol\/#breadcrumb"},"inLanguage":"pt-BR","potentialAction":[{"@type":"ReadAction","target":["https:\/\/www.radiomanchester.com.br\/fm\/brasil-registra-10-mortes-causadas-por-metanol\/"]}]},{"@type":"BreadcrumbList","@id":"https:\/\/www.radiomanchester.com.br\/fm\/brasil-registra-10-mortes-causadas-por-metanol\/#breadcrumb","itemListElement":[{"@type":"ListItem","position":1,"name":"Home","item":"https:\/\/www.radiomanchester.com.br\/fm\/"},{"@type":"ListItem","position":2,"name":"Brasil registra 10 mortes causadas por metanol"}]},{"@type":"Person","@id":"https:\/\/www.radiomanchester.com.br\/fm\/#\/schema\/person\/408a7b4d4e32cbebd90e2782852abca3","name":"admin","image":{"@type":"ImageObject","@id":"https:\/\/www.radiomanchester.com.br\/fm\/#personlogo","inLanguage":"pt-BR","url":"https:\/\/secure.gravatar.com\/avatar\/115a974dba3376872eb3addeb276301c?s=96&d=mm&r=g","contentUrl":"https:\/\/secure.gravatar.com\/avatar\/115a974dba3376872eb3addeb276301c?s=96&d=mm&r=g","caption":"admin"},"url":"https:\/\/www.radiomanchester.com.br\/fm\/author\/admin\/"}]}},"_links":{"self":[{"href":"https:\/\/www.radiomanchester.com.br\/fm\/wp-json\/wp\/v2\/posts\/16756"}],"collection":[{"href":"https:\/\/www.radiomanchester.com.br\/fm\/wp-json\/wp\/v2\/posts"}],"about":[{"href":"https:\/\/www.radiomanchester.com.br\/fm\/wp-json\/wp\/v2\/types\/post"}],"author":[{"embeddable":true,"href":"https:\/\/www.radiomanchester.com.br\/fm\/wp-json\/wp\/v2\/users\/1"}],"replies":[{"embeddable":true,"href":"https:\/\/www.radiomanchester.com.br\/fm\/wp-json\/wp\/v2\/comments?post=16756"}],"version-history":[{"count":1,"href":"https:\/\/www.radiomanchester.com.br\/fm\/wp-json\/wp\/v2\/posts\/16756\/revisions"}],"predecessor-version":[{"id":16757,"href":"https:\/\/www.radiomanchester.com.br\/fm\/wp-json\/wp\/v2\/posts\/16756\/revisions\/16757"}],"wp:attachment":[{"href":"https:\/\/www.radiomanchester.com.br\/fm\/wp-json\/wp\/v2\/media?parent=16756"}],"wp:term":[{"taxonomy":"category","embeddable":true,"href":"https:\/\/www.radiomanchester.com.br\/fm\/wp-json\/wp\/v2\/categories?post=16756"},{"taxonomy":"post_tag","embeddable":true,"href":"https:\/\/www.radiomanchester.com.br\/fm\/wp-json\/wp\/v2\/tags?post=16756"}],"curies":[{"name":"wp","href":"https:\/\/api.w.org\/{rel}","templated":true}]}}