{"id":16763,"date":"2025-10-26T14:11:11","date_gmt":"2025-10-26T17:11:11","guid":{"rendered":"https:\/\/www.radiomanchester.com.br\/fm\/?p=16763"},"modified":"2025-10-26T14:15:29","modified_gmt":"2025-10-26T17:15:29","slug":"lula-se-reune-com-trump-na-malasia-e-discute-relacoes-entre-brasil-eua","status":"publish","type":"post","link":"https:\/\/www.radiomanchester.com.br\/fm\/lula-se-reune-com-trump-na-malasia-e-discute-relacoes-entre-brasil-eua\/","title":{"rendered":"Lula se re\u00fane com Trump na Mal\u00e1sia e discute rela\u00e7\u00f5es entre Brasil-EUA"},"content":{"rendered":"\n<p><strong><em>Segundo chancelar brasileiro, encontro foi &#8220;muito positivo&#8221;<\/em><\/strong><\/p>\n\n\n\n<hr class=\"wp-block-separator\"\/>\n\n\n\n<p>O presidente Luiz In\u00e1cio Lula da Silva se reuniu neste domingo (26\/10) com o presidente dos Estados Unidos, Donald Trump, em Kuala Lumpur, na Mal\u00e1sia. O encontro durou cerca de 50 minutos e ocorreu durante a realiza\u00e7\u00e3o da 47\u00aa C\u00fapula da Associa\u00e7\u00e3o de Na\u00e7\u00f5es do Sudeste Asi\u00e1tico (Asean).<\/p>\n\n\n\n<p>Durante a reuni\u00e3o, Lula disse que n\u00e3o h\u00e1 raz\u00e3o para desaven\u00e7as com os Estados Unidos e pediu a Trump a suspens\u00e3o imediata do tarifa\u00e7o contra as exporta\u00e7\u00f5es brasileiras, enquanto os dois pa\u00edses estiverem em negocia\u00e7\u00e3o. Em julho deste ano, Trump anunciou um tarifa\u00e7o de 50% sobre todos os produtos brasileiros que s\u00e3o exportados para os Estados Unidos. Em seguida, ministros do governo brasileiro e do Supremo Tribunal Federal (STF) tamb\u00e9m foram alvo da revoga\u00e7\u00e3o de vistos de viagem e outras san\u00e7\u00f5es pela administra\u00e7\u00e3o norte-americana.<\/p>\n\n\n\n<p>\u201cO Brasil tem interesse de ter uma rela\u00e7\u00e3o extraordin\u00e1ria com os Estados Unidos. N\u00e3o h\u00e1 nenhuma raz\u00e3o para que haja qualquer desaven\u00e7a entre Brasil e Estados Unidos, porque n\u00f3s temos certeza que, na hora em que dois presidentes sentam em uma mesa, cada um coloca seu ponto de vista, cada um coloca seus problemas, a tend\u00eancia natural \u00e9 encaminhar para um acordo\u201d, afirmou o presidente.<\/p>\n\n\n\n<p>Al\u00e9m dos presidentes, tamb\u00e9m participaram do encontro o ministro das Rela\u00e7\u00f5es Exteriores, Mauro Vieira, e o secretario de Estado norte-americano, Marco Rubio.<\/p>\n\n\n\n<p><strong>Suspens\u00e3o das tarifas<br><\/strong>O ministro das Rela\u00e7\u00f5es Exteriores do Brasil, Mauro Vieira, falou com a imprensa ap\u00f3s o encontro e disse Trump autorizou sua equipe a iniciar as negocia\u00e7\u00f5es para revis\u00e3o do tarifa\u00e7o ainda na noite deste domingo, no hor\u00e1rio local da Mal\u00e1sia, 11 horas a frente do Brasil.<\/p>\n\n\n\n<p>&#8220;A reuni\u00e3o foi muito positiva, o saldo final \u00e9 \u00f3timo. O presidente Trump declarou que dar\u00e1 instru\u00e7\u00f5es a sua equipe para que comece um processo, um per\u00edodo de negocia\u00e7\u00e3o bilateral, que deve se iniciar hoje ainda, porque \u00e9 para tudo ser resolvido em pouco tempo&#8221;, afirmou o chanceler.<\/p>\n\n\n\n<p><strong>Admira\u00e7\u00e3o<br><\/strong>Segundo Vieira, os presidentes tiveram uma conversa descontra\u00edda e Trump disse que admira a trajet\u00f3ria pol\u00edtica de Lula.<\/p>\n\n\n\n<p>&#8220;Trump declarou admirar o perfil da carreira pol\u00edtica do presidente Lula, j\u00e1 tendo sido duas vezes presidente da Rep\u00fablica, tendo sido perseguido no Brasil, se recuperado, provado sua inoc\u00eancia, voltado a se apresentar e, vitoriosamente, conquistando o terceiro mandato&#8221;, afirmou.<\/p>\n\n\n\n<p><strong>Visitas<br><\/strong>O chanceler brasileiro tamb\u00e9m confirmou a inten\u00e7\u00e3o de Trump vir ao Brasil. A data ainda n\u00e3o est\u00e1 confirmada.<\/p>\n\n\n\n<p>&#8220;O presidente Lula aceitou tamb\u00e9m e disse que ir\u00e1, com prazer, aos Estados Unidos. Trump disse que admira o Brasil e que gosta imensamente do povo brasileiro&#8221;, comentou.<\/p>\n\n\n\n<p>porAg\u00eancia Brasil<\/p>\n","protected":false},"excerpt":{"rendered":"<p class=\"excerpt\">Segundo chancelar brasileiro, encontro foi &#8220;muito positivo&#8221; O presidente Luiz In\u00e1cio Lula da Silva se reuniu neste domingo (26\/10) com o presidente dos Estados Unidos, Donald Trump, em Kuala Lumpur, na Mal\u00e1sia. O encontro durou cerca de 50 minutos e ocorreu durante a realiza\u00e7\u00e3o da 47\u00aa C\u00fapula da Associa\u00e7\u00e3o de Na\u00e7\u00f5es do Sudeste Asi\u00e1tico (Asean). [&hellip;]<\/p>\n","protected":false},"author":1,"featured_media":0,"comment_status":"open","ping_status":"open","sticky":false,"template":"","format":"standard","meta":[],"categories":[8,17],"tags":[22,24,113,83,92],"yoast_head":"<!-- This site is optimized with the Yoast SEO plugin v18.3 - https:\/\/yoast.com\/wordpress\/plugins\/seo\/ -->\n<title>Lula se re\u00fane com Trump na Mal\u00e1sia e discute rela\u00e7\u00f5es entre Brasil-EUA - Manchester FM 93,3<\/title>\n<meta name=\"robots\" content=\"index, follow, max-snippet:-1, max-image-preview:large, max-video-preview:-1\" \/>\n<link rel=\"canonical\" href=\"https:\/\/www.radiomanchester.com.br\/fm\/lula-se-reune-com-trump-na-malasia-e-discute-relacoes-entre-brasil-eua\/\" \/>\n<meta property=\"og:locale\" content=\"pt_BR\" \/>\n<meta property=\"og:type\" content=\"article\" \/>\n<meta property=\"og:title\" content=\"Lula se re\u00fane com Trump na Mal\u00e1sia e discute rela\u00e7\u00f5es entre Brasil-EUA - Manchester FM 93,3\" \/>\n<meta property=\"og:description\" content=\"Segundo chancelar brasileiro, encontro foi &#8220;muito positivo&#8221; O presidente Luiz In\u00e1cio Lula da Silva se reuniu neste domingo (26\/10) com o presidente dos Estados Unidos, Donald Trump, em Kuala Lumpur, na Mal\u00e1sia. O encontro durou cerca de 50 minutos e ocorreu durante a realiza\u00e7\u00e3o da 47\u00aa C\u00fapula da Associa\u00e7\u00e3o de Na\u00e7\u00f5es do Sudeste Asi\u00e1tico (Asean). [&hellip;]\" \/>\n<meta property=\"og:url\" content=\"https:\/\/www.radiomanchester.com.br\/fm\/lula-se-reune-com-trump-na-malasia-e-discute-relacoes-entre-brasil-eua\/\" \/>\n<meta property=\"og:site_name\" content=\"Manchester FM 93,3\" \/>\n<meta property=\"article:published_time\" content=\"2025-10-26T17:11:11+00:00\" \/>\n<meta property=\"article:modified_time\" content=\"2025-10-26T17:15:29+00:00\" \/>\n<meta name=\"twitter:card\" content=\"summary_large_image\" \/>\n<meta name=\"twitter:label1\" content=\"Escrito por\" \/>\n\t<meta name=\"twitter:data1\" content=\"admin\" \/>\n\t<meta name=\"twitter:label2\" content=\"Est. tempo de leitura\" \/>\n\t<meta name=\"twitter:data2\" content=\"3 minutos\" \/>\n<script type=\"application\/ld+json\" class=\"yoast-schema-graph\">{\"@context\":\"https:\/\/schema.org\",\"@graph\":[{\"@type\":\"WebSite\",\"@id\":\"https:\/\/www.radiomanchester.com.br\/fm\/#website\",\"url\":\"https:\/\/www.radiomanchester.com.br\/fm\/\",\"name\":\"Manchester FM 93,3\",\"description\":\"Todo Mundo Ouve!\",\"potentialAction\":[{\"@type\":\"SearchAction\",\"target\":{\"@type\":\"EntryPoint\",\"urlTemplate\":\"https:\/\/www.radiomanchester.com.br\/fm\/?s={search_term_string}\"},\"query-input\":\"required name=search_term_string\"}],\"inLanguage\":\"pt-BR\"},{\"@type\":\"WebPage\",\"@id\":\"https:\/\/www.radiomanchester.com.br\/fm\/lula-se-reune-com-trump-na-malasia-e-discute-relacoes-entre-brasil-eua\/#webpage\",\"url\":\"https:\/\/www.radiomanchester.com.br\/fm\/lula-se-reune-com-trump-na-malasia-e-discute-relacoes-entre-brasil-eua\/\",\"name\":\"Lula se re\u00fane com Trump na Mal\u00e1sia e discute rela\u00e7\u00f5es entre Brasil-EUA - Manchester FM 93,3\",\"isPartOf\":{\"@id\":\"https:\/\/www.radiomanchester.com.br\/fm\/#website\"},\"datePublished\":\"2025-10-26T17:11:11+00:00\",\"dateModified\":\"2025-10-26T17:15:29+00:00\",\"author\":{\"@id\":\"https:\/\/www.radiomanchester.com.br\/fm\/#\/schema\/person\/408a7b4d4e32cbebd90e2782852abca3\"},\"breadcrumb\":{\"@id\":\"https:\/\/www.radiomanchester.com.br\/fm\/lula-se-reune-com-trump-na-malasia-e-discute-relacoes-entre-brasil-eua\/#breadcrumb\"},\"inLanguage\":\"pt-BR\",\"potentialAction\":[{\"@type\":\"ReadAction\",\"target\":[\"https:\/\/www.radiomanchester.com.br\/fm\/lula-se-reune-com-trump-na-malasia-e-discute-relacoes-entre-brasil-eua\/\"]}]},{\"@type\":\"BreadcrumbList\",\"@id\":\"https:\/\/www.radiomanchester.com.br\/fm\/lula-se-reune-com-trump-na-malasia-e-discute-relacoes-entre-brasil-eua\/#breadcrumb\",\"itemListElement\":[{\"@type\":\"ListItem\",\"position\":1,\"name\":\"Home\",\"item\":\"https:\/\/www.radiomanchester.com.br\/fm\/\"},{\"@type\":\"ListItem\",\"position\":2,\"name\":\"Lula se re\u00fane com Trump na Mal\u00e1sia e discute rela\u00e7\u00f5es entre Brasil-EUA\"}]},{\"@type\":\"Person\",\"@id\":\"https:\/\/www.radiomanchester.com.br\/fm\/#\/schema\/person\/408a7b4d4e32cbebd90e2782852abca3\",\"name\":\"admin\",\"image\":{\"@type\":\"ImageObject\",\"@id\":\"https:\/\/www.radiomanchester.com.br\/fm\/#personlogo\",\"inLanguage\":\"pt-BR\",\"url\":\"https:\/\/secure.gravatar.com\/avatar\/115a974dba3376872eb3addeb276301c?s=96&d=mm&r=g\",\"contentUrl\":\"https:\/\/secure.gravatar.com\/avatar\/115a974dba3376872eb3addeb276301c?s=96&d=mm&r=g\",\"caption\":\"admin\"},\"url\":\"https:\/\/www.radiomanchester.com.br\/fm\/author\/admin\/\"}]}<\/script>\n<!-- \/ Yoast SEO plugin. -->","yoast_head_json":{"title":"Lula se re\u00fane com Trump na Mal\u00e1sia e discute rela\u00e7\u00f5es entre Brasil-EUA - Manchester FM 93,3","robots":{"index":"index","follow":"follow","max-snippet":"max-snippet:-1","max-image-preview":"max-image-preview:large","max-video-preview":"max-video-preview:-1"},"canonical":"https:\/\/www.radiomanchester.com.br\/fm\/lula-se-reune-com-trump-na-malasia-e-discute-relacoes-entre-brasil-eua\/","og_locale":"pt_BR","og_type":"article","og_title":"Lula se re\u00fane com Trump na Mal\u00e1sia e discute rela\u00e7\u00f5es entre Brasil-EUA - Manchester FM 93,3","og_description":"Segundo chancelar brasileiro, encontro foi &#8220;muito positivo&#8221; O presidente Luiz In\u00e1cio Lula da Silva se reuniu neste domingo (26\/10) com o presidente dos Estados Unidos, Donald Trump, em Kuala Lumpur, na Mal\u00e1sia. O encontro durou cerca de 50 minutos e ocorreu durante a realiza\u00e7\u00e3o da 47\u00aa C\u00fapula da Associa\u00e7\u00e3o de Na\u00e7\u00f5es do Sudeste Asi\u00e1tico (Asean). [&hellip;]","og_url":"https:\/\/www.radiomanchester.com.br\/fm\/lula-se-reune-com-trump-na-malasia-e-discute-relacoes-entre-brasil-eua\/","og_site_name":"Manchester FM 93,3","article_published_time":"2025-10-26T17:11:11+00:00","article_modified_time":"2025-10-26T17:15:29+00:00","twitter_card":"summary_large_image","twitter_misc":{"Escrito por":"admin","Est. tempo de leitura":"3 minutos"},"schema":{"@context":"https:\/\/schema.org","@graph":[{"@type":"WebSite","@id":"https:\/\/www.radiomanchester.com.br\/fm\/#website","url":"https:\/\/www.radiomanchester.com.br\/fm\/","name":"Manchester FM 93,3","description":"Todo Mundo Ouve!","potentialAction":[{"@type":"SearchAction","target":{"@type":"EntryPoint","urlTemplate":"https:\/\/www.radiomanchester.com.br\/fm\/?s={search_term_string}"},"query-input":"required name=search_term_string"}],"inLanguage":"pt-BR"},{"@type":"WebPage","@id":"https:\/\/www.radiomanchester.com.br\/fm\/lula-se-reune-com-trump-na-malasia-e-discute-relacoes-entre-brasil-eua\/#webpage","url":"https:\/\/www.radiomanchester.com.br\/fm\/lula-se-reune-com-trump-na-malasia-e-discute-relacoes-entre-brasil-eua\/","name":"Lula se re\u00fane com Trump na Mal\u00e1sia e discute rela\u00e7\u00f5es entre Brasil-EUA - Manchester FM 93,3","isPartOf":{"@id":"https:\/\/www.radiomanchester.com.br\/fm\/#website"},"datePublished":"2025-10-26T17:11:11+00:00","dateModified":"2025-10-26T17:15:29+00:00","author":{"@id":"https:\/\/www.radiomanchester.com.br\/fm\/#\/schema\/person\/408a7b4d4e32cbebd90e2782852abca3"},"breadcrumb":{"@id":"https:\/\/www.radiomanchester.com.br\/fm\/lula-se-reune-com-trump-na-malasia-e-discute-relacoes-entre-brasil-eua\/#breadcrumb"},"inLanguage":"pt-BR","potentialAction":[{"@type":"ReadAction","target":["https:\/\/www.radiomanchester.com.br\/fm\/lula-se-reune-com-trump-na-malasia-e-discute-relacoes-entre-brasil-eua\/"]}]},{"@type":"BreadcrumbList","@id":"https:\/\/www.radiomanchester.com.br\/fm\/lula-se-reune-com-trump-na-malasia-e-discute-relacoes-entre-brasil-eua\/#breadcrumb","itemListElement":[{"@type":"ListItem","position":1,"name":"Home","item":"https:\/\/www.radiomanchester.com.br\/fm\/"},{"@type":"ListItem","position":2,"name":"Lula se re\u00fane com Trump na Mal\u00e1sia e discute rela\u00e7\u00f5es entre Brasil-EUA"}]},{"@type":"Person","@id":"https:\/\/www.radiomanchester.com.br\/fm\/#\/schema\/person\/408a7b4d4e32cbebd90e2782852abca3","name":"admin","image":{"@type":"ImageObject","@id":"https:\/\/www.radiomanchester.com.br\/fm\/#personlogo","inLanguage":"pt-BR","url":"https:\/\/secure.gravatar.com\/avatar\/115a974dba3376872eb3addeb276301c?s=96&d=mm&r=g","contentUrl":"https:\/\/secure.gravatar.com\/avatar\/115a974dba3376872eb3addeb276301c?s=96&d=mm&r=g","caption":"admin"},"url":"https:\/\/www.radiomanchester.com.br\/fm\/author\/admin\/"}]}},"_links":{"self":[{"href":"https:\/\/www.radiomanchester.com.br\/fm\/wp-json\/wp\/v2\/posts\/16763"}],"collection":[{"href":"https:\/\/www.radiomanchester.com.br\/fm\/wp-json\/wp\/v2\/posts"}],"about":[{"href":"https:\/\/www.radiomanchester.com.br\/fm\/wp-json\/wp\/v2\/types\/post"}],"author":[{"embeddable":true,"href":"https:\/\/www.radiomanchester.com.br\/fm\/wp-json\/wp\/v2\/users\/1"}],"replies":[{"embeddable":true,"href":"https:\/\/www.radiomanchester.com.br\/fm\/wp-json\/wp\/v2\/comments?post=16763"}],"version-history":[{"count":2,"href":"https:\/\/www.radiomanchester.com.br\/fm\/wp-json\/wp\/v2\/posts\/16763\/revisions"}],"predecessor-version":[{"id":16765,"href":"https:\/\/www.radiomanchester.com.br\/fm\/wp-json\/wp\/v2\/posts\/16763\/revisions\/16765"}],"wp:attachment":[{"href":"https:\/\/www.radiomanchester.com.br\/fm\/wp-json\/wp\/v2\/media?parent=16763"}],"wp:term":[{"taxonomy":"category","embeddable":true,"href":"https:\/\/www.radiomanchester.com.br\/fm\/wp-json\/wp\/v2\/categories?post=16763"},{"taxonomy":"post_tag","embeddable":true,"href":"https:\/\/www.radiomanchester.com.br\/fm\/wp-json\/wp\/v2\/tags?post=16763"}],"curies":[{"name":"wp","href":"https:\/\/api.w.org\/{rel}","templated":true}]}}