{"id":16772,"date":"2025-10-28T19:59:30","date_gmt":"2025-10-28T22:59:30","guid":{"rendered":"https:\/\/www.radiomanchester.com.br\/fm\/?p=16772"},"modified":"2025-10-28T19:59:33","modified_gmt":"2025-10-28T22:59:33","slug":"apos-megaoperacao-contra-o-cv-toda-a-policia-do-rj-esta-de-sobreaviso","status":"publish","type":"post","link":"https:\/\/www.radiomanchester.com.br\/fm\/apos-megaoperacao-contra-o-cv-toda-a-policia-do-rj-esta-de-sobreaviso\/","title":{"rendered":"Ap\u00f3s megaopera\u00e7\u00e3o contra o CV, toda a pol\u00edcia do RJ est\u00e1 de sobreaviso"},"content":{"rendered":"\n<p><\/p>\n\n\n\n<p>Depois da megaopera\u00e7\u00e3o deflagrada contra o Comando Vermelho (CV), nesta ter\u00e7a-feira (28\/10), nos complexos do Alem\u00e3o e da Penha (zona norte do Rio de Janeiro), a coluna apurou que todos os policiais militares e civis do Rio de Janeiro (RJ) est\u00e3o agora de sobreaviso. Isso significa que ambas as corpora\u00e7\u00f5es ficar\u00e3o em regime de prontid\u00e3o especial, com agentes podendo ser convocados para atuar a qualquer momento, caso seja necess\u00e1rio.<\/p>\n\n\n\n<p>A decis\u00e3o ocorre ap\u00f3s a morte de 64 pessoas e a pris\u00e3o de outras 81 durante a a\u00e7\u00e3o policial. Entre os mortos, quatro eram policiais civis \u2013 dois agentes da Pol\u00edcia Civil e dois militares.<\/p>\n\n\n\n<p><strong>A ofensiva<br><\/strong>As comunidades onde a megaopera\u00e7\u00e3o foi deflagrada foram acordadas ao som de disparos. O cen\u00e1rio rapidamente foi tomado pelas chamas das barricadas incendiadas pelos criminosos e pela fuma\u00e7a das bombas.<\/p>\n\n\n\n<p>Cerca de 2,5 mil agentes participaram da ofensiva contra a fac\u00e7\u00e3o criminosa. O objetivo era cumprir 51 mandados de pris\u00e3o contra traficantes que atuam no Complexo da Penha.<\/p>\n\n\n\n<p>A a\u00e7\u00e3o policial contou com o apoio da Coordenadoria de Seguran\u00e7a e Intelig\u00eancia (CSI\/MPRJ), da Coordenadoria de Recursos Especiais (Core\/PCERJ) e do Batalh\u00e3o de Opera\u00e7\u00f5es Policiais Especiais (Bope\/PMERJ).<\/p>\n\n\n\n<p><strong>Pris\u00f5es e mortes<br><\/strong>Lideran\u00e7as do CV que estavam foragidas h\u00e1 anos foram presas na a\u00e7\u00e3o policial. Entre elas, o traficante Thiago do Nascimento Mendes, o Bel\u00e3o do Quitungo. O criminoso \u00e9 chefe do Morro do Quitungo, na Penha e responde por uma s\u00e9rie de crimes ligados a tr\u00e1fico de drogas, com\u00e9rcio de armas e confrontos com quadrilhas rivais.<\/p>\n\n\n\n<p>O operador financeiro Edgard Alves de Andrade, criminoso conhecido como Doca, um dos chefes do CV mais procurados do Rio, tamb\u00e9m foi preso. Ele foi identificado como Nikolas Fernandes Soares.<\/p>\n\n\n\n<p><strong>Governo do Rio se pronuncia<br><\/strong>Na manh\u00e3 desta ter\u00e7a (28\/10), a PCERJ, a Pol\u00edcia Militar e o governo do Rio concederam uma entrevista coletiva para detalhar a megaopera\u00e7\u00e3o. O governador do Rio de Janeiro, Cl\u00e1udio Castro (PL), cobrou o governo federal e afirmou que o estado est\u00e1 \u201csozinho\u201d na luta contra o crime organizado. \u201cEm 2010, o Brasil inteiro viu um trabalho de integra\u00e7\u00e3o, e hoje o Rio est\u00e1 sozinho\u201d, reclamou o governador fluminense.<\/p>\n\n\n\n<p>Em seu pronunciamento, Castro afirmou que n\u00e3o chegou a solicitar aux\u00edlio para essa opera\u00e7\u00e3o, uma vez que, anteriormente, pedidos para o uso de blindados teriam sido negados. \u201cTivemos pedidos negados tr\u00eas vezes. Para emprestar o blindado, tinha que ter GLO [Garantia da Lei e da Ordem], e o presidente \u00e9 contra a GLO. Cada dia \u00e9 uma raz\u00e3o para n\u00e3o colaborar\u201d, continuou.<\/p>\n\n\n\n<p>Por fim, o governador classificou a a\u00e7\u00e3o como \u201ca maior da hist\u00f3ria do RJ\u201d: \u201cO estado est\u00e1 fazendo a sua parte, sim, mas, quando se fala em exceder \u2014 exceder inclusive as nossas compet\u00eancias \u2014, j\u00e1 era para haver um trabalho de integra\u00e7\u00e3o muito maior com as for\u00e7as federais, o que, neste momento, n\u00e3o est\u00e1 acontecendo.\u201d<\/p>\n\n\n\n<p><strong>Governo federal responde<br><\/strong>O Minist\u00e9rio da Justi\u00e7a e Seguran\u00e7a P\u00fablica se manifestou ap\u00f3s as cr\u00edticas de Castro, alegando que atende os pedidos do estado na \u00e1rea da seguran\u00e7a. \u201cO Minist\u00e9rio da Justi\u00e7a e Seguran\u00e7a P\u00fablica tem atendido, prontamente, a todos os pedidos do governo do estado do Rio de Janeiro para o emprego da For\u00e7a Nacional no estado, em apoio aos \u00f3rg\u00e3os de seguran\u00e7a p\u00fablica federal e estadual. Desde 2023, foram 11 solicita\u00e7\u00f5es de renova\u00e7\u00e3o da FNSP no territ\u00f3rio fluminense. Todas acatadas\u201d, alega a pasta.<\/p>\n\n\n\n<p>porRepMetr0p0les parceiro Manchester<\/p>\n","protected":false},"excerpt":{"rendered":"<p class=\"excerpt\">Depois da megaopera\u00e7\u00e3o deflagrada contra o Comando Vermelho (CV), nesta ter\u00e7a-feira (28\/10), nos complexos do Alem\u00e3o e da Penha (zona norte do Rio de Janeiro), a coluna apurou que todos os policiais militares e civis do Rio de Janeiro (RJ) est\u00e3o agora de sobreaviso. Isso significa que ambas as corpora\u00e7\u00f5es ficar\u00e3o em regime de prontid\u00e3o [&hellip;]<\/p>\n","protected":false},"author":1,"featured_media":0,"comment_status":"open","ping_status":"open","sticky":false,"template":"","format":"standard","meta":[],"categories":[8,17],"tags":[22,24,113,83,92],"yoast_head":"<!-- This site is optimized with the Yoast SEO plugin v18.3 - https:\/\/yoast.com\/wordpress\/plugins\/seo\/ -->\n<title>Ap\u00f3s megaopera\u00e7\u00e3o contra o CV, toda a pol\u00edcia do RJ est\u00e1 de sobreaviso - Manchester FM 93,3<\/title>\n<meta name=\"robots\" content=\"index, follow, max-snippet:-1, max-image-preview:large, max-video-preview:-1\" \/>\n<link rel=\"canonical\" href=\"https:\/\/www.radiomanchester.com.br\/fm\/apos-megaoperacao-contra-o-cv-toda-a-policia-do-rj-esta-de-sobreaviso\/\" \/>\n<meta property=\"og:locale\" content=\"pt_BR\" \/>\n<meta property=\"og:type\" content=\"article\" \/>\n<meta property=\"og:title\" content=\"Ap\u00f3s megaopera\u00e7\u00e3o contra o CV, toda a pol\u00edcia do RJ est\u00e1 de sobreaviso - Manchester FM 93,3\" \/>\n<meta property=\"og:description\" content=\"Depois da megaopera\u00e7\u00e3o deflagrada contra o Comando Vermelho (CV), nesta ter\u00e7a-feira (28\/10), nos complexos do Alem\u00e3o e da Penha (zona norte do Rio de Janeiro), a coluna apurou que todos os policiais militares e civis do Rio de Janeiro (RJ) est\u00e3o agora de sobreaviso. Isso significa que ambas as corpora\u00e7\u00f5es ficar\u00e3o em regime de prontid\u00e3o [&hellip;]\" \/>\n<meta property=\"og:url\" content=\"https:\/\/www.radiomanchester.com.br\/fm\/apos-megaoperacao-contra-o-cv-toda-a-policia-do-rj-esta-de-sobreaviso\/\" \/>\n<meta property=\"og:site_name\" content=\"Manchester FM 93,3\" \/>\n<meta property=\"article:published_time\" content=\"2025-10-28T22:59:30+00:00\" \/>\n<meta property=\"article:modified_time\" content=\"2025-10-28T22:59:33+00:00\" \/>\n<meta name=\"twitter:card\" content=\"summary_large_image\" \/>\n<meta name=\"twitter:label1\" content=\"Escrito por\" \/>\n\t<meta name=\"twitter:data1\" content=\"admin\" \/>\n\t<meta name=\"twitter:label2\" content=\"Est. tempo de leitura\" \/>\n\t<meta name=\"twitter:data2\" content=\"4 minutos\" \/>\n<script type=\"application\/ld+json\" class=\"yoast-schema-graph\">{\"@context\":\"https:\/\/schema.org\",\"@graph\":[{\"@type\":\"WebSite\",\"@id\":\"https:\/\/www.radiomanchester.com.br\/fm\/#website\",\"url\":\"https:\/\/www.radiomanchester.com.br\/fm\/\",\"name\":\"Manchester FM 93,3\",\"description\":\"Todo Mundo Ouve!\",\"potentialAction\":[{\"@type\":\"SearchAction\",\"target\":{\"@type\":\"EntryPoint\",\"urlTemplate\":\"https:\/\/www.radiomanchester.com.br\/fm\/?s={search_term_string}\"},\"query-input\":\"required name=search_term_string\"}],\"inLanguage\":\"pt-BR\"},{\"@type\":\"WebPage\",\"@id\":\"https:\/\/www.radiomanchester.com.br\/fm\/apos-megaoperacao-contra-o-cv-toda-a-policia-do-rj-esta-de-sobreaviso\/#webpage\",\"url\":\"https:\/\/www.radiomanchester.com.br\/fm\/apos-megaoperacao-contra-o-cv-toda-a-policia-do-rj-esta-de-sobreaviso\/\",\"name\":\"Ap\u00f3s megaopera\u00e7\u00e3o contra o CV, toda a pol\u00edcia do RJ est\u00e1 de sobreaviso - Manchester FM 93,3\",\"isPartOf\":{\"@id\":\"https:\/\/www.radiomanchester.com.br\/fm\/#website\"},\"datePublished\":\"2025-10-28T22:59:30+00:00\",\"dateModified\":\"2025-10-28T22:59:33+00:00\",\"author\":{\"@id\":\"https:\/\/www.radiomanchester.com.br\/fm\/#\/schema\/person\/408a7b4d4e32cbebd90e2782852abca3\"},\"breadcrumb\":{\"@id\":\"https:\/\/www.radiomanchester.com.br\/fm\/apos-megaoperacao-contra-o-cv-toda-a-policia-do-rj-esta-de-sobreaviso\/#breadcrumb\"},\"inLanguage\":\"pt-BR\",\"potentialAction\":[{\"@type\":\"ReadAction\",\"target\":[\"https:\/\/www.radiomanchester.com.br\/fm\/apos-megaoperacao-contra-o-cv-toda-a-policia-do-rj-esta-de-sobreaviso\/\"]}]},{\"@type\":\"BreadcrumbList\",\"@id\":\"https:\/\/www.radiomanchester.com.br\/fm\/apos-megaoperacao-contra-o-cv-toda-a-policia-do-rj-esta-de-sobreaviso\/#breadcrumb\",\"itemListElement\":[{\"@type\":\"ListItem\",\"position\":1,\"name\":\"Home\",\"item\":\"https:\/\/www.radiomanchester.com.br\/fm\/\"},{\"@type\":\"ListItem\",\"position\":2,\"name\":\"Ap\u00f3s megaopera\u00e7\u00e3o contra o CV, toda a pol\u00edcia do RJ est\u00e1 de sobreaviso\"}]},{\"@type\":\"Person\",\"@id\":\"https:\/\/www.radiomanchester.com.br\/fm\/#\/schema\/person\/408a7b4d4e32cbebd90e2782852abca3\",\"name\":\"admin\",\"image\":{\"@type\":\"ImageObject\",\"@id\":\"https:\/\/www.radiomanchester.com.br\/fm\/#personlogo\",\"inLanguage\":\"pt-BR\",\"url\":\"https:\/\/secure.gravatar.com\/avatar\/115a974dba3376872eb3addeb276301c?s=96&d=mm&r=g\",\"contentUrl\":\"https:\/\/secure.gravatar.com\/avatar\/115a974dba3376872eb3addeb276301c?s=96&d=mm&r=g\",\"caption\":\"admin\"},\"url\":\"https:\/\/www.radiomanchester.com.br\/fm\/author\/admin\/\"}]}<\/script>\n<!-- \/ Yoast SEO plugin. -->","yoast_head_json":{"title":"Ap\u00f3s megaopera\u00e7\u00e3o contra o CV, toda a pol\u00edcia do RJ est\u00e1 de sobreaviso - Manchester FM 93,3","robots":{"index":"index","follow":"follow","max-snippet":"max-snippet:-1","max-image-preview":"max-image-preview:large","max-video-preview":"max-video-preview:-1"},"canonical":"https:\/\/www.radiomanchester.com.br\/fm\/apos-megaoperacao-contra-o-cv-toda-a-policia-do-rj-esta-de-sobreaviso\/","og_locale":"pt_BR","og_type":"article","og_title":"Ap\u00f3s megaopera\u00e7\u00e3o contra o CV, toda a pol\u00edcia do RJ est\u00e1 de sobreaviso - Manchester FM 93,3","og_description":"Depois da megaopera\u00e7\u00e3o deflagrada contra o Comando Vermelho (CV), nesta ter\u00e7a-feira (28\/10), nos complexos do Alem\u00e3o e da Penha (zona norte do Rio de Janeiro), a coluna apurou que todos os policiais militares e civis do Rio de Janeiro (RJ) est\u00e3o agora de sobreaviso. Isso significa que ambas as corpora\u00e7\u00f5es ficar\u00e3o em regime de prontid\u00e3o [&hellip;]","og_url":"https:\/\/www.radiomanchester.com.br\/fm\/apos-megaoperacao-contra-o-cv-toda-a-policia-do-rj-esta-de-sobreaviso\/","og_site_name":"Manchester FM 93,3","article_published_time":"2025-10-28T22:59:30+00:00","article_modified_time":"2025-10-28T22:59:33+00:00","twitter_card":"summary_large_image","twitter_misc":{"Escrito por":"admin","Est. tempo de leitura":"4 minutos"},"schema":{"@context":"https:\/\/schema.org","@graph":[{"@type":"WebSite","@id":"https:\/\/www.radiomanchester.com.br\/fm\/#website","url":"https:\/\/www.radiomanchester.com.br\/fm\/","name":"Manchester FM 93,3","description":"Todo Mundo Ouve!","potentialAction":[{"@type":"SearchAction","target":{"@type":"EntryPoint","urlTemplate":"https:\/\/www.radiomanchester.com.br\/fm\/?s={search_term_string}"},"query-input":"required name=search_term_string"}],"inLanguage":"pt-BR"},{"@type":"WebPage","@id":"https:\/\/www.radiomanchester.com.br\/fm\/apos-megaoperacao-contra-o-cv-toda-a-policia-do-rj-esta-de-sobreaviso\/#webpage","url":"https:\/\/www.radiomanchester.com.br\/fm\/apos-megaoperacao-contra-o-cv-toda-a-policia-do-rj-esta-de-sobreaviso\/","name":"Ap\u00f3s megaopera\u00e7\u00e3o contra o CV, toda a pol\u00edcia do RJ est\u00e1 de sobreaviso - Manchester FM 93,3","isPartOf":{"@id":"https:\/\/www.radiomanchester.com.br\/fm\/#website"},"datePublished":"2025-10-28T22:59:30+00:00","dateModified":"2025-10-28T22:59:33+00:00","author":{"@id":"https:\/\/www.radiomanchester.com.br\/fm\/#\/schema\/person\/408a7b4d4e32cbebd90e2782852abca3"},"breadcrumb":{"@id":"https:\/\/www.radiomanchester.com.br\/fm\/apos-megaoperacao-contra-o-cv-toda-a-policia-do-rj-esta-de-sobreaviso\/#breadcrumb"},"inLanguage":"pt-BR","potentialAction":[{"@type":"ReadAction","target":["https:\/\/www.radiomanchester.com.br\/fm\/apos-megaoperacao-contra-o-cv-toda-a-policia-do-rj-esta-de-sobreaviso\/"]}]},{"@type":"BreadcrumbList","@id":"https:\/\/www.radiomanchester.com.br\/fm\/apos-megaoperacao-contra-o-cv-toda-a-policia-do-rj-esta-de-sobreaviso\/#breadcrumb","itemListElement":[{"@type":"ListItem","position":1,"name":"Home","item":"https:\/\/www.radiomanchester.com.br\/fm\/"},{"@type":"ListItem","position":2,"name":"Ap\u00f3s megaopera\u00e7\u00e3o contra o CV, toda a pol\u00edcia do RJ est\u00e1 de sobreaviso"}]},{"@type":"Person","@id":"https:\/\/www.radiomanchester.com.br\/fm\/#\/schema\/person\/408a7b4d4e32cbebd90e2782852abca3","name":"admin","image":{"@type":"ImageObject","@id":"https:\/\/www.radiomanchester.com.br\/fm\/#personlogo","inLanguage":"pt-BR","url":"https:\/\/secure.gravatar.com\/avatar\/115a974dba3376872eb3addeb276301c?s=96&d=mm&r=g","contentUrl":"https:\/\/secure.gravatar.com\/avatar\/115a974dba3376872eb3addeb276301c?s=96&d=mm&r=g","caption":"admin"},"url":"https:\/\/www.radiomanchester.com.br\/fm\/author\/admin\/"}]}},"_links":{"self":[{"href":"https:\/\/www.radiomanchester.com.br\/fm\/wp-json\/wp\/v2\/posts\/16772"}],"collection":[{"href":"https:\/\/www.radiomanchester.com.br\/fm\/wp-json\/wp\/v2\/posts"}],"about":[{"href":"https:\/\/www.radiomanchester.com.br\/fm\/wp-json\/wp\/v2\/types\/post"}],"author":[{"embeddable":true,"href":"https:\/\/www.radiomanchester.com.br\/fm\/wp-json\/wp\/v2\/users\/1"}],"replies":[{"embeddable":true,"href":"https:\/\/www.radiomanchester.com.br\/fm\/wp-json\/wp\/v2\/comments?post=16772"}],"version-history":[{"count":1,"href":"https:\/\/www.radiomanchester.com.br\/fm\/wp-json\/wp\/v2\/posts\/16772\/revisions"}],"predecessor-version":[{"id":16773,"href":"https:\/\/www.radiomanchester.com.br\/fm\/wp-json\/wp\/v2\/posts\/16772\/revisions\/16773"}],"wp:attachment":[{"href":"https:\/\/www.radiomanchester.com.br\/fm\/wp-json\/wp\/v2\/media?parent=16772"}],"wp:term":[{"taxonomy":"category","embeddable":true,"href":"https:\/\/www.radiomanchester.com.br\/fm\/wp-json\/wp\/v2\/categories?post=16772"},{"taxonomy":"post_tag","embeddable":true,"href":"https:\/\/www.radiomanchester.com.br\/fm\/wp-json\/wp\/v2\/tags?post=16772"}],"curies":[{"name":"wp","href":"https:\/\/api.w.org\/{rel}","templated":true}]}}