{"id":16779,"date":"2025-10-29T11:10:41","date_gmt":"2025-10-29T14:10:41","guid":{"rendered":"https:\/\/www.radiomanchester.com.br\/fm\/?p=16779"},"modified":"2025-10-29T11:10:42","modified_gmt":"2025-10-29T14:10:42","slug":"moradores-retiram-cerca-de-60-corpos-em-area-de-mata-apos-operacao","status":"publish","type":"post","link":"https:\/\/www.radiomanchester.com.br\/fm\/moradores-retiram-cerca-de-60-corpos-em-area-de-mata-apos-operacao\/","title":{"rendered":"Moradores retiram cerca de 60 corpos em \u00e1rea de mata ap\u00f3s opera\u00e7\u00e3o"},"content":{"rendered":"\n<p><em><strong>Comunidade diz que eles n\u00e3o fazem parte da contagem oficial<\/strong><\/em><\/p>\n\n\n\n<hr class=\"wp-block-separator\"\/>\n\n\n\n<p>Cerca de 60 corpos foram localizados e retirados de uma \u00e1rea de mata do Complexo da Penha por moradores, ap\u00f3s a Opera\u00e7\u00e3o Conten\u00e7\u00e3o realizada pelas for\u00e7as de seguran\u00e7a do estado, nessa ter\u00e7a-feira (28\/10). Os corpos foram reunidos na Pra\u00e7a S\u00e3o Lucas, no centro da comunidade, e de acordo com os moradores, n\u00e3o fazem parte da contagem oficial de 64 mortos &#8211; 60 suspeitos e 4 policiais. A Pol\u00edcia Militar foi procurada, mas ainda n\u00e3o se pronunciou.<\/p>\n\n\n\n<p>A pedido dos familiares, os corpos foram expostos para registro da imprensa, e depois foram cobertos com len\u00e7\u00f3is. A comunidade aguarda a retirada dos corpos pelo Instituto M\u00e9dico-Legal.<\/p>\n\n\n\n<p>Se eles realmente estiverem fora das 64 v\u00edtimas contabilizadas ontem, o n\u00famero total de mortos da opera\u00e7\u00e3o mais letal j\u00e1 realizada pelas for\u00e7as de seguran\u00e7a do Rio, pode chegar a 120. Durante a noite, mais seis corpos encontrados em \u00e1rea de mata no Complexo do Alem\u00e3o foram levados para o Hospital Get\u00falio Vargas.<\/p>\n\n\n\n<p>O Corpo de Bombeiros j\u00e1 come\u00e7ou a retirar os corpos no Complexo da Penha. Ainda h\u00e1 incerteza sobre o n\u00famero total de mortos na a\u00e7\u00e3o, que est\u00e1 sendo considerada pelo governo do estado como \u201ca maior opera\u00e7\u00e3o da hist\u00f3ria do Rio de Janeiro\u201d. A contagem oficial na ter\u00e7a-feira foi de 64 \u00f3bitos, sendo 60 suspeitos e 4 policiais. Isso j\u00e1 caracteriza a a\u00e7\u00e3o como a mais letal.<\/p>\n\n\n\n<p>No entanto, seis corpos encontrados por moradores no Complexo do Alem\u00e3o foram levados para o Hospital Get\u00falio Vargas durante a noite, al\u00e9m dos 60 localizados na Penha durante a madrugada e manh\u00e3 de hoje. Caso n\u00e3o haja duplicidade, a conta pode chegar a 130 mortos.<\/p>\n\n\n\n<p>por Ag\u00eancia Brasil<\/p>\n","protected":false},"excerpt":{"rendered":"<p class=\"excerpt\">Comunidade diz que eles n\u00e3o fazem parte da contagem oficial Cerca de 60 corpos foram localizados e retirados de uma \u00e1rea de mata do Complexo da Penha por moradores, ap\u00f3s a Opera\u00e7\u00e3o Conten\u00e7\u00e3o realizada pelas for\u00e7as de seguran\u00e7a do estado, nessa ter\u00e7a-feira (28\/10). Os corpos foram reunidos na Pra\u00e7a S\u00e3o Lucas, no centro da comunidade, [&hellip;]<\/p>\n","protected":false},"author":1,"featured_media":0,"comment_status":"open","ping_status":"open","sticky":false,"template":"","format":"standard","meta":[],"categories":[8,17],"tags":[22,24,113,83,92],"yoast_head":"<!-- This site is optimized with the Yoast SEO plugin v18.3 - https:\/\/yoast.com\/wordpress\/plugins\/seo\/ -->\n<title>Moradores retiram cerca de 60 corpos em \u00e1rea de mata ap\u00f3s opera\u00e7\u00e3o - Manchester FM 93,3<\/title>\n<meta name=\"robots\" content=\"index, follow, max-snippet:-1, max-image-preview:large, max-video-preview:-1\" \/>\n<link rel=\"canonical\" href=\"https:\/\/www.radiomanchester.com.br\/fm\/moradores-retiram-cerca-de-60-corpos-em-area-de-mata-apos-operacao\/\" \/>\n<meta property=\"og:locale\" content=\"pt_BR\" \/>\n<meta property=\"og:type\" content=\"article\" \/>\n<meta property=\"og:title\" content=\"Moradores retiram cerca de 60 corpos em \u00e1rea de mata ap\u00f3s opera\u00e7\u00e3o - Manchester FM 93,3\" \/>\n<meta property=\"og:description\" content=\"Comunidade diz que eles n\u00e3o fazem parte da contagem oficial Cerca de 60 corpos foram localizados e retirados de uma \u00e1rea de mata do Complexo da Penha por moradores, ap\u00f3s a Opera\u00e7\u00e3o Conten\u00e7\u00e3o realizada pelas for\u00e7as de seguran\u00e7a do estado, nessa ter\u00e7a-feira (28\/10). Os corpos foram reunidos na Pra\u00e7a S\u00e3o Lucas, no centro da comunidade, [&hellip;]\" \/>\n<meta property=\"og:url\" content=\"https:\/\/www.radiomanchester.com.br\/fm\/moradores-retiram-cerca-de-60-corpos-em-area-de-mata-apos-operacao\/\" \/>\n<meta property=\"og:site_name\" content=\"Manchester FM 93,3\" \/>\n<meta property=\"article:published_time\" content=\"2025-10-29T14:10:41+00:00\" \/>\n<meta property=\"article:modified_time\" content=\"2025-10-29T14:10:42+00:00\" \/>\n<meta name=\"twitter:card\" content=\"summary_large_image\" \/>\n<meta name=\"twitter:label1\" content=\"Escrito por\" \/>\n\t<meta name=\"twitter:data1\" content=\"admin\" \/>\n\t<meta name=\"twitter:label2\" content=\"Est. tempo de leitura\" \/>\n\t<meta name=\"twitter:data2\" content=\"2 minutos\" \/>\n<script type=\"application\/ld+json\" class=\"yoast-schema-graph\">{\"@context\":\"https:\/\/schema.org\",\"@graph\":[{\"@type\":\"WebSite\",\"@id\":\"https:\/\/www.radiomanchester.com.br\/fm\/#website\",\"url\":\"https:\/\/www.radiomanchester.com.br\/fm\/\",\"name\":\"Manchester FM 93,3\",\"description\":\"Todo Mundo Ouve!\",\"potentialAction\":[{\"@type\":\"SearchAction\",\"target\":{\"@type\":\"EntryPoint\",\"urlTemplate\":\"https:\/\/www.radiomanchester.com.br\/fm\/?s={search_term_string}\"},\"query-input\":\"required name=search_term_string\"}],\"inLanguage\":\"pt-BR\"},{\"@type\":\"WebPage\",\"@id\":\"https:\/\/www.radiomanchester.com.br\/fm\/moradores-retiram-cerca-de-60-corpos-em-area-de-mata-apos-operacao\/#webpage\",\"url\":\"https:\/\/www.radiomanchester.com.br\/fm\/moradores-retiram-cerca-de-60-corpos-em-area-de-mata-apos-operacao\/\",\"name\":\"Moradores retiram cerca de 60 corpos em \u00e1rea de mata ap\u00f3s opera\u00e7\u00e3o - Manchester FM 93,3\",\"isPartOf\":{\"@id\":\"https:\/\/www.radiomanchester.com.br\/fm\/#website\"},\"datePublished\":\"2025-10-29T14:10:41+00:00\",\"dateModified\":\"2025-10-29T14:10:42+00:00\",\"author\":{\"@id\":\"https:\/\/www.radiomanchester.com.br\/fm\/#\/schema\/person\/408a7b4d4e32cbebd90e2782852abca3\"},\"breadcrumb\":{\"@id\":\"https:\/\/www.radiomanchester.com.br\/fm\/moradores-retiram-cerca-de-60-corpos-em-area-de-mata-apos-operacao\/#breadcrumb\"},\"inLanguage\":\"pt-BR\",\"potentialAction\":[{\"@type\":\"ReadAction\",\"target\":[\"https:\/\/www.radiomanchester.com.br\/fm\/moradores-retiram-cerca-de-60-corpos-em-area-de-mata-apos-operacao\/\"]}]},{\"@type\":\"BreadcrumbList\",\"@id\":\"https:\/\/www.radiomanchester.com.br\/fm\/moradores-retiram-cerca-de-60-corpos-em-area-de-mata-apos-operacao\/#breadcrumb\",\"itemListElement\":[{\"@type\":\"ListItem\",\"position\":1,\"name\":\"Home\",\"item\":\"https:\/\/www.radiomanchester.com.br\/fm\/\"},{\"@type\":\"ListItem\",\"position\":2,\"name\":\"Moradores retiram cerca de 60 corpos em \u00e1rea de mata ap\u00f3s opera\u00e7\u00e3o\"}]},{\"@type\":\"Person\",\"@id\":\"https:\/\/www.radiomanchester.com.br\/fm\/#\/schema\/person\/408a7b4d4e32cbebd90e2782852abca3\",\"name\":\"admin\",\"image\":{\"@type\":\"ImageObject\",\"@id\":\"https:\/\/www.radiomanchester.com.br\/fm\/#personlogo\",\"inLanguage\":\"pt-BR\",\"url\":\"https:\/\/secure.gravatar.com\/avatar\/115a974dba3376872eb3addeb276301c?s=96&d=mm&r=g\",\"contentUrl\":\"https:\/\/secure.gravatar.com\/avatar\/115a974dba3376872eb3addeb276301c?s=96&d=mm&r=g\",\"caption\":\"admin\"},\"url\":\"https:\/\/www.radiomanchester.com.br\/fm\/author\/admin\/\"}]}<\/script>\n<!-- \/ Yoast SEO plugin. -->","yoast_head_json":{"title":"Moradores retiram cerca de 60 corpos em \u00e1rea de mata ap\u00f3s opera\u00e7\u00e3o - Manchester FM 93,3","robots":{"index":"index","follow":"follow","max-snippet":"max-snippet:-1","max-image-preview":"max-image-preview:large","max-video-preview":"max-video-preview:-1"},"canonical":"https:\/\/www.radiomanchester.com.br\/fm\/moradores-retiram-cerca-de-60-corpos-em-area-de-mata-apos-operacao\/","og_locale":"pt_BR","og_type":"article","og_title":"Moradores retiram cerca de 60 corpos em \u00e1rea de mata ap\u00f3s opera\u00e7\u00e3o - Manchester FM 93,3","og_description":"Comunidade diz que eles n\u00e3o fazem parte da contagem oficial Cerca de 60 corpos foram localizados e retirados de uma \u00e1rea de mata do Complexo da Penha por moradores, ap\u00f3s a Opera\u00e7\u00e3o Conten\u00e7\u00e3o realizada pelas for\u00e7as de seguran\u00e7a do estado, nessa ter\u00e7a-feira (28\/10). Os corpos foram reunidos na Pra\u00e7a S\u00e3o Lucas, no centro da comunidade, [&hellip;]","og_url":"https:\/\/www.radiomanchester.com.br\/fm\/moradores-retiram-cerca-de-60-corpos-em-area-de-mata-apos-operacao\/","og_site_name":"Manchester FM 93,3","article_published_time":"2025-10-29T14:10:41+00:00","article_modified_time":"2025-10-29T14:10:42+00:00","twitter_card":"summary_large_image","twitter_misc":{"Escrito por":"admin","Est. tempo de leitura":"2 minutos"},"schema":{"@context":"https:\/\/schema.org","@graph":[{"@type":"WebSite","@id":"https:\/\/www.radiomanchester.com.br\/fm\/#website","url":"https:\/\/www.radiomanchester.com.br\/fm\/","name":"Manchester FM 93,3","description":"Todo Mundo Ouve!","potentialAction":[{"@type":"SearchAction","target":{"@type":"EntryPoint","urlTemplate":"https:\/\/www.radiomanchester.com.br\/fm\/?s={search_term_string}"},"query-input":"required name=search_term_string"}],"inLanguage":"pt-BR"},{"@type":"WebPage","@id":"https:\/\/www.radiomanchester.com.br\/fm\/moradores-retiram-cerca-de-60-corpos-em-area-de-mata-apos-operacao\/#webpage","url":"https:\/\/www.radiomanchester.com.br\/fm\/moradores-retiram-cerca-de-60-corpos-em-area-de-mata-apos-operacao\/","name":"Moradores retiram cerca de 60 corpos em \u00e1rea de mata ap\u00f3s opera\u00e7\u00e3o - Manchester FM 93,3","isPartOf":{"@id":"https:\/\/www.radiomanchester.com.br\/fm\/#website"},"datePublished":"2025-10-29T14:10:41+00:00","dateModified":"2025-10-29T14:10:42+00:00","author":{"@id":"https:\/\/www.radiomanchester.com.br\/fm\/#\/schema\/person\/408a7b4d4e32cbebd90e2782852abca3"},"breadcrumb":{"@id":"https:\/\/www.radiomanchester.com.br\/fm\/moradores-retiram-cerca-de-60-corpos-em-area-de-mata-apos-operacao\/#breadcrumb"},"inLanguage":"pt-BR","potentialAction":[{"@type":"ReadAction","target":["https:\/\/www.radiomanchester.com.br\/fm\/moradores-retiram-cerca-de-60-corpos-em-area-de-mata-apos-operacao\/"]}]},{"@type":"BreadcrumbList","@id":"https:\/\/www.radiomanchester.com.br\/fm\/moradores-retiram-cerca-de-60-corpos-em-area-de-mata-apos-operacao\/#breadcrumb","itemListElement":[{"@type":"ListItem","position":1,"name":"Home","item":"https:\/\/www.radiomanchester.com.br\/fm\/"},{"@type":"ListItem","position":2,"name":"Moradores retiram cerca de 60 corpos em \u00e1rea de mata ap\u00f3s opera\u00e7\u00e3o"}]},{"@type":"Person","@id":"https:\/\/www.radiomanchester.com.br\/fm\/#\/schema\/person\/408a7b4d4e32cbebd90e2782852abca3","name":"admin","image":{"@type":"ImageObject","@id":"https:\/\/www.radiomanchester.com.br\/fm\/#personlogo","inLanguage":"pt-BR","url":"https:\/\/secure.gravatar.com\/avatar\/115a974dba3376872eb3addeb276301c?s=96&d=mm&r=g","contentUrl":"https:\/\/secure.gravatar.com\/avatar\/115a974dba3376872eb3addeb276301c?s=96&d=mm&r=g","caption":"admin"},"url":"https:\/\/www.radiomanchester.com.br\/fm\/author\/admin\/"}]}},"_links":{"self":[{"href":"https:\/\/www.radiomanchester.com.br\/fm\/wp-json\/wp\/v2\/posts\/16779"}],"collection":[{"href":"https:\/\/www.radiomanchester.com.br\/fm\/wp-json\/wp\/v2\/posts"}],"about":[{"href":"https:\/\/www.radiomanchester.com.br\/fm\/wp-json\/wp\/v2\/types\/post"}],"author":[{"embeddable":true,"href":"https:\/\/www.radiomanchester.com.br\/fm\/wp-json\/wp\/v2\/users\/1"}],"replies":[{"embeddable":true,"href":"https:\/\/www.radiomanchester.com.br\/fm\/wp-json\/wp\/v2\/comments?post=16779"}],"version-history":[{"count":1,"href":"https:\/\/www.radiomanchester.com.br\/fm\/wp-json\/wp\/v2\/posts\/16779\/revisions"}],"predecessor-version":[{"id":16780,"href":"https:\/\/www.radiomanchester.com.br\/fm\/wp-json\/wp\/v2\/posts\/16779\/revisions\/16780"}],"wp:attachment":[{"href":"https:\/\/www.radiomanchester.com.br\/fm\/wp-json\/wp\/v2\/media?parent=16779"}],"wp:term":[{"taxonomy":"category","embeddable":true,"href":"https:\/\/www.radiomanchester.com.br\/fm\/wp-json\/wp\/v2\/categories?post=16779"},{"taxonomy":"post_tag","embeddable":true,"href":"https:\/\/www.radiomanchester.com.br\/fm\/wp-json\/wp\/v2\/tags?post=16779"}],"curies":[{"name":"wp","href":"https:\/\/api.w.org\/{rel}","templated":true}]}}