{"id":16781,"date":"2025-10-29T21:19:01","date_gmt":"2025-10-30T00:19:01","guid":{"rendered":"https:\/\/www.radiomanchester.com.br\/fm\/?p=16781"},"modified":"2025-10-29T21:19:03","modified_gmt":"2025-10-30T00:19:03","slug":"no-rio-de-janeiro-lewandowski-anuncia-criacao-de-escritorio-emergencial-de-combate-ao-crime-organizado","status":"publish","type":"post","link":"https:\/\/www.radiomanchester.com.br\/fm\/no-rio-de-janeiro-lewandowski-anuncia-criacao-de-escritorio-emergencial-de-combate-ao-crime-organizado\/","title":{"rendered":"No Rio de Janeiro, Lewandowski anuncia cria\u00e7\u00e3o de escrit\u00f3rio emergencial de combate ao crime organizado"},"content":{"rendered":"\n<p><em><strong>Comitiva do Governo Federal se reuniu com autoridades do governo fluminense, no Pal\u00e1cio da Guanabara<\/strong><\/em><\/p>\n\n\n\n<hr class=\"wp-block-separator\"\/>\n\n\n\n<p>O ministro da Justi\u00e7a e Seguran\u00e7a P\u00fablica, Ricardo Lewandowski, comunicou a cria\u00e7\u00e3o de um escrit\u00f3rio emergencial de combate ao crime organizado no estado do Rio de Janeiro. O an\u00fancio foi feito nesta quarta-feira (29\/10), no Pal\u00e1cio da Guanabara, ap\u00f3s reuni\u00e3o com o governador do Rio de Janeiro, Cl\u00e1udio Castro, e demais autoridades do governo fluminense.<\/p>\n\n\n\n<p>De acordo com Lewandowski, o escrit\u00f3rio emergencial facilitar\u00e1 o di\u00e1logo entre a Uni\u00e3o e o governo estadual desfazendo amarras burocr\u00e1ticas, al\u00e9m de unir os esfor\u00e7os das for\u00e7as federais e estaduais de seguran\u00e7a p\u00fablica para que a crise no Rio de Janeiro seja rapidamente superada. \u201cEsse ser\u00e1 um embri\u00e3o do que queremos implementar nos estados com a PEC da Seguran\u00e7a P\u00fablica para enfrentar o flagelo que \u00e9 a criminalidade organizada\u201d, disse.<\/p>\n\n\n\n<p>Dentro da estrutura emergencial criada, tamb\u00e9m atuar\u00e3o o Comit\u00ea de Intelig\u00eancia Financeira e Recupera\u00e7\u00e3o de Ativos (CIFRA), com foco na descapitaliza\u00e7\u00e3o das organiza\u00e7\u00f5es criminosas, mediante intelig\u00eancia financeira, recupera\u00e7\u00e3o de ativos e assessoramento especializado em investiga\u00e7\u00f5es de lavagem de dinheiro, e a For\u00e7a Integrada de Combate ao Crime Organizado (FICCO, uma estrutura de coopera\u00e7\u00e3o criada pelo Minist\u00e9rio da Justi\u00e7a e Seguran\u00e7a P\u00fablica (MJSP) em parceria com \u00f3rg\u00e3os estaduais e federais de seguran\u00e7a.<\/p>\n\n\n\n<p>Segundo o ministro, o Governo Federal se colocou \u00e0 disposi\u00e7\u00e3o para apoiar a popula\u00e7\u00e3o do Rio de Janeiro neste momento de crise. \u201cN\u00f3s vivemos em federalismo cooperativo. O problema de uma unidade federal \u00e9 um problema de todos os estados membros\u201d, afirmou.<\/p>\n\n\n\n<p>Ricardo Lewandowski ainda ressaltou que colocou \u00e0 disposi\u00e7\u00e3o do Governo do estado do Rio de Janeiro as vagas necess\u00e1rias para a transfer\u00eancia de lideran\u00e7as de fac\u00e7\u00f5es para pres\u00eddios federais, aumento no efetivo da For\u00e7a Nacional de Seguran\u00e7a P\u00fablica, de peritos criminais, a utiliza\u00e7\u00e3o de banco de dados de DNA, bal\u00edstica, entre outros. O ministro destacou ainda que a Pol\u00edcia Federal vai intensificar as atividades de intelig\u00eancia para a asfixia financeira do crime organizado.<\/p>\n\n\n\n<p>At\u00e9 o fim do ano, a Pol\u00edcia Rodovi\u00e1ria Federal (PRF) aumentar\u00e1 o efetivo no Rio de Janeiro em 50%, o que resulta em um total de 350 policiais a mais atuando no estado.<\/p>\n\n\n\n<p>O governador do estado do Rio de Janeiro, Cl\u00e1udio Castro, afirmou que, durante o di\u00e1logo, as ofertas do Governo Federal foram prontamente aceitas. De acordo com Castro, as for\u00e7as federais e estaduais ter\u00e3o a\u00e7\u00f5es 100% integradas. \u201cDentro das compet\u00eancias de cada \u00f3rg\u00e3o, vamos atuar para fazer uma seguran\u00e7a p\u00fablica voltada ao cidad\u00e3o, que \u00e9 o grande motivo da atua\u00e7\u00e3o estatal\u201d, afirmou.<\/p>\n\n\n\n<p>porGov Federal<\/p>\n","protected":false},"excerpt":{"rendered":"<p class=\"excerpt\">Comitiva do Governo Federal se reuniu com autoridades do governo fluminense, no Pal\u00e1cio da Guanabara O ministro da Justi\u00e7a e Seguran\u00e7a P\u00fablica, Ricardo Lewandowski, comunicou a cria\u00e7\u00e3o de um escrit\u00f3rio emergencial de combate ao crime organizado no estado do Rio de Janeiro. O an\u00fancio foi feito nesta quarta-feira (29\/10), no Pal\u00e1cio da Guanabara, ap\u00f3s reuni\u00e3o [&hellip;]<\/p>\n","protected":false},"author":1,"featured_media":0,"comment_status":"open","ping_status":"open","sticky":false,"template":"","format":"standard","meta":[],"categories":[8,17],"tags":[22,24,113,83,92],"yoast_head":"<!-- This site is optimized with the Yoast SEO plugin v18.3 - https:\/\/yoast.com\/wordpress\/plugins\/seo\/ -->\n<title>No Rio de Janeiro, Lewandowski anuncia cria\u00e7\u00e3o de escrit\u00f3rio emergencial de combate ao crime organizado - Manchester FM 93,3<\/title>\n<meta name=\"robots\" content=\"index, follow, max-snippet:-1, max-image-preview:large, max-video-preview:-1\" \/>\n<link rel=\"canonical\" href=\"https:\/\/www.radiomanchester.com.br\/fm\/no-rio-de-janeiro-lewandowski-anuncia-criacao-de-escritorio-emergencial-de-combate-ao-crime-organizado\/\" \/>\n<meta property=\"og:locale\" content=\"pt_BR\" \/>\n<meta property=\"og:type\" content=\"article\" \/>\n<meta property=\"og:title\" content=\"No Rio de Janeiro, Lewandowski anuncia cria\u00e7\u00e3o de escrit\u00f3rio emergencial de combate ao crime organizado - Manchester FM 93,3\" \/>\n<meta property=\"og:description\" content=\"Comitiva do Governo Federal se reuniu com autoridades do governo fluminense, no Pal\u00e1cio da Guanabara O ministro da Justi\u00e7a e Seguran\u00e7a P\u00fablica, Ricardo Lewandowski, comunicou a cria\u00e7\u00e3o de um escrit\u00f3rio emergencial de combate ao crime organizado no estado do Rio de Janeiro. O an\u00fancio foi feito nesta quarta-feira (29\/10), no Pal\u00e1cio da Guanabara, ap\u00f3s reuni\u00e3o [&hellip;]\" \/>\n<meta property=\"og:url\" content=\"https:\/\/www.radiomanchester.com.br\/fm\/no-rio-de-janeiro-lewandowski-anuncia-criacao-de-escritorio-emergencial-de-combate-ao-crime-organizado\/\" \/>\n<meta property=\"og:site_name\" content=\"Manchester FM 93,3\" \/>\n<meta property=\"article:published_time\" content=\"2025-10-30T00:19:01+00:00\" \/>\n<meta property=\"article:modified_time\" content=\"2025-10-30T00:19:03+00:00\" \/>\n<meta name=\"twitter:card\" content=\"summary_large_image\" \/>\n<meta name=\"twitter:label1\" content=\"Escrito por\" \/>\n\t<meta name=\"twitter:data1\" content=\"admin\" \/>\n\t<meta name=\"twitter:label2\" content=\"Est. tempo de leitura\" \/>\n\t<meta name=\"twitter:data2\" content=\"3 minutos\" \/>\n<script type=\"application\/ld+json\" class=\"yoast-schema-graph\">{\"@context\":\"https:\/\/schema.org\",\"@graph\":[{\"@type\":\"WebSite\",\"@id\":\"https:\/\/www.radiomanchester.com.br\/fm\/#website\",\"url\":\"https:\/\/www.radiomanchester.com.br\/fm\/\",\"name\":\"Manchester FM 93,3\",\"description\":\"Todo Mundo Ouve!\",\"potentialAction\":[{\"@type\":\"SearchAction\",\"target\":{\"@type\":\"EntryPoint\",\"urlTemplate\":\"https:\/\/www.radiomanchester.com.br\/fm\/?s={search_term_string}\"},\"query-input\":\"required name=search_term_string\"}],\"inLanguage\":\"pt-BR\"},{\"@type\":\"WebPage\",\"@id\":\"https:\/\/www.radiomanchester.com.br\/fm\/no-rio-de-janeiro-lewandowski-anuncia-criacao-de-escritorio-emergencial-de-combate-ao-crime-organizado\/#webpage\",\"url\":\"https:\/\/www.radiomanchester.com.br\/fm\/no-rio-de-janeiro-lewandowski-anuncia-criacao-de-escritorio-emergencial-de-combate-ao-crime-organizado\/\",\"name\":\"No Rio de Janeiro, Lewandowski anuncia cria\u00e7\u00e3o de escrit\u00f3rio emergencial de combate ao crime organizado - Manchester FM 93,3\",\"isPartOf\":{\"@id\":\"https:\/\/www.radiomanchester.com.br\/fm\/#website\"},\"datePublished\":\"2025-10-30T00:19:01+00:00\",\"dateModified\":\"2025-10-30T00:19:03+00:00\",\"author\":{\"@id\":\"https:\/\/www.radiomanchester.com.br\/fm\/#\/schema\/person\/408a7b4d4e32cbebd90e2782852abca3\"},\"breadcrumb\":{\"@id\":\"https:\/\/www.radiomanchester.com.br\/fm\/no-rio-de-janeiro-lewandowski-anuncia-criacao-de-escritorio-emergencial-de-combate-ao-crime-organizado\/#breadcrumb\"},\"inLanguage\":\"pt-BR\",\"potentialAction\":[{\"@type\":\"ReadAction\",\"target\":[\"https:\/\/www.radiomanchester.com.br\/fm\/no-rio-de-janeiro-lewandowski-anuncia-criacao-de-escritorio-emergencial-de-combate-ao-crime-organizado\/\"]}]},{\"@type\":\"BreadcrumbList\",\"@id\":\"https:\/\/www.radiomanchester.com.br\/fm\/no-rio-de-janeiro-lewandowski-anuncia-criacao-de-escritorio-emergencial-de-combate-ao-crime-organizado\/#breadcrumb\",\"itemListElement\":[{\"@type\":\"ListItem\",\"position\":1,\"name\":\"Home\",\"item\":\"https:\/\/www.radiomanchester.com.br\/fm\/\"},{\"@type\":\"ListItem\",\"position\":2,\"name\":\"No Rio de Janeiro, Lewandowski anuncia cria\u00e7\u00e3o de escrit\u00f3rio emergencial de combate ao crime organizado\"}]},{\"@type\":\"Person\",\"@id\":\"https:\/\/www.radiomanchester.com.br\/fm\/#\/schema\/person\/408a7b4d4e32cbebd90e2782852abca3\",\"name\":\"admin\",\"image\":{\"@type\":\"ImageObject\",\"@id\":\"https:\/\/www.radiomanchester.com.br\/fm\/#personlogo\",\"inLanguage\":\"pt-BR\",\"url\":\"https:\/\/secure.gravatar.com\/avatar\/115a974dba3376872eb3addeb276301c?s=96&d=mm&r=g\",\"contentUrl\":\"https:\/\/secure.gravatar.com\/avatar\/115a974dba3376872eb3addeb276301c?s=96&d=mm&r=g\",\"caption\":\"admin\"},\"url\":\"https:\/\/www.radiomanchester.com.br\/fm\/author\/admin\/\"}]}<\/script>\n<!-- \/ Yoast SEO plugin. -->","yoast_head_json":{"title":"No Rio de Janeiro, Lewandowski anuncia cria\u00e7\u00e3o de escrit\u00f3rio emergencial de combate ao crime organizado - Manchester FM 93,3","robots":{"index":"index","follow":"follow","max-snippet":"max-snippet:-1","max-image-preview":"max-image-preview:large","max-video-preview":"max-video-preview:-1"},"canonical":"https:\/\/www.radiomanchester.com.br\/fm\/no-rio-de-janeiro-lewandowski-anuncia-criacao-de-escritorio-emergencial-de-combate-ao-crime-organizado\/","og_locale":"pt_BR","og_type":"article","og_title":"No Rio de Janeiro, Lewandowski anuncia cria\u00e7\u00e3o de escrit\u00f3rio emergencial de combate ao crime organizado - Manchester FM 93,3","og_description":"Comitiva do Governo Federal se reuniu com autoridades do governo fluminense, no Pal\u00e1cio da Guanabara O ministro da Justi\u00e7a e Seguran\u00e7a P\u00fablica, Ricardo Lewandowski, comunicou a cria\u00e7\u00e3o de um escrit\u00f3rio emergencial de combate ao crime organizado no estado do Rio de Janeiro. O an\u00fancio foi feito nesta quarta-feira (29\/10), no Pal\u00e1cio da Guanabara, ap\u00f3s reuni\u00e3o [&hellip;]","og_url":"https:\/\/www.radiomanchester.com.br\/fm\/no-rio-de-janeiro-lewandowski-anuncia-criacao-de-escritorio-emergencial-de-combate-ao-crime-organizado\/","og_site_name":"Manchester FM 93,3","article_published_time":"2025-10-30T00:19:01+00:00","article_modified_time":"2025-10-30T00:19:03+00:00","twitter_card":"summary_large_image","twitter_misc":{"Escrito por":"admin","Est. tempo de leitura":"3 minutos"},"schema":{"@context":"https:\/\/schema.org","@graph":[{"@type":"WebSite","@id":"https:\/\/www.radiomanchester.com.br\/fm\/#website","url":"https:\/\/www.radiomanchester.com.br\/fm\/","name":"Manchester FM 93,3","description":"Todo Mundo Ouve!","potentialAction":[{"@type":"SearchAction","target":{"@type":"EntryPoint","urlTemplate":"https:\/\/www.radiomanchester.com.br\/fm\/?s={search_term_string}"},"query-input":"required name=search_term_string"}],"inLanguage":"pt-BR"},{"@type":"WebPage","@id":"https:\/\/www.radiomanchester.com.br\/fm\/no-rio-de-janeiro-lewandowski-anuncia-criacao-de-escritorio-emergencial-de-combate-ao-crime-organizado\/#webpage","url":"https:\/\/www.radiomanchester.com.br\/fm\/no-rio-de-janeiro-lewandowski-anuncia-criacao-de-escritorio-emergencial-de-combate-ao-crime-organizado\/","name":"No Rio de Janeiro, Lewandowski anuncia cria\u00e7\u00e3o de escrit\u00f3rio emergencial de combate ao crime organizado - Manchester FM 93,3","isPartOf":{"@id":"https:\/\/www.radiomanchester.com.br\/fm\/#website"},"datePublished":"2025-10-30T00:19:01+00:00","dateModified":"2025-10-30T00:19:03+00:00","author":{"@id":"https:\/\/www.radiomanchester.com.br\/fm\/#\/schema\/person\/408a7b4d4e32cbebd90e2782852abca3"},"breadcrumb":{"@id":"https:\/\/www.radiomanchester.com.br\/fm\/no-rio-de-janeiro-lewandowski-anuncia-criacao-de-escritorio-emergencial-de-combate-ao-crime-organizado\/#breadcrumb"},"inLanguage":"pt-BR","potentialAction":[{"@type":"ReadAction","target":["https:\/\/www.radiomanchester.com.br\/fm\/no-rio-de-janeiro-lewandowski-anuncia-criacao-de-escritorio-emergencial-de-combate-ao-crime-organizado\/"]}]},{"@type":"BreadcrumbList","@id":"https:\/\/www.radiomanchester.com.br\/fm\/no-rio-de-janeiro-lewandowski-anuncia-criacao-de-escritorio-emergencial-de-combate-ao-crime-organizado\/#breadcrumb","itemListElement":[{"@type":"ListItem","position":1,"name":"Home","item":"https:\/\/www.radiomanchester.com.br\/fm\/"},{"@type":"ListItem","position":2,"name":"No Rio de Janeiro, Lewandowski anuncia cria\u00e7\u00e3o de escrit\u00f3rio emergencial de combate ao crime organizado"}]},{"@type":"Person","@id":"https:\/\/www.radiomanchester.com.br\/fm\/#\/schema\/person\/408a7b4d4e32cbebd90e2782852abca3","name":"admin","image":{"@type":"ImageObject","@id":"https:\/\/www.radiomanchester.com.br\/fm\/#personlogo","inLanguage":"pt-BR","url":"https:\/\/secure.gravatar.com\/avatar\/115a974dba3376872eb3addeb276301c?s=96&d=mm&r=g","contentUrl":"https:\/\/secure.gravatar.com\/avatar\/115a974dba3376872eb3addeb276301c?s=96&d=mm&r=g","caption":"admin"},"url":"https:\/\/www.radiomanchester.com.br\/fm\/author\/admin\/"}]}},"_links":{"self":[{"href":"https:\/\/www.radiomanchester.com.br\/fm\/wp-json\/wp\/v2\/posts\/16781"}],"collection":[{"href":"https:\/\/www.radiomanchester.com.br\/fm\/wp-json\/wp\/v2\/posts"}],"about":[{"href":"https:\/\/www.radiomanchester.com.br\/fm\/wp-json\/wp\/v2\/types\/post"}],"author":[{"embeddable":true,"href":"https:\/\/www.radiomanchester.com.br\/fm\/wp-json\/wp\/v2\/users\/1"}],"replies":[{"embeddable":true,"href":"https:\/\/www.radiomanchester.com.br\/fm\/wp-json\/wp\/v2\/comments?post=16781"}],"version-history":[{"count":1,"href":"https:\/\/www.radiomanchester.com.br\/fm\/wp-json\/wp\/v2\/posts\/16781\/revisions"}],"predecessor-version":[{"id":16782,"href":"https:\/\/www.radiomanchester.com.br\/fm\/wp-json\/wp\/v2\/posts\/16781\/revisions\/16782"}],"wp:attachment":[{"href":"https:\/\/www.radiomanchester.com.br\/fm\/wp-json\/wp\/v2\/media?parent=16781"}],"wp:term":[{"taxonomy":"category","embeddable":true,"href":"https:\/\/www.radiomanchester.com.br\/fm\/wp-json\/wp\/v2\/categories?post=16781"},{"taxonomy":"post_tag","embeddable":true,"href":"https:\/\/www.radiomanchester.com.br\/fm\/wp-json\/wp\/v2\/tags?post=16781"}],"curies":[{"name":"wp","href":"https:\/\/api.w.org\/{rel}","templated":true}]}}